{"id":36826,"date":"2026-03-06T16:02:46","date_gmt":"2026-03-06T22:02:46","guid":{"rendered":"https:\/\/thepueblatimes.mx\/?p=36826"},"modified":"2026-03-06T16:02:46","modified_gmt":"2026-03-06T22:02:46","slug":"incendio-de-pastizal-en-cuautlancingo-se-extiende-a-fabrica-de-techos-industriales","status":"publish","type":"post","link":"https:\/\/thepueblatimes.mx\/index.php\/2026\/03\/06\/incendio-de-pastizal-en-cuautlancingo-se-extiende-a-fabrica-de-techos-industriales\/","title":{"rendered":"Incendio de pastizal en Cuautlancingo se extiende a f\u00e1brica de techos industriales"},"content":{"rendered":"<p>Lo que inici\u00f3 como el incendio de un pastizal, se extendi\u00f3 y alcanz\u00f3 una f\u00e1brica de techos industriales y deriv\u00f3 en cuantiosas p\u00e9rdidas materiales, sin embargo no se reportaron personas lesionadas.<\/p>\n<p>El incendio fue reportado por residentes de la zona, quienes advirtieron que alcanz\u00f3 la empresa, ubicada en calle Derby y lateral de la autopista M\u00e9xico\u2013Puebla, en la colonia Nueva Alemania, Cuautlancingo.<\/p>\n<p>Las llamas llegaron a materiales de la f\u00e1brica como madera, acr\u00edlico y pl\u00e1stico, que estaba en el patio de la empresa y provocaron una columna de humo negro visible a varios kil\u00f3metros de distancia.<\/p>\n<p>Inicialmente, personal de la empresa intent\u00f3 controlar el siniestro, hasta que arribaron bomberos de Puebla y Cuautlancingo para realizar las labores de control y sofocaci\u00f3n.<\/p>\n<p>Derivado de las maniobras y la presencia de los cuerpos de auxilio, se cerr\u00f3 la circulaci\u00f3n en calle Derby.<\/p>\n","protected":false},"excerpt":{"rendered":"<p>Lo que inici\u00f3 como el incendio de un pastizal, se extendi\u00f3 y alcanz\u00f3 una f\u00e1brica de techos industriales y deriv\u00f3 en cuantiosas p\u00e9rdidas materiales, sin embargo no se reportaron personas lesionadas. El incendio fue reportado por residentes de la zona, quienes advirtieron que alcanz\u00f3 la empresa, ubicada en calle Derby y lateral de la autopista&#8230;<\/p>\n","protected":false},"author":16,"featured_media":36827,"comment_status":"closed","ping_status":"closed","sticky":false,"template":"","format":"standard","meta":[],"categories":[542],"tags":[343,4757,219,4756,4755],"yoast_head":"<!-- This site is optimized with the Yoast SEO plugin v20.8 - https:\/\/yoast.com\/wordpress\/plugins\/seo\/ -->\n<title>Incendio de pastizal en Cuautlancingo se extiende a f\u00e1brica de techos industriales - The Puebla Times<\/title>\n<meta name=\"robots\" content=\"index, follow, max-snippet:-1, max-image-preview:large, max-video-preview:-1\" \/>\n<link rel=\"canonical\" href=\"https:\/\/thepueblatimes.mx\/index.php\/2026\/03\/06\/incendio-de-pastizal-en-cuautlancingo-se-extiende-a-fabrica-de-techos-industriales\/\" \/>\n<meta property=\"og:locale\" content=\"es_ES\" \/>\n<meta property=\"og:type\" content=\"article\" \/>\n<meta property=\"og:title\" content=\"Incendio de pastizal en Cuautlancingo se extiende a f\u00e1brica de techos industriales - The Puebla Times\" \/>\n<meta property=\"og:description\" content=\"Lo que inici\u00f3 como el incendio de un pastizal, se extendi\u00f3 y alcanz\u00f3 una f\u00e1brica de techos industriales y deriv\u00f3 en cuantiosas p\u00e9rdidas materiales, sin embargo no se reportaron personas lesionadas. El incendio fue reportado por residentes de la zona, quienes advirtieron que alcanz\u00f3 la empresa, ubicada en calle Derby y lateral de la autopista...\" \/>\n<meta property=\"og:url\" content=\"https:\/\/thepueblatimes.mx\/index.php\/2026\/03\/06\/incendio-de-pastizal-en-cuautlancingo-se-extiende-a-fabrica-de-techos-industriales\/\" \/>\n<meta property=\"og:site_name\" content=\"The Puebla Times\" \/>\n<meta property=\"article:published_time\" content=\"2026-03-06T22:02:46+00:00\" \/>\n<meta property=\"og:image\" content=\"https:\/\/thepueblatimes.mx\/wp-content\/uploads\/2026\/03\/incendio-4.webp\" \/>\n\t<meta property=\"og:image:width\" content=\"1200\" \/>\n\t<meta property=\"og:image:height\" content=\"675\" \/>\n\t<meta property=\"og:image:type\" content=\"image\/webp\" \/>\n<meta name=\"author\" content=\"Sa\u00fal Hern\u00e1ndez\" \/>\n<meta name=\"twitter:card\" content=\"summary_large_image\" \/>\n<meta name=\"twitter:label1\" content=\"Escrito por\" \/>\n\t<meta name=\"twitter:data1\" content=\"Sa\u00fal Hern\u00e1ndez\" \/>\n\t<meta name=\"twitter:label2\" content=\"Tiempo de lectura\" \/>\n\t<meta name=\"twitter:data2\" content=\"1 minuto\" \/>\n<script type=\"application\/ld+json\" class=\"yoast-schema-graph\">{\"@context\":\"https:\/\/schema.org\",\"@graph\":[{\"@type\":\"WebPage\",\"@id\":\"https:\/\/thepueblatimes.mx\/index.php\/2026\/03\/06\/incendio-de-pastizal-en-cuautlancingo-se-extiende-a-fabrica-de-techos-industriales\/\",\"url\":\"https:\/\/thepueblatimes.mx\/index.php\/2026\/03\/06\/incendio-de-pastizal-en-cuautlancingo-se-extiende-a-fabrica-de-techos-industriales\/\",\"name\":\"Incendio de pastizal en Cuautlancingo se extiende a f\u00e1brica de techos industriales - The Puebla Times\",\"isPartOf\":{\"@id\":\"https:\/\/thepueblatimes.mx\/#website\"},\"datePublished\":\"2026-03-06T22:02:46+00:00\",\"dateModified\":\"2026-03-06T22:02:46+00:00\",\"author\":{\"@id\":\"https:\/\/thepueblatimes.mx\/#\/schema\/person\/1664894c2f65ce2c7a08d8f5f905c13c\"},\"breadcrumb\":{\"@id\":\"https:\/\/thepueblatimes.mx\/index.php\/2026\/03\/06\/incendio-de-pastizal-en-cuautlancingo-se-extiende-a-fabrica-de-techos-industriales\/#breadcrumb\"},\"inLanguage\":\"es\",\"potentialAction\":[{\"@type\":\"ReadAction\",\"target\":[\"https:\/\/thepueblatimes.mx\/index.php\/2026\/03\/06\/incendio-de-pastizal-en-cuautlancingo-se-extiende-a-fabrica-de-techos-industriales\/\"]}]},{\"@type\":\"BreadcrumbList\",\"@id\":\"https:\/\/thepueblatimes.mx\/index.php\/2026\/03\/06\/incendio-de-pastizal-en-cuautlancingo-se-extiende-a-fabrica-de-techos-industriales\/#breadcrumb\",\"itemListElement\":[{\"@type\":\"ListItem\",\"position\":1,\"name\":\"Portada\",\"item\":\"https:\/\/thepueblatimes.mx\/\"},{\"@type\":\"ListItem\",\"position\":2,\"name\":\"Incendio de pastizal en Cuautlancingo se extiende a f\u00e1brica de techos industriales\"}]},{\"@type\":\"WebSite\",\"@id\":\"https:\/\/thepueblatimes.mx\/#website\",\"url\":\"https:\/\/thepueblatimes.mx\/\",\"name\":\"The Puebla Times\",\"description\":\"Noticias del Estado de Puebla\",\"potentialAction\":[{\"@type\":\"SearchAction\",\"target\":{\"@type\":\"EntryPoint\",\"urlTemplate\":\"https:\/\/thepueblatimes.mx\/?s={search_term_string}\"},\"query-input\":\"required name=search_term_string\"}],\"inLanguage\":\"es\"},{\"@type\":\"Person\",\"@id\":\"https:\/\/thepueblatimes.mx\/#\/schema\/person\/1664894c2f65ce2c7a08d8f5f905c13c\",\"name\":\"Sa\u00fal Hern\u00e1ndez\",\"image\":{\"@type\":\"ImageObject\",\"inLanguage\":\"es\",\"@id\":\"https:\/\/thepueblatimes.mx\/#\/schema\/person\/image\/\",\"url\":\"https:\/\/secure.gravatar.com\/avatar\/11be338693f243309532caad8f10c930?s=96&d=mm&r=g\",\"contentUrl\":\"https:\/\/secure.gravatar.com\/avatar\/11be338693f243309532caad8f10c930?s=96&d=mm&r=g\",\"caption\":\"Sa\u00fal Hern\u00e1ndez\"},\"url\":\"https:\/\/thepueblatimes.mx\/index.php\/author\/saulhernandez\/\"}]}<\/script>\n<!-- \/ Yoast SEO plugin. -->","yoast_head_json":{"title":"Incendio de pastizal en Cuautlancingo se extiende a f\u00e1brica de techos industriales - The Puebla Times","robots":{"index":"index","follow":"follow","max-snippet":"max-snippet:-1","max-image-preview":"max-image-preview:large","max-video-preview":"max-video-preview:-1"},"canonical":"https:\/\/thepueblatimes.mx\/index.php\/2026\/03\/06\/incendio-de-pastizal-en-cuautlancingo-se-extiende-a-fabrica-de-techos-industriales\/","og_locale":"es_ES","og_type":"article","og_title":"Incendio de pastizal en Cuautlancingo se extiende a f\u00e1brica de techos industriales - The Puebla Times","og_description":"Lo que inici\u00f3 como el incendio de un pastizal, se extendi\u00f3 y alcanz\u00f3 una f\u00e1brica de techos industriales y deriv\u00f3 en cuantiosas p\u00e9rdidas materiales, sin embargo no se reportaron personas lesionadas. El incendio fue reportado por residentes de la zona, quienes advirtieron que alcanz\u00f3 la empresa, ubicada en calle Derby y lateral de la autopista...","og_url":"https:\/\/thepueblatimes.mx\/index.php\/2026\/03\/06\/incendio-de-pastizal-en-cuautlancingo-se-extiende-a-fabrica-de-techos-industriales\/","og_site_name":"The Puebla Times","article_published_time":"2026-03-06T22:02:46+00:00","og_image":[{"width":1200,"height":675,"url":"https:\/\/thepueblatimes.mx\/wp-content\/uploads\/2026\/03\/incendio-4.webp","type":"image\/webp"}],"author":"Sa\u00fal Hern\u00e1ndez","twitter_card":"summary_large_image","twitter_misc":{"Escrito por":"Sa\u00fal Hern\u00e1ndez","Tiempo de lectura":"1 minuto"},"schema":{"@context":"https:\/\/schema.org","@graph":[{"@type":"WebPage","@id":"https:\/\/thepueblatimes.mx\/index.php\/2026\/03\/06\/incendio-de-pastizal-en-cuautlancingo-se-extiende-a-fabrica-de-techos-industriales\/","url":"https:\/\/thepueblatimes.mx\/index.php\/2026\/03\/06\/incendio-de-pastizal-en-cuautlancingo-se-extiende-a-fabrica-de-techos-industriales\/","name":"Incendio de pastizal en Cuautlancingo se extiende a f\u00e1brica de techos industriales - The Puebla Times","isPartOf":{"@id":"https:\/\/thepueblatimes.mx\/#website"},"datePublished":"2026-03-06T22:02:46+00:00","dateModified":"2026-03-06T22:02:46+00:00","author":{"@id":"https:\/\/thepueblatimes.mx\/#\/schema\/person\/1664894c2f65ce2c7a08d8f5f905c13c"},"breadcrumb":{"@id":"https:\/\/thepueblatimes.mx\/index.php\/2026\/03\/06\/incendio-de-pastizal-en-cuautlancingo-se-extiende-a-fabrica-de-techos-industriales\/#breadcrumb"},"inLanguage":"es","potentialAction":[{"@type":"ReadAction","target":["https:\/\/thepueblatimes.mx\/index.php\/2026\/03\/06\/incendio-de-pastizal-en-cuautlancingo-se-extiende-a-fabrica-de-techos-industriales\/"]}]},{"@type":"BreadcrumbList","@id":"https:\/\/thepueblatimes.mx\/index.php\/2026\/03\/06\/incendio-de-pastizal-en-cuautlancingo-se-extiende-a-fabrica-de-techos-industriales\/#breadcrumb","itemListElement":[{"@type":"ListItem","position":1,"name":"Portada","item":"https:\/\/thepueblatimes.mx\/"},{"@type":"ListItem","position":2,"name":"Incendio de pastizal en Cuautlancingo se extiende a f\u00e1brica de techos industriales"}]},{"@type":"WebSite","@id":"https:\/\/thepueblatimes.mx\/#website","url":"https:\/\/thepueblatimes.mx\/","name":"The Puebla Times","description":"Noticias del Estado de Puebla","potentialAction":[{"@type":"SearchAction","target":{"@type":"EntryPoint","urlTemplate":"https:\/\/thepueblatimes.mx\/?s={search_term_string}"},"query-input":"required name=search_term_string"}],"inLanguage":"es"},{"@type":"Person","@id":"https:\/\/thepueblatimes.mx\/#\/schema\/person\/1664894c2f65ce2c7a08d8f5f905c13c","name":"Sa\u00fal Hern\u00e1ndez","image":{"@type":"ImageObject","inLanguage":"es","@id":"https:\/\/thepueblatimes.mx\/#\/schema\/person\/image\/","url":"https:\/\/secure.gravatar.com\/avatar\/11be338693f243309532caad8f10c930?s=96&d=mm&r=g","contentUrl":"https:\/\/secure.gravatar.com\/avatar\/11be338693f243309532caad8f10c930?s=96&d=mm&r=g","caption":"Sa\u00fal Hern\u00e1ndez"},"url":"https:\/\/thepueblatimes.mx\/index.php\/author\/saulhernandez\/"}]}},"jetpack_featured_media_url":"https:\/\/thepueblatimes.mx\/wp-content\/uploads\/2026\/03\/incendio-4.webp","_links":{"self":[{"href":"https:\/\/thepueblatimes.mx\/index.php\/wp-json\/wp\/v2\/posts\/36826"}],"collection":[{"href":"https:\/\/thepueblatimes.mx\/index.php\/wp-json\/wp\/v2\/posts"}],"about":[{"href":"https:\/\/thepueblatimes.mx\/index.php\/wp-json\/wp\/v2\/types\/post"}],"author":[{"embeddable":true,"href":"https:\/\/thepueblatimes.mx\/index.php\/wp-json\/wp\/v2\/users\/16"}],"replies":[{"embeddable":true,"href":"https:\/\/thepueblatimes.mx\/index.php\/wp-json\/wp\/v2\/comments?post=36826"}],"version-history":[{"count":1,"href":"https:\/\/thepueblatimes.mx\/index.php\/wp-json\/wp\/v2\/posts\/36826\/revisions"}],"predecessor-version":[{"id":36828,"href":"https:\/\/thepueblatimes.mx\/index.php\/wp-json\/wp\/v2\/posts\/36826\/revisions\/36828"}],"wp:featuredmedia":[{"embeddable":true,"href":"https:\/\/thepueblatimes.mx\/index.php\/wp-json\/wp\/v2\/media\/36827"}],"wp:attachment":[{"href":"https:\/\/thepueblatimes.mx\/index.php\/wp-json\/wp\/v2\/media?parent=36826"}],"wp:term":[{"taxonomy":"category","embeddable":true,"href":"https:\/\/thepueblatimes.mx\/index.php\/wp-json\/wp\/v2\/categories?post=36826"},{"taxonomy":"post_tag","embeddable":true,"href":"https:\/\/thepueblatimes.mx\/index.php\/wp-json\/wp\/v2\/tags?post=36826"}],"curies":[{"name":"wp","href":"https:\/\/api.w.org\/{rel}","templated":true}]}}