{"id":36825,"date":"2026-03-06T16:17:49","date_gmt":"2026-03-06T22:17:49","guid":{"rendered":"https:\/\/thepueblatimes.mx\/?p=36825"},"modified":"2026-03-06T16:17:49","modified_gmt":"2026-03-06T22:17:49","slug":"identifican-al-responsable-del-accidente-y-deceso-en-la-via-atlixcayotl","status":"publish","type":"post","link":"https:\/\/thepueblatimes.mx\/index.php\/2026\/03\/06\/identifican-al-responsable-del-accidente-y-deceso-en-la-via-atlixcayotl\/","title":{"rendered":"Identifican al responsable del accidente y deceso en la v\u00eda Atlixc\u00e1yotl"},"content":{"rendered":"<p>El conductor de la camioneta Ineos Grenadier Quartermaster que atropell\u00f3 y mat\u00f3 a un joven en la v\u00eda Atlixc\u00e1yotl, fue identificado como Rafael A.D.R, quien al momento permanece en calidad de detenido.<\/p>\n<p>La v\u00edctima fue identificada como C\u00e9sar de 25 a\u00f1os, quien falleci\u00f3 en un hospital, como consecuencia de un Traumatismo Craneoencef\u00e1lico.<br \/>\nTras las primeras valoraciones, la autoridad determin\u00f3 que presentaba segundo grado de alcoholemia.<\/p>\n<p>El percance que cobr\u00f3 la vida de un joven tuvo lugar la noche del jueves, 5 de marzo, Lomas de Angel\u00f3polis.<\/p>\n<p>Versiones extra oficiales refirieron que el conductor y su acompa\u00f1ante se encontraban en estado de ebriedad. Ello luego de que el veh\u00edculo se impact\u00f3 contra un \u00e1rbol y parte de una estructura met\u00e1lica.<\/p>\n<p>Adem\u00e1s, el veh\u00edculo se desplazaba a exceso de velocidad.<\/p>\n","protected":false},"excerpt":{"rendered":"<p>El conductor de la camioneta Ineos Grenadier Quartermaster que atropell\u00f3 y mat\u00f3 a un joven en la v\u00eda Atlixc\u00e1yotl, fue identificado como Rafael A.D.R, quien al momento permanece en calidad de detenido. La v\u00edctima fue identificada como C\u00e9sar de 25 a\u00f1os, quien falleci\u00f3 en un hospital, como consecuencia de un Traumatismo Craneoencef\u00e1lico. Tras las primeras&#8230;<\/p>\n","protected":false},"author":16,"featured_media":36833,"comment_status":"closed","ping_status":"closed","sticky":false,"template":"","format":"standard","meta":[],"categories":[121],"tags":[236,180,1680],"yoast_head":"<!-- This site is optimized with the Yoast SEO plugin v20.8 - https:\/\/yoast.com\/wordpress\/plugins\/seo\/ -->\n<title>Identifican al responsable del accidente y deceso en la v\u00eda Atlixc\u00e1yotl - The Puebla Times<\/title>\n<meta name=\"robots\" content=\"index, follow, max-snippet:-1, max-image-preview:large, max-video-preview:-1\" \/>\n<link rel=\"canonical\" href=\"https:\/\/thepueblatimes.mx\/index.php\/2026\/03\/06\/identifican-al-responsable-del-accidente-y-deceso-en-la-via-atlixcayotl\/\" \/>\n<meta property=\"og:locale\" content=\"es_ES\" \/>\n<meta property=\"og:type\" content=\"article\" \/>\n<meta property=\"og:title\" content=\"Identifican al responsable del accidente y deceso en la v\u00eda Atlixc\u00e1yotl - The Puebla Times\" \/>\n<meta property=\"og:description\" content=\"El conductor de la camioneta Ineos Grenadier Quartermaster que atropell\u00f3 y mat\u00f3 a un joven en la v\u00eda Atlixc\u00e1yotl, fue identificado como Rafael A.D.R, quien al momento permanece en calidad de detenido. La v\u00edctima fue identificada como C\u00e9sar de 25 a\u00f1os, quien falleci\u00f3 en un hospital, como consecuencia de un Traumatismo Craneoencef\u00e1lico. Tras las primeras...\" \/>\n<meta property=\"og:url\" content=\"https:\/\/thepueblatimes.mx\/index.php\/2026\/03\/06\/identifican-al-responsable-del-accidente-y-deceso-en-la-via-atlixcayotl\/\" \/>\n<meta property=\"og:site_name\" content=\"The Puebla Times\" \/>\n<meta property=\"article:published_time\" content=\"2026-03-06T22:17:49+00:00\" \/>\n<meta property=\"og:image\" content=\"https:\/\/thepueblatimes.mx\/wp-content\/uploads\/2026\/03\/HCwAfvkWMAABWLV.jpg\" \/>\n\t<meta property=\"og:image:width\" content=\"987\" \/>\n\t<meta property=\"og:image:height\" content=\"1600\" \/>\n\t<meta property=\"og:image:type\" content=\"image\/jpeg\" \/>\n<meta name=\"author\" content=\"Sa\u00fal Hern\u00e1ndez\" \/>\n<meta name=\"twitter:card\" content=\"summary_large_image\" \/>\n<meta name=\"twitter:label1\" content=\"Escrito por\" \/>\n\t<meta name=\"twitter:data1\" content=\"Sa\u00fal Hern\u00e1ndez\" \/>\n\t<meta name=\"twitter:label2\" content=\"Tiempo de lectura\" \/>\n\t<meta name=\"twitter:data2\" content=\"1 minuto\" \/>\n<script type=\"application\/ld+json\" class=\"yoast-schema-graph\">{\"@context\":\"https:\/\/schema.org\",\"@graph\":[{\"@type\":\"WebPage\",\"@id\":\"https:\/\/thepueblatimes.mx\/index.php\/2026\/03\/06\/identifican-al-responsable-del-accidente-y-deceso-en-la-via-atlixcayotl\/\",\"url\":\"https:\/\/thepueblatimes.mx\/index.php\/2026\/03\/06\/identifican-al-responsable-del-accidente-y-deceso-en-la-via-atlixcayotl\/\",\"name\":\"Identifican al responsable del accidente y deceso en la v\u00eda Atlixc\u00e1yotl - The Puebla Times\",\"isPartOf\":{\"@id\":\"https:\/\/thepueblatimes.mx\/#website\"},\"datePublished\":\"2026-03-06T22:17:49+00:00\",\"dateModified\":\"2026-03-06T22:17:49+00:00\",\"author\":{\"@id\":\"https:\/\/thepueblatimes.mx\/#\/schema\/person\/1664894c2f65ce2c7a08d8f5f905c13c\"},\"breadcrumb\":{\"@id\":\"https:\/\/thepueblatimes.mx\/index.php\/2026\/03\/06\/identifican-al-responsable-del-accidente-y-deceso-en-la-via-atlixcayotl\/#breadcrumb\"},\"inLanguage\":\"es\",\"potentialAction\":[{\"@type\":\"ReadAction\",\"target\":[\"https:\/\/thepueblatimes.mx\/index.php\/2026\/03\/06\/identifican-al-responsable-del-accidente-y-deceso-en-la-via-atlixcayotl\/\"]}]},{\"@type\":\"BreadcrumbList\",\"@id\":\"https:\/\/thepueblatimes.mx\/index.php\/2026\/03\/06\/identifican-al-responsable-del-accidente-y-deceso-en-la-via-atlixcayotl\/#breadcrumb\",\"itemListElement\":[{\"@type\":\"ListItem\",\"position\":1,\"name\":\"Portada\",\"item\":\"https:\/\/thepueblatimes.mx\/\"},{\"@type\":\"ListItem\",\"position\":2,\"name\":\"Identifican al responsable del accidente y deceso en la v\u00eda Atlixc\u00e1yotl\"}]},{\"@type\":\"WebSite\",\"@id\":\"https:\/\/thepueblatimes.mx\/#website\",\"url\":\"https:\/\/thepueblatimes.mx\/\",\"name\":\"The Puebla Times\",\"description\":\"Noticias del Estado de Puebla\",\"potentialAction\":[{\"@type\":\"SearchAction\",\"target\":{\"@type\":\"EntryPoint\",\"urlTemplate\":\"https:\/\/thepueblatimes.mx\/?s={search_term_string}\"},\"query-input\":\"required name=search_term_string\"}],\"inLanguage\":\"es\"},{\"@type\":\"Person\",\"@id\":\"https:\/\/thepueblatimes.mx\/#\/schema\/person\/1664894c2f65ce2c7a08d8f5f905c13c\",\"name\":\"Sa\u00fal Hern\u00e1ndez\",\"image\":{\"@type\":\"ImageObject\",\"inLanguage\":\"es\",\"@id\":\"https:\/\/thepueblatimes.mx\/#\/schema\/person\/image\/\",\"url\":\"https:\/\/secure.gravatar.com\/avatar\/11be338693f243309532caad8f10c930?s=96&d=mm&r=g\",\"contentUrl\":\"https:\/\/secure.gravatar.com\/avatar\/11be338693f243309532caad8f10c930?s=96&d=mm&r=g\",\"caption\":\"Sa\u00fal Hern\u00e1ndez\"},\"url\":\"https:\/\/thepueblatimes.mx\/index.php\/author\/saulhernandez\/\"}]}<\/script>\n<!-- \/ Yoast SEO plugin. -->","yoast_head_json":{"title":"Identifican al responsable del accidente y deceso en la v\u00eda Atlixc\u00e1yotl - The Puebla Times","robots":{"index":"index","follow":"follow","max-snippet":"max-snippet:-1","max-image-preview":"max-image-preview:large","max-video-preview":"max-video-preview:-1"},"canonical":"https:\/\/thepueblatimes.mx\/index.php\/2026\/03\/06\/identifican-al-responsable-del-accidente-y-deceso-en-la-via-atlixcayotl\/","og_locale":"es_ES","og_type":"article","og_title":"Identifican al responsable del accidente y deceso en la v\u00eda Atlixc\u00e1yotl - The Puebla Times","og_description":"El conductor de la camioneta Ineos Grenadier Quartermaster que atropell\u00f3 y mat\u00f3 a un joven en la v\u00eda Atlixc\u00e1yotl, fue identificado como Rafael A.D.R, quien al momento permanece en calidad de detenido. La v\u00edctima fue identificada como C\u00e9sar de 25 a\u00f1os, quien falleci\u00f3 en un hospital, como consecuencia de un Traumatismo Craneoencef\u00e1lico. Tras las primeras...","og_url":"https:\/\/thepueblatimes.mx\/index.php\/2026\/03\/06\/identifican-al-responsable-del-accidente-y-deceso-en-la-via-atlixcayotl\/","og_site_name":"The Puebla Times","article_published_time":"2026-03-06T22:17:49+00:00","og_image":[{"width":987,"height":1600,"url":"https:\/\/thepueblatimes.mx\/wp-content\/uploads\/2026\/03\/HCwAfvkWMAABWLV.jpg","type":"image\/jpeg"}],"author":"Sa\u00fal Hern\u00e1ndez","twitter_card":"summary_large_image","twitter_misc":{"Escrito por":"Sa\u00fal Hern\u00e1ndez","Tiempo de lectura":"1 minuto"},"schema":{"@context":"https:\/\/schema.org","@graph":[{"@type":"WebPage","@id":"https:\/\/thepueblatimes.mx\/index.php\/2026\/03\/06\/identifican-al-responsable-del-accidente-y-deceso-en-la-via-atlixcayotl\/","url":"https:\/\/thepueblatimes.mx\/index.php\/2026\/03\/06\/identifican-al-responsable-del-accidente-y-deceso-en-la-via-atlixcayotl\/","name":"Identifican al responsable del accidente y deceso en la v\u00eda Atlixc\u00e1yotl - The Puebla Times","isPartOf":{"@id":"https:\/\/thepueblatimes.mx\/#website"},"datePublished":"2026-03-06T22:17:49+00:00","dateModified":"2026-03-06T22:17:49+00:00","author":{"@id":"https:\/\/thepueblatimes.mx\/#\/schema\/person\/1664894c2f65ce2c7a08d8f5f905c13c"},"breadcrumb":{"@id":"https:\/\/thepueblatimes.mx\/index.php\/2026\/03\/06\/identifican-al-responsable-del-accidente-y-deceso-en-la-via-atlixcayotl\/#breadcrumb"},"inLanguage":"es","potentialAction":[{"@type":"ReadAction","target":["https:\/\/thepueblatimes.mx\/index.php\/2026\/03\/06\/identifican-al-responsable-del-accidente-y-deceso-en-la-via-atlixcayotl\/"]}]},{"@type":"BreadcrumbList","@id":"https:\/\/thepueblatimes.mx\/index.php\/2026\/03\/06\/identifican-al-responsable-del-accidente-y-deceso-en-la-via-atlixcayotl\/#breadcrumb","itemListElement":[{"@type":"ListItem","position":1,"name":"Portada","item":"https:\/\/thepueblatimes.mx\/"},{"@type":"ListItem","position":2,"name":"Identifican al responsable del accidente y deceso en la v\u00eda Atlixc\u00e1yotl"}]},{"@type":"WebSite","@id":"https:\/\/thepueblatimes.mx\/#website","url":"https:\/\/thepueblatimes.mx\/","name":"The Puebla Times","description":"Noticias del Estado de Puebla","potentialAction":[{"@type":"SearchAction","target":{"@type":"EntryPoint","urlTemplate":"https:\/\/thepueblatimes.mx\/?s={search_term_string}"},"query-input":"required name=search_term_string"}],"inLanguage":"es"},{"@type":"Person","@id":"https:\/\/thepueblatimes.mx\/#\/schema\/person\/1664894c2f65ce2c7a08d8f5f905c13c","name":"Sa\u00fal Hern\u00e1ndez","image":{"@type":"ImageObject","inLanguage":"es","@id":"https:\/\/thepueblatimes.mx\/#\/schema\/person\/image\/","url":"https:\/\/secure.gravatar.com\/avatar\/11be338693f243309532caad8f10c930?s=96&d=mm&r=g","contentUrl":"https:\/\/secure.gravatar.com\/avatar\/11be338693f243309532caad8f10c930?s=96&d=mm&r=g","caption":"Sa\u00fal Hern\u00e1ndez"},"url":"https:\/\/thepueblatimes.mx\/index.php\/author\/saulhernandez\/"}]}},"jetpack_featured_media_url":"https:\/\/thepueblatimes.mx\/wp-content\/uploads\/2026\/03\/HCwAfvkWMAABWLV.jpg","_links":{"self":[{"href":"https:\/\/thepueblatimes.mx\/index.php\/wp-json\/wp\/v2\/posts\/36825"}],"collection":[{"href":"https:\/\/thepueblatimes.mx\/index.php\/wp-json\/wp\/v2\/posts"}],"about":[{"href":"https:\/\/thepueblatimes.mx\/index.php\/wp-json\/wp\/v2\/types\/post"}],"author":[{"embeddable":true,"href":"https:\/\/thepueblatimes.mx\/index.php\/wp-json\/wp\/v2\/users\/16"}],"replies":[{"embeddable":true,"href":"https:\/\/thepueblatimes.mx\/index.php\/wp-json\/wp\/v2\/comments?post=36825"}],"version-history":[{"count":1,"href":"https:\/\/thepueblatimes.mx\/index.php\/wp-json\/wp\/v2\/posts\/36825\/revisions"}],"predecessor-version":[{"id":36834,"href":"https:\/\/thepueblatimes.mx\/index.php\/wp-json\/wp\/v2\/posts\/36825\/revisions\/36834"}],"wp:featuredmedia":[{"embeddable":true,"href":"https:\/\/thepueblatimes.mx\/index.php\/wp-json\/wp\/v2\/media\/36833"}],"wp:attachment":[{"href":"https:\/\/thepueblatimes.mx\/index.php\/wp-json\/wp\/v2\/media?parent=36825"}],"wp:term":[{"taxonomy":"category","embeddable":true,"href":"https:\/\/thepueblatimes.mx\/index.php\/wp-json\/wp\/v2\/categories?post=36825"},{"taxonomy":"post_tag","embeddable":true,"href":"https:\/\/thepueblatimes.mx\/index.php\/wp-json\/wp\/v2\/tags?post=36825"}],"curies":[{"name":"wp","href":"https:\/\/api.w.org\/{rel}","templated":true}]}}