{"id":36818,"date":"2026-03-05T16:42:17","date_gmt":"2026-03-05T22:42:17","guid":{"rendered":"https:\/\/thepueblatimes.mx\/?p=36818"},"modified":"2026-03-05T16:42:17","modified_gmt":"2026-03-05T22:42:17","slug":"andres-villegas-pide-que-se-investiguen-posibles-vinculos-del-pri-con-el-cjng","status":"publish","type":"post","link":"https:\/\/thepueblatimes.mx\/index.php\/2026\/03\/05\/andres-villegas-pide-que-se-investiguen-posibles-vinculos-del-pri-con-el-cjng\/","title":{"rendered":"Andr\u00e9s Villegas pide que se investiguen posibles v\u00ednculos del PRI con el CJNG"},"content":{"rendered":"<p>El diputado Andr\u00e9s Villegas Mendoza pidi\u00f3 que se investigue el posible v\u00ednculo de la dirigencia del PRI con el C\u00e1rtel Jalisco Nueva Generaci\u00f3n (CJNG).<\/p>\n<p>Lo anterior luego de que se difundi\u00f3 un audio en el que Tania Trejo, en ese momento militante del PRI, negocia por ese grupo criminal.<\/p>\n<p>Villegas Mendoza manifest\u00f3 que es lamentable que la dirigencia del PRI haya avalado abanderar a este perfil, al tiempo que destac\u00f3 que se sab\u00eda de los nexos criminales que ten\u00eda y las amenazas que hab\u00eda realizado contra algunas personas.<\/p>\n<p>Por ello, apunt\u00f3 que la autoridad debe investigar a la dirigencia que aval\u00f3 su candidatura como suplente.<\/p>\n<p>Adem\u00e1s, indagar si recibieron en alg\u00fan momento recursos por parte del crimen organizado.<\/p>\n<p>Expres\u00f3 \u201choy sali\u00f3 un audio de su suplente Tania N, en donde acepta y hasta era parte de este grupo criminal donde amenaza a alguien, es lamentable (\u2026) se tiene que investigar totalmente a esta dirigencia y que se llegue a las \u00faltimas consecuencias\u201d.<\/p>\n","protected":false},"excerpt":{"rendered":"<p>El diputado Andr\u00e9s Villegas Mendoza pidi\u00f3 que se investigue el posible v\u00ednculo de la dirigencia del PRI con el C\u00e1rtel Jalisco Nueva Generaci\u00f3n (CJNG). Lo anterior luego de que se difundi\u00f3 un audio en el que Tania Trejo, en ese momento militante del PRI, negocia por ese grupo criminal. Villegas Mendoza manifest\u00f3 que es lamentable&#8230;<\/p>\n","protected":false},"author":16,"featured_media":36823,"comment_status":"closed","ping_status":"closed","sticky":false,"template":"","format":"standard","meta":[],"categories":[542],"tags":[1625,3914,2226,137,4754],"yoast_head":"<!-- This site is optimized with the Yoast SEO plugin v20.8 - https:\/\/yoast.com\/wordpress\/plugins\/seo\/ -->\n<title>Andr\u00e9s Villegas pide que se investiguen posibles v\u00ednculos del PRI con el CJNG - The Puebla Times<\/title>\n<meta name=\"robots\" content=\"index, follow, max-snippet:-1, max-image-preview:large, max-video-preview:-1\" \/>\n<link rel=\"canonical\" href=\"https:\/\/thepueblatimes.mx\/index.php\/2026\/03\/05\/andres-villegas-pide-que-se-investiguen-posibles-vinculos-del-pri-con-el-cjng\/\" \/>\n<meta property=\"og:locale\" content=\"es_ES\" \/>\n<meta property=\"og:type\" content=\"article\" \/>\n<meta property=\"og:title\" content=\"Andr\u00e9s Villegas pide que se investiguen posibles v\u00ednculos del PRI con el CJNG - The Puebla Times\" \/>\n<meta property=\"og:description\" content=\"El diputado Andr\u00e9s Villegas Mendoza pidi\u00f3 que se investigue el posible v\u00ednculo de la dirigencia del PRI con el C\u00e1rtel Jalisco Nueva Generaci\u00f3n (CJNG). Lo anterior luego de que se difundi\u00f3 un audio en el que Tania Trejo, en ese momento militante del PRI, negocia por ese grupo criminal. Villegas Mendoza manifest\u00f3 que es lamentable...\" \/>\n<meta property=\"og:url\" content=\"https:\/\/thepueblatimes.mx\/index.php\/2026\/03\/05\/andres-villegas-pide-que-se-investiguen-posibles-vinculos-del-pri-con-el-cjng\/\" \/>\n<meta property=\"og:site_name\" content=\"The Puebla Times\" \/>\n<meta property=\"article:published_time\" content=\"2026-03-05T22:42:17+00:00\" \/>\n<meta property=\"og:image\" content=\"https:\/\/thepueblatimes.mx\/wp-content\/uploads\/2026\/03\/andres-villegas-597712.webp\" \/>\n\t<meta property=\"og:image:width\" content=\"900\" \/>\n\t<meta property=\"og:image:height\" content=\"600\" \/>\n\t<meta property=\"og:image:type\" content=\"image\/webp\" \/>\n<meta name=\"author\" content=\"Sa\u00fal Hern\u00e1ndez\" \/>\n<meta name=\"twitter:card\" content=\"summary_large_image\" \/>\n<meta name=\"twitter:label1\" content=\"Escrito por\" \/>\n\t<meta name=\"twitter:data1\" content=\"Sa\u00fal Hern\u00e1ndez\" \/>\n\t<meta name=\"twitter:label2\" content=\"Tiempo de lectura\" \/>\n\t<meta name=\"twitter:data2\" content=\"1 minuto\" \/>\n<script type=\"application\/ld+json\" class=\"yoast-schema-graph\">{\"@context\":\"https:\/\/schema.org\",\"@graph\":[{\"@type\":\"WebPage\",\"@id\":\"https:\/\/thepueblatimes.mx\/index.php\/2026\/03\/05\/andres-villegas-pide-que-se-investiguen-posibles-vinculos-del-pri-con-el-cjng\/\",\"url\":\"https:\/\/thepueblatimes.mx\/index.php\/2026\/03\/05\/andres-villegas-pide-que-se-investiguen-posibles-vinculos-del-pri-con-el-cjng\/\",\"name\":\"Andr\u00e9s Villegas pide que se investiguen posibles v\u00ednculos del PRI con el CJNG - The Puebla Times\",\"isPartOf\":{\"@id\":\"https:\/\/thepueblatimes.mx\/#website\"},\"datePublished\":\"2026-03-05T22:42:17+00:00\",\"dateModified\":\"2026-03-05T22:42:17+00:00\",\"author\":{\"@id\":\"https:\/\/thepueblatimes.mx\/#\/schema\/person\/1664894c2f65ce2c7a08d8f5f905c13c\"},\"breadcrumb\":{\"@id\":\"https:\/\/thepueblatimes.mx\/index.php\/2026\/03\/05\/andres-villegas-pide-que-se-investiguen-posibles-vinculos-del-pri-con-el-cjng\/#breadcrumb\"},\"inLanguage\":\"es\",\"potentialAction\":[{\"@type\":\"ReadAction\",\"target\":[\"https:\/\/thepueblatimes.mx\/index.php\/2026\/03\/05\/andres-villegas-pide-que-se-investiguen-posibles-vinculos-del-pri-con-el-cjng\/\"]}]},{\"@type\":\"BreadcrumbList\",\"@id\":\"https:\/\/thepueblatimes.mx\/index.php\/2026\/03\/05\/andres-villegas-pide-que-se-investiguen-posibles-vinculos-del-pri-con-el-cjng\/#breadcrumb\",\"itemListElement\":[{\"@type\":\"ListItem\",\"position\":1,\"name\":\"Portada\",\"item\":\"https:\/\/thepueblatimes.mx\/\"},{\"@type\":\"ListItem\",\"position\":2,\"name\":\"Andr\u00e9s Villegas pide que se investiguen posibles v\u00ednculos del PRI con el CJNG\"}]},{\"@type\":\"WebSite\",\"@id\":\"https:\/\/thepueblatimes.mx\/#website\",\"url\":\"https:\/\/thepueblatimes.mx\/\",\"name\":\"The Puebla Times\",\"description\":\"Noticias del Estado de Puebla\",\"potentialAction\":[{\"@type\":\"SearchAction\",\"target\":{\"@type\":\"EntryPoint\",\"urlTemplate\":\"https:\/\/thepueblatimes.mx\/?s={search_term_string}\"},\"query-input\":\"required name=search_term_string\"}],\"inLanguage\":\"es\"},{\"@type\":\"Person\",\"@id\":\"https:\/\/thepueblatimes.mx\/#\/schema\/person\/1664894c2f65ce2c7a08d8f5f905c13c\",\"name\":\"Sa\u00fal Hern\u00e1ndez\",\"image\":{\"@type\":\"ImageObject\",\"inLanguage\":\"es\",\"@id\":\"https:\/\/thepueblatimes.mx\/#\/schema\/person\/image\/\",\"url\":\"https:\/\/secure.gravatar.com\/avatar\/11be338693f243309532caad8f10c930?s=96&d=mm&r=g\",\"contentUrl\":\"https:\/\/secure.gravatar.com\/avatar\/11be338693f243309532caad8f10c930?s=96&d=mm&r=g\",\"caption\":\"Sa\u00fal Hern\u00e1ndez\"},\"url\":\"https:\/\/thepueblatimes.mx\/index.php\/author\/saulhernandez\/\"}]}<\/script>\n<!-- \/ Yoast SEO plugin. -->","yoast_head_json":{"title":"Andr\u00e9s Villegas pide que se investiguen posibles v\u00ednculos del PRI con el CJNG - The Puebla Times","robots":{"index":"index","follow":"follow","max-snippet":"max-snippet:-1","max-image-preview":"max-image-preview:large","max-video-preview":"max-video-preview:-1"},"canonical":"https:\/\/thepueblatimes.mx\/index.php\/2026\/03\/05\/andres-villegas-pide-que-se-investiguen-posibles-vinculos-del-pri-con-el-cjng\/","og_locale":"es_ES","og_type":"article","og_title":"Andr\u00e9s Villegas pide que se investiguen posibles v\u00ednculos del PRI con el CJNG - The Puebla Times","og_description":"El diputado Andr\u00e9s Villegas Mendoza pidi\u00f3 que se investigue el posible v\u00ednculo de la dirigencia del PRI con el C\u00e1rtel Jalisco Nueva Generaci\u00f3n (CJNG). Lo anterior luego de que se difundi\u00f3 un audio en el que Tania Trejo, en ese momento militante del PRI, negocia por ese grupo criminal. Villegas Mendoza manifest\u00f3 que es lamentable...","og_url":"https:\/\/thepueblatimes.mx\/index.php\/2026\/03\/05\/andres-villegas-pide-que-se-investiguen-posibles-vinculos-del-pri-con-el-cjng\/","og_site_name":"The Puebla Times","article_published_time":"2026-03-05T22:42:17+00:00","og_image":[{"width":900,"height":600,"url":"https:\/\/thepueblatimes.mx\/wp-content\/uploads\/2026\/03\/andres-villegas-597712.webp","type":"image\/webp"}],"author":"Sa\u00fal Hern\u00e1ndez","twitter_card":"summary_large_image","twitter_misc":{"Escrito por":"Sa\u00fal Hern\u00e1ndez","Tiempo de lectura":"1 minuto"},"schema":{"@context":"https:\/\/schema.org","@graph":[{"@type":"WebPage","@id":"https:\/\/thepueblatimes.mx\/index.php\/2026\/03\/05\/andres-villegas-pide-que-se-investiguen-posibles-vinculos-del-pri-con-el-cjng\/","url":"https:\/\/thepueblatimes.mx\/index.php\/2026\/03\/05\/andres-villegas-pide-que-se-investiguen-posibles-vinculos-del-pri-con-el-cjng\/","name":"Andr\u00e9s Villegas pide que se investiguen posibles v\u00ednculos del PRI con el CJNG - The Puebla Times","isPartOf":{"@id":"https:\/\/thepueblatimes.mx\/#website"},"datePublished":"2026-03-05T22:42:17+00:00","dateModified":"2026-03-05T22:42:17+00:00","author":{"@id":"https:\/\/thepueblatimes.mx\/#\/schema\/person\/1664894c2f65ce2c7a08d8f5f905c13c"},"breadcrumb":{"@id":"https:\/\/thepueblatimes.mx\/index.php\/2026\/03\/05\/andres-villegas-pide-que-se-investiguen-posibles-vinculos-del-pri-con-el-cjng\/#breadcrumb"},"inLanguage":"es","potentialAction":[{"@type":"ReadAction","target":["https:\/\/thepueblatimes.mx\/index.php\/2026\/03\/05\/andres-villegas-pide-que-se-investiguen-posibles-vinculos-del-pri-con-el-cjng\/"]}]},{"@type":"BreadcrumbList","@id":"https:\/\/thepueblatimes.mx\/index.php\/2026\/03\/05\/andres-villegas-pide-que-se-investiguen-posibles-vinculos-del-pri-con-el-cjng\/#breadcrumb","itemListElement":[{"@type":"ListItem","position":1,"name":"Portada","item":"https:\/\/thepueblatimes.mx\/"},{"@type":"ListItem","position":2,"name":"Andr\u00e9s Villegas pide que se investiguen posibles v\u00ednculos del PRI con el CJNG"}]},{"@type":"WebSite","@id":"https:\/\/thepueblatimes.mx\/#website","url":"https:\/\/thepueblatimes.mx\/","name":"The Puebla Times","description":"Noticias del Estado de Puebla","potentialAction":[{"@type":"SearchAction","target":{"@type":"EntryPoint","urlTemplate":"https:\/\/thepueblatimes.mx\/?s={search_term_string}"},"query-input":"required name=search_term_string"}],"inLanguage":"es"},{"@type":"Person","@id":"https:\/\/thepueblatimes.mx\/#\/schema\/person\/1664894c2f65ce2c7a08d8f5f905c13c","name":"Sa\u00fal Hern\u00e1ndez","image":{"@type":"ImageObject","inLanguage":"es","@id":"https:\/\/thepueblatimes.mx\/#\/schema\/person\/image\/","url":"https:\/\/secure.gravatar.com\/avatar\/11be338693f243309532caad8f10c930?s=96&d=mm&r=g","contentUrl":"https:\/\/secure.gravatar.com\/avatar\/11be338693f243309532caad8f10c930?s=96&d=mm&r=g","caption":"Sa\u00fal Hern\u00e1ndez"},"url":"https:\/\/thepueblatimes.mx\/index.php\/author\/saulhernandez\/"}]}},"jetpack_featured_media_url":"https:\/\/thepueblatimes.mx\/wp-content\/uploads\/2026\/03\/andres-villegas-597712.webp","_links":{"self":[{"href":"https:\/\/thepueblatimes.mx\/index.php\/wp-json\/wp\/v2\/posts\/36818"}],"collection":[{"href":"https:\/\/thepueblatimes.mx\/index.php\/wp-json\/wp\/v2\/posts"}],"about":[{"href":"https:\/\/thepueblatimes.mx\/index.php\/wp-json\/wp\/v2\/types\/post"}],"author":[{"embeddable":true,"href":"https:\/\/thepueblatimes.mx\/index.php\/wp-json\/wp\/v2\/users\/16"}],"replies":[{"embeddable":true,"href":"https:\/\/thepueblatimes.mx\/index.php\/wp-json\/wp\/v2\/comments?post=36818"}],"version-history":[{"count":1,"href":"https:\/\/thepueblatimes.mx\/index.php\/wp-json\/wp\/v2\/posts\/36818\/revisions"}],"predecessor-version":[{"id":36824,"href":"https:\/\/thepueblatimes.mx\/index.php\/wp-json\/wp\/v2\/posts\/36818\/revisions\/36824"}],"wp:featuredmedia":[{"embeddable":true,"href":"https:\/\/thepueblatimes.mx\/index.php\/wp-json\/wp\/v2\/media\/36823"}],"wp:attachment":[{"href":"https:\/\/thepueblatimes.mx\/index.php\/wp-json\/wp\/v2\/media?parent=36818"}],"wp:term":[{"taxonomy":"category","embeddable":true,"href":"https:\/\/thepueblatimes.mx\/index.php\/wp-json\/wp\/v2\/categories?post=36818"},{"taxonomy":"post_tag","embeddable":true,"href":"https:\/\/thepueblatimes.mx\/index.php\/wp-json\/wp\/v2\/tags?post=36818"}],"curies":[{"name":"wp","href":"https:\/\/api.w.org\/{rel}","templated":true}]}}