{"id":36613,"date":"2026-02-21T13:59:56","date_gmt":"2026-02-21T19:59:56","guid":{"rendered":"https:\/\/thepueblatimes.mx\/?p=36613"},"modified":"2026-02-21T13:59:56","modified_gmt":"2026-02-21T19:59:56","slug":"una-decada-despues-reinician-juicio-por-la-desaparicion-de-paulina-camargo","status":"publish","type":"post","link":"https:\/\/thepueblatimes.mx\/index.php\/2026\/02\/21\/una-decada-despues-reinician-juicio-por-la-desaparicion-de-paulina-camargo\/","title":{"rendered":"Una d\u00e9cada despu\u00e9s reinician juicio por la desaparici\u00f3n de Paulina Camargo"},"content":{"rendered":"<p>Hoy, 20 de febrero se retom\u00f3 la audiencia de apertura de juicio oral por la desaparici\u00f3n de Paulina Camargo, la joven embarazada que fue vista por \u00faltima vez el 25 de agosto de 2015 en la ciudad de Puebla.<\/p>\n<p>A m\u00e1s de una d\u00e9cada de su ausencia, los padres de Paulina, Roc\u00edo Lim\u00f3n y Rolando Camargo, adem\u00e1s de su hermano Enrique Camargo Lim\u00f3n, acudieron a la Casa de Justicia ubicada en la 11 Sur para presenciar el inicio formal de esta etapa del proceso penal.<\/p>\n<p>Como presunto responsable, permanece Jos\u00e9 Mar\u00eda N., pareja sentimental de Paulina al momento de su desaparici\u00f3n.<\/p>\n<p>En los hechos, los familiares de Paulina buscan que se aplique la pena m\u00e1xima contemplada por la ley.<\/p>\n<p>Con el reinicio del juicio se esperan que se avance hacia el esclarecimiento del caso.<\/p>\n","protected":false},"excerpt":{"rendered":"<p>Hoy, 20 de febrero se retom\u00f3 la audiencia de apertura de juicio oral por la desaparici\u00f3n de Paulina Camargo, la joven embarazada que fue vista por \u00faltima vez el 25 de agosto de 2015 en la ciudad de Puebla. A m\u00e1s de una d\u00e9cada de su ausencia, los padres de Paulina, Roc\u00edo Lim\u00f3n y Rolando&#8230;<\/p>\n","protected":false},"author":16,"featured_media":36614,"comment_status":"closed","ping_status":"closed","sticky":false,"template":"","format":"standard","meta":[],"categories":[542],"tags":[4727,296,3051,4416],"yoast_head":"<!-- This site is optimized with the Yoast SEO plugin v20.8 - https:\/\/yoast.com\/wordpress\/plugins\/seo\/ -->\n<title>Una d\u00e9cada despu\u00e9s reinician juicio por la desaparici\u00f3n de Paulina Camargo - The Puebla Times<\/title>\n<meta name=\"robots\" content=\"index, follow, max-snippet:-1, max-image-preview:large, max-video-preview:-1\" \/>\n<link rel=\"canonical\" href=\"https:\/\/thepueblatimes.mx\/index.php\/2026\/02\/21\/una-decada-despues-reinician-juicio-por-la-desaparicion-de-paulina-camargo\/\" \/>\n<meta property=\"og:locale\" content=\"es_ES\" \/>\n<meta property=\"og:type\" content=\"article\" \/>\n<meta property=\"og:title\" content=\"Una d\u00e9cada despu\u00e9s reinician juicio por la desaparici\u00f3n de Paulina Camargo - The Puebla Times\" \/>\n<meta property=\"og:description\" content=\"Hoy, 20 de febrero se retom\u00f3 la audiencia de apertura de juicio oral por la desaparici\u00f3n de Paulina Camargo, la joven embarazada que fue vista por \u00faltima vez el 25 de agosto de 2015 en la ciudad de Puebla. A m\u00e1s de una d\u00e9cada de su ausencia, los padres de Paulina, Roc\u00edo Lim\u00f3n y Rolando...\" \/>\n<meta property=\"og:url\" content=\"https:\/\/thepueblatimes.mx\/index.php\/2026\/02\/21\/una-decada-despues-reinician-juicio-por-la-desaparicion-de-paulina-camargo\/\" \/>\n<meta property=\"og:site_name\" content=\"The Puebla Times\" \/>\n<meta property=\"article:published_time\" content=\"2026-02-21T19:59:56+00:00\" \/>\n<meta property=\"og:image\" content=\"https:\/\/thepueblatimes.mx\/wp-content\/uploads\/2026\/02\/600399e1-paulina_camargo-casa_justicia-juicio_oral_05-esp.jpg\" \/>\n\t<meta property=\"og:image:width\" content=\"1200\" \/>\n\t<meta property=\"og:image:height\" content=\"800\" \/>\n\t<meta property=\"og:image:type\" content=\"image\/jpeg\" \/>\n<meta name=\"author\" content=\"Sa\u00fal Hern\u00e1ndez\" \/>\n<meta name=\"twitter:card\" content=\"summary_large_image\" \/>\n<meta name=\"twitter:label1\" content=\"Escrito por\" \/>\n\t<meta name=\"twitter:data1\" content=\"Sa\u00fal Hern\u00e1ndez\" \/>\n\t<meta name=\"twitter:label2\" content=\"Tiempo de lectura\" \/>\n\t<meta name=\"twitter:data2\" content=\"1 minuto\" \/>\n<script type=\"application\/ld+json\" class=\"yoast-schema-graph\">{\"@context\":\"https:\/\/schema.org\",\"@graph\":[{\"@type\":\"WebPage\",\"@id\":\"https:\/\/thepueblatimes.mx\/index.php\/2026\/02\/21\/una-decada-despues-reinician-juicio-por-la-desaparicion-de-paulina-camargo\/\",\"url\":\"https:\/\/thepueblatimes.mx\/index.php\/2026\/02\/21\/una-decada-despues-reinician-juicio-por-la-desaparicion-de-paulina-camargo\/\",\"name\":\"Una d\u00e9cada despu\u00e9s reinician juicio por la desaparici\u00f3n de Paulina Camargo - The Puebla Times\",\"isPartOf\":{\"@id\":\"https:\/\/thepueblatimes.mx\/#website\"},\"datePublished\":\"2026-02-21T19:59:56+00:00\",\"dateModified\":\"2026-02-21T19:59:56+00:00\",\"author\":{\"@id\":\"https:\/\/thepueblatimes.mx\/#\/schema\/person\/1664894c2f65ce2c7a08d8f5f905c13c\"},\"breadcrumb\":{\"@id\":\"https:\/\/thepueblatimes.mx\/index.php\/2026\/02\/21\/una-decada-despues-reinician-juicio-por-la-desaparicion-de-paulina-camargo\/#breadcrumb\"},\"inLanguage\":\"es\",\"potentialAction\":[{\"@type\":\"ReadAction\",\"target\":[\"https:\/\/thepueblatimes.mx\/index.php\/2026\/02\/21\/una-decada-despues-reinician-juicio-por-la-desaparicion-de-paulina-camargo\/\"]}]},{\"@type\":\"BreadcrumbList\",\"@id\":\"https:\/\/thepueblatimes.mx\/index.php\/2026\/02\/21\/una-decada-despues-reinician-juicio-por-la-desaparicion-de-paulina-camargo\/#breadcrumb\",\"itemListElement\":[{\"@type\":\"ListItem\",\"position\":1,\"name\":\"Portada\",\"item\":\"https:\/\/thepueblatimes.mx\/\"},{\"@type\":\"ListItem\",\"position\":2,\"name\":\"Una d\u00e9cada despu\u00e9s reinician juicio por la desaparici\u00f3n de Paulina Camargo\"}]},{\"@type\":\"WebSite\",\"@id\":\"https:\/\/thepueblatimes.mx\/#website\",\"url\":\"https:\/\/thepueblatimes.mx\/\",\"name\":\"The Puebla Times\",\"description\":\"Noticias del Estado de Puebla\",\"potentialAction\":[{\"@type\":\"SearchAction\",\"target\":{\"@type\":\"EntryPoint\",\"urlTemplate\":\"https:\/\/thepueblatimes.mx\/?s={search_term_string}\"},\"query-input\":\"required name=search_term_string\"}],\"inLanguage\":\"es\"},{\"@type\":\"Person\",\"@id\":\"https:\/\/thepueblatimes.mx\/#\/schema\/person\/1664894c2f65ce2c7a08d8f5f905c13c\",\"name\":\"Sa\u00fal Hern\u00e1ndez\",\"image\":{\"@type\":\"ImageObject\",\"inLanguage\":\"es\",\"@id\":\"https:\/\/thepueblatimes.mx\/#\/schema\/person\/image\/\",\"url\":\"https:\/\/secure.gravatar.com\/avatar\/11be338693f243309532caad8f10c930?s=96&d=mm&r=g\",\"contentUrl\":\"https:\/\/secure.gravatar.com\/avatar\/11be338693f243309532caad8f10c930?s=96&d=mm&r=g\",\"caption\":\"Sa\u00fal Hern\u00e1ndez\"},\"url\":\"https:\/\/thepueblatimes.mx\/index.php\/author\/saulhernandez\/\"}]}<\/script>\n<!-- \/ Yoast SEO plugin. -->","yoast_head_json":{"title":"Una d\u00e9cada despu\u00e9s reinician juicio por la desaparici\u00f3n de Paulina Camargo - The Puebla Times","robots":{"index":"index","follow":"follow","max-snippet":"max-snippet:-1","max-image-preview":"max-image-preview:large","max-video-preview":"max-video-preview:-1"},"canonical":"https:\/\/thepueblatimes.mx\/index.php\/2026\/02\/21\/una-decada-despues-reinician-juicio-por-la-desaparicion-de-paulina-camargo\/","og_locale":"es_ES","og_type":"article","og_title":"Una d\u00e9cada despu\u00e9s reinician juicio por la desaparici\u00f3n de Paulina Camargo - The Puebla Times","og_description":"Hoy, 20 de febrero se retom\u00f3 la audiencia de apertura de juicio oral por la desaparici\u00f3n de Paulina Camargo, la joven embarazada que fue vista por \u00faltima vez el 25 de agosto de 2015 en la ciudad de Puebla. A m\u00e1s de una d\u00e9cada de su ausencia, los padres de Paulina, Roc\u00edo Lim\u00f3n y Rolando...","og_url":"https:\/\/thepueblatimes.mx\/index.php\/2026\/02\/21\/una-decada-despues-reinician-juicio-por-la-desaparicion-de-paulina-camargo\/","og_site_name":"The Puebla Times","article_published_time":"2026-02-21T19:59:56+00:00","og_image":[{"width":1200,"height":800,"url":"https:\/\/thepueblatimes.mx\/wp-content\/uploads\/2026\/02\/600399e1-paulina_camargo-casa_justicia-juicio_oral_05-esp.jpg","type":"image\/jpeg"}],"author":"Sa\u00fal Hern\u00e1ndez","twitter_card":"summary_large_image","twitter_misc":{"Escrito por":"Sa\u00fal Hern\u00e1ndez","Tiempo de lectura":"1 minuto"},"schema":{"@context":"https:\/\/schema.org","@graph":[{"@type":"WebPage","@id":"https:\/\/thepueblatimes.mx\/index.php\/2026\/02\/21\/una-decada-despues-reinician-juicio-por-la-desaparicion-de-paulina-camargo\/","url":"https:\/\/thepueblatimes.mx\/index.php\/2026\/02\/21\/una-decada-despues-reinician-juicio-por-la-desaparicion-de-paulina-camargo\/","name":"Una d\u00e9cada despu\u00e9s reinician juicio por la desaparici\u00f3n de Paulina Camargo - The Puebla Times","isPartOf":{"@id":"https:\/\/thepueblatimes.mx\/#website"},"datePublished":"2026-02-21T19:59:56+00:00","dateModified":"2026-02-21T19:59:56+00:00","author":{"@id":"https:\/\/thepueblatimes.mx\/#\/schema\/person\/1664894c2f65ce2c7a08d8f5f905c13c"},"breadcrumb":{"@id":"https:\/\/thepueblatimes.mx\/index.php\/2026\/02\/21\/una-decada-despues-reinician-juicio-por-la-desaparicion-de-paulina-camargo\/#breadcrumb"},"inLanguage":"es","potentialAction":[{"@type":"ReadAction","target":["https:\/\/thepueblatimes.mx\/index.php\/2026\/02\/21\/una-decada-despues-reinician-juicio-por-la-desaparicion-de-paulina-camargo\/"]}]},{"@type":"BreadcrumbList","@id":"https:\/\/thepueblatimes.mx\/index.php\/2026\/02\/21\/una-decada-despues-reinician-juicio-por-la-desaparicion-de-paulina-camargo\/#breadcrumb","itemListElement":[{"@type":"ListItem","position":1,"name":"Portada","item":"https:\/\/thepueblatimes.mx\/"},{"@type":"ListItem","position":2,"name":"Una d\u00e9cada despu\u00e9s reinician juicio por la desaparici\u00f3n de Paulina Camargo"}]},{"@type":"WebSite","@id":"https:\/\/thepueblatimes.mx\/#website","url":"https:\/\/thepueblatimes.mx\/","name":"The Puebla Times","description":"Noticias del Estado de Puebla","potentialAction":[{"@type":"SearchAction","target":{"@type":"EntryPoint","urlTemplate":"https:\/\/thepueblatimes.mx\/?s={search_term_string}"},"query-input":"required name=search_term_string"}],"inLanguage":"es"},{"@type":"Person","@id":"https:\/\/thepueblatimes.mx\/#\/schema\/person\/1664894c2f65ce2c7a08d8f5f905c13c","name":"Sa\u00fal Hern\u00e1ndez","image":{"@type":"ImageObject","inLanguage":"es","@id":"https:\/\/thepueblatimes.mx\/#\/schema\/person\/image\/","url":"https:\/\/secure.gravatar.com\/avatar\/11be338693f243309532caad8f10c930?s=96&d=mm&r=g","contentUrl":"https:\/\/secure.gravatar.com\/avatar\/11be338693f243309532caad8f10c930?s=96&d=mm&r=g","caption":"Sa\u00fal Hern\u00e1ndez"},"url":"https:\/\/thepueblatimes.mx\/index.php\/author\/saulhernandez\/"}]}},"jetpack_featured_media_url":"https:\/\/thepueblatimes.mx\/wp-content\/uploads\/2026\/02\/600399e1-paulina_camargo-casa_justicia-juicio_oral_05-esp.jpg","_links":{"self":[{"href":"https:\/\/thepueblatimes.mx\/index.php\/wp-json\/wp\/v2\/posts\/36613"}],"collection":[{"href":"https:\/\/thepueblatimes.mx\/index.php\/wp-json\/wp\/v2\/posts"}],"about":[{"href":"https:\/\/thepueblatimes.mx\/index.php\/wp-json\/wp\/v2\/types\/post"}],"author":[{"embeddable":true,"href":"https:\/\/thepueblatimes.mx\/index.php\/wp-json\/wp\/v2\/users\/16"}],"replies":[{"embeddable":true,"href":"https:\/\/thepueblatimes.mx\/index.php\/wp-json\/wp\/v2\/comments?post=36613"}],"version-history":[{"count":1,"href":"https:\/\/thepueblatimes.mx\/index.php\/wp-json\/wp\/v2\/posts\/36613\/revisions"}],"predecessor-version":[{"id":36615,"href":"https:\/\/thepueblatimes.mx\/index.php\/wp-json\/wp\/v2\/posts\/36613\/revisions\/36615"}],"wp:featuredmedia":[{"embeddable":true,"href":"https:\/\/thepueblatimes.mx\/index.php\/wp-json\/wp\/v2\/media\/36614"}],"wp:attachment":[{"href":"https:\/\/thepueblatimes.mx\/index.php\/wp-json\/wp\/v2\/media?parent=36613"}],"wp:term":[{"taxonomy":"category","embeddable":true,"href":"https:\/\/thepueblatimes.mx\/index.php\/wp-json\/wp\/v2\/categories?post=36613"},{"taxonomy":"post_tag","embeddable":true,"href":"https:\/\/thepueblatimes.mx\/index.php\/wp-json\/wp\/v2\/tags?post=36613"}],"curies":[{"name":"wp","href":"https:\/\/api.w.org\/{rel}","templated":true}]}}