{"id":36201,"date":"2026-02-04T23:09:44","date_gmt":"2026-02-05T05:09:44","guid":{"rendered":"https:\/\/thepueblatimes.mx\/?p=36201"},"modified":"2026-02-04T23:09:54","modified_gmt":"2026-02-05T05:09:54","slug":"disminuyen-remesas-de-eu-a-mexico","status":"publish","type":"post","link":"https:\/\/thepueblatimes.mx\/index.php\/2026\/02\/04\/disminuyen-remesas-de-eu-a-mexico\/","title":{"rendered":"Disminuyen  remesas de EU a M\u00e9xico"},"content":{"rendered":"<h3><em>La disminuci\u00f3n de remesas hacia M\u00e9xico responde a un \u201cchoque triple\u201d: endurecimiento migratorio y amenaza de impuestos a remesas<\/em><\/h3>\n<p>&nbsp;<\/p>\n<p><strong>IMPRONTA<\/strong><\/p>\n<p><strong>\u00a0<\/strong><\/p>\n<p>&nbsp;<\/p>\n<p><strong>\u00a0<\/strong><\/p>\n<p><strong>Carlos Miguel Acosta Bravo*<\/strong><\/p>\n<p>&nbsp;<\/p>\n<p>&nbsp;<\/p>\n<p>Las remesas hacia M\u00e9xico dejaron de crecer y cayeron en 2025 por una combinaci\u00f3n de factores econ\u00f3micos (empleo y salarios en EU, tipo de cambio) y pol\u00edticos (endurecimiento migratorio y anuncio de impuestos a las remesas bajo el gobierno de Donald Trump), que han cambiado el comportamiento de los migrantes mexicanos y reducido tanto el monto como el n\u00famero de env\u00edos.<\/p>\n<p>El empleo de la poblaci\u00f3n latina sigue siendo alto en t\u00e9rminos estructurales, pero la mayor vulnerabilidad de migrantes indocumentados y la incertidumbre sobre deportaciones y nuevos impuestos ha generado m\u00e1s cautela, ahorro precautorio y menor disposici\u00f3n a enviar dinero con la misma frecuencia.<\/p>\n<p>Entre las razones principales de la disminuci\u00f3n de remesas a M\u00e9xico cayeron alrededor de 4.6\u20135.7% anual, rompiendo 11 a\u00f1os de crecimiento continuo, con descensos mensuales de hasta 16.2% interanual (junio) y 12% (abril), los m\u00e1s fuertes desde 2012.<\/p>\n<p>Entre los factores clave se\u00f1alados por Banxico y analistas se encuentra una menor creaci\u00f3n de empleos para mexicanos\/migrantes en EU en algunos meses de 2025. Apreciaci\u00f3n del peso (\u201csuperpeso\u201d), que reduce el poder de compra adicional de cada d\u00f3lar enviado y desincentiva montos tan altos. Aumento de costos de vida en Estados Unidos (renta, salud, alimentos), que deja menor ingreso disponible para remesas que env\u00edan los migrantes mexicanos.<\/p>\n<p>Adem\u00e1s, algunos flujos excepcionales por pandemia y est\u00edmulos fiscales (2020\u20112022) se normalizaron, por lo que parte de la ca\u00edda es una correcci\u00f3n tras a\u00f1os at\u00edpicamente altos.<\/p>\n<p>La Influencia de las medidas antiinmigrantes de Trump desde enero de 2025, Trump endureci\u00f3 la pol\u00edtica migratoria con una \u201cemergencia nacional\u201d en la frontera sur, aumento de redadas y la promesa de deportaciones masivas de inmigrantes indocumentados. Hasta el momento la mayor ca\u00edda del 2.3% ha sido en Guanajuato, Estado de M\u00e9xico y la Ciudad de M\u00e9xico con 20.4 y 17 por ciento, respectivamente.<\/p>\n<p>Las notas de mercado y bancos se\u00f1alan que el miedo a redadas y deportaciones ha hecho que muchos migrantes limiten sus movimientos (por ejemplo, ir menos a tiendas de env\u00edo, bancos o\u00a0<em>check cashers<\/em>) y prioricen ahorro \u201cpor si los deportan\u201d antes que mandar dinero.<\/p>\n<p>Medidas espec\u00edficas que inciden sobre remesas discusi\u00f3n y aprobaci\u00f3n de impuestos a las remesas: se ha planteado un gravamen de 5\u201310% a transferencias hacia el exterior, que ya comenz\u00f3 a aplicarse parcialmente (1% a ciertos env\u00edos) y genera expectativa de mayores costos futuros.<\/p>\n<p>Ret\u00f3rica de \u201cvamos a hacer deportaciones masivas\u201d, repetida por el Departamento de Seguridad Nacional, refuerza el clima de miedo y fomenta estrategias de bajo perfil (menos transacciones formales, m\u00e1s ahorro en efectivo o env\u00edo por canales informales).<\/p>\n<p>BBVA Research y economistas de la Fed de Dallas subrayan que la pol\u00edtica migratoria restrictiva est\u00e1 empujando a los migrantes a enviar dinero con menor frecuencia. Guardar m\u00e1s recursos en EU como \u201ccolch\u00f3n\u201d ante un posible despido o deportaci\u00f3n.<\/p>\n<p>La manera han cambiado las actividades de mexicanos migrantes y su env\u00edo de remesas con base a datos de Banxico y BBVA muestran que no s\u00f3lo cae el monto total, sino tambi\u00e9n el n\u00famero de operaciones: en junio de 2025 hubo 14.3% menos transacciones que un a\u00f1o antes, lo que indica que menos personas (o menos veces) est\u00e1n enviando remesas.<\/p>\n<p>La evidencia cualitativa recogida por analistas apunta a que muchos migrantes evitan trabajos o trayectos que impliquen pasar por retenes o zonas con presencia migratoria. Prefieren empleos m\u00e1s informales pero \u201cmenos visibles\u201d, con posible impacto en ingresos y estabilidad. Aumentan el ahorro local para cubrir eventualidades (honorarios legales, gastos en caso de detenci\u00f3n).<\/p>\n<p>Todo lo anterior se traduce en menos remesas y, en algunos casos, en montos m\u00e1s altos pero menos frecuentes, para reducir el n\u00famero de veces que se usan canales supervisados.<\/p>\n<p>Los efectos sobre el empleo en Estados Unidos son los siguientes: a nivel agregado, la poblaci\u00f3n latina en EU alcanz\u00f3 un m\u00e1ximo hist\u00f3rico de participaci\u00f3n laboral: la fuerza laboral latina creci\u00f3 5.5% en 2024 hasta 35.1 millones de trabajadores, con una tasa de participaci\u00f3n cercana al 69%, la m\u00e1s alta registrada.<\/p>\n<p>Es decir, el \u201cbloque latino\u201d como conjunto sigue siendo muy din\u00e1mico y con alto empleo, lo que implica que la ca\u00edda de remesas no se explica principalmente por una recesi\u00f3n generalizada, sino por cambios en condiciones espec\u00edficas de los migrantes mexicanos y los efectos del tipo de cambio.<\/p>\n<p>Sin embargo, las pol\u00edticas antiinmigrantes s\u00ed afectan de forma selectiva ante un mayor riesgo de despidos o no renovaci\u00f3n para trabajadores indocumentados o con estatus precario en agricultura, construcci\u00f3n, servicios y manufactura ligera.<\/p>\n<p>Se ha registrado un aumento de la incertidumbre laboral en zonas con fuerte presencia de ICE y redadas, que puede reducir horas trabajadas o empujar a migrantes a trabajos m\u00e1s precarios y peor remunerados.<\/p>\n<p>En conclusi\u00f3n, la disminuci\u00f3n de remesas hacia M\u00e9xico responde a un \u201cchoque triple\u201d: endurecimiento migratorio y amenaza de impuestos a remesas (que generan miedo y cautela entre migrantes), condiciones econ\u00f3micas menos favorables para algunos trabajadores mexicanos en EU y la apreciaci\u00f3n del peso que reduce el incentivo a enviar el mismo volumen de d\u00f3lares.<\/p>\n<p>Comente u opine a:<\/p>\n<p><a href=\"mailto:cacostabravo@yahoo.com.mx\">cacostabravo@yahoo.com.mx<\/a><\/p>\n<p>&nbsp;<\/p>\n<p>*Maestro en comunicaci\u00f3n por la Universidad Iberoamericana, de la cual form\u00f3 parte del cuerpo acad\u00e9mico de la Licenciatura en comunicaci\u00f3n, as\u00ed como de la Universidad An\u00e1huac, camp\u00fas norte de CDMX.<\/p>\n<p>&nbsp;<\/p>\n","protected":false},"excerpt":{"rendered":"<p>La disminuci\u00f3n de remesas hacia M\u00e9xico responde a un \u201cchoque triple\u201d: endurecimiento migratorio y amenaza de impuestos a remesas &nbsp; IMPRONTA \u00a0 &nbsp; \u00a0 Carlos Miguel Acosta Bravo* &nbsp; &nbsp; Las remesas hacia M\u00e9xico dejaron de crecer y cayeron en 2025 por una combinaci\u00f3n de factores econ\u00f3micos (empleo y salarios en EU, tipo de cambio)&#8230;<\/p>\n","protected":false},"author":16,"featured_media":36203,"comment_status":"closed","ping_status":"closed","sticky":false,"template":"","format":"standard","meta":[],"categories":[10],"tags":[4597,4596,352,4598],"yoast_head":"<!-- This site is optimized with the Yoast SEO plugin v20.8 - https:\/\/yoast.com\/wordpress\/plugins\/seo\/ -->\n<title>Disminuyen remesas de EU a M\u00e9xico - The Puebla Times<\/title>\n<meta name=\"robots\" content=\"index, follow, max-snippet:-1, max-image-preview:large, max-video-preview:-1\" \/>\n<link rel=\"canonical\" href=\"https:\/\/thepueblatimes.mx\/index.php\/2026\/02\/04\/disminuyen-remesas-de-eu-a-mexico\/\" \/>\n<meta property=\"og:locale\" content=\"es_ES\" \/>\n<meta property=\"og:type\" content=\"article\" \/>\n<meta property=\"og:title\" content=\"Disminuyen remesas de EU a M\u00e9xico - The Puebla Times\" \/>\n<meta property=\"og:description\" content=\"La disminuci\u00f3n de remesas hacia M\u00e9xico responde a un \u201cchoque triple\u201d: endurecimiento migratorio y amenaza de impuestos a remesas &nbsp; IMPRONTA \u00a0 &nbsp; \u00a0 Carlos Miguel Acosta Bravo* &nbsp; &nbsp; Las remesas hacia M\u00e9xico dejaron de crecer y cayeron en 2025 por una combinaci\u00f3n de factores econ\u00f3micos (empleo y salarios en EU, tipo de cambio)...\" \/>\n<meta property=\"og:url\" content=\"https:\/\/thepueblatimes.mx\/index.php\/2026\/02\/04\/disminuyen-remesas-de-eu-a-mexico\/\" \/>\n<meta property=\"og:site_name\" content=\"The Puebla Times\" \/>\n<meta property=\"article:published_time\" content=\"2026-02-05T05:09:44+00:00\" \/>\n<meta property=\"article:modified_time\" content=\"2026-02-05T05:09:54+00:00\" \/>\n<meta property=\"og:image\" content=\"https:\/\/thepueblatimes.mx\/wp-content\/uploads\/2026\/02\/ice.webp\" \/>\n\t<meta property=\"og:image:width\" content=\"640\" \/>\n\t<meta property=\"og:image:height\" content=\"360\" \/>\n\t<meta property=\"og:image:type\" content=\"image\/webp\" \/>\n<meta name=\"author\" content=\"Sa\u00fal Hern\u00e1ndez\" \/>\n<meta name=\"twitter:card\" content=\"summary_large_image\" \/>\n<meta name=\"twitter:label1\" content=\"Escrito por\" \/>\n\t<meta name=\"twitter:data1\" content=\"Sa\u00fal Hern\u00e1ndez\" \/>\n\t<meta name=\"twitter:label2\" content=\"Tiempo de lectura\" \/>\n\t<meta name=\"twitter:data2\" content=\"5 minutos\" \/>\n<script type=\"application\/ld+json\" class=\"yoast-schema-graph\">{\"@context\":\"https:\/\/schema.org\",\"@graph\":[{\"@type\":\"WebPage\",\"@id\":\"https:\/\/thepueblatimes.mx\/index.php\/2026\/02\/04\/disminuyen-remesas-de-eu-a-mexico\/\",\"url\":\"https:\/\/thepueblatimes.mx\/index.php\/2026\/02\/04\/disminuyen-remesas-de-eu-a-mexico\/\",\"name\":\"Disminuyen remesas de EU a M\u00e9xico - The Puebla Times\",\"isPartOf\":{\"@id\":\"https:\/\/thepueblatimes.mx\/#website\"},\"datePublished\":\"2026-02-05T05:09:44+00:00\",\"dateModified\":\"2026-02-05T05:09:54+00:00\",\"author\":{\"@id\":\"https:\/\/thepueblatimes.mx\/#\/schema\/person\/1664894c2f65ce2c7a08d8f5f905c13c\"},\"breadcrumb\":{\"@id\":\"https:\/\/thepueblatimes.mx\/index.php\/2026\/02\/04\/disminuyen-remesas-de-eu-a-mexico\/#breadcrumb\"},\"inLanguage\":\"es\",\"potentialAction\":[{\"@type\":\"ReadAction\",\"target\":[\"https:\/\/thepueblatimes.mx\/index.php\/2026\/02\/04\/disminuyen-remesas-de-eu-a-mexico\/\"]}]},{\"@type\":\"BreadcrumbList\",\"@id\":\"https:\/\/thepueblatimes.mx\/index.php\/2026\/02\/04\/disminuyen-remesas-de-eu-a-mexico\/#breadcrumb\",\"itemListElement\":[{\"@type\":\"ListItem\",\"position\":1,\"name\":\"Portada\",\"item\":\"https:\/\/thepueblatimes.mx\/\"},{\"@type\":\"ListItem\",\"position\":2,\"name\":\"Disminuyen remesas de EU a M\u00e9xico\"}]},{\"@type\":\"WebSite\",\"@id\":\"https:\/\/thepueblatimes.mx\/#website\",\"url\":\"https:\/\/thepueblatimes.mx\/\",\"name\":\"The Puebla Times\",\"description\":\"Noticias del Estado de Puebla\",\"potentialAction\":[{\"@type\":\"SearchAction\",\"target\":{\"@type\":\"EntryPoint\",\"urlTemplate\":\"https:\/\/thepueblatimes.mx\/?s={search_term_string}\"},\"query-input\":\"required name=search_term_string\"}],\"inLanguage\":\"es\"},{\"@type\":\"Person\",\"@id\":\"https:\/\/thepueblatimes.mx\/#\/schema\/person\/1664894c2f65ce2c7a08d8f5f905c13c\",\"name\":\"Sa\u00fal Hern\u00e1ndez\",\"image\":{\"@type\":\"ImageObject\",\"inLanguage\":\"es\",\"@id\":\"https:\/\/thepueblatimes.mx\/#\/schema\/person\/image\/\",\"url\":\"https:\/\/secure.gravatar.com\/avatar\/11be338693f243309532caad8f10c930?s=96&d=mm&r=g\",\"contentUrl\":\"https:\/\/secure.gravatar.com\/avatar\/11be338693f243309532caad8f10c930?s=96&d=mm&r=g\",\"caption\":\"Sa\u00fal Hern\u00e1ndez\"},\"url\":\"https:\/\/thepueblatimes.mx\/index.php\/author\/saulhernandez\/\"}]}<\/script>\n<!-- \/ Yoast SEO plugin. -->","yoast_head_json":{"title":"Disminuyen remesas de EU a M\u00e9xico - The Puebla Times","robots":{"index":"index","follow":"follow","max-snippet":"max-snippet:-1","max-image-preview":"max-image-preview:large","max-video-preview":"max-video-preview:-1"},"canonical":"https:\/\/thepueblatimes.mx\/index.php\/2026\/02\/04\/disminuyen-remesas-de-eu-a-mexico\/","og_locale":"es_ES","og_type":"article","og_title":"Disminuyen remesas de EU a M\u00e9xico - The Puebla Times","og_description":"La disminuci\u00f3n de remesas hacia M\u00e9xico responde a un \u201cchoque triple\u201d: endurecimiento migratorio y amenaza de impuestos a remesas &nbsp; IMPRONTA \u00a0 &nbsp; \u00a0 Carlos Miguel Acosta Bravo* &nbsp; &nbsp; Las remesas hacia M\u00e9xico dejaron de crecer y cayeron en 2025 por una combinaci\u00f3n de factores econ\u00f3micos (empleo y salarios en EU, tipo de cambio)...","og_url":"https:\/\/thepueblatimes.mx\/index.php\/2026\/02\/04\/disminuyen-remesas-de-eu-a-mexico\/","og_site_name":"The Puebla Times","article_published_time":"2026-02-05T05:09:44+00:00","article_modified_time":"2026-02-05T05:09:54+00:00","og_image":[{"width":640,"height":360,"url":"https:\/\/thepueblatimes.mx\/wp-content\/uploads\/2026\/02\/ice.webp","type":"image\/webp"}],"author":"Sa\u00fal Hern\u00e1ndez","twitter_card":"summary_large_image","twitter_misc":{"Escrito por":"Sa\u00fal Hern\u00e1ndez","Tiempo de lectura":"5 minutos"},"schema":{"@context":"https:\/\/schema.org","@graph":[{"@type":"WebPage","@id":"https:\/\/thepueblatimes.mx\/index.php\/2026\/02\/04\/disminuyen-remesas-de-eu-a-mexico\/","url":"https:\/\/thepueblatimes.mx\/index.php\/2026\/02\/04\/disminuyen-remesas-de-eu-a-mexico\/","name":"Disminuyen remesas de EU a M\u00e9xico - The Puebla Times","isPartOf":{"@id":"https:\/\/thepueblatimes.mx\/#website"},"datePublished":"2026-02-05T05:09:44+00:00","dateModified":"2026-02-05T05:09:54+00:00","author":{"@id":"https:\/\/thepueblatimes.mx\/#\/schema\/person\/1664894c2f65ce2c7a08d8f5f905c13c"},"breadcrumb":{"@id":"https:\/\/thepueblatimes.mx\/index.php\/2026\/02\/04\/disminuyen-remesas-de-eu-a-mexico\/#breadcrumb"},"inLanguage":"es","potentialAction":[{"@type":"ReadAction","target":["https:\/\/thepueblatimes.mx\/index.php\/2026\/02\/04\/disminuyen-remesas-de-eu-a-mexico\/"]}]},{"@type":"BreadcrumbList","@id":"https:\/\/thepueblatimes.mx\/index.php\/2026\/02\/04\/disminuyen-remesas-de-eu-a-mexico\/#breadcrumb","itemListElement":[{"@type":"ListItem","position":1,"name":"Portada","item":"https:\/\/thepueblatimes.mx\/"},{"@type":"ListItem","position":2,"name":"Disminuyen remesas de EU a M\u00e9xico"}]},{"@type":"WebSite","@id":"https:\/\/thepueblatimes.mx\/#website","url":"https:\/\/thepueblatimes.mx\/","name":"The Puebla Times","description":"Noticias del Estado de Puebla","potentialAction":[{"@type":"SearchAction","target":{"@type":"EntryPoint","urlTemplate":"https:\/\/thepueblatimes.mx\/?s={search_term_string}"},"query-input":"required name=search_term_string"}],"inLanguage":"es"},{"@type":"Person","@id":"https:\/\/thepueblatimes.mx\/#\/schema\/person\/1664894c2f65ce2c7a08d8f5f905c13c","name":"Sa\u00fal Hern\u00e1ndez","image":{"@type":"ImageObject","inLanguage":"es","@id":"https:\/\/thepueblatimes.mx\/#\/schema\/person\/image\/","url":"https:\/\/secure.gravatar.com\/avatar\/11be338693f243309532caad8f10c930?s=96&d=mm&r=g","contentUrl":"https:\/\/secure.gravatar.com\/avatar\/11be338693f243309532caad8f10c930?s=96&d=mm&r=g","caption":"Sa\u00fal Hern\u00e1ndez"},"url":"https:\/\/thepueblatimes.mx\/index.php\/author\/saulhernandez\/"}]}},"jetpack_featured_media_url":"https:\/\/thepueblatimes.mx\/wp-content\/uploads\/2026\/02\/ice.webp","_links":{"self":[{"href":"https:\/\/thepueblatimes.mx\/index.php\/wp-json\/wp\/v2\/posts\/36201"}],"collection":[{"href":"https:\/\/thepueblatimes.mx\/index.php\/wp-json\/wp\/v2\/posts"}],"about":[{"href":"https:\/\/thepueblatimes.mx\/index.php\/wp-json\/wp\/v2\/types\/post"}],"author":[{"embeddable":true,"href":"https:\/\/thepueblatimes.mx\/index.php\/wp-json\/wp\/v2\/users\/16"}],"replies":[{"embeddable":true,"href":"https:\/\/thepueblatimes.mx\/index.php\/wp-json\/wp\/v2\/comments?post=36201"}],"version-history":[{"count":1,"href":"https:\/\/thepueblatimes.mx\/index.php\/wp-json\/wp\/v2\/posts\/36201\/revisions"}],"predecessor-version":[{"id":36204,"href":"https:\/\/thepueblatimes.mx\/index.php\/wp-json\/wp\/v2\/posts\/36201\/revisions\/36204"}],"wp:featuredmedia":[{"embeddable":true,"href":"https:\/\/thepueblatimes.mx\/index.php\/wp-json\/wp\/v2\/media\/36203"}],"wp:attachment":[{"href":"https:\/\/thepueblatimes.mx\/index.php\/wp-json\/wp\/v2\/media?parent=36201"}],"wp:term":[{"taxonomy":"category","embeddable":true,"href":"https:\/\/thepueblatimes.mx\/index.php\/wp-json\/wp\/v2\/categories?post=36201"},{"taxonomy":"post_tag","embeddable":true,"href":"https:\/\/thepueblatimes.mx\/index.php\/wp-json\/wp\/v2\/tags?post=36201"}],"curies":[{"name":"wp","href":"https:\/\/api.w.org\/{rel}","templated":true}]}}