{"id":36160,"date":"2026-02-03T16:12:18","date_gmt":"2026-02-03T22:12:18","guid":{"rendered":"https:\/\/thepueblatimes.mx\/?p=36160"},"modified":"2026-02-03T16:12:18","modified_gmt":"2026-02-03T22:12:18","slug":"van-por-el-cierre-del-relleno-sanitario-de-chiltepeque-en-puebla","status":"publish","type":"post","link":"https:\/\/thepueblatimes.mx\/index.php\/2026\/02\/03\/van-por-el-cierre-del-relleno-sanitario-de-chiltepeque-en-puebla\/","title":{"rendered":"Van por el cierre del relleno sanitario de Chiltepeque en Puebla"},"content":{"rendered":"<p>Las autoridades deben llegar hasta las \u00faltimas consecuencias, debido a la contaminaci\u00f3n que genera el relleno sanitario de Chiltepeque, en la junta auxiliar de Santo Tom\u00e1s Chautla, lo que en el fondo podr\u00eda traducirse en su cierre.<\/p>\n<p>En ese sentido se pronunciaron los legisladores locales Jos\u00e9 Luis Figueroa y Jaime Natale Uranga.<\/p>\n<p>Por su parte, pobladores de Santo Tom\u00e1s Chautla y colectivos ambientales exigieron el cierre del relleno sanitario de Chiltepeque.<\/p>\n<p>El diputado Jos\u00e9 Luis Figueroa Cort\u00e9s adelant\u00f3 que se reunir\u00e1 con pobladores de esa junta auxiliar a fin de conocer la problem\u00e1tica que provoc\u00f3 una inspecci\u00f3n de la Procuradur\u00eda Federal de Protecci\u00f3n al Ambiente (Profepa) en el relleno sanitario.<\/p>\n<p>Por su parte, el diputado Jaime Natale Uranga se\u00f1al\u00f3 que espera a que se haga p\u00fablico el resultado de la visita de Profepa para asumir una decisi\u00f3n sobre el an\u00e1lisis de la contaminaci\u00f3n que provoca el relleno sanitario.<\/p>\n<p>Expres\u00f3 \u201ces un tema que pasa de medio ambiente a salud p\u00fablica, estaremos atentos y claro que se deben tomar cartas en el asunto y las regidur\u00edas nos dir\u00e1n qu\u00e9 acciones se llevar\u00e1n a cabo\u201d.<\/p>\n<p>Agreg\u00f3 que dos regidores del Ayuntamiento de Puebla que pertenecen al Partido Verde van a participar en el recorrido, por lo que les pedir\u00e1 informes y en caso de que los pobladores tengan raz\u00f3n, se llegue a las \u00faltimas consecuencias.<\/p>\n","protected":false},"excerpt":{"rendered":"<p>Las autoridades deben llegar hasta las \u00faltimas consecuencias, debido a la contaminaci\u00f3n que genera el relleno sanitario de Chiltepeque, en la junta auxiliar de Santo Tom\u00e1s Chautla, lo que en el fondo podr\u00eda traducirse en su cierre. En ese sentido se pronunciaron los legisladores locales Jos\u00e9 Luis Figueroa y Jaime Natale Uranga. Por su parte,&#8230;<\/p>\n","protected":false},"author":16,"featured_media":36165,"comment_status":"closed","ping_status":"closed","sticky":false,"template":"","format":"standard","meta":[],"categories":[542],"tags":[4587,4085,2377,2868],"yoast_head":"<!-- This site is optimized with the Yoast SEO plugin v20.8 - https:\/\/yoast.com\/wordpress\/plugins\/seo\/ -->\n<title>Van por el cierre del relleno sanitario de Chiltepeque en Puebla - The Puebla Times<\/title>\n<meta name=\"robots\" content=\"index, follow, max-snippet:-1, max-image-preview:large, max-video-preview:-1\" \/>\n<link rel=\"canonical\" href=\"https:\/\/thepueblatimes.mx\/index.php\/2026\/02\/03\/van-por-el-cierre-del-relleno-sanitario-de-chiltepeque-en-puebla\/\" \/>\n<meta property=\"og:locale\" content=\"es_ES\" \/>\n<meta property=\"og:type\" content=\"article\" \/>\n<meta property=\"og:title\" content=\"Van por el cierre del relleno sanitario de Chiltepeque en Puebla - The Puebla Times\" \/>\n<meta property=\"og:description\" content=\"Las autoridades deben llegar hasta las \u00faltimas consecuencias, debido a la contaminaci\u00f3n que genera el relleno sanitario de Chiltepeque, en la junta auxiliar de Santo Tom\u00e1s Chautla, lo que en el fondo podr\u00eda traducirse en su cierre. En ese sentido se pronunciaron los legisladores locales Jos\u00e9 Luis Figueroa y Jaime Natale Uranga. Por su parte,...\" \/>\n<meta property=\"og:url\" content=\"https:\/\/thepueblatimes.mx\/index.php\/2026\/02\/03\/van-por-el-cierre-del-relleno-sanitario-de-chiltepeque-en-puebla\/\" \/>\n<meta property=\"og:site_name\" content=\"The Puebla Times\" \/>\n<meta property=\"article:published_time\" content=\"2026-02-03T22:12:18+00:00\" \/>\n<meta property=\"og:image\" content=\"https:\/\/thepueblatimes.mx\/wp-content\/uploads\/2026\/02\/relleno-Chiltepeque-.webp\" \/>\n\t<meta property=\"og:image:width\" content=\"1200\" \/>\n\t<meta property=\"og:image:height\" content=\"675\" \/>\n\t<meta property=\"og:image:type\" content=\"image\/webp\" \/>\n<meta name=\"author\" content=\"Sa\u00fal Hern\u00e1ndez\" \/>\n<meta name=\"twitter:card\" content=\"summary_large_image\" \/>\n<meta name=\"twitter:label1\" content=\"Escrito por\" \/>\n\t<meta name=\"twitter:data1\" content=\"Sa\u00fal Hern\u00e1ndez\" \/>\n\t<meta name=\"twitter:label2\" content=\"Tiempo de lectura\" \/>\n\t<meta name=\"twitter:data2\" content=\"2 minutos\" \/>\n<script type=\"application\/ld+json\" class=\"yoast-schema-graph\">{\"@context\":\"https:\/\/schema.org\",\"@graph\":[{\"@type\":\"WebPage\",\"@id\":\"https:\/\/thepueblatimes.mx\/index.php\/2026\/02\/03\/van-por-el-cierre-del-relleno-sanitario-de-chiltepeque-en-puebla\/\",\"url\":\"https:\/\/thepueblatimes.mx\/index.php\/2026\/02\/03\/van-por-el-cierre-del-relleno-sanitario-de-chiltepeque-en-puebla\/\",\"name\":\"Van por el cierre del relleno sanitario de Chiltepeque en Puebla - The Puebla Times\",\"isPartOf\":{\"@id\":\"https:\/\/thepueblatimes.mx\/#website\"},\"datePublished\":\"2026-02-03T22:12:18+00:00\",\"dateModified\":\"2026-02-03T22:12:18+00:00\",\"author\":{\"@id\":\"https:\/\/thepueblatimes.mx\/#\/schema\/person\/1664894c2f65ce2c7a08d8f5f905c13c\"},\"breadcrumb\":{\"@id\":\"https:\/\/thepueblatimes.mx\/index.php\/2026\/02\/03\/van-por-el-cierre-del-relleno-sanitario-de-chiltepeque-en-puebla\/#breadcrumb\"},\"inLanguage\":\"es\",\"potentialAction\":[{\"@type\":\"ReadAction\",\"target\":[\"https:\/\/thepueblatimes.mx\/index.php\/2026\/02\/03\/van-por-el-cierre-del-relleno-sanitario-de-chiltepeque-en-puebla\/\"]}]},{\"@type\":\"BreadcrumbList\",\"@id\":\"https:\/\/thepueblatimes.mx\/index.php\/2026\/02\/03\/van-por-el-cierre-del-relleno-sanitario-de-chiltepeque-en-puebla\/#breadcrumb\",\"itemListElement\":[{\"@type\":\"ListItem\",\"position\":1,\"name\":\"Portada\",\"item\":\"https:\/\/thepueblatimes.mx\/\"},{\"@type\":\"ListItem\",\"position\":2,\"name\":\"Van por el cierre del relleno sanitario de Chiltepeque en Puebla\"}]},{\"@type\":\"WebSite\",\"@id\":\"https:\/\/thepueblatimes.mx\/#website\",\"url\":\"https:\/\/thepueblatimes.mx\/\",\"name\":\"The Puebla Times\",\"description\":\"Noticias del Estado de Puebla\",\"potentialAction\":[{\"@type\":\"SearchAction\",\"target\":{\"@type\":\"EntryPoint\",\"urlTemplate\":\"https:\/\/thepueblatimes.mx\/?s={search_term_string}\"},\"query-input\":\"required name=search_term_string\"}],\"inLanguage\":\"es\"},{\"@type\":\"Person\",\"@id\":\"https:\/\/thepueblatimes.mx\/#\/schema\/person\/1664894c2f65ce2c7a08d8f5f905c13c\",\"name\":\"Sa\u00fal Hern\u00e1ndez\",\"image\":{\"@type\":\"ImageObject\",\"inLanguage\":\"es\",\"@id\":\"https:\/\/thepueblatimes.mx\/#\/schema\/person\/image\/\",\"url\":\"https:\/\/secure.gravatar.com\/avatar\/11be338693f243309532caad8f10c930?s=96&d=mm&r=g\",\"contentUrl\":\"https:\/\/secure.gravatar.com\/avatar\/11be338693f243309532caad8f10c930?s=96&d=mm&r=g\",\"caption\":\"Sa\u00fal Hern\u00e1ndez\"},\"url\":\"https:\/\/thepueblatimes.mx\/index.php\/author\/saulhernandez\/\"}]}<\/script>\n<!-- \/ Yoast SEO plugin. -->","yoast_head_json":{"title":"Van por el cierre del relleno sanitario de Chiltepeque en Puebla - The Puebla Times","robots":{"index":"index","follow":"follow","max-snippet":"max-snippet:-1","max-image-preview":"max-image-preview:large","max-video-preview":"max-video-preview:-1"},"canonical":"https:\/\/thepueblatimes.mx\/index.php\/2026\/02\/03\/van-por-el-cierre-del-relleno-sanitario-de-chiltepeque-en-puebla\/","og_locale":"es_ES","og_type":"article","og_title":"Van por el cierre del relleno sanitario de Chiltepeque en Puebla - The Puebla Times","og_description":"Las autoridades deben llegar hasta las \u00faltimas consecuencias, debido a la contaminaci\u00f3n que genera el relleno sanitario de Chiltepeque, en la junta auxiliar de Santo Tom\u00e1s Chautla, lo que en el fondo podr\u00eda traducirse en su cierre. En ese sentido se pronunciaron los legisladores locales Jos\u00e9 Luis Figueroa y Jaime Natale Uranga. Por su parte,...","og_url":"https:\/\/thepueblatimes.mx\/index.php\/2026\/02\/03\/van-por-el-cierre-del-relleno-sanitario-de-chiltepeque-en-puebla\/","og_site_name":"The Puebla Times","article_published_time":"2026-02-03T22:12:18+00:00","og_image":[{"width":1200,"height":675,"url":"https:\/\/thepueblatimes.mx\/wp-content\/uploads\/2026\/02\/relleno-Chiltepeque-.webp","type":"image\/webp"}],"author":"Sa\u00fal Hern\u00e1ndez","twitter_card":"summary_large_image","twitter_misc":{"Escrito por":"Sa\u00fal Hern\u00e1ndez","Tiempo de lectura":"2 minutos"},"schema":{"@context":"https:\/\/schema.org","@graph":[{"@type":"WebPage","@id":"https:\/\/thepueblatimes.mx\/index.php\/2026\/02\/03\/van-por-el-cierre-del-relleno-sanitario-de-chiltepeque-en-puebla\/","url":"https:\/\/thepueblatimes.mx\/index.php\/2026\/02\/03\/van-por-el-cierre-del-relleno-sanitario-de-chiltepeque-en-puebla\/","name":"Van por el cierre del relleno sanitario de Chiltepeque en Puebla - The Puebla Times","isPartOf":{"@id":"https:\/\/thepueblatimes.mx\/#website"},"datePublished":"2026-02-03T22:12:18+00:00","dateModified":"2026-02-03T22:12:18+00:00","author":{"@id":"https:\/\/thepueblatimes.mx\/#\/schema\/person\/1664894c2f65ce2c7a08d8f5f905c13c"},"breadcrumb":{"@id":"https:\/\/thepueblatimes.mx\/index.php\/2026\/02\/03\/van-por-el-cierre-del-relleno-sanitario-de-chiltepeque-en-puebla\/#breadcrumb"},"inLanguage":"es","potentialAction":[{"@type":"ReadAction","target":["https:\/\/thepueblatimes.mx\/index.php\/2026\/02\/03\/van-por-el-cierre-del-relleno-sanitario-de-chiltepeque-en-puebla\/"]}]},{"@type":"BreadcrumbList","@id":"https:\/\/thepueblatimes.mx\/index.php\/2026\/02\/03\/van-por-el-cierre-del-relleno-sanitario-de-chiltepeque-en-puebla\/#breadcrumb","itemListElement":[{"@type":"ListItem","position":1,"name":"Portada","item":"https:\/\/thepueblatimes.mx\/"},{"@type":"ListItem","position":2,"name":"Van por el cierre del relleno sanitario de Chiltepeque en Puebla"}]},{"@type":"WebSite","@id":"https:\/\/thepueblatimes.mx\/#website","url":"https:\/\/thepueblatimes.mx\/","name":"The Puebla Times","description":"Noticias del Estado de Puebla","potentialAction":[{"@type":"SearchAction","target":{"@type":"EntryPoint","urlTemplate":"https:\/\/thepueblatimes.mx\/?s={search_term_string}"},"query-input":"required name=search_term_string"}],"inLanguage":"es"},{"@type":"Person","@id":"https:\/\/thepueblatimes.mx\/#\/schema\/person\/1664894c2f65ce2c7a08d8f5f905c13c","name":"Sa\u00fal Hern\u00e1ndez","image":{"@type":"ImageObject","inLanguage":"es","@id":"https:\/\/thepueblatimes.mx\/#\/schema\/person\/image\/","url":"https:\/\/secure.gravatar.com\/avatar\/11be338693f243309532caad8f10c930?s=96&d=mm&r=g","contentUrl":"https:\/\/secure.gravatar.com\/avatar\/11be338693f243309532caad8f10c930?s=96&d=mm&r=g","caption":"Sa\u00fal Hern\u00e1ndez"},"url":"https:\/\/thepueblatimes.mx\/index.php\/author\/saulhernandez\/"}]}},"jetpack_featured_media_url":"https:\/\/thepueblatimes.mx\/wp-content\/uploads\/2026\/02\/relleno-Chiltepeque-.webp","_links":{"self":[{"href":"https:\/\/thepueblatimes.mx\/index.php\/wp-json\/wp\/v2\/posts\/36160"}],"collection":[{"href":"https:\/\/thepueblatimes.mx\/index.php\/wp-json\/wp\/v2\/posts"}],"about":[{"href":"https:\/\/thepueblatimes.mx\/index.php\/wp-json\/wp\/v2\/types\/post"}],"author":[{"embeddable":true,"href":"https:\/\/thepueblatimes.mx\/index.php\/wp-json\/wp\/v2\/users\/16"}],"replies":[{"embeddable":true,"href":"https:\/\/thepueblatimes.mx\/index.php\/wp-json\/wp\/v2\/comments?post=36160"}],"version-history":[{"count":1,"href":"https:\/\/thepueblatimes.mx\/index.php\/wp-json\/wp\/v2\/posts\/36160\/revisions"}],"predecessor-version":[{"id":36167,"href":"https:\/\/thepueblatimes.mx\/index.php\/wp-json\/wp\/v2\/posts\/36160\/revisions\/36167"}],"wp:featuredmedia":[{"embeddable":true,"href":"https:\/\/thepueblatimes.mx\/index.php\/wp-json\/wp\/v2\/media\/36165"}],"wp:attachment":[{"href":"https:\/\/thepueblatimes.mx\/index.php\/wp-json\/wp\/v2\/media?parent=36160"}],"wp:term":[{"taxonomy":"category","embeddable":true,"href":"https:\/\/thepueblatimes.mx\/index.php\/wp-json\/wp\/v2\/categories?post=36160"},{"taxonomy":"post_tag","embeddable":true,"href":"https:\/\/thepueblatimes.mx\/index.php\/wp-json\/wp\/v2\/tags?post=36160"}],"curies":[{"name":"wp","href":"https:\/\/api.w.org\/{rel}","templated":true}]}}