{"id":36157,"date":"2026-02-03T15:29:34","date_gmt":"2026-02-03T21:29:34","guid":{"rendered":"https:\/\/thepueblatimes.mx\/?p=36157"},"modified":"2026-02-03T15:29:34","modified_gmt":"2026-02-03T21:29:34","slug":"cercania-y-cuidado-para-508-localidades-prioritarias-gracias-a-abrigando-corazones","status":"publish","type":"post","link":"https:\/\/thepueblatimes.mx\/index.php\/2026\/02\/03\/cercania-y-cuidado-para-508-localidades-prioritarias-gracias-a-abrigando-corazones\/","title":{"rendered":"Cercan\u00eda y cuidado para 508 localidades prioritarias, gracias a Abrigando Corazones"},"content":{"rendered":"<h3>Habr\u00e1 rutas de reposici\u00f3n en Yecuatla y Chiconquiaco esta semana.<\/h3>\n<p>Por Carlos Miguel Acosta Bravo<\/p>\n<p><strong>\u00a0<\/strong>La gobernadora Roc\u00edo Nahle Garc\u00eda anunci\u00f3 la conclusi\u00f3n del programa Caravana Abrigando Corazones, una estrategia de atenci\u00f3n invernal que, durante dos meses, llev\u00f3 apoyos directos a familias de 508 localidades, con prioridad en comunidades con alta y muy alta marginaci\u00f3n.<\/p>\n<p>&nbsp;<\/p>\n<p>El gobierno estatal atendi\u00f3 38 municipios de ocho regiones del estado, muchos de ellos ubicados a m\u00e1s de 2 mil metros sobre el nivel del mar, donde las bajas temperaturas representan un riesgo directo para la salud; entreg\u00f3 125 mil 403 cobertores y 64 mil 407 despensas, en beneficio de igual n\u00famero de familias, principalmente de pueblos originarios y comunidades de dif\u00edcil acceso.<\/p>\n<p>&nbsp;<\/p>\n<p>La atenci\u00f3n fue integral e incluy\u00f3 la entrega de 12 mil comidas calientes, elaboradas bajo criterios de alimentaci\u00f3n saludable y con men\u00fas especiales para ni\u00f1as y ni\u00f1os; 116 consultas m\u00e9dicas, la aplicaci\u00f3n de 2 mil 620 vacunas, la orientaci\u00f3n a mil 744 personas en prevenci\u00f3n de infecciones respiratorias agudas y la distribuci\u00f3n de material informativo preventivo, fortaleciendo la protecci\u00f3n de la salud durante la temporada invernal.<\/p>\n<p>&nbsp;<\/p>\n<p>Al presentar el balance del programa, la secretaria de Protecci\u00f3n Civil, Guadalupe Osorno Maldonado, destac\u00f3 que el trabajo se mantuvo de manera permanente en territorio, \u201cfueron pr\u00e1cticamente dos meses de recorridos continuos, con rutas extensas que permitieron atender entre 20 y 25 localidades diariamente, priorizando a las comunidades con mayores niveles de marginaci\u00f3n\u201d.<\/p>\n<p>&nbsp;<\/p>\n<p>Agreg\u00f3 que, por instrucci\u00f3n de la gobernadora Roc\u00edo Nahle, el programa ampli\u00f3 su cobertura para incluir municipios de la Huasteca veracruzana, afectados por las lluvias registradas en octubre, con el objetivo de mantener una atenci\u00f3n social constante y solidaria.<\/p>\n<p>&nbsp;<\/p>\n<p>El desarrollo de la Caravana cont\u00f3 con el respaldo de fuerzas federales, dependencias estatales y ayuntamientos, lo que permiti\u00f3 llegar de manera organizada y oportuna a las comunidades m\u00e1s apartadas.<\/p>\n<p>&nbsp;<\/p>\n<p>Por \u00faltimo, la titular de PC inform\u00f3 que el pr\u00f3ximo 05 de febrero realizar\u00e1n las rutas en Yecuatla y Chiconquiaco, reprogramadas debido a las condiciones meteorol\u00f3gicas adversas y ajustes log\u00edsticos.<\/p>\n","protected":false},"excerpt":{"rendered":"<p>Habr\u00e1 rutas de reposici\u00f3n en Yecuatla y Chiconquiaco esta semana. Por Carlos Miguel Acosta Bravo \u00a0La gobernadora Roc\u00edo Nahle Garc\u00eda anunci\u00f3 la conclusi\u00f3n del programa Caravana Abrigando Corazones, una estrategia de atenci\u00f3n invernal que, durante dos meses, llev\u00f3 apoyos directos a familias de 508 localidades, con prioridad en comunidades con alta y muy alta marginaci\u00f3n&#8230;.<\/p>\n","protected":false},"author":16,"featured_media":36158,"comment_status":"closed","ping_status":"closed","sticky":false,"template":"","format":"standard","meta":[],"categories":[116],"tags":[4540,4585,4584,4586],"yoast_head":"<!-- This site is optimized with the Yoast SEO plugin v20.8 - https:\/\/yoast.com\/wordpress\/plugins\/seo\/ -->\n<title>Cercan\u00eda y cuidado para 508 localidades prioritarias, gracias a Abrigando Corazones - The Puebla Times<\/title>\n<meta name=\"robots\" content=\"index, follow, max-snippet:-1, max-image-preview:large, max-video-preview:-1\" \/>\n<link rel=\"canonical\" href=\"https:\/\/thepueblatimes.mx\/index.php\/2026\/02\/03\/cercania-y-cuidado-para-508-localidades-prioritarias-gracias-a-abrigando-corazones\/\" \/>\n<meta property=\"og:locale\" content=\"es_ES\" \/>\n<meta property=\"og:type\" content=\"article\" \/>\n<meta property=\"og:title\" content=\"Cercan\u00eda y cuidado para 508 localidades prioritarias, gracias a Abrigando Corazones - The Puebla Times\" \/>\n<meta property=\"og:description\" content=\"Habr\u00e1 rutas de reposici\u00f3n en Yecuatla y Chiconquiaco esta semana. Por Carlos Miguel Acosta Bravo \u00a0La gobernadora Roc\u00edo Nahle Garc\u00eda anunci\u00f3 la conclusi\u00f3n del programa Caravana Abrigando Corazones, una estrategia de atenci\u00f3n invernal que, durante dos meses, llev\u00f3 apoyos directos a familias de 508 localidades, con prioridad en comunidades con alta y muy alta marginaci\u00f3n....\" \/>\n<meta property=\"og:url\" content=\"https:\/\/thepueblatimes.mx\/index.php\/2026\/02\/03\/cercania-y-cuidado-para-508-localidades-prioritarias-gracias-a-abrigando-corazones\/\" \/>\n<meta property=\"og:site_name\" content=\"The Puebla Times\" \/>\n<meta property=\"article:published_time\" content=\"2026-02-03T21:29:34+00:00\" \/>\n<meta property=\"og:image\" content=\"https:\/\/thepueblatimes.mx\/wp-content\/uploads\/2026\/02\/Nahle-3.jpeg\" \/>\n\t<meta property=\"og:image:width\" content=\"1600\" \/>\n\t<meta property=\"og:image:height\" content=\"959\" \/>\n\t<meta property=\"og:image:type\" content=\"image\/jpeg\" \/>\n<meta name=\"author\" content=\"Sa\u00fal Hern\u00e1ndez\" \/>\n<meta name=\"twitter:card\" content=\"summary_large_image\" \/>\n<meta name=\"twitter:label1\" content=\"Escrito por\" \/>\n\t<meta name=\"twitter:data1\" content=\"Sa\u00fal Hern\u00e1ndez\" \/>\n\t<meta name=\"twitter:label2\" content=\"Tiempo de lectura\" \/>\n\t<meta name=\"twitter:data2\" content=\"2 minutos\" \/>\n<script type=\"application\/ld+json\" class=\"yoast-schema-graph\">{\"@context\":\"https:\/\/schema.org\",\"@graph\":[{\"@type\":\"WebPage\",\"@id\":\"https:\/\/thepueblatimes.mx\/index.php\/2026\/02\/03\/cercania-y-cuidado-para-508-localidades-prioritarias-gracias-a-abrigando-corazones\/\",\"url\":\"https:\/\/thepueblatimes.mx\/index.php\/2026\/02\/03\/cercania-y-cuidado-para-508-localidades-prioritarias-gracias-a-abrigando-corazones\/\",\"name\":\"Cercan\u00eda y cuidado para 508 localidades prioritarias, gracias a Abrigando Corazones - The Puebla Times\",\"isPartOf\":{\"@id\":\"https:\/\/thepueblatimes.mx\/#website\"},\"datePublished\":\"2026-02-03T21:29:34+00:00\",\"dateModified\":\"2026-02-03T21:29:34+00:00\",\"author\":{\"@id\":\"https:\/\/thepueblatimes.mx\/#\/schema\/person\/1664894c2f65ce2c7a08d8f5f905c13c\"},\"breadcrumb\":{\"@id\":\"https:\/\/thepueblatimes.mx\/index.php\/2026\/02\/03\/cercania-y-cuidado-para-508-localidades-prioritarias-gracias-a-abrigando-corazones\/#breadcrumb\"},\"inLanguage\":\"es\",\"potentialAction\":[{\"@type\":\"ReadAction\",\"target\":[\"https:\/\/thepueblatimes.mx\/index.php\/2026\/02\/03\/cercania-y-cuidado-para-508-localidades-prioritarias-gracias-a-abrigando-corazones\/\"]}]},{\"@type\":\"BreadcrumbList\",\"@id\":\"https:\/\/thepueblatimes.mx\/index.php\/2026\/02\/03\/cercania-y-cuidado-para-508-localidades-prioritarias-gracias-a-abrigando-corazones\/#breadcrumb\",\"itemListElement\":[{\"@type\":\"ListItem\",\"position\":1,\"name\":\"Portada\",\"item\":\"https:\/\/thepueblatimes.mx\/\"},{\"@type\":\"ListItem\",\"position\":2,\"name\":\"Cercan\u00eda y cuidado para 508 localidades prioritarias, gracias a Abrigando Corazones\"}]},{\"@type\":\"WebSite\",\"@id\":\"https:\/\/thepueblatimes.mx\/#website\",\"url\":\"https:\/\/thepueblatimes.mx\/\",\"name\":\"The Puebla Times\",\"description\":\"Noticias del Estado de Puebla\",\"potentialAction\":[{\"@type\":\"SearchAction\",\"target\":{\"@type\":\"EntryPoint\",\"urlTemplate\":\"https:\/\/thepueblatimes.mx\/?s={search_term_string}\"},\"query-input\":\"required name=search_term_string\"}],\"inLanguage\":\"es\"},{\"@type\":\"Person\",\"@id\":\"https:\/\/thepueblatimes.mx\/#\/schema\/person\/1664894c2f65ce2c7a08d8f5f905c13c\",\"name\":\"Sa\u00fal Hern\u00e1ndez\",\"image\":{\"@type\":\"ImageObject\",\"inLanguage\":\"es\",\"@id\":\"https:\/\/thepueblatimes.mx\/#\/schema\/person\/image\/\",\"url\":\"https:\/\/secure.gravatar.com\/avatar\/11be338693f243309532caad8f10c930?s=96&d=mm&r=g\",\"contentUrl\":\"https:\/\/secure.gravatar.com\/avatar\/11be338693f243309532caad8f10c930?s=96&d=mm&r=g\",\"caption\":\"Sa\u00fal Hern\u00e1ndez\"},\"url\":\"https:\/\/thepueblatimes.mx\/index.php\/author\/saulhernandez\/\"}]}<\/script>\n<!-- \/ Yoast SEO plugin. -->","yoast_head_json":{"title":"Cercan\u00eda y cuidado para 508 localidades prioritarias, gracias a Abrigando Corazones - The Puebla Times","robots":{"index":"index","follow":"follow","max-snippet":"max-snippet:-1","max-image-preview":"max-image-preview:large","max-video-preview":"max-video-preview:-1"},"canonical":"https:\/\/thepueblatimes.mx\/index.php\/2026\/02\/03\/cercania-y-cuidado-para-508-localidades-prioritarias-gracias-a-abrigando-corazones\/","og_locale":"es_ES","og_type":"article","og_title":"Cercan\u00eda y cuidado para 508 localidades prioritarias, gracias a Abrigando Corazones - The Puebla Times","og_description":"Habr\u00e1 rutas de reposici\u00f3n en Yecuatla y Chiconquiaco esta semana. Por Carlos Miguel Acosta Bravo \u00a0La gobernadora Roc\u00edo Nahle Garc\u00eda anunci\u00f3 la conclusi\u00f3n del programa Caravana Abrigando Corazones, una estrategia de atenci\u00f3n invernal que, durante dos meses, llev\u00f3 apoyos directos a familias de 508 localidades, con prioridad en comunidades con alta y muy alta marginaci\u00f3n....","og_url":"https:\/\/thepueblatimes.mx\/index.php\/2026\/02\/03\/cercania-y-cuidado-para-508-localidades-prioritarias-gracias-a-abrigando-corazones\/","og_site_name":"The Puebla Times","article_published_time":"2026-02-03T21:29:34+00:00","og_image":[{"width":1600,"height":959,"url":"https:\/\/thepueblatimes.mx\/wp-content\/uploads\/2026\/02\/Nahle-3.jpeg","type":"image\/jpeg"}],"author":"Sa\u00fal Hern\u00e1ndez","twitter_card":"summary_large_image","twitter_misc":{"Escrito por":"Sa\u00fal Hern\u00e1ndez","Tiempo de lectura":"2 minutos"},"schema":{"@context":"https:\/\/schema.org","@graph":[{"@type":"WebPage","@id":"https:\/\/thepueblatimes.mx\/index.php\/2026\/02\/03\/cercania-y-cuidado-para-508-localidades-prioritarias-gracias-a-abrigando-corazones\/","url":"https:\/\/thepueblatimes.mx\/index.php\/2026\/02\/03\/cercania-y-cuidado-para-508-localidades-prioritarias-gracias-a-abrigando-corazones\/","name":"Cercan\u00eda y cuidado para 508 localidades prioritarias, gracias a Abrigando Corazones - The Puebla Times","isPartOf":{"@id":"https:\/\/thepueblatimes.mx\/#website"},"datePublished":"2026-02-03T21:29:34+00:00","dateModified":"2026-02-03T21:29:34+00:00","author":{"@id":"https:\/\/thepueblatimes.mx\/#\/schema\/person\/1664894c2f65ce2c7a08d8f5f905c13c"},"breadcrumb":{"@id":"https:\/\/thepueblatimes.mx\/index.php\/2026\/02\/03\/cercania-y-cuidado-para-508-localidades-prioritarias-gracias-a-abrigando-corazones\/#breadcrumb"},"inLanguage":"es","potentialAction":[{"@type":"ReadAction","target":["https:\/\/thepueblatimes.mx\/index.php\/2026\/02\/03\/cercania-y-cuidado-para-508-localidades-prioritarias-gracias-a-abrigando-corazones\/"]}]},{"@type":"BreadcrumbList","@id":"https:\/\/thepueblatimes.mx\/index.php\/2026\/02\/03\/cercania-y-cuidado-para-508-localidades-prioritarias-gracias-a-abrigando-corazones\/#breadcrumb","itemListElement":[{"@type":"ListItem","position":1,"name":"Portada","item":"https:\/\/thepueblatimes.mx\/"},{"@type":"ListItem","position":2,"name":"Cercan\u00eda y cuidado para 508 localidades prioritarias, gracias a Abrigando Corazones"}]},{"@type":"WebSite","@id":"https:\/\/thepueblatimes.mx\/#website","url":"https:\/\/thepueblatimes.mx\/","name":"The Puebla Times","description":"Noticias del Estado de Puebla","potentialAction":[{"@type":"SearchAction","target":{"@type":"EntryPoint","urlTemplate":"https:\/\/thepueblatimes.mx\/?s={search_term_string}"},"query-input":"required name=search_term_string"}],"inLanguage":"es"},{"@type":"Person","@id":"https:\/\/thepueblatimes.mx\/#\/schema\/person\/1664894c2f65ce2c7a08d8f5f905c13c","name":"Sa\u00fal Hern\u00e1ndez","image":{"@type":"ImageObject","inLanguage":"es","@id":"https:\/\/thepueblatimes.mx\/#\/schema\/person\/image\/","url":"https:\/\/secure.gravatar.com\/avatar\/11be338693f243309532caad8f10c930?s=96&d=mm&r=g","contentUrl":"https:\/\/secure.gravatar.com\/avatar\/11be338693f243309532caad8f10c930?s=96&d=mm&r=g","caption":"Sa\u00fal Hern\u00e1ndez"},"url":"https:\/\/thepueblatimes.mx\/index.php\/author\/saulhernandez\/"}]}},"jetpack_featured_media_url":"https:\/\/thepueblatimes.mx\/wp-content\/uploads\/2026\/02\/Nahle-3.jpeg","_links":{"self":[{"href":"https:\/\/thepueblatimes.mx\/index.php\/wp-json\/wp\/v2\/posts\/36157"}],"collection":[{"href":"https:\/\/thepueblatimes.mx\/index.php\/wp-json\/wp\/v2\/posts"}],"about":[{"href":"https:\/\/thepueblatimes.mx\/index.php\/wp-json\/wp\/v2\/types\/post"}],"author":[{"embeddable":true,"href":"https:\/\/thepueblatimes.mx\/index.php\/wp-json\/wp\/v2\/users\/16"}],"replies":[{"embeddable":true,"href":"https:\/\/thepueblatimes.mx\/index.php\/wp-json\/wp\/v2\/comments?post=36157"}],"version-history":[{"count":1,"href":"https:\/\/thepueblatimes.mx\/index.php\/wp-json\/wp\/v2\/posts\/36157\/revisions"}],"predecessor-version":[{"id":36159,"href":"https:\/\/thepueblatimes.mx\/index.php\/wp-json\/wp\/v2\/posts\/36157\/revisions\/36159"}],"wp:featuredmedia":[{"embeddable":true,"href":"https:\/\/thepueblatimes.mx\/index.php\/wp-json\/wp\/v2\/media\/36158"}],"wp:attachment":[{"href":"https:\/\/thepueblatimes.mx\/index.php\/wp-json\/wp\/v2\/media?parent=36157"}],"wp:term":[{"taxonomy":"category","embeddable":true,"href":"https:\/\/thepueblatimes.mx\/index.php\/wp-json\/wp\/v2\/categories?post=36157"},{"taxonomy":"post_tag","embeddable":true,"href":"https:\/\/thepueblatimes.mx\/index.php\/wp-json\/wp\/v2\/tags?post=36157"}],"curies":[{"name":"wp","href":"https:\/\/api.w.org\/{rel}","templated":true}]}}