{"id":35940,"date":"2026-01-29T17:22:51","date_gmt":"2026-01-29T23:22:51","guid":{"rendered":"https:\/\/thepueblatimes.mx\/?p=35940"},"modified":"2026-01-29T17:22:51","modified_gmt":"2026-01-29T23:22:51","slug":"propone-diputado-andres-villegas-iniciativa-para-garantizar-seguridad-digital-en-ninas-ninos-y-adolescentes","status":"publish","type":"post","link":"https:\/\/thepueblatimes.mx\/index.php\/2026\/01\/29\/propone-diputado-andres-villegas-iniciativa-para-garantizar-seguridad-digital-en-ninas-ninos-y-adolescentes\/","title":{"rendered":"Propone diputado Andr\u00e9s Villegas iniciativa para garantizar seguridad digital en ni\u00f1as, ni\u00f1os y adolescentes"},"content":{"rendered":"<h3><em>&#8211; En sesi\u00f3n del Congreso se presentaron iniciativas en materia de desarrollo urbano, transporte, cultura, educaci\u00f3n, derechos humanos y desarrollo rural<\/em><\/h3>\n<p>&nbsp;<\/p>\n<p>En sesi\u00f3n ordinaria del Congreso del Estado, el diputado Andr\u00e9s Iv\u00e1n Villegas present\u00f3 una iniciativa para adicionar diversas disposiciones a la Ley de los Derechos de las Ni\u00f1as, Ni\u00f1os y Adolescentes del Estado de Puebla, con el objetivo de garantizar la protecci\u00f3n de los derechos humanos de este sector de la poblaci\u00f3n, al incorporar disposiciones claras sobre seguridad digital.<\/p>\n<p>&nbsp;<\/p>\n<p>Con esta propuesta legislativa se establece la definici\u00f3n de delitos inform\u00e1ticos contra menores, la obligaci\u00f3n de las autoridades de alertar y actuar ante riesgos en l\u00ednea, el fomento de la alfabetizaci\u00f3n digital y la provisi\u00f3n de mecanismos de denuncia y contenci\u00f3n emocional. Dichas medidas fortalecen el inter\u00e9s superior de la ni\u00f1ez y cumplen con la responsabilidad estatal de crear entornos digitales seguros para la infancia.<\/p>\n<p>&nbsp;<\/p>\n<p>La propuesta del diputado fue turnada a la Comisi\u00f3n de la Familia y los Derechos de la Ni\u00f1ez.<\/p>\n<p>&nbsp;<\/p>\n<p>Asimismo, la Mesa Directiva dio cuenta de las siguientes propuestas legislativas:<\/p>\n<p>&nbsp;<\/p>\n<p>-Iniciativa del diputado El\u00edas Lozada Ortega para adicionar diversas disposiciones de la Ley de Ordenamiento Territorial y Desarrollo Urbano del Estado de Puebla, a fin de incorporar mecanismos claros que permitan ordenar el uso del suelo y regular la renta temporal de vivienda, as\u00ed como prevenir impactos urbanos y vecinales que puedan afectar la disponibilidad de vivienda habitacional permanente, la convivencia comunitaria y el derecho de la poblaci\u00f3n residente a una vivienda adecuada, accesible y asequible.<\/p>\n<p>&nbsp;<\/p>\n<p>La propuesta legislativa fue dirigida a la Comisi\u00f3n de Desarrollo Urbano para su estudio y resoluci\u00f3n correspondiente.<\/p>\n<p>&nbsp;<\/p>\n<p>-Iniciativa de la diputada Ana Lilia Tepole Armenta para adicionar el C\u00f3digo Penal del Estado, con el prop\u00f3sito de tipificar y sancionar de manera expresa el disparo de arma de fuego que represente un riesgo para la vida o integridad f\u00edsica de las personas, independientemente de que se produzca o no un resultado lesivo.<\/p>\n<p>&nbsp;<\/p>\n<p>La iniciativa, que propone adicionar la Secci\u00f3n Octava y el art\u00edculo 304 sexies al Cap\u00edtulo D\u00e9cimo Cuarto del C\u00f3digo Penal del Estado, fue dirigida a la Comisi\u00f3n de Procuraci\u00f3n y Administraci\u00f3n de Justicia, para su an\u00e1lisis y dictaminaci\u00f3n correspondiente.<\/p>\n<p>&nbsp;<\/p>\n<p>-Iniciativa del diputado Julio Miguel Huerta G\u00f3mez para reformar, adicionar y derogar diversas disposiciones de la Ley de Sanidad Vegetal del Estado de Puebla, con la finalidad de fortalecer las capacidades institucionales del Estado de Puebla en materia de sanidad vegetal, al alinear la legislaci\u00f3n con los principios constitucionales, las mejores pr\u00e1cticas administrativas y los objetivos de desarrollo del campo, en beneficio de los productores, de los consumidores y de la sociedad.<\/p>\n<p>&nbsp;<\/p>\n<p>La propuesta legislativa fue dirigida a la Comisi\u00f3n de Desarrollo Rural, para su estudio correspondiente.<\/p>\n<p>&nbsp;<\/p>\n<p>-Iniciativa del diputado Rafael Alejandro Micalco M\u00e9ndez para reformar el art\u00edculo 106 de la Ley de Movilidad y Seguridad Vial del Estado de Puebla, con el objetivo de establecer de manera expresa la obligaci\u00f3n de que todo estacionamiento privado cuente con una p\u00f3liza de seguro vigente que cubra da\u00f1os, robo total o robo parcial de veh\u00edculos, incluyendo autopartes y accesorios.<\/p>\n<p>&nbsp;<\/p>\n<p>La propuesta legislativa fue dirigida a la Comisi\u00f3n de Transportes y Movilidad.<\/p>\n<p>&nbsp;<\/p>\n<p>-Iniciativa de la diputada Azucena Rosas Tapia para expedir la Ley para la Promoci\u00f3n y Protecci\u00f3n del Patrimonio Cultural Inmaterial de Comunidades Poblanas, con el objetivo de reconocer, promover, proteger, salvaguardar y difundir el patrimonio cultural inmaterial de las comunidades ind\u00edgenas y rurales del Estado de Puebla.<\/p>\n<p>&nbsp;<\/p>\n<p>La propuesta legislativa fue dirigida a la Comisi\u00f3n de Cultura para su estudio y resoluci\u00f3n correspondiente.<\/p>\n<p>&nbsp;<\/p>\n<p>-Iniciativa de la diputada Azucena Rosas Tapia para adicionar la Ley de Educaci\u00f3n Inicial del Estado, con la finalidad de mejorar la normativa que permita contribuir al desarrollo integral de la primera infancia y al fortalecimiento de la pol\u00edtica educativa estatal, al dise\u00f1ar, publicar y actualizar en el portal institucional Paquetes Pedag\u00f3gicos Abiertos y M\u00f3dulos Formativos Virtuales de acceso libre para agentes educativos y familias. Elaborar gu\u00edas pr\u00e1cticas para la visita domiciliaria y la vinculaci\u00f3n comunitaria, mantener un Registro P\u00fablico de Buenas Pr\u00e1cticas en Educaci\u00f3n Inicial y establecer cronogramas razonables para su adopci\u00f3n por parte de las instituciones.<\/p>\n<p>&nbsp;<\/p>\n<p>La propuesta, que propone adicionar la fracci\u00f3n XI al art\u00edculo 17 de la Ley de Educaci\u00f3n Inicial del Estado Libre y Soberano de Puebla, fue enviada a la Comisi\u00f3n de Educaci\u00f3n.<\/p>\n<p>&nbsp;<\/p>\n<p>-Iniciativa de la diputada Azucena Rosas Tapia para adicionar la Ley de la Comisi\u00f3n de Derechos Humanos del Estado de Puebla, con el prop\u00f3sito de establecer un Programa Especial de Atenci\u00f3n a Personas Migrantes, que reciba, registre, investigue y d\u00e9 seguimiento prioritario a las quejas por presuntas violaciones a derechos humanos cometidas en agravio de personas migrantes por autoridades estatales o municipales.<\/p>\n<p>&nbsp;<\/p>\n<p>La propuesta legislativa pretende adicionar el T\u00edtulo X \u201cDe la Protecci\u00f3n de Personas Migrantes\u201d, Cap\u00edtulo \u00danico y los art\u00edculos 74, 75 y 76 a la Ley de la Comisi\u00f3n de Derechos Humanos del Estado de Puebla.<\/p>\n<p>&nbsp;<\/p>\n<p>Para su estudio correspondiente, la iniciativa fue dirigida a la Comisi\u00f3n de Derechos Humanos.<\/p>\n<p>&nbsp;<\/p>\n<p>-Iniciativa de la diputada Azucena Rosas Tapia para reformar los art\u00edculos 4 y 5 de la Ley para Prevenir y Eliminar la Discriminaci\u00f3n del Estado de Puebla, con el prop\u00f3sito de otorgar mayor claridad normativa y fortalecer las obligaciones de las autoridades estatales y municipales en la prevenci\u00f3n, atenci\u00f3n, sanci\u00f3n y erradicaci\u00f3n de la discriminaci\u00f3n, al reconocer expresamente la situaci\u00f3n migratoria y la condici\u00f3n de persona migrante, solicitante de asilo, refugiada, repatriada o ap\u00e1trida como motivos de discriminaci\u00f3n prohibidos.<\/p>\n<p>&nbsp;<\/p>\n<p>La iniciativa fue dirigida a la Comisi\u00f3n de Derechos Humanos para su an\u00e1lisis y resoluci\u00f3n correspondiente.<\/p>\n<p>&nbsp;<\/p>\n<p>-Iniciativa de la diputada Delfina Pozos Vergara para reformar y adicionar el C\u00f3digo Penal del Estado, con el objetivo de incentivar la denuncia inmediata de desapariciones, sin que el temor a sanciones por error, confusi\u00f3n o informaci\u00f3n incompleta, inhiba la actuaci\u00f3n de familiares o terceros de buena fe.<\/p>\n<p>&nbsp;<\/p>\n<p>La propuesta de la legisladora fue enviada a la Comisi\u00f3n de Procuraci\u00f3n y Administraci\u00f3n de Justicia para su estudio y resoluci\u00f3n procedente.<\/p>\n","protected":false},"excerpt":{"rendered":"<p>&#8211; En sesi\u00f3n del Congreso se presentaron iniciativas en materia de desarrollo urbano, transporte, cultura, educaci\u00f3n, derechos humanos y desarrollo rural &nbsp; En sesi\u00f3n ordinaria del Congreso del Estado, el diputado Andr\u00e9s Iv\u00e1n Villegas present\u00f3 una iniciativa para adicionar diversas disposiciones a la Ley de los Derechos de las Ni\u00f1as, Ni\u00f1os y Adolescentes del Estado&#8230;<\/p>\n","protected":false},"author":16,"featured_media":35941,"comment_status":"closed","ping_status":"closed","sticky":false,"template":"","format":"standard","meta":[],"categories":[3],"tags":[1625,2323,436],"yoast_head":"<!-- This site is optimized with the Yoast SEO plugin v20.8 - https:\/\/yoast.com\/wordpress\/plugins\/seo\/ -->\n<title>Propone diputado Andr\u00e9s Villegas iniciativa para garantizar seguridad digital en ni\u00f1as, ni\u00f1os y adolescentes - The Puebla Times<\/title>\n<meta name=\"robots\" content=\"index, follow, max-snippet:-1, max-image-preview:large, max-video-preview:-1\" \/>\n<link rel=\"canonical\" href=\"https:\/\/thepueblatimes.mx\/index.php\/2026\/01\/29\/propone-diputado-andres-villegas-iniciativa-para-garantizar-seguridad-digital-en-ninas-ninos-y-adolescentes\/\" \/>\n<meta property=\"og:locale\" content=\"es_ES\" \/>\n<meta property=\"og:type\" content=\"article\" \/>\n<meta property=\"og:title\" content=\"Propone diputado Andr\u00e9s Villegas iniciativa para garantizar seguridad digital en ni\u00f1as, ni\u00f1os y adolescentes - The Puebla Times\" \/>\n<meta property=\"og:description\" content=\"&#8211; En sesi\u00f3n del Congreso se presentaron iniciativas en materia de desarrollo urbano, transporte, cultura, educaci\u00f3n, derechos humanos y desarrollo rural &nbsp; En sesi\u00f3n ordinaria del Congreso del Estado, el diputado Andr\u00e9s Iv\u00e1n Villegas present\u00f3 una iniciativa para adicionar diversas disposiciones a la Ley de los Derechos de las Ni\u00f1as, Ni\u00f1os y Adolescentes del Estado...\" \/>\n<meta property=\"og:url\" content=\"https:\/\/thepueblatimes.mx\/index.php\/2026\/01\/29\/propone-diputado-andres-villegas-iniciativa-para-garantizar-seguridad-digital-en-ninas-ninos-y-adolescentes\/\" \/>\n<meta property=\"og:site_name\" content=\"The Puebla Times\" \/>\n<meta property=\"article:published_time\" content=\"2026-01-29T23:22:51+00:00\" \/>\n<meta property=\"og:image\" content=\"https:\/\/thepueblatimes.mx\/wp-content\/uploads\/2026\/01\/WhatsApp-Image-2026-01-29-at-15.39.35.jpeg\" \/>\n\t<meta property=\"og:image:width\" content=\"2560\" \/>\n\t<meta property=\"og:image:height\" content=\"1706\" \/>\n\t<meta property=\"og:image:type\" content=\"image\/jpeg\" \/>\n<meta name=\"author\" content=\"Sa\u00fal Hern\u00e1ndez\" \/>\n<meta name=\"twitter:card\" content=\"summary_large_image\" \/>\n<meta name=\"twitter:label1\" content=\"Escrito por\" \/>\n\t<meta name=\"twitter:data1\" content=\"Sa\u00fal Hern\u00e1ndez\" \/>\n\t<meta name=\"twitter:label2\" content=\"Tiempo de lectura\" \/>\n\t<meta name=\"twitter:data2\" content=\"5 minutos\" \/>\n<script type=\"application\/ld+json\" class=\"yoast-schema-graph\">{\"@context\":\"https:\/\/schema.org\",\"@graph\":[{\"@type\":\"WebPage\",\"@id\":\"https:\/\/thepueblatimes.mx\/index.php\/2026\/01\/29\/propone-diputado-andres-villegas-iniciativa-para-garantizar-seguridad-digital-en-ninas-ninos-y-adolescentes\/\",\"url\":\"https:\/\/thepueblatimes.mx\/index.php\/2026\/01\/29\/propone-diputado-andres-villegas-iniciativa-para-garantizar-seguridad-digital-en-ninas-ninos-y-adolescentes\/\",\"name\":\"Propone diputado Andr\u00e9s Villegas iniciativa para garantizar seguridad digital en ni\u00f1as, ni\u00f1os y adolescentes - The Puebla Times\",\"isPartOf\":{\"@id\":\"https:\/\/thepueblatimes.mx\/#website\"},\"datePublished\":\"2026-01-29T23:22:51+00:00\",\"dateModified\":\"2026-01-29T23:22:51+00:00\",\"author\":{\"@id\":\"https:\/\/thepueblatimes.mx\/#\/schema\/person\/1664894c2f65ce2c7a08d8f5f905c13c\"},\"breadcrumb\":{\"@id\":\"https:\/\/thepueblatimes.mx\/index.php\/2026\/01\/29\/propone-diputado-andres-villegas-iniciativa-para-garantizar-seguridad-digital-en-ninas-ninos-y-adolescentes\/#breadcrumb\"},\"inLanguage\":\"es\",\"potentialAction\":[{\"@type\":\"ReadAction\",\"target\":[\"https:\/\/thepueblatimes.mx\/index.php\/2026\/01\/29\/propone-diputado-andres-villegas-iniciativa-para-garantizar-seguridad-digital-en-ninas-ninos-y-adolescentes\/\"]}]},{\"@type\":\"BreadcrumbList\",\"@id\":\"https:\/\/thepueblatimes.mx\/index.php\/2026\/01\/29\/propone-diputado-andres-villegas-iniciativa-para-garantizar-seguridad-digital-en-ninas-ninos-y-adolescentes\/#breadcrumb\",\"itemListElement\":[{\"@type\":\"ListItem\",\"position\":1,\"name\":\"Portada\",\"item\":\"https:\/\/thepueblatimes.mx\/\"},{\"@type\":\"ListItem\",\"position\":2,\"name\":\"Propone diputado Andr\u00e9s Villegas iniciativa para garantizar seguridad digital en ni\u00f1as, ni\u00f1os y adolescentes\"}]},{\"@type\":\"WebSite\",\"@id\":\"https:\/\/thepueblatimes.mx\/#website\",\"url\":\"https:\/\/thepueblatimes.mx\/\",\"name\":\"The Puebla Times\",\"description\":\"Noticias del Estado de Puebla\",\"potentialAction\":[{\"@type\":\"SearchAction\",\"target\":{\"@type\":\"EntryPoint\",\"urlTemplate\":\"https:\/\/thepueblatimes.mx\/?s={search_term_string}\"},\"query-input\":\"required name=search_term_string\"}],\"inLanguage\":\"es\"},{\"@type\":\"Person\",\"@id\":\"https:\/\/thepueblatimes.mx\/#\/schema\/person\/1664894c2f65ce2c7a08d8f5f905c13c\",\"name\":\"Sa\u00fal Hern\u00e1ndez\",\"image\":{\"@type\":\"ImageObject\",\"inLanguage\":\"es\",\"@id\":\"https:\/\/thepueblatimes.mx\/#\/schema\/person\/image\/\",\"url\":\"https:\/\/secure.gravatar.com\/avatar\/11be338693f243309532caad8f10c930?s=96&d=mm&r=g\",\"contentUrl\":\"https:\/\/secure.gravatar.com\/avatar\/11be338693f243309532caad8f10c930?s=96&d=mm&r=g\",\"caption\":\"Sa\u00fal Hern\u00e1ndez\"},\"url\":\"https:\/\/thepueblatimes.mx\/index.php\/author\/saulhernandez\/\"}]}<\/script>\n<!-- \/ Yoast SEO plugin. -->","yoast_head_json":{"title":"Propone diputado Andr\u00e9s Villegas iniciativa para garantizar seguridad digital en ni\u00f1as, ni\u00f1os y adolescentes - The Puebla Times","robots":{"index":"index","follow":"follow","max-snippet":"max-snippet:-1","max-image-preview":"max-image-preview:large","max-video-preview":"max-video-preview:-1"},"canonical":"https:\/\/thepueblatimes.mx\/index.php\/2026\/01\/29\/propone-diputado-andres-villegas-iniciativa-para-garantizar-seguridad-digital-en-ninas-ninos-y-adolescentes\/","og_locale":"es_ES","og_type":"article","og_title":"Propone diputado Andr\u00e9s Villegas iniciativa para garantizar seguridad digital en ni\u00f1as, ni\u00f1os y adolescentes - The Puebla Times","og_description":"&#8211; En sesi\u00f3n del Congreso se presentaron iniciativas en materia de desarrollo urbano, transporte, cultura, educaci\u00f3n, derechos humanos y desarrollo rural &nbsp; En sesi\u00f3n ordinaria del Congreso del Estado, el diputado Andr\u00e9s Iv\u00e1n Villegas present\u00f3 una iniciativa para adicionar diversas disposiciones a la Ley de los Derechos de las Ni\u00f1as, Ni\u00f1os y Adolescentes del Estado...","og_url":"https:\/\/thepueblatimes.mx\/index.php\/2026\/01\/29\/propone-diputado-andres-villegas-iniciativa-para-garantizar-seguridad-digital-en-ninas-ninos-y-adolescentes\/","og_site_name":"The Puebla Times","article_published_time":"2026-01-29T23:22:51+00:00","og_image":[{"width":2560,"height":1706,"url":"https:\/\/thepueblatimes.mx\/wp-content\/uploads\/2026\/01\/WhatsApp-Image-2026-01-29-at-15.39.35.jpeg","type":"image\/jpeg"}],"author":"Sa\u00fal Hern\u00e1ndez","twitter_card":"summary_large_image","twitter_misc":{"Escrito por":"Sa\u00fal Hern\u00e1ndez","Tiempo de lectura":"5 minutos"},"schema":{"@context":"https:\/\/schema.org","@graph":[{"@type":"WebPage","@id":"https:\/\/thepueblatimes.mx\/index.php\/2026\/01\/29\/propone-diputado-andres-villegas-iniciativa-para-garantizar-seguridad-digital-en-ninas-ninos-y-adolescentes\/","url":"https:\/\/thepueblatimes.mx\/index.php\/2026\/01\/29\/propone-diputado-andres-villegas-iniciativa-para-garantizar-seguridad-digital-en-ninas-ninos-y-adolescentes\/","name":"Propone diputado Andr\u00e9s Villegas iniciativa para garantizar seguridad digital en ni\u00f1as, ni\u00f1os y adolescentes - The Puebla Times","isPartOf":{"@id":"https:\/\/thepueblatimes.mx\/#website"},"datePublished":"2026-01-29T23:22:51+00:00","dateModified":"2026-01-29T23:22:51+00:00","author":{"@id":"https:\/\/thepueblatimes.mx\/#\/schema\/person\/1664894c2f65ce2c7a08d8f5f905c13c"},"breadcrumb":{"@id":"https:\/\/thepueblatimes.mx\/index.php\/2026\/01\/29\/propone-diputado-andres-villegas-iniciativa-para-garantizar-seguridad-digital-en-ninas-ninos-y-adolescentes\/#breadcrumb"},"inLanguage":"es","potentialAction":[{"@type":"ReadAction","target":["https:\/\/thepueblatimes.mx\/index.php\/2026\/01\/29\/propone-diputado-andres-villegas-iniciativa-para-garantizar-seguridad-digital-en-ninas-ninos-y-adolescentes\/"]}]},{"@type":"BreadcrumbList","@id":"https:\/\/thepueblatimes.mx\/index.php\/2026\/01\/29\/propone-diputado-andres-villegas-iniciativa-para-garantizar-seguridad-digital-en-ninas-ninos-y-adolescentes\/#breadcrumb","itemListElement":[{"@type":"ListItem","position":1,"name":"Portada","item":"https:\/\/thepueblatimes.mx\/"},{"@type":"ListItem","position":2,"name":"Propone diputado Andr\u00e9s Villegas iniciativa para garantizar seguridad digital en ni\u00f1as, ni\u00f1os y adolescentes"}]},{"@type":"WebSite","@id":"https:\/\/thepueblatimes.mx\/#website","url":"https:\/\/thepueblatimes.mx\/","name":"The Puebla Times","description":"Noticias del Estado de Puebla","potentialAction":[{"@type":"SearchAction","target":{"@type":"EntryPoint","urlTemplate":"https:\/\/thepueblatimes.mx\/?s={search_term_string}"},"query-input":"required name=search_term_string"}],"inLanguage":"es"},{"@type":"Person","@id":"https:\/\/thepueblatimes.mx\/#\/schema\/person\/1664894c2f65ce2c7a08d8f5f905c13c","name":"Sa\u00fal Hern\u00e1ndez","image":{"@type":"ImageObject","inLanguage":"es","@id":"https:\/\/thepueblatimes.mx\/#\/schema\/person\/image\/","url":"https:\/\/secure.gravatar.com\/avatar\/11be338693f243309532caad8f10c930?s=96&d=mm&r=g","contentUrl":"https:\/\/secure.gravatar.com\/avatar\/11be338693f243309532caad8f10c930?s=96&d=mm&r=g","caption":"Sa\u00fal Hern\u00e1ndez"},"url":"https:\/\/thepueblatimes.mx\/index.php\/author\/saulhernandez\/"}]}},"jetpack_featured_media_url":"https:\/\/thepueblatimes.mx\/wp-content\/uploads\/2026\/01\/WhatsApp-Image-2026-01-29-at-15.39.35.jpeg","_links":{"self":[{"href":"https:\/\/thepueblatimes.mx\/index.php\/wp-json\/wp\/v2\/posts\/35940"}],"collection":[{"href":"https:\/\/thepueblatimes.mx\/index.php\/wp-json\/wp\/v2\/posts"}],"about":[{"href":"https:\/\/thepueblatimes.mx\/index.php\/wp-json\/wp\/v2\/types\/post"}],"author":[{"embeddable":true,"href":"https:\/\/thepueblatimes.mx\/index.php\/wp-json\/wp\/v2\/users\/16"}],"replies":[{"embeddable":true,"href":"https:\/\/thepueblatimes.mx\/index.php\/wp-json\/wp\/v2\/comments?post=35940"}],"version-history":[{"count":1,"href":"https:\/\/thepueblatimes.mx\/index.php\/wp-json\/wp\/v2\/posts\/35940\/revisions"}],"predecessor-version":[{"id":35943,"href":"https:\/\/thepueblatimes.mx\/index.php\/wp-json\/wp\/v2\/posts\/35940\/revisions\/35943"}],"wp:featuredmedia":[{"embeddable":true,"href":"https:\/\/thepueblatimes.mx\/index.php\/wp-json\/wp\/v2\/media\/35941"}],"wp:attachment":[{"href":"https:\/\/thepueblatimes.mx\/index.php\/wp-json\/wp\/v2\/media?parent=35940"}],"wp:term":[{"taxonomy":"category","embeddable":true,"href":"https:\/\/thepueblatimes.mx\/index.php\/wp-json\/wp\/v2\/categories?post=35940"},{"taxonomy":"post_tag","embeddable":true,"href":"https:\/\/thepueblatimes.mx\/index.php\/wp-json\/wp\/v2\/tags?post=35940"}],"curies":[{"name":"wp","href":"https:\/\/api.w.org\/{rel}","templated":true}]}}