{"id":35936,"date":"2026-01-29T17:13:11","date_gmt":"2026-01-29T23:13:11","guid":{"rendered":"https:\/\/thepueblatimes.mx\/?p=35936"},"modified":"2026-01-29T17:13:11","modified_gmt":"2026-01-29T23:13:11","slug":"dan-a-conocer-convocatoria-al-premio-estatal-a-la-mujer-2026","status":"publish","type":"post","link":"https:\/\/thepueblatimes.mx\/index.php\/2026\/01\/29\/dan-a-conocer-convocatoria-al-premio-estatal-a-la-mujer-2026\/","title":{"rendered":"Dan a conocer Convocatoria al Premio Estatal a la Mujer 2026"},"content":{"rendered":"<p>Por Carlos Miguel Acosta Bravo<\/p>\n<p>\u2022\u2060 \u2060Las propuestas pueden presentarse del mi\u00e9rcoles 28 de enero hasta el 11 de febrero en el Palacio Legislativo.<\/p>\n<p>Con el objetivo de reconocer a las veracruzanas destacadas por su trayectoria de vida, obra, m\u00e9ritos acad\u00e9micos, cient\u00edficos, art\u00edsticos, literarios o de otra \u00edndole, o que desde cualquier \u00e1mbito de acci\u00f3n hayan contribuido al cumplimiento en el ejercicio de los derechos de las mujeres y la igualdad de g\u00e9nero en el estado, la Comisi\u00f3n Especial del Premio Estatal a la Mujer 2026 dio a conocer la convocatoria para elegir a la acreedora a esta distinci\u00f3n que el Congreso del Estado otorga anualmente.<\/p>\n<p>Tras signar el acta correspondiente que formaliza la instalaci\u00f3n de la instancia legislativa, las diputadas Astrid S\u00e1nchez Moguel, presidenta, Citlali Medell\u00edn Careaga, secretaria, y Luz Alicia Delf\u00edn Rodr\u00edguez, Ana Rosa Vald\u00e9s Salazar, Elizabeth Morales Garc\u00eda, Mar\u00eda Elena C\u00f3rdova Molina y Daniela Flores Barnils, vocales, coincidieron en que en Veracruz existen mujeres valiosas que han realizado un trabajo constante en diversas \u00e1reas a favor de sus comunidades o sectores, lo que las convierte en un pilar fundamental para toda la sociedad.<\/p>\n<p>La convocatoria se encuentra dirigida a asociaciones civiles y acad\u00e9micas, agrupaciones de defensa de derechos humanos y ciudadanas en general, para que propongan a las veracruzanas que consideren con m\u00e9ritos para recibir esta distinci\u00f3n.<\/p>\n<p>De acuerdo con las bases, las propuestas pueden presentarse del mi\u00e9rcoles 28 de enero al mi\u00e9rcoles 11 de febrero de 09:00 a 18:00 horas en la oficina de la diputada Astrid S\u00e1nchez Moguel en el Palacio Legislativo, ubicado entre las avenidas Encanto y L\u00e1zaro C\u00e1rdenas, colonia El Mirador, de esta ciudad. Para m\u00e1s informaci\u00f3n est\u00e1 a disposici\u00f3n el n\u00famero telef\u00f3nico 228-842-05-00 extensi\u00f3n 2084.<\/p>\n<p>Las propuestas deber\u00e1n acompa\u00f1arse de una exposici\u00f3n de motivos y una narrativa de las principales acciones a favor de la igualdad de g\u00e9nero, promoci\u00f3n, impulso o defensa de los derechos de las mujeres que haya realizado la persona propuesta.<\/p>\n<p>Al t\u00e9rmino del periodo de recepci\u00f3n, la Comisi\u00f3n seleccionar\u00e1 de entre las candidatas a la que, a su juicio, cuente con mayores m\u00e9ritos para recibir el premio. Posteriormente, las diputadas emitir\u00e1n un dictamen que ser\u00e1 sometido a consideraci\u00f3n del Pleno de la LXVII Legislatura, al que corresponde aprobar la propuesta.<\/p>\n<p>El Pleno del Congreso entregar\u00e1 la Medalla al Premio Estatal a la Mujer 2026 en Sesi\u00f3n Solemne, en la fecha que determine dentro del marco de la conmemoraci\u00f3n del D\u00eda Internacional de la Mujer.<\/p>\n","protected":false},"excerpt":{"rendered":"<p>Por Carlos Miguel Acosta Bravo \u2022\u2060 \u2060Las propuestas pueden presentarse del mi\u00e9rcoles 28 de enero hasta el 11 de febrero en el Palacio Legislativo. Con el objetivo de reconocer a las veracruzanas destacadas por su trayectoria de vida, obra, m\u00e9ritos acad\u00e9micos, cient\u00edficos, art\u00edsticos, literarios o de otra \u00edndole, o que desde cualquier \u00e1mbito de acci\u00f3n&#8230;<\/p>\n","protected":false},"author":16,"featured_media":35937,"comment_status":"closed","ping_status":"closed","sticky":false,"template":"","format":"standard","meta":[],"categories":[116],"tags":[4521,4523,4522,4520],"yoast_head":"<!-- This site is optimized with the Yoast SEO plugin v20.8 - https:\/\/yoast.com\/wordpress\/plugins\/seo\/ -->\n<title>Dan a conocer Convocatoria al Premio Estatal a la Mujer 2026 - The Puebla Times<\/title>\n<meta name=\"robots\" content=\"index, follow, max-snippet:-1, max-image-preview:large, max-video-preview:-1\" \/>\n<link rel=\"canonical\" href=\"https:\/\/thepueblatimes.mx\/index.php\/2026\/01\/29\/dan-a-conocer-convocatoria-al-premio-estatal-a-la-mujer-2026\/\" \/>\n<meta property=\"og:locale\" content=\"es_ES\" \/>\n<meta property=\"og:type\" content=\"article\" \/>\n<meta property=\"og:title\" content=\"Dan a conocer Convocatoria al Premio Estatal a la Mujer 2026 - The Puebla Times\" \/>\n<meta property=\"og:description\" content=\"Por Carlos Miguel Acosta Bravo \u2022\u2060 \u2060Las propuestas pueden presentarse del mi\u00e9rcoles 28 de enero hasta el 11 de febrero en el Palacio Legislativo. Con el objetivo de reconocer a las veracruzanas destacadas por su trayectoria de vida, obra, m\u00e9ritos acad\u00e9micos, cient\u00edficos, art\u00edsticos, literarios o de otra \u00edndole, o que desde cualquier \u00e1mbito de acci\u00f3n...\" \/>\n<meta property=\"og:url\" content=\"https:\/\/thepueblatimes.mx\/index.php\/2026\/01\/29\/dan-a-conocer-convocatoria-al-premio-estatal-a-la-mujer-2026\/\" \/>\n<meta property=\"og:site_name\" content=\"The Puebla Times\" \/>\n<meta property=\"article:published_time\" content=\"2026-01-29T23:13:11+00:00\" \/>\n<meta property=\"og:image\" content=\"https:\/\/thepueblatimes.mx\/wp-content\/uploads\/2026\/01\/WhatsApp-Image-2026-01-29-at-16.57.09.jpeg\" \/>\n\t<meta property=\"og:image:width\" content=\"1035\" \/>\n\t<meta property=\"og:image:height\" content=\"1600\" \/>\n\t<meta property=\"og:image:type\" content=\"image\/jpeg\" \/>\n<meta name=\"author\" content=\"Sa\u00fal Hern\u00e1ndez\" \/>\n<meta name=\"twitter:card\" content=\"summary_large_image\" \/>\n<meta name=\"twitter:label1\" content=\"Escrito por\" \/>\n\t<meta name=\"twitter:data1\" content=\"Sa\u00fal Hern\u00e1ndez\" \/>\n\t<meta name=\"twitter:label2\" content=\"Tiempo de lectura\" \/>\n\t<meta name=\"twitter:data2\" content=\"2 minutos\" \/>\n<script type=\"application\/ld+json\" class=\"yoast-schema-graph\">{\"@context\":\"https:\/\/schema.org\",\"@graph\":[{\"@type\":\"WebPage\",\"@id\":\"https:\/\/thepueblatimes.mx\/index.php\/2026\/01\/29\/dan-a-conocer-convocatoria-al-premio-estatal-a-la-mujer-2026\/\",\"url\":\"https:\/\/thepueblatimes.mx\/index.php\/2026\/01\/29\/dan-a-conocer-convocatoria-al-premio-estatal-a-la-mujer-2026\/\",\"name\":\"Dan a conocer Convocatoria al Premio Estatal a la Mujer 2026 - The Puebla Times\",\"isPartOf\":{\"@id\":\"https:\/\/thepueblatimes.mx\/#website\"},\"datePublished\":\"2026-01-29T23:13:11+00:00\",\"dateModified\":\"2026-01-29T23:13:11+00:00\",\"author\":{\"@id\":\"https:\/\/thepueblatimes.mx\/#\/schema\/person\/1664894c2f65ce2c7a08d8f5f905c13c\"},\"breadcrumb\":{\"@id\":\"https:\/\/thepueblatimes.mx\/index.php\/2026\/01\/29\/dan-a-conocer-convocatoria-al-premio-estatal-a-la-mujer-2026\/#breadcrumb\"},\"inLanguage\":\"es\",\"potentialAction\":[{\"@type\":\"ReadAction\",\"target\":[\"https:\/\/thepueblatimes.mx\/index.php\/2026\/01\/29\/dan-a-conocer-convocatoria-al-premio-estatal-a-la-mujer-2026\/\"]}]},{\"@type\":\"BreadcrumbList\",\"@id\":\"https:\/\/thepueblatimes.mx\/index.php\/2026\/01\/29\/dan-a-conocer-convocatoria-al-premio-estatal-a-la-mujer-2026\/#breadcrumb\",\"itemListElement\":[{\"@type\":\"ListItem\",\"position\":1,\"name\":\"Portada\",\"item\":\"https:\/\/thepueblatimes.mx\/\"},{\"@type\":\"ListItem\",\"position\":2,\"name\":\"Dan a conocer Convocatoria al Premio Estatal a la Mujer 2026\"}]},{\"@type\":\"WebSite\",\"@id\":\"https:\/\/thepueblatimes.mx\/#website\",\"url\":\"https:\/\/thepueblatimes.mx\/\",\"name\":\"The Puebla Times\",\"description\":\"Noticias del Estado de Puebla\",\"potentialAction\":[{\"@type\":\"SearchAction\",\"target\":{\"@type\":\"EntryPoint\",\"urlTemplate\":\"https:\/\/thepueblatimes.mx\/?s={search_term_string}\"},\"query-input\":\"required name=search_term_string\"}],\"inLanguage\":\"es\"},{\"@type\":\"Person\",\"@id\":\"https:\/\/thepueblatimes.mx\/#\/schema\/person\/1664894c2f65ce2c7a08d8f5f905c13c\",\"name\":\"Sa\u00fal Hern\u00e1ndez\",\"image\":{\"@type\":\"ImageObject\",\"inLanguage\":\"es\",\"@id\":\"https:\/\/thepueblatimes.mx\/#\/schema\/person\/image\/\",\"url\":\"https:\/\/secure.gravatar.com\/avatar\/11be338693f243309532caad8f10c930?s=96&d=mm&r=g\",\"contentUrl\":\"https:\/\/secure.gravatar.com\/avatar\/11be338693f243309532caad8f10c930?s=96&d=mm&r=g\",\"caption\":\"Sa\u00fal Hern\u00e1ndez\"},\"url\":\"https:\/\/thepueblatimes.mx\/index.php\/author\/saulhernandez\/\"}]}<\/script>\n<!-- \/ Yoast SEO plugin. -->","yoast_head_json":{"title":"Dan a conocer Convocatoria al Premio Estatal a la Mujer 2026 - The Puebla Times","robots":{"index":"index","follow":"follow","max-snippet":"max-snippet:-1","max-image-preview":"max-image-preview:large","max-video-preview":"max-video-preview:-1"},"canonical":"https:\/\/thepueblatimes.mx\/index.php\/2026\/01\/29\/dan-a-conocer-convocatoria-al-premio-estatal-a-la-mujer-2026\/","og_locale":"es_ES","og_type":"article","og_title":"Dan a conocer Convocatoria al Premio Estatal a la Mujer 2026 - The Puebla Times","og_description":"Por Carlos Miguel Acosta Bravo \u2022\u2060 \u2060Las propuestas pueden presentarse del mi\u00e9rcoles 28 de enero hasta el 11 de febrero en el Palacio Legislativo. Con el objetivo de reconocer a las veracruzanas destacadas por su trayectoria de vida, obra, m\u00e9ritos acad\u00e9micos, cient\u00edficos, art\u00edsticos, literarios o de otra \u00edndole, o que desde cualquier \u00e1mbito de acci\u00f3n...","og_url":"https:\/\/thepueblatimes.mx\/index.php\/2026\/01\/29\/dan-a-conocer-convocatoria-al-premio-estatal-a-la-mujer-2026\/","og_site_name":"The Puebla Times","article_published_time":"2026-01-29T23:13:11+00:00","og_image":[{"width":1035,"height":1600,"url":"https:\/\/thepueblatimes.mx\/wp-content\/uploads\/2026\/01\/WhatsApp-Image-2026-01-29-at-16.57.09.jpeg","type":"image\/jpeg"}],"author":"Sa\u00fal Hern\u00e1ndez","twitter_card":"summary_large_image","twitter_misc":{"Escrito por":"Sa\u00fal Hern\u00e1ndez","Tiempo de lectura":"2 minutos"},"schema":{"@context":"https:\/\/schema.org","@graph":[{"@type":"WebPage","@id":"https:\/\/thepueblatimes.mx\/index.php\/2026\/01\/29\/dan-a-conocer-convocatoria-al-premio-estatal-a-la-mujer-2026\/","url":"https:\/\/thepueblatimes.mx\/index.php\/2026\/01\/29\/dan-a-conocer-convocatoria-al-premio-estatal-a-la-mujer-2026\/","name":"Dan a conocer Convocatoria al Premio Estatal a la Mujer 2026 - The Puebla Times","isPartOf":{"@id":"https:\/\/thepueblatimes.mx\/#website"},"datePublished":"2026-01-29T23:13:11+00:00","dateModified":"2026-01-29T23:13:11+00:00","author":{"@id":"https:\/\/thepueblatimes.mx\/#\/schema\/person\/1664894c2f65ce2c7a08d8f5f905c13c"},"breadcrumb":{"@id":"https:\/\/thepueblatimes.mx\/index.php\/2026\/01\/29\/dan-a-conocer-convocatoria-al-premio-estatal-a-la-mujer-2026\/#breadcrumb"},"inLanguage":"es","potentialAction":[{"@type":"ReadAction","target":["https:\/\/thepueblatimes.mx\/index.php\/2026\/01\/29\/dan-a-conocer-convocatoria-al-premio-estatal-a-la-mujer-2026\/"]}]},{"@type":"BreadcrumbList","@id":"https:\/\/thepueblatimes.mx\/index.php\/2026\/01\/29\/dan-a-conocer-convocatoria-al-premio-estatal-a-la-mujer-2026\/#breadcrumb","itemListElement":[{"@type":"ListItem","position":1,"name":"Portada","item":"https:\/\/thepueblatimes.mx\/"},{"@type":"ListItem","position":2,"name":"Dan a conocer Convocatoria al Premio Estatal a la Mujer 2026"}]},{"@type":"WebSite","@id":"https:\/\/thepueblatimes.mx\/#website","url":"https:\/\/thepueblatimes.mx\/","name":"The Puebla Times","description":"Noticias del Estado de Puebla","potentialAction":[{"@type":"SearchAction","target":{"@type":"EntryPoint","urlTemplate":"https:\/\/thepueblatimes.mx\/?s={search_term_string}"},"query-input":"required name=search_term_string"}],"inLanguage":"es"},{"@type":"Person","@id":"https:\/\/thepueblatimes.mx\/#\/schema\/person\/1664894c2f65ce2c7a08d8f5f905c13c","name":"Sa\u00fal Hern\u00e1ndez","image":{"@type":"ImageObject","inLanguage":"es","@id":"https:\/\/thepueblatimes.mx\/#\/schema\/person\/image\/","url":"https:\/\/secure.gravatar.com\/avatar\/11be338693f243309532caad8f10c930?s=96&d=mm&r=g","contentUrl":"https:\/\/secure.gravatar.com\/avatar\/11be338693f243309532caad8f10c930?s=96&d=mm&r=g","caption":"Sa\u00fal Hern\u00e1ndez"},"url":"https:\/\/thepueblatimes.mx\/index.php\/author\/saulhernandez\/"}]}},"jetpack_featured_media_url":"https:\/\/thepueblatimes.mx\/wp-content\/uploads\/2026\/01\/WhatsApp-Image-2026-01-29-at-16.57.09.jpeg","_links":{"self":[{"href":"https:\/\/thepueblatimes.mx\/index.php\/wp-json\/wp\/v2\/posts\/35936"}],"collection":[{"href":"https:\/\/thepueblatimes.mx\/index.php\/wp-json\/wp\/v2\/posts"}],"about":[{"href":"https:\/\/thepueblatimes.mx\/index.php\/wp-json\/wp\/v2\/types\/post"}],"author":[{"embeddable":true,"href":"https:\/\/thepueblatimes.mx\/index.php\/wp-json\/wp\/v2\/users\/16"}],"replies":[{"embeddable":true,"href":"https:\/\/thepueblatimes.mx\/index.php\/wp-json\/wp\/v2\/comments?post=35936"}],"version-history":[{"count":1,"href":"https:\/\/thepueblatimes.mx\/index.php\/wp-json\/wp\/v2\/posts\/35936\/revisions"}],"predecessor-version":[{"id":35939,"href":"https:\/\/thepueblatimes.mx\/index.php\/wp-json\/wp\/v2\/posts\/35936\/revisions\/35939"}],"wp:featuredmedia":[{"embeddable":true,"href":"https:\/\/thepueblatimes.mx\/index.php\/wp-json\/wp\/v2\/media\/35937"}],"wp:attachment":[{"href":"https:\/\/thepueblatimes.mx\/index.php\/wp-json\/wp\/v2\/media?parent=35936"}],"wp:term":[{"taxonomy":"category","embeddable":true,"href":"https:\/\/thepueblatimes.mx\/index.php\/wp-json\/wp\/v2\/categories?post=35936"},{"taxonomy":"post_tag","embeddable":true,"href":"https:\/\/thepueblatimes.mx\/index.php\/wp-json\/wp\/v2\/tags?post=35936"}],"curies":[{"name":"wp","href":"https:\/\/api.w.org\/{rel}","templated":true}]}}