{"id":35789,"date":"2026-01-22T19:09:55","date_gmt":"2026-01-23T01:09:55","guid":{"rendered":"https:\/\/thepueblatimes.mx\/?p=35789"},"modified":"2026-01-22T19:09:55","modified_gmt":"2026-01-23T01:09:55","slug":"justicia-para-cada-persona-vulnerable-prioridad-y-proposito-de-la-cedhv","status":"publish","type":"post","link":"https:\/\/thepueblatimes.mx\/index.php\/2026\/01\/22\/justicia-para-cada-persona-vulnerable-prioridad-y-proposito-de-la-cedhv\/","title":{"rendered":"Justicia para cada persona vulnerable, prioridad y prop\u00f3sito de la CEDHV"},"content":{"rendered":"<p>&nbsp;<\/p>\n<p><em><strong>\u2060Con la presencia de la Comisi\u00f3n Estatal de Derechos Humanos de Veracruz, concluyen las comparecencias de los organismos aut\u00f3nomos ante la LXVII Legislatura.<\/strong><\/em><\/p>\n<p>Por Carlos Miguel Acosta Bravo<\/p>\n<p>Xalapa, Ver., 22 de enero de 2026.- En presencia de diputadas y diputados de la LXVII Legislatura y de la Comisi\u00f3n Permanente de Derechos Humanos y Atenci\u00f3n a Grupos Vulnerables, la Comisi\u00f3n Estatal de Derechos Humanos de Veracruz (CEDHV) expuso las principales acciones que realiz\u00f3 durante el a\u00f1o 2025 para garantizar que ninguna persona en la entidad sea sujeta a actos de discriminaci\u00f3n.<\/p>\n<p>&nbsp;<\/p>\n<p>En el auditorio Sebasti\u00e1n Lerdo de Tejada del Palacio Legislativo, a las 16:11 horas, los diputados Omar Edmundo Blanco Mart\u00ednez y H\u00e9ctor Yunes Landa y la diputada Victoria Guti\u00e9rrez P\u00e9rez, presidente, secretario y vocal, respectivamente, tuvieron a su cargo la recepci\u00f3n de la encargada de despacho de la CEDHV, Minerva Regina P\u00e9rez L\u00f3pez, la conducci\u00f3n de la comparecencia y la cesi\u00f3n de la voz.<\/p>\n<p>&nbsp;<\/p>\n<p>En su presentaci\u00f3n, la funcionaria desglos\u00f3 el total de las ocho mil 308 solicitudes de intervenci\u00f3n recibidas por el organismo correspondientes a orientaciones, gestiones, antecedentes y ayudas humanitarias por hechos ocurridos principalmente en Xalapa, Coatzacoalcos, Veracruz, C\u00f3rdoba y Tuxpan, adem\u00e1s de las atendidas en los m\u00f3dulos itinerantes instalados en las cabeceras de los 12 municipios de la Zona Norte Alta.<\/p>\n<p>&nbsp;<\/p>\n<p>Dijo que, para verificar que sean respetados los derechos humanos de las personas privadas de la libertad (PPL), la CEDHV visit\u00f3 los 17 centros de reinserci\u00f3n social (ceresos) de la entidad, el M\u00f3dulo Preventivo de 72 horas \u201cPenalito\u201d y el Centro de Internamiento Especializado para Adolescentes, de lo que derivaron 175 observaciones, de \u00e9stas, 100 fueron solventadas y 75 se encuentran en tr\u00e1mite.<\/p>\n<p>&nbsp;<\/p>\n<p>Con apoyo de las Delegaciones \u00c9tnicas y Regionales \u2013a\u00f1adi\u00f3-, el organismo realiz\u00f3 supervisiones a 167 c\u00e1rceles municipales. De las 397 observaciones, 53 fueron subsanadas y 344 est\u00e1n en proceso de atenci\u00f3n.<\/p>\n<p>&nbsp;<\/p>\n<p>De acuerdo con la encargada de despacho, la CEDHV atendi\u00f3 casi cuatro mil solicitudes de diversos grupos en situaci\u00f3n de vulnerabilidad, como personas mayores, con VIH, migrantes, con discapacidad, v\u00edctimas de violencia por razones de g\u00e9nero, ni\u00f1as, ni\u00f1os y adolescentes e ind\u00edgenas.<\/p>\n<p>&nbsp;<\/p>\n<p>Adem\u00e1s, de manera permanente, la Comisi\u00f3n estatal asiste a las y los familiares de personas desaparecidas. En 2025 realiz\u00f3 casi dos mil labores de acompa\u00f1amiento.<\/p>\n<p>&nbsp;<\/p>\n<p>Minerva P\u00e9rez L\u00f3pez inform\u00f3 que, para vigilar el respeto a los derechos humanos de ni\u00f1as, ni\u00f1os y adolescentes en situaci\u00f3n de migraci\u00f3n, la CEDHV realiz\u00f3 22 visitas al Centro de Asistencia Social del DIF Estatal y dio informaci\u00f3n sobre sus derechos a 52 adolescentes no acompa\u00f1ados y a los familiares de 300 ni\u00f1as y ni\u00f1os albergados.<\/p>\n<p>&nbsp;<\/p>\n<p>Tambi\u00e9n indic\u00f3 que los derechos respecto de los cuales se acredit\u00f3 un mayor n\u00famero de violaciones fueron: de la v\u00edctima o de la persona ofendida, de acceso a la justicia, a no sufrir tortura, a la integridad personal y a la seguridad social. Las recomendaciones, agreg\u00f3, fueron dirigidas a 23 autoridades, 12 municipales y 11 estatales.<\/p>\n<p>&nbsp;<\/p>\n<p>De las 90 recomendaciones emitidas \u2013prosigui\u00f3 la funcionaria-, en 70 quedaron acreditadas violaciones a derechos de personas pertenecientes a grupos en situaci\u00f3n de vulnerabilidad.<\/p>\n<p>&nbsp;<\/p>\n<p>Adem\u00e1s, para asegurar un desempe\u00f1o institucional eficiente y transparente, la CEDHV cumpli\u00f3 con sus obligaciones en materia de transparencia, acceso a la informaci\u00f3n, protecci\u00f3n de datos personales, de gesti\u00f3n documental archiv\u00edstica y atenci\u00f3n de asuntos jur\u00eddicos.<\/p>\n<p>&nbsp;<\/p>\n<p>Por \u00faltimo, la encargada de despacho inform\u00f3 acerca de las actividades relativas a la promoci\u00f3n de los derechos humanos mediante la difusi\u00f3n de contenidos y experiencias formativas que permiti\u00f3 la vinculaci\u00f3n con autoridades de 142 entidades, organismos, dependencias de los tres \u00f3rdenes de gobierno y organizaciones.<\/p>\n<p>&nbsp;<\/p>\n<p><strong>Participaci\u00f3n de diputadas y diputados<\/strong><\/p>\n<p>&nbsp;<\/p>\n<p>En la primera ronda participaron las diputadas Luc\u00eda Bego\u00f1a Canales Barturen, del Grupo Legislativo de Morena; Luz Alicia Delf\u00edn Rodr\u00edguez, del Grupo Legislativo del Partido Acci\u00f3n Nacional (PAN); Montserrat Ortega Ruiz, del Grupo Legislativo Mixto Veracruz Nos Une (VNU), y Elizabeth Morales Garc\u00eda, del Partido del Trabajo (PT), as\u00ed como el diputado Urbano Bautista Mart\u00ednez, del Grupo Legislativo del Partido Verde Ecologista de M\u00e9xico (PVEM).<\/p>\n<p>&nbsp;<\/p>\n<p>Preguntaron acerca de la actuaci\u00f3n de la Comisi\u00f3n ante el mot\u00edn en el cereso de Tuxpan, el estado que guardan las quejas y qu\u00e9 acciones preventivas realiza para salvaguardar los derechos de las PPL; centros con el mayor n\u00famero de quejas; recursos utilizados para garantizar que las recomendaciones realmente reparen el da\u00f1o; consecuencias que perciben las autoridades al no aceptar la recomendaci\u00f3n y si existen expedientes activos por quejas en el suministro de agua en contra de Grupo MAS.<\/p>\n<p>&nbsp;<\/p>\n<p>Adem\u00e1s del acompa\u00f1amiento, qu\u00e9 otras actividades se realizan con los colectivos de personas desparecidas; la vinculaci\u00f3n de la CEDHV con otros grupos vulnerables; medidas de colaboraci\u00f3n con autoridades en atenci\u00f3n a migrantes, en especial a menores de edad que viajan no acompa\u00f1ados, y si se realiz\u00f3 la solicitud al Congreso del Estado para llamar a comparecer a las instituciones que no aceptaron las recomendaciones.<\/p>\n<p>&nbsp;<\/p>\n<p>Tambi\u00e9n, si existe rezago de expedientes; atenci\u00f3n a las quejas del Grupo Multisectorial VIH-Sida por el desabasto de f\u00f3rmula l\u00e1ctea y la protecci\u00f3n a sus datos personales; de las solicitudes realizadas cu\u00e1ntas se convierten en quejas formales; indicadores que verifican si las intervenciones inciden en la vida de las personas y que no exista reincidencia; acompa\u00f1amiento adicional que se ofrece cuando las recomendaciones no son aceptadas y qu\u00e9 propuestas podr\u00edan implementarse para que las intervenciones sean preventivas y no reactivas.<\/p>\n<p>&nbsp;<\/p>\n<p>Durante la segunda ronda, las legisladoras Mar\u00eda Elena C\u00f3rdova Molina (MC), Elizabeth Morales Garc\u00eda (PT), Montserrat Ortega Ruiz (VNU), Roxana Barrag\u00e1n Hern\u00e1ndez (PVEM) y Astrid S\u00e1nchez Moguel (Morena) cuestionaron sobre la intervenci\u00f3n de la CEDHV en los casos del periodista Rafael Le\u00f3n y del reportero Carlos Castro, su colaboraci\u00f3n con la Comisi\u00f3n Estatal para la Atenci\u00f3n y Protecci\u00f3n de los Periodistas (CEAPP); recomendaciones rechazadas por la FGE; capacitaci\u00f3n y participaci\u00f3n en los procesos de entrega-recepci\u00f3n de las administraciones municipales, sobre todo, en lo concerniente a las pol\u00edticas municipales.<\/p>\n<p>&nbsp;<\/p>\n<p>Tambi\u00e9n solicitaron su opini\u00f3n sobre la tardanza en la atenci\u00f3n para el tr\u00e1mite de reemplacamiento en m\u00f3dulos de la Secretar\u00eda de Finanzas y Planeaci\u00f3n (Sefiplan); el estatus actual del homicidio de dos campesinos de Perote; acciones para persuadir en casos de violaciones a los derechos humanos por discriminaci\u00f3n; estrategias para que la Comisi\u00f3n se articule para la construcci\u00f3n de pol\u00edticas p\u00fablicas; medidas a adoptar en contra de autoridades reincidentes; recomendaciones iniciadas por tortura y acciones para visualizar la violencia contra las mujeres.<\/p>\n<p>&nbsp;<\/p>\n<p>Por \u00faltimo, preguntaron acerca de los mecanismos para garantizar la defensa de los derechos humanos de las personas con discapacidad y qu\u00e9 tipo de quejas tienen m\u00e1s incidencia; estrategias a implementar para supervisar, promover y evaluar que las instituciones de seguridad brinden su servicio a la ciudadan\u00eda en apego a los derechos humanos; apoyos y acompa\u00f1amiento a damnificados por las inundaciones en el norte de la entidad y respaldo a la comunidad LGBTIQ+.<\/p>\n<p>&nbsp;<\/p>\n<p>Despu\u00e9s del mensaje final de las legisladoras Luc\u00eda Bego\u00f1a Canales Barturen, Montserrat Ortega Ruiz, Elizabeth Morales Garc\u00eda, Mar\u00eda Elena C\u00f3rdova Molina y del legislador Carlos Marcelo Ruiz S\u00e1nchez, a las 18:03 horas, el presidente de la comisi\u00f3n legislativa declar\u00f3 finalizada la comparecencia.<\/p>\n<p>&nbsp;<\/p>\n<p>Concluy\u00f3 as\u00ed el ciclo de comparecencias de los organismos aut\u00f3nomos del estado ante la LXVII Legislatura correspondiente al ejercicio 2025.<\/p>\n<p>&nbsp;<\/p>\n","protected":false},"excerpt":{"rendered":"<p>&nbsp; \u2060Con la presencia de la Comisi\u00f3n Estatal de Derechos Humanos de Veracruz, concluyen las comparecencias de los organismos aut\u00f3nomos ante la LXVII Legislatura. Por Carlos Miguel Acosta Bravo Xalapa, Ver., 22 de enero de 2026.- En presencia de diputadas y diputados de la LXVII Legislatura y de la Comisi\u00f3n Permanente de Derechos Humanos y&#8230;<\/p>\n","protected":false},"author":16,"featured_media":35791,"comment_status":"closed","ping_status":"closed","sticky":false,"template":"","format":"standard","meta":[],"categories":[116],"tags":[217,4470,4469,4471],"yoast_head":"<!-- This site is optimized with the Yoast SEO plugin v20.8 - https:\/\/yoast.com\/wordpress\/plugins\/seo\/ -->\n<title>Justicia para cada persona vulnerable, prioridad y prop\u00f3sito de la CEDHV - The Puebla Times<\/title>\n<meta name=\"robots\" content=\"index, follow, max-snippet:-1, max-image-preview:large, max-video-preview:-1\" \/>\n<link rel=\"canonical\" href=\"https:\/\/thepueblatimes.mx\/index.php\/2026\/01\/22\/justicia-para-cada-persona-vulnerable-prioridad-y-proposito-de-la-cedhv\/\" \/>\n<meta property=\"og:locale\" content=\"es_ES\" \/>\n<meta property=\"og:type\" content=\"article\" \/>\n<meta property=\"og:title\" content=\"Justicia para cada persona vulnerable, prioridad y prop\u00f3sito de la CEDHV - The Puebla Times\" \/>\n<meta property=\"og:description\" content=\"&nbsp; \u2060Con la presencia de la Comisi\u00f3n Estatal de Derechos Humanos de Veracruz, concluyen las comparecencias de los organismos aut\u00f3nomos ante la LXVII Legislatura. Por Carlos Miguel Acosta Bravo Xalapa, Ver., 22 de enero de 2026.- En presencia de diputadas y diputados de la LXVII Legislatura y de la Comisi\u00f3n Permanente de Derechos Humanos y...\" \/>\n<meta property=\"og:url\" content=\"https:\/\/thepueblatimes.mx\/index.php\/2026\/01\/22\/justicia-para-cada-persona-vulnerable-prioridad-y-proposito-de-la-cedhv\/\" \/>\n<meta property=\"og:site_name\" content=\"The Puebla Times\" \/>\n<meta property=\"article:published_time\" content=\"2026-01-23T01:09:55+00:00\" \/>\n<meta property=\"og:image\" content=\"https:\/\/thepueblatimes.mx\/wp-content\/uploads\/2026\/01\/WhatsApp-Image-2026-01-22-at-18.59.19.jpeg\" \/>\n\t<meta property=\"og:image:width\" content=\"1600\" \/>\n\t<meta property=\"og:image:height\" content=\"1068\" \/>\n\t<meta property=\"og:image:type\" content=\"image\/jpeg\" \/>\n<meta name=\"author\" content=\"Sa\u00fal Hern\u00e1ndez\" \/>\n<meta name=\"twitter:card\" content=\"summary_large_image\" \/>\n<meta name=\"twitter:label1\" content=\"Escrito por\" \/>\n\t<meta name=\"twitter:data1\" content=\"Sa\u00fal Hern\u00e1ndez\" \/>\n\t<meta name=\"twitter:label2\" content=\"Tiempo de lectura\" \/>\n\t<meta name=\"twitter:data2\" content=\"6 minutos\" \/>\n<script type=\"application\/ld+json\" class=\"yoast-schema-graph\">{\"@context\":\"https:\/\/schema.org\",\"@graph\":[{\"@type\":\"WebPage\",\"@id\":\"https:\/\/thepueblatimes.mx\/index.php\/2026\/01\/22\/justicia-para-cada-persona-vulnerable-prioridad-y-proposito-de-la-cedhv\/\",\"url\":\"https:\/\/thepueblatimes.mx\/index.php\/2026\/01\/22\/justicia-para-cada-persona-vulnerable-prioridad-y-proposito-de-la-cedhv\/\",\"name\":\"Justicia para cada persona vulnerable, prioridad y prop\u00f3sito de la CEDHV - The Puebla Times\",\"isPartOf\":{\"@id\":\"https:\/\/thepueblatimes.mx\/#website\"},\"datePublished\":\"2026-01-23T01:09:55+00:00\",\"dateModified\":\"2026-01-23T01:09:55+00:00\",\"author\":{\"@id\":\"https:\/\/thepueblatimes.mx\/#\/schema\/person\/1664894c2f65ce2c7a08d8f5f905c13c\"},\"breadcrumb\":{\"@id\":\"https:\/\/thepueblatimes.mx\/index.php\/2026\/01\/22\/justicia-para-cada-persona-vulnerable-prioridad-y-proposito-de-la-cedhv\/#breadcrumb\"},\"inLanguage\":\"es\",\"potentialAction\":[{\"@type\":\"ReadAction\",\"target\":[\"https:\/\/thepueblatimes.mx\/index.php\/2026\/01\/22\/justicia-para-cada-persona-vulnerable-prioridad-y-proposito-de-la-cedhv\/\"]}]},{\"@type\":\"BreadcrumbList\",\"@id\":\"https:\/\/thepueblatimes.mx\/index.php\/2026\/01\/22\/justicia-para-cada-persona-vulnerable-prioridad-y-proposito-de-la-cedhv\/#breadcrumb\",\"itemListElement\":[{\"@type\":\"ListItem\",\"position\":1,\"name\":\"Portada\",\"item\":\"https:\/\/thepueblatimes.mx\/\"},{\"@type\":\"ListItem\",\"position\":2,\"name\":\"Justicia para cada persona vulnerable, prioridad y prop\u00f3sito de la CEDHV\"}]},{\"@type\":\"WebSite\",\"@id\":\"https:\/\/thepueblatimes.mx\/#website\",\"url\":\"https:\/\/thepueblatimes.mx\/\",\"name\":\"The Puebla Times\",\"description\":\"Noticias del Estado de Puebla\",\"potentialAction\":[{\"@type\":\"SearchAction\",\"target\":{\"@type\":\"EntryPoint\",\"urlTemplate\":\"https:\/\/thepueblatimes.mx\/?s={search_term_string}\"},\"query-input\":\"required name=search_term_string\"}],\"inLanguage\":\"es\"},{\"@type\":\"Person\",\"@id\":\"https:\/\/thepueblatimes.mx\/#\/schema\/person\/1664894c2f65ce2c7a08d8f5f905c13c\",\"name\":\"Sa\u00fal Hern\u00e1ndez\",\"image\":{\"@type\":\"ImageObject\",\"inLanguage\":\"es\",\"@id\":\"https:\/\/thepueblatimes.mx\/#\/schema\/person\/image\/\",\"url\":\"https:\/\/secure.gravatar.com\/avatar\/11be338693f243309532caad8f10c930?s=96&d=mm&r=g\",\"contentUrl\":\"https:\/\/secure.gravatar.com\/avatar\/11be338693f243309532caad8f10c930?s=96&d=mm&r=g\",\"caption\":\"Sa\u00fal Hern\u00e1ndez\"},\"url\":\"https:\/\/thepueblatimes.mx\/index.php\/author\/saulhernandez\/\"}]}<\/script>\n<!-- \/ Yoast SEO plugin. -->","yoast_head_json":{"title":"Justicia para cada persona vulnerable, prioridad y prop\u00f3sito de la CEDHV - The Puebla Times","robots":{"index":"index","follow":"follow","max-snippet":"max-snippet:-1","max-image-preview":"max-image-preview:large","max-video-preview":"max-video-preview:-1"},"canonical":"https:\/\/thepueblatimes.mx\/index.php\/2026\/01\/22\/justicia-para-cada-persona-vulnerable-prioridad-y-proposito-de-la-cedhv\/","og_locale":"es_ES","og_type":"article","og_title":"Justicia para cada persona vulnerable, prioridad y prop\u00f3sito de la CEDHV - The Puebla Times","og_description":"&nbsp; \u2060Con la presencia de la Comisi\u00f3n Estatal de Derechos Humanos de Veracruz, concluyen las comparecencias de los organismos aut\u00f3nomos ante la LXVII Legislatura. Por Carlos Miguel Acosta Bravo Xalapa, Ver., 22 de enero de 2026.- En presencia de diputadas y diputados de la LXVII Legislatura y de la Comisi\u00f3n Permanente de Derechos Humanos y...","og_url":"https:\/\/thepueblatimes.mx\/index.php\/2026\/01\/22\/justicia-para-cada-persona-vulnerable-prioridad-y-proposito-de-la-cedhv\/","og_site_name":"The Puebla Times","article_published_time":"2026-01-23T01:09:55+00:00","og_image":[{"width":1600,"height":1068,"url":"https:\/\/thepueblatimes.mx\/wp-content\/uploads\/2026\/01\/WhatsApp-Image-2026-01-22-at-18.59.19.jpeg","type":"image\/jpeg"}],"author":"Sa\u00fal Hern\u00e1ndez","twitter_card":"summary_large_image","twitter_misc":{"Escrito por":"Sa\u00fal Hern\u00e1ndez","Tiempo de lectura":"6 minutos"},"schema":{"@context":"https:\/\/schema.org","@graph":[{"@type":"WebPage","@id":"https:\/\/thepueblatimes.mx\/index.php\/2026\/01\/22\/justicia-para-cada-persona-vulnerable-prioridad-y-proposito-de-la-cedhv\/","url":"https:\/\/thepueblatimes.mx\/index.php\/2026\/01\/22\/justicia-para-cada-persona-vulnerable-prioridad-y-proposito-de-la-cedhv\/","name":"Justicia para cada persona vulnerable, prioridad y prop\u00f3sito de la CEDHV - The Puebla Times","isPartOf":{"@id":"https:\/\/thepueblatimes.mx\/#website"},"datePublished":"2026-01-23T01:09:55+00:00","dateModified":"2026-01-23T01:09:55+00:00","author":{"@id":"https:\/\/thepueblatimes.mx\/#\/schema\/person\/1664894c2f65ce2c7a08d8f5f905c13c"},"breadcrumb":{"@id":"https:\/\/thepueblatimes.mx\/index.php\/2026\/01\/22\/justicia-para-cada-persona-vulnerable-prioridad-y-proposito-de-la-cedhv\/#breadcrumb"},"inLanguage":"es","potentialAction":[{"@type":"ReadAction","target":["https:\/\/thepueblatimes.mx\/index.php\/2026\/01\/22\/justicia-para-cada-persona-vulnerable-prioridad-y-proposito-de-la-cedhv\/"]}]},{"@type":"BreadcrumbList","@id":"https:\/\/thepueblatimes.mx\/index.php\/2026\/01\/22\/justicia-para-cada-persona-vulnerable-prioridad-y-proposito-de-la-cedhv\/#breadcrumb","itemListElement":[{"@type":"ListItem","position":1,"name":"Portada","item":"https:\/\/thepueblatimes.mx\/"},{"@type":"ListItem","position":2,"name":"Justicia para cada persona vulnerable, prioridad y prop\u00f3sito de la CEDHV"}]},{"@type":"WebSite","@id":"https:\/\/thepueblatimes.mx\/#website","url":"https:\/\/thepueblatimes.mx\/","name":"The Puebla Times","description":"Noticias del Estado de Puebla","potentialAction":[{"@type":"SearchAction","target":{"@type":"EntryPoint","urlTemplate":"https:\/\/thepueblatimes.mx\/?s={search_term_string}"},"query-input":"required name=search_term_string"}],"inLanguage":"es"},{"@type":"Person","@id":"https:\/\/thepueblatimes.mx\/#\/schema\/person\/1664894c2f65ce2c7a08d8f5f905c13c","name":"Sa\u00fal Hern\u00e1ndez","image":{"@type":"ImageObject","inLanguage":"es","@id":"https:\/\/thepueblatimes.mx\/#\/schema\/person\/image\/","url":"https:\/\/secure.gravatar.com\/avatar\/11be338693f243309532caad8f10c930?s=96&d=mm&r=g","contentUrl":"https:\/\/secure.gravatar.com\/avatar\/11be338693f243309532caad8f10c930?s=96&d=mm&r=g","caption":"Sa\u00fal Hern\u00e1ndez"},"url":"https:\/\/thepueblatimes.mx\/index.php\/author\/saulhernandez\/"}]}},"jetpack_featured_media_url":"https:\/\/thepueblatimes.mx\/wp-content\/uploads\/2026\/01\/WhatsApp-Image-2026-01-22-at-18.59.18.jpeg","_links":{"self":[{"href":"https:\/\/thepueblatimes.mx\/index.php\/wp-json\/wp\/v2\/posts\/35789"}],"collection":[{"href":"https:\/\/thepueblatimes.mx\/index.php\/wp-json\/wp\/v2\/posts"}],"about":[{"href":"https:\/\/thepueblatimes.mx\/index.php\/wp-json\/wp\/v2\/types\/post"}],"author":[{"embeddable":true,"href":"https:\/\/thepueblatimes.mx\/index.php\/wp-json\/wp\/v2\/users\/16"}],"replies":[{"embeddable":true,"href":"https:\/\/thepueblatimes.mx\/index.php\/wp-json\/wp\/v2\/comments?post=35789"}],"version-history":[{"count":1,"href":"https:\/\/thepueblatimes.mx\/index.php\/wp-json\/wp\/v2\/posts\/35789\/revisions"}],"predecessor-version":[{"id":35792,"href":"https:\/\/thepueblatimes.mx\/index.php\/wp-json\/wp\/v2\/posts\/35789\/revisions\/35792"}],"wp:featuredmedia":[{"embeddable":true,"href":"https:\/\/thepueblatimes.mx\/index.php\/wp-json\/wp\/v2\/media\/35791"}],"wp:attachment":[{"href":"https:\/\/thepueblatimes.mx\/index.php\/wp-json\/wp\/v2\/media?parent=35789"}],"wp:term":[{"taxonomy":"category","embeddable":true,"href":"https:\/\/thepueblatimes.mx\/index.php\/wp-json\/wp\/v2\/categories?post=35789"},{"taxonomy":"post_tag","embeddable":true,"href":"https:\/\/thepueblatimes.mx\/index.php\/wp-json\/wp\/v2\/tags?post=35789"}],"curies":[{"name":"wp","href":"https:\/\/api.w.org\/{rel}","templated":true}]}}