{"id":35713,"date":"2026-01-21T12:58:37","date_gmt":"2026-01-21T18:58:37","guid":{"rendered":"https:\/\/thepueblatimes.mx\/?p=35713"},"modified":"2026-01-21T13:07:21","modified_gmt":"2026-01-21T19:07:21","slug":"pido-un-trozo-de-hielo-para-proteger-el-mundo-insiste-trump-en-adquirir-groenlandia","status":"publish","type":"post","link":"https:\/\/thepueblatimes.mx\/index.php\/2026\/01\/21\/pido-un-trozo-de-hielo-para-proteger-el-mundo-insiste-trump-en-adquirir-groenlandia\/","title":{"rendered":"&#8216;Pido un trozo de hielo para proteger el mundo&#8217;: Insiste Trump en adquirir Groenlandia"},"content":{"rendered":"<h3><em><strong>*El presidente estadounidense insiste que este territorio propiedad de Dinamarca es clave para la seguridad nacional.<\/strong><\/em><\/h3>\n<p>POR REDACCI\u00d3N<\/p>\n<p>El presidente de Estados Unidos, Donald Trump, asegur\u00f3 este mi\u00e9rcoles en el Foro de Davos, al hablar de sus deseos de anexionar la isla \u00e1rtica de Groenlandia, que no quiere recurrir a la fuerza y no recurrir\u00e1 a ella, pero insisti\u00f3 en que quiere \u00abnegociaciones inmediatas\u00bb para comprarla.<\/p>\n<p>\u00abNo tengo por qu\u00e9 recurrir a la fuerza. No quiero recurrir a la fuerza. No recurrir\u00e9 a la fuerza\u00bb, dijo.<\/p>\n<p>No obstante, a\u00f1adi\u00f3: \u00absolicito negociaciones inmediatas para volver a discutir la adquisici\u00f3n de Groenlandia por parte de Estados Unidos\u00bb.<\/p>\n<p>\u00abAhora lo que pido es un trozo de hielo, fr\u00edo y mal ubicado, que pueda jugar un papel vital en la paz mundial y la protecci\u00f3n del mundo\u00bb, coment\u00f3.<\/p>\n<p>En este sentido coment\u00f3 que tanto Estados Unidos como otras naciones europeas hab\u00edan adquirido a lo largo de la historia otros territorios, no hab\u00eda nada malo en comprar este territorio aut\u00f3nomo dan\u00e9s.<\/p>\n<p>Sobre la compra de este territorio, que ha soliviantado a la Uni\u00f3n Europea Trump agreg\u00f3 \u00abPor eso, los presidentes estadounidenses han intentado comprar Groenlandia durante casi dos siglos. Ya saben, durante dos siglos lo han intentado. Deber\u00edan haberla conservado despu\u00e9s de la Segunda Guerra Mundial\u00bb.<\/p>\n<p>Donald Trump\u00a0 lleg\u00f3 este mi\u00e9rcoles al Foro de Davos donde se reunir\u00e1 con varios l\u00edderes mundiales para tratar otros temas de inter\u00e9s como la situaci\u00f3n en Ucrania y el desarrollo de la paz en Gaza.<\/p>\n","protected":false},"excerpt":{"rendered":"<p>*El presidente estadounidense insiste que este territorio propiedad de Dinamarca es clave para la seguridad nacional. POR REDACCI\u00d3N El presidente de Estados Unidos, Donald Trump, asegur\u00f3 este mi\u00e9rcoles en el Foro de Davos, al hablar de sus deseos de anexionar la isla \u00e1rtica de Groenlandia, que no quiere recurrir a la fuerza y no recurrir\u00e1&#8230;<\/p>\n","protected":false},"author":16,"featured_media":35714,"comment_status":"closed","ping_status":"closed","sticky":false,"template":"","format":"standard","meta":[],"categories":[6],"tags":[4456,176,1498,4455,3786],"yoast_head":"<!-- This site is optimized with the Yoast SEO plugin v20.8 - https:\/\/yoast.com\/wordpress\/plugins\/seo\/ -->\n<title>&#039;Pido un trozo de hielo para proteger el mundo&#039;: Insiste Trump en adquirir Groenlandia - The Puebla Times<\/title>\n<meta name=\"robots\" content=\"index, follow, max-snippet:-1, max-image-preview:large, max-video-preview:-1\" \/>\n<link rel=\"canonical\" href=\"https:\/\/thepueblatimes.mx\/index.php\/2026\/01\/21\/pido-un-trozo-de-hielo-para-proteger-el-mundo-insiste-trump-en-adquirir-groenlandia\/\" \/>\n<meta property=\"og:locale\" content=\"es_ES\" \/>\n<meta property=\"og:type\" content=\"article\" \/>\n<meta property=\"og:title\" content=\"&#039;Pido un trozo de hielo para proteger el mundo&#039;: Insiste Trump en adquirir Groenlandia - The Puebla Times\" \/>\n<meta property=\"og:description\" content=\"*El presidente estadounidense insiste que este territorio propiedad de Dinamarca es clave para la seguridad nacional. POR REDACCI\u00d3N El presidente de Estados Unidos, Donald Trump, asegur\u00f3 este mi\u00e9rcoles en el Foro de Davos, al hablar de sus deseos de anexionar la isla \u00e1rtica de Groenlandia, que no quiere recurrir a la fuerza y no recurrir\u00e1...\" \/>\n<meta property=\"og:url\" content=\"https:\/\/thepueblatimes.mx\/index.php\/2026\/01\/21\/pido-un-trozo-de-hielo-para-proteger-el-mundo-insiste-trump-en-adquirir-groenlandia\/\" \/>\n<meta property=\"og:site_name\" content=\"The Puebla Times\" \/>\n<meta property=\"article:published_time\" content=\"2026-01-21T18:58:37+00:00\" \/>\n<meta property=\"article:modified_time\" content=\"2026-01-21T19:07:21+00:00\" \/>\n<meta property=\"og:image\" content=\"https:\/\/thepueblatimes.mx\/wp-content\/uploads\/2026\/01\/WhatsApp-Image-2026-01-21-at-12.09.30.jpeg\" \/>\n\t<meta property=\"og:image:width\" content=\"1024\" \/>\n\t<meta property=\"og:image:height\" content=\"683\" \/>\n\t<meta property=\"og:image:type\" content=\"image\/jpeg\" \/>\n<meta name=\"author\" content=\"Sa\u00fal Hern\u00e1ndez\" \/>\n<meta name=\"twitter:card\" content=\"summary_large_image\" \/>\n<meta name=\"twitter:label1\" content=\"Escrito por\" \/>\n\t<meta name=\"twitter:data1\" content=\"Sa\u00fal Hern\u00e1ndez\" \/>\n\t<meta name=\"twitter:label2\" content=\"Tiempo de lectura\" \/>\n\t<meta name=\"twitter:data2\" content=\"2 minutos\" \/>\n<script type=\"application\/ld+json\" class=\"yoast-schema-graph\">{\"@context\":\"https:\/\/schema.org\",\"@graph\":[{\"@type\":\"WebPage\",\"@id\":\"https:\/\/thepueblatimes.mx\/index.php\/2026\/01\/21\/pido-un-trozo-de-hielo-para-proteger-el-mundo-insiste-trump-en-adquirir-groenlandia\/\",\"url\":\"https:\/\/thepueblatimes.mx\/index.php\/2026\/01\/21\/pido-un-trozo-de-hielo-para-proteger-el-mundo-insiste-trump-en-adquirir-groenlandia\/\",\"name\":\"'Pido un trozo de hielo para proteger el mundo': Insiste Trump en adquirir Groenlandia - The Puebla Times\",\"isPartOf\":{\"@id\":\"https:\/\/thepueblatimes.mx\/#website\"},\"datePublished\":\"2026-01-21T18:58:37+00:00\",\"dateModified\":\"2026-01-21T19:07:21+00:00\",\"author\":{\"@id\":\"https:\/\/thepueblatimes.mx\/#\/schema\/person\/1664894c2f65ce2c7a08d8f5f905c13c\"},\"breadcrumb\":{\"@id\":\"https:\/\/thepueblatimes.mx\/index.php\/2026\/01\/21\/pido-un-trozo-de-hielo-para-proteger-el-mundo-insiste-trump-en-adquirir-groenlandia\/#breadcrumb\"},\"inLanguage\":\"es\",\"potentialAction\":[{\"@type\":\"ReadAction\",\"target\":[\"https:\/\/thepueblatimes.mx\/index.php\/2026\/01\/21\/pido-un-trozo-de-hielo-para-proteger-el-mundo-insiste-trump-en-adquirir-groenlandia\/\"]}]},{\"@type\":\"BreadcrumbList\",\"@id\":\"https:\/\/thepueblatimes.mx\/index.php\/2026\/01\/21\/pido-un-trozo-de-hielo-para-proteger-el-mundo-insiste-trump-en-adquirir-groenlandia\/#breadcrumb\",\"itemListElement\":[{\"@type\":\"ListItem\",\"position\":1,\"name\":\"Portada\",\"item\":\"https:\/\/thepueblatimes.mx\/\"},{\"@type\":\"ListItem\",\"position\":2,\"name\":\"&#8216;Pido un trozo de hielo para proteger el mundo&#8217;: Insiste Trump en adquirir Groenlandia\"}]},{\"@type\":\"WebSite\",\"@id\":\"https:\/\/thepueblatimes.mx\/#website\",\"url\":\"https:\/\/thepueblatimes.mx\/\",\"name\":\"The Puebla Times\",\"description\":\"Noticias del Estado de Puebla\",\"potentialAction\":[{\"@type\":\"SearchAction\",\"target\":{\"@type\":\"EntryPoint\",\"urlTemplate\":\"https:\/\/thepueblatimes.mx\/?s={search_term_string}\"},\"query-input\":\"required name=search_term_string\"}],\"inLanguage\":\"es\"},{\"@type\":\"Person\",\"@id\":\"https:\/\/thepueblatimes.mx\/#\/schema\/person\/1664894c2f65ce2c7a08d8f5f905c13c\",\"name\":\"Sa\u00fal Hern\u00e1ndez\",\"image\":{\"@type\":\"ImageObject\",\"inLanguage\":\"es\",\"@id\":\"https:\/\/thepueblatimes.mx\/#\/schema\/person\/image\/\",\"url\":\"https:\/\/secure.gravatar.com\/avatar\/11be338693f243309532caad8f10c930?s=96&d=mm&r=g\",\"contentUrl\":\"https:\/\/secure.gravatar.com\/avatar\/11be338693f243309532caad8f10c930?s=96&d=mm&r=g\",\"caption\":\"Sa\u00fal Hern\u00e1ndez\"},\"url\":\"https:\/\/thepueblatimes.mx\/index.php\/author\/saulhernandez\/\"}]}<\/script>\n<!-- \/ Yoast SEO plugin. -->","yoast_head_json":{"title":"'Pido un trozo de hielo para proteger el mundo': Insiste Trump en adquirir Groenlandia - The Puebla Times","robots":{"index":"index","follow":"follow","max-snippet":"max-snippet:-1","max-image-preview":"max-image-preview:large","max-video-preview":"max-video-preview:-1"},"canonical":"https:\/\/thepueblatimes.mx\/index.php\/2026\/01\/21\/pido-un-trozo-de-hielo-para-proteger-el-mundo-insiste-trump-en-adquirir-groenlandia\/","og_locale":"es_ES","og_type":"article","og_title":"'Pido un trozo de hielo para proteger el mundo': Insiste Trump en adquirir Groenlandia - The Puebla Times","og_description":"*El presidente estadounidense insiste que este territorio propiedad de Dinamarca es clave para la seguridad nacional. POR REDACCI\u00d3N El presidente de Estados Unidos, Donald Trump, asegur\u00f3 este mi\u00e9rcoles en el Foro de Davos, al hablar de sus deseos de anexionar la isla \u00e1rtica de Groenlandia, que no quiere recurrir a la fuerza y no recurrir\u00e1...","og_url":"https:\/\/thepueblatimes.mx\/index.php\/2026\/01\/21\/pido-un-trozo-de-hielo-para-proteger-el-mundo-insiste-trump-en-adquirir-groenlandia\/","og_site_name":"The Puebla Times","article_published_time":"2026-01-21T18:58:37+00:00","article_modified_time":"2026-01-21T19:07:21+00:00","og_image":[{"width":1024,"height":683,"url":"https:\/\/thepueblatimes.mx\/wp-content\/uploads\/2026\/01\/WhatsApp-Image-2026-01-21-at-12.09.30.jpeg","type":"image\/jpeg"}],"author":"Sa\u00fal Hern\u00e1ndez","twitter_card":"summary_large_image","twitter_misc":{"Escrito por":"Sa\u00fal Hern\u00e1ndez","Tiempo de lectura":"2 minutos"},"schema":{"@context":"https:\/\/schema.org","@graph":[{"@type":"WebPage","@id":"https:\/\/thepueblatimes.mx\/index.php\/2026\/01\/21\/pido-un-trozo-de-hielo-para-proteger-el-mundo-insiste-trump-en-adquirir-groenlandia\/","url":"https:\/\/thepueblatimes.mx\/index.php\/2026\/01\/21\/pido-un-trozo-de-hielo-para-proteger-el-mundo-insiste-trump-en-adquirir-groenlandia\/","name":"'Pido un trozo de hielo para proteger el mundo': Insiste Trump en adquirir Groenlandia - The Puebla Times","isPartOf":{"@id":"https:\/\/thepueblatimes.mx\/#website"},"datePublished":"2026-01-21T18:58:37+00:00","dateModified":"2026-01-21T19:07:21+00:00","author":{"@id":"https:\/\/thepueblatimes.mx\/#\/schema\/person\/1664894c2f65ce2c7a08d8f5f905c13c"},"breadcrumb":{"@id":"https:\/\/thepueblatimes.mx\/index.php\/2026\/01\/21\/pido-un-trozo-de-hielo-para-proteger-el-mundo-insiste-trump-en-adquirir-groenlandia\/#breadcrumb"},"inLanguage":"es","potentialAction":[{"@type":"ReadAction","target":["https:\/\/thepueblatimes.mx\/index.php\/2026\/01\/21\/pido-un-trozo-de-hielo-para-proteger-el-mundo-insiste-trump-en-adquirir-groenlandia\/"]}]},{"@type":"BreadcrumbList","@id":"https:\/\/thepueblatimes.mx\/index.php\/2026\/01\/21\/pido-un-trozo-de-hielo-para-proteger-el-mundo-insiste-trump-en-adquirir-groenlandia\/#breadcrumb","itemListElement":[{"@type":"ListItem","position":1,"name":"Portada","item":"https:\/\/thepueblatimes.mx\/"},{"@type":"ListItem","position":2,"name":"&#8216;Pido un trozo de hielo para proteger el mundo&#8217;: Insiste Trump en adquirir Groenlandia"}]},{"@type":"WebSite","@id":"https:\/\/thepueblatimes.mx\/#website","url":"https:\/\/thepueblatimes.mx\/","name":"The Puebla Times","description":"Noticias del Estado de Puebla","potentialAction":[{"@type":"SearchAction","target":{"@type":"EntryPoint","urlTemplate":"https:\/\/thepueblatimes.mx\/?s={search_term_string}"},"query-input":"required name=search_term_string"}],"inLanguage":"es"},{"@type":"Person","@id":"https:\/\/thepueblatimes.mx\/#\/schema\/person\/1664894c2f65ce2c7a08d8f5f905c13c","name":"Sa\u00fal Hern\u00e1ndez","image":{"@type":"ImageObject","inLanguage":"es","@id":"https:\/\/thepueblatimes.mx\/#\/schema\/person\/image\/","url":"https:\/\/secure.gravatar.com\/avatar\/11be338693f243309532caad8f10c930?s=96&d=mm&r=g","contentUrl":"https:\/\/secure.gravatar.com\/avatar\/11be338693f243309532caad8f10c930?s=96&d=mm&r=g","caption":"Sa\u00fal Hern\u00e1ndez"},"url":"https:\/\/thepueblatimes.mx\/index.php\/author\/saulhernandez\/"}]}},"jetpack_featured_media_url":"https:\/\/thepueblatimes.mx\/wp-content\/uploads\/2026\/01\/WhatsApp-Image-2026-01-21-at-12.09.30.jpeg","_links":{"self":[{"href":"https:\/\/thepueblatimes.mx\/index.php\/wp-json\/wp\/v2\/posts\/35713"}],"collection":[{"href":"https:\/\/thepueblatimes.mx\/index.php\/wp-json\/wp\/v2\/posts"}],"about":[{"href":"https:\/\/thepueblatimes.mx\/index.php\/wp-json\/wp\/v2\/types\/post"}],"author":[{"embeddable":true,"href":"https:\/\/thepueblatimes.mx\/index.php\/wp-json\/wp\/v2\/users\/16"}],"replies":[{"embeddable":true,"href":"https:\/\/thepueblatimes.mx\/index.php\/wp-json\/wp\/v2\/comments?post=35713"}],"version-history":[{"count":2,"href":"https:\/\/thepueblatimes.mx\/index.php\/wp-json\/wp\/v2\/posts\/35713\/revisions"}],"predecessor-version":[{"id":35716,"href":"https:\/\/thepueblatimes.mx\/index.php\/wp-json\/wp\/v2\/posts\/35713\/revisions\/35716"}],"wp:featuredmedia":[{"embeddable":true,"href":"https:\/\/thepueblatimes.mx\/index.php\/wp-json\/wp\/v2\/media\/35714"}],"wp:attachment":[{"href":"https:\/\/thepueblatimes.mx\/index.php\/wp-json\/wp\/v2\/media?parent=35713"}],"wp:term":[{"taxonomy":"category","embeddable":true,"href":"https:\/\/thepueblatimes.mx\/index.php\/wp-json\/wp\/v2\/categories?post=35713"},{"taxonomy":"post_tag","embeddable":true,"href":"https:\/\/thepueblatimes.mx\/index.php\/wp-json\/wp\/v2\/tags?post=35713"}],"curies":[{"name":"wp","href":"https:\/\/api.w.org\/{rel}","templated":true}]}}