{"id":35549,"date":"2026-01-12T11:32:35","date_gmt":"2026-01-12T17:32:35","guid":{"rendered":"https:\/\/thepueblatimes.mx\/?p=35549"},"modified":"2026-01-12T11:32:35","modified_gmt":"2026-01-12T17:32:35","slug":"irregularidades-en-la-subsecretaria-de-inteligencia-de-la-ssc","status":"publish","type":"post","link":"https:\/\/thepueblatimes.mx\/index.php\/2026\/01\/12\/irregularidades-en-la-subsecretaria-de-inteligencia-de-la-ssc\/","title":{"rendered":"Irregularidades en la subsecretar\u00eda de Inteligencia de la SSC"},"content":{"rendered":"<p>Mediante redes sociales se hizo p\u00fablica una denuncia sobre presuntas irregularidades en la Subsecretar\u00eda de Inteligencia de la SSC de la ciudad de Puebla, a cargo del mayor Juan Carlos Gonz\u00e1lez.<\/p>\n<p>En principio, en redes sociales circula un video en el que se aprecia como dos mujeres colocan un GPS a un veh\u00edculo estacionado en calles de la colonia Galaxia La Calera. Una de ellas fue identificada como Diana Esther Casta\u00f1eda, clave \u201cHelio\u201d, adscrita a la Subsecretar\u00eda de Inteligencia.<\/p>\n<p>Tras ello, elementos de la corporaci\u00f3n se\u00f1alaron que, independientemente de ese hecho, hay una queja, contra Helio, en su contra ante Asuntos Internos por acoso al personal, al margen de presuntos v\u00ednculos con delincuentes.<\/p>\n<p>Indicaron que la comandante, tiene a su disposici\u00f3n tres veh\u00edculos oficiales, una camioneta F-150, un Dodge Attitude y un Aveo, que utiliza para uso personal.<\/p>\n<p>Adem\u00e1s, refirieron que lleva a cabo operativos fallidos y obliga a los elementos a trabajar horas extras.<\/p>\n","protected":false},"excerpt":{"rendered":"<p>Mediante redes sociales se hizo p\u00fablica una denuncia sobre presuntas irregularidades en la Subsecretar\u00eda de Inteligencia de la SSC de la ciudad de Puebla, a cargo del mayor Juan Carlos Gonz\u00e1lez. En principio, en redes sociales circula un video en el que se aprecia como dos mujeres colocan un GPS a un veh\u00edculo estacionado en&#8230;<\/p>\n","protected":false},"author":16,"featured_media":35552,"comment_status":"closed","ping_status":"closed","sticky":false,"template":"","format":"standard","meta":[],"categories":[121],"tags":[2377,4424,2084,1278,4425],"yoast_head":"<!-- This site is optimized with the Yoast SEO plugin v20.8 - https:\/\/yoast.com\/wordpress\/plugins\/seo\/ -->\n<title>Irregularidades en la subsecretar\u00eda de Inteligencia de la SSC - The Puebla Times<\/title>\n<meta name=\"robots\" content=\"index, follow, max-snippet:-1, max-image-preview:large, max-video-preview:-1\" \/>\n<link rel=\"canonical\" href=\"https:\/\/thepueblatimes.mx\/index.php\/2026\/01\/12\/irregularidades-en-la-subsecretaria-de-inteligencia-de-la-ssc\/\" \/>\n<meta property=\"og:locale\" content=\"es_ES\" \/>\n<meta property=\"og:type\" content=\"article\" \/>\n<meta property=\"og:title\" content=\"Irregularidades en la subsecretar\u00eda de Inteligencia de la SSC - The Puebla Times\" \/>\n<meta property=\"og:description\" content=\"Mediante redes sociales se hizo p\u00fablica una denuncia sobre presuntas irregularidades en la Subsecretar\u00eda de Inteligencia de la SSC de la ciudad de Puebla, a cargo del mayor Juan Carlos Gonz\u00e1lez. En principio, en redes sociales circula un video en el que se aprecia como dos mujeres colocan un GPS a un veh\u00edculo estacionado en...\" \/>\n<meta property=\"og:url\" content=\"https:\/\/thepueblatimes.mx\/index.php\/2026\/01\/12\/irregularidades-en-la-subsecretaria-de-inteligencia-de-la-ssc\/\" \/>\n<meta property=\"og:site_name\" content=\"The Puebla Times\" \/>\n<meta property=\"article:published_time\" content=\"2026-01-12T17:32:35+00:00\" \/>\n<meta property=\"og:image\" content=\"https:\/\/thepueblatimes.mx\/wp-content\/uploads\/2026\/01\/irregularidadesSubsecretariaInteligencia.webp\" \/>\n\t<meta property=\"og:image:width\" content=\"1200\" \/>\n\t<meta property=\"og:image:height\" content=\"675\" \/>\n\t<meta property=\"og:image:type\" content=\"image\/webp\" \/>\n<meta name=\"author\" content=\"Sa\u00fal Hern\u00e1ndez\" \/>\n<meta name=\"twitter:card\" content=\"summary_large_image\" \/>\n<meta name=\"twitter:label1\" content=\"Escrito por\" \/>\n\t<meta name=\"twitter:data1\" content=\"Sa\u00fal Hern\u00e1ndez\" \/>\n\t<meta name=\"twitter:label2\" content=\"Tiempo de lectura\" \/>\n\t<meta name=\"twitter:data2\" content=\"1 minuto\" \/>\n<script type=\"application\/ld+json\" class=\"yoast-schema-graph\">{\"@context\":\"https:\/\/schema.org\",\"@graph\":[{\"@type\":\"WebPage\",\"@id\":\"https:\/\/thepueblatimes.mx\/index.php\/2026\/01\/12\/irregularidades-en-la-subsecretaria-de-inteligencia-de-la-ssc\/\",\"url\":\"https:\/\/thepueblatimes.mx\/index.php\/2026\/01\/12\/irregularidades-en-la-subsecretaria-de-inteligencia-de-la-ssc\/\",\"name\":\"Irregularidades en la subsecretar\u00eda de Inteligencia de la SSC - The Puebla Times\",\"isPartOf\":{\"@id\":\"https:\/\/thepueblatimes.mx\/#website\"},\"datePublished\":\"2026-01-12T17:32:35+00:00\",\"dateModified\":\"2026-01-12T17:32:35+00:00\",\"author\":{\"@id\":\"https:\/\/thepueblatimes.mx\/#\/schema\/person\/1664894c2f65ce2c7a08d8f5f905c13c\"},\"breadcrumb\":{\"@id\":\"https:\/\/thepueblatimes.mx\/index.php\/2026\/01\/12\/irregularidades-en-la-subsecretaria-de-inteligencia-de-la-ssc\/#breadcrumb\"},\"inLanguage\":\"es\",\"potentialAction\":[{\"@type\":\"ReadAction\",\"target\":[\"https:\/\/thepueblatimes.mx\/index.php\/2026\/01\/12\/irregularidades-en-la-subsecretaria-de-inteligencia-de-la-ssc\/\"]}]},{\"@type\":\"BreadcrumbList\",\"@id\":\"https:\/\/thepueblatimes.mx\/index.php\/2026\/01\/12\/irregularidades-en-la-subsecretaria-de-inteligencia-de-la-ssc\/#breadcrumb\",\"itemListElement\":[{\"@type\":\"ListItem\",\"position\":1,\"name\":\"Portada\",\"item\":\"https:\/\/thepueblatimes.mx\/\"},{\"@type\":\"ListItem\",\"position\":2,\"name\":\"Irregularidades en la subsecretar\u00eda de Inteligencia de la SSC\"}]},{\"@type\":\"WebSite\",\"@id\":\"https:\/\/thepueblatimes.mx\/#website\",\"url\":\"https:\/\/thepueblatimes.mx\/\",\"name\":\"The Puebla Times\",\"description\":\"Noticias del Estado de Puebla\",\"potentialAction\":[{\"@type\":\"SearchAction\",\"target\":{\"@type\":\"EntryPoint\",\"urlTemplate\":\"https:\/\/thepueblatimes.mx\/?s={search_term_string}\"},\"query-input\":\"required name=search_term_string\"}],\"inLanguage\":\"es\"},{\"@type\":\"Person\",\"@id\":\"https:\/\/thepueblatimes.mx\/#\/schema\/person\/1664894c2f65ce2c7a08d8f5f905c13c\",\"name\":\"Sa\u00fal Hern\u00e1ndez\",\"image\":{\"@type\":\"ImageObject\",\"inLanguage\":\"es\",\"@id\":\"https:\/\/thepueblatimes.mx\/#\/schema\/person\/image\/\",\"url\":\"https:\/\/secure.gravatar.com\/avatar\/11be338693f243309532caad8f10c930?s=96&d=mm&r=g\",\"contentUrl\":\"https:\/\/secure.gravatar.com\/avatar\/11be338693f243309532caad8f10c930?s=96&d=mm&r=g\",\"caption\":\"Sa\u00fal Hern\u00e1ndez\"},\"url\":\"https:\/\/thepueblatimes.mx\/index.php\/author\/saulhernandez\/\"}]}<\/script>\n<!-- \/ Yoast SEO plugin. -->","yoast_head_json":{"title":"Irregularidades en la subsecretar\u00eda de Inteligencia de la SSC - The Puebla Times","robots":{"index":"index","follow":"follow","max-snippet":"max-snippet:-1","max-image-preview":"max-image-preview:large","max-video-preview":"max-video-preview:-1"},"canonical":"https:\/\/thepueblatimes.mx\/index.php\/2026\/01\/12\/irregularidades-en-la-subsecretaria-de-inteligencia-de-la-ssc\/","og_locale":"es_ES","og_type":"article","og_title":"Irregularidades en la subsecretar\u00eda de Inteligencia de la SSC - The Puebla Times","og_description":"Mediante redes sociales se hizo p\u00fablica una denuncia sobre presuntas irregularidades en la Subsecretar\u00eda de Inteligencia de la SSC de la ciudad de Puebla, a cargo del mayor Juan Carlos Gonz\u00e1lez. En principio, en redes sociales circula un video en el que se aprecia como dos mujeres colocan un GPS a un veh\u00edculo estacionado en...","og_url":"https:\/\/thepueblatimes.mx\/index.php\/2026\/01\/12\/irregularidades-en-la-subsecretaria-de-inteligencia-de-la-ssc\/","og_site_name":"The Puebla Times","article_published_time":"2026-01-12T17:32:35+00:00","og_image":[{"width":1200,"height":675,"url":"https:\/\/thepueblatimes.mx\/wp-content\/uploads\/2026\/01\/irregularidadesSubsecretariaInteligencia.webp","type":"image\/webp"}],"author":"Sa\u00fal Hern\u00e1ndez","twitter_card":"summary_large_image","twitter_misc":{"Escrito por":"Sa\u00fal Hern\u00e1ndez","Tiempo de lectura":"1 minuto"},"schema":{"@context":"https:\/\/schema.org","@graph":[{"@type":"WebPage","@id":"https:\/\/thepueblatimes.mx\/index.php\/2026\/01\/12\/irregularidades-en-la-subsecretaria-de-inteligencia-de-la-ssc\/","url":"https:\/\/thepueblatimes.mx\/index.php\/2026\/01\/12\/irregularidades-en-la-subsecretaria-de-inteligencia-de-la-ssc\/","name":"Irregularidades en la subsecretar\u00eda de Inteligencia de la SSC - The Puebla Times","isPartOf":{"@id":"https:\/\/thepueblatimes.mx\/#website"},"datePublished":"2026-01-12T17:32:35+00:00","dateModified":"2026-01-12T17:32:35+00:00","author":{"@id":"https:\/\/thepueblatimes.mx\/#\/schema\/person\/1664894c2f65ce2c7a08d8f5f905c13c"},"breadcrumb":{"@id":"https:\/\/thepueblatimes.mx\/index.php\/2026\/01\/12\/irregularidades-en-la-subsecretaria-de-inteligencia-de-la-ssc\/#breadcrumb"},"inLanguage":"es","potentialAction":[{"@type":"ReadAction","target":["https:\/\/thepueblatimes.mx\/index.php\/2026\/01\/12\/irregularidades-en-la-subsecretaria-de-inteligencia-de-la-ssc\/"]}]},{"@type":"BreadcrumbList","@id":"https:\/\/thepueblatimes.mx\/index.php\/2026\/01\/12\/irregularidades-en-la-subsecretaria-de-inteligencia-de-la-ssc\/#breadcrumb","itemListElement":[{"@type":"ListItem","position":1,"name":"Portada","item":"https:\/\/thepueblatimes.mx\/"},{"@type":"ListItem","position":2,"name":"Irregularidades en la subsecretar\u00eda de Inteligencia de la SSC"}]},{"@type":"WebSite","@id":"https:\/\/thepueblatimes.mx\/#website","url":"https:\/\/thepueblatimes.mx\/","name":"The Puebla Times","description":"Noticias del Estado de Puebla","potentialAction":[{"@type":"SearchAction","target":{"@type":"EntryPoint","urlTemplate":"https:\/\/thepueblatimes.mx\/?s={search_term_string}"},"query-input":"required name=search_term_string"}],"inLanguage":"es"},{"@type":"Person","@id":"https:\/\/thepueblatimes.mx\/#\/schema\/person\/1664894c2f65ce2c7a08d8f5f905c13c","name":"Sa\u00fal Hern\u00e1ndez","image":{"@type":"ImageObject","inLanguage":"es","@id":"https:\/\/thepueblatimes.mx\/#\/schema\/person\/image\/","url":"https:\/\/secure.gravatar.com\/avatar\/11be338693f243309532caad8f10c930?s=96&d=mm&r=g","contentUrl":"https:\/\/secure.gravatar.com\/avatar\/11be338693f243309532caad8f10c930?s=96&d=mm&r=g","caption":"Sa\u00fal Hern\u00e1ndez"},"url":"https:\/\/thepueblatimes.mx\/index.php\/author\/saulhernandez\/"}]}},"jetpack_featured_media_url":"https:\/\/thepueblatimes.mx\/wp-content\/uploads\/2026\/01\/irregularidadesSubsecretariaInteligencia.webp","_links":{"self":[{"href":"https:\/\/thepueblatimes.mx\/index.php\/wp-json\/wp\/v2\/posts\/35549"}],"collection":[{"href":"https:\/\/thepueblatimes.mx\/index.php\/wp-json\/wp\/v2\/posts"}],"about":[{"href":"https:\/\/thepueblatimes.mx\/index.php\/wp-json\/wp\/v2\/types\/post"}],"author":[{"embeddable":true,"href":"https:\/\/thepueblatimes.mx\/index.php\/wp-json\/wp\/v2\/users\/16"}],"replies":[{"embeddable":true,"href":"https:\/\/thepueblatimes.mx\/index.php\/wp-json\/wp\/v2\/comments?post=35549"}],"version-history":[{"count":1,"href":"https:\/\/thepueblatimes.mx\/index.php\/wp-json\/wp\/v2\/posts\/35549\/revisions"}],"predecessor-version":[{"id":35553,"href":"https:\/\/thepueblatimes.mx\/index.php\/wp-json\/wp\/v2\/posts\/35549\/revisions\/35553"}],"wp:featuredmedia":[{"embeddable":true,"href":"https:\/\/thepueblatimes.mx\/index.php\/wp-json\/wp\/v2\/media\/35552"}],"wp:attachment":[{"href":"https:\/\/thepueblatimes.mx\/index.php\/wp-json\/wp\/v2\/media?parent=35549"}],"wp:term":[{"taxonomy":"category","embeddable":true,"href":"https:\/\/thepueblatimes.mx\/index.php\/wp-json\/wp\/v2\/categories?post=35549"},{"taxonomy":"post_tag","embeddable":true,"href":"https:\/\/thepueblatimes.mx\/index.php\/wp-json\/wp\/v2\/tags?post=35549"}],"curies":[{"name":"wp","href":"https:\/\/api.w.org\/{rel}","templated":true}]}}