{"id":35497,"date":"2026-01-09T11:27:02","date_gmt":"2026-01-09T17:27:02","guid":{"rendered":"https:\/\/thepueblatimes.mx\/?p=35497"},"modified":"2026-01-09T11:28:15","modified_gmt":"2026-01-09T17:28:15","slug":"comparacion","status":"publish","type":"post","link":"https:\/\/thepueblatimes.mx\/index.php\/2026\/01\/09\/comparacion\/","title":{"rendered":"Comparaci\u00f3n"},"content":{"rendered":"<p>POR ALEJANDRO VILLEGAS<\/p>\n<p>La comparaci\u00f3n que se hace de la disminuci\u00f3n de homicidios dolosos en 40 por ciento con 2015 pone de nueva cuenta en evidencia la negativa a cuestionar el pasado inmediato.<\/p>\n<p>La cifra que abarca de septiembre de 2024 a diciembre de 2025, refleja una disminuci\u00f3n de la cifra que se registr\u00f3 en el sexenio pasado, marcado por un elevado nivel de delincuencia y muertes.<\/p>\n<p>Sin embargo, se evita mediante simples distractores, hablar del pasado inmediato con el objetivo de no reconocer abiertamente lo mal que estaba el pa\u00eds, durante el sexenio que abarc\u00f3 de 2018 a 2024.<\/p>\n<p>De manera deliberada se desv\u00edan las miradas hacia el pasado mediato para no revisar el inmediato, a fin de no molestar ni empa\u00f1ar con m\u00e1cula alguna la imagen de ya saben qui\u00e9n.<\/p>\n<p>Una vez m\u00e1s se ajustan la narrativa y el discurso para pasarle a la colectividad la rata frente a los ojos, y endosar culpas.<\/p>\n<p>En el fondo lo evidente es que el registro y manejo de las cifras relativas al sector de seguridad se manejan a conveniencia desde el discurso y la narrativa. Nada m\u00e1s claro.<\/p>\n<p>Pero lo m\u00e1s grave es que pese a lo que se percibe en el panorama social, a nivel de calle, se sostiene que el pa\u00eds avanza y es cada vez m\u00e1s seguro.<\/p>\n","protected":false},"excerpt":{"rendered":"<p>POR ALEJANDRO VILLEGAS La comparaci\u00f3n que se hace de la disminuci\u00f3n de homicidios dolosos en 40 por ciento con 2015 pone de nueva cuenta en evidencia la negativa a cuestionar el pasado inmediato. La cifra que abarca de septiembre de 2024 a diciembre de 2025, refleja una disminuci\u00f3n de la cifra que se registr\u00f3 en&#8230;<\/p>\n","protected":false},"author":16,"featured_media":35498,"comment_status":"closed","ping_status":"closed","sticky":false,"template":"","format":"standard","meta":[],"categories":[10],"tags":[4197,2595,1916,191],"yoast_head":"<!-- This site is optimized with the Yoast SEO plugin v20.8 - https:\/\/yoast.com\/wordpress\/plugins\/seo\/ -->\n<title>Comparaci\u00f3n - The Puebla Times<\/title>\n<meta name=\"robots\" content=\"index, follow, max-snippet:-1, max-image-preview:large, max-video-preview:-1\" \/>\n<link rel=\"canonical\" href=\"https:\/\/thepueblatimes.mx\/index.php\/2026\/01\/09\/comparacion\/\" \/>\n<meta property=\"og:locale\" content=\"es_ES\" \/>\n<meta property=\"og:type\" content=\"article\" \/>\n<meta property=\"og:title\" content=\"Comparaci\u00f3n - The Puebla Times\" \/>\n<meta property=\"og:description\" content=\"POR ALEJANDRO VILLEGAS La comparaci\u00f3n que se hace de la disminuci\u00f3n de homicidios dolosos en 40 por ciento con 2015 pone de nueva cuenta en evidencia la negativa a cuestionar el pasado inmediato. La cifra que abarca de septiembre de 2024 a diciembre de 2025, refleja una disminuci\u00f3n de la cifra que se registr\u00f3 en...\" \/>\n<meta property=\"og:url\" content=\"https:\/\/thepueblatimes.mx\/index.php\/2026\/01\/09\/comparacion\/\" \/>\n<meta property=\"og:site_name\" content=\"The Puebla Times\" \/>\n<meta property=\"article:published_time\" content=\"2026-01-09T17:27:02+00:00\" \/>\n<meta property=\"article:modified_time\" content=\"2026-01-09T17:28:15+00:00\" \/>\n<meta property=\"og:image\" content=\"https:\/\/thepueblatimes.mx\/wp-content\/uploads\/2026\/01\/homicidios-1024x683-1.jpg\" \/>\n\t<meta property=\"og:image:width\" content=\"1024\" \/>\n\t<meta property=\"og:image:height\" content=\"683\" \/>\n\t<meta property=\"og:image:type\" content=\"image\/jpeg\" \/>\n<meta name=\"author\" content=\"Sa\u00fal Hern\u00e1ndez\" \/>\n<meta name=\"twitter:card\" content=\"summary_large_image\" \/>\n<meta name=\"twitter:label1\" content=\"Escrito por\" \/>\n\t<meta name=\"twitter:data1\" content=\"Sa\u00fal Hern\u00e1ndez\" \/>\n\t<meta name=\"twitter:label2\" content=\"Tiempo de lectura\" \/>\n\t<meta name=\"twitter:data2\" content=\"2 minutos\" \/>\n<script type=\"application\/ld+json\" class=\"yoast-schema-graph\">{\"@context\":\"https:\/\/schema.org\",\"@graph\":[{\"@type\":\"WebPage\",\"@id\":\"https:\/\/thepueblatimes.mx\/index.php\/2026\/01\/09\/comparacion\/\",\"url\":\"https:\/\/thepueblatimes.mx\/index.php\/2026\/01\/09\/comparacion\/\",\"name\":\"Comparaci\u00f3n - The Puebla Times\",\"isPartOf\":{\"@id\":\"https:\/\/thepueblatimes.mx\/#website\"},\"datePublished\":\"2026-01-09T17:27:02+00:00\",\"dateModified\":\"2026-01-09T17:28:15+00:00\",\"author\":{\"@id\":\"https:\/\/thepueblatimes.mx\/#\/schema\/person\/1664894c2f65ce2c7a08d8f5f905c13c\"},\"breadcrumb\":{\"@id\":\"https:\/\/thepueblatimes.mx\/index.php\/2026\/01\/09\/comparacion\/#breadcrumb\"},\"inLanguage\":\"es\",\"potentialAction\":[{\"@type\":\"ReadAction\",\"target\":[\"https:\/\/thepueblatimes.mx\/index.php\/2026\/01\/09\/comparacion\/\"]}]},{\"@type\":\"BreadcrumbList\",\"@id\":\"https:\/\/thepueblatimes.mx\/index.php\/2026\/01\/09\/comparacion\/#breadcrumb\",\"itemListElement\":[{\"@type\":\"ListItem\",\"position\":1,\"name\":\"Portada\",\"item\":\"https:\/\/thepueblatimes.mx\/\"},{\"@type\":\"ListItem\",\"position\":2,\"name\":\"Comparaci\u00f3n\"}]},{\"@type\":\"WebSite\",\"@id\":\"https:\/\/thepueblatimes.mx\/#website\",\"url\":\"https:\/\/thepueblatimes.mx\/\",\"name\":\"The Puebla Times\",\"description\":\"Noticias del Estado de Puebla\",\"potentialAction\":[{\"@type\":\"SearchAction\",\"target\":{\"@type\":\"EntryPoint\",\"urlTemplate\":\"https:\/\/thepueblatimes.mx\/?s={search_term_string}\"},\"query-input\":\"required name=search_term_string\"}],\"inLanguage\":\"es\"},{\"@type\":\"Person\",\"@id\":\"https:\/\/thepueblatimes.mx\/#\/schema\/person\/1664894c2f65ce2c7a08d8f5f905c13c\",\"name\":\"Sa\u00fal Hern\u00e1ndez\",\"image\":{\"@type\":\"ImageObject\",\"inLanguage\":\"es\",\"@id\":\"https:\/\/thepueblatimes.mx\/#\/schema\/person\/image\/\",\"url\":\"https:\/\/secure.gravatar.com\/avatar\/11be338693f243309532caad8f10c930?s=96&d=mm&r=g\",\"contentUrl\":\"https:\/\/secure.gravatar.com\/avatar\/11be338693f243309532caad8f10c930?s=96&d=mm&r=g\",\"caption\":\"Sa\u00fal Hern\u00e1ndez\"},\"url\":\"https:\/\/thepueblatimes.mx\/index.php\/author\/saulhernandez\/\"}]}<\/script>\n<!-- \/ Yoast SEO plugin. -->","yoast_head_json":{"title":"Comparaci\u00f3n - The Puebla Times","robots":{"index":"index","follow":"follow","max-snippet":"max-snippet:-1","max-image-preview":"max-image-preview:large","max-video-preview":"max-video-preview:-1"},"canonical":"https:\/\/thepueblatimes.mx\/index.php\/2026\/01\/09\/comparacion\/","og_locale":"es_ES","og_type":"article","og_title":"Comparaci\u00f3n - The Puebla Times","og_description":"POR ALEJANDRO VILLEGAS La comparaci\u00f3n que se hace de la disminuci\u00f3n de homicidios dolosos en 40 por ciento con 2015 pone de nueva cuenta en evidencia la negativa a cuestionar el pasado inmediato. La cifra que abarca de septiembre de 2024 a diciembre de 2025, refleja una disminuci\u00f3n de la cifra que se registr\u00f3 en...","og_url":"https:\/\/thepueblatimes.mx\/index.php\/2026\/01\/09\/comparacion\/","og_site_name":"The Puebla Times","article_published_time":"2026-01-09T17:27:02+00:00","article_modified_time":"2026-01-09T17:28:15+00:00","og_image":[{"width":1024,"height":683,"url":"https:\/\/thepueblatimes.mx\/wp-content\/uploads\/2026\/01\/homicidios-1024x683-1.jpg","type":"image\/jpeg"}],"author":"Sa\u00fal Hern\u00e1ndez","twitter_card":"summary_large_image","twitter_misc":{"Escrito por":"Sa\u00fal Hern\u00e1ndez","Tiempo de lectura":"2 minutos"},"schema":{"@context":"https:\/\/schema.org","@graph":[{"@type":"WebPage","@id":"https:\/\/thepueblatimes.mx\/index.php\/2026\/01\/09\/comparacion\/","url":"https:\/\/thepueblatimes.mx\/index.php\/2026\/01\/09\/comparacion\/","name":"Comparaci\u00f3n - The Puebla Times","isPartOf":{"@id":"https:\/\/thepueblatimes.mx\/#website"},"datePublished":"2026-01-09T17:27:02+00:00","dateModified":"2026-01-09T17:28:15+00:00","author":{"@id":"https:\/\/thepueblatimes.mx\/#\/schema\/person\/1664894c2f65ce2c7a08d8f5f905c13c"},"breadcrumb":{"@id":"https:\/\/thepueblatimes.mx\/index.php\/2026\/01\/09\/comparacion\/#breadcrumb"},"inLanguage":"es","potentialAction":[{"@type":"ReadAction","target":["https:\/\/thepueblatimes.mx\/index.php\/2026\/01\/09\/comparacion\/"]}]},{"@type":"BreadcrumbList","@id":"https:\/\/thepueblatimes.mx\/index.php\/2026\/01\/09\/comparacion\/#breadcrumb","itemListElement":[{"@type":"ListItem","position":1,"name":"Portada","item":"https:\/\/thepueblatimes.mx\/"},{"@type":"ListItem","position":2,"name":"Comparaci\u00f3n"}]},{"@type":"WebSite","@id":"https:\/\/thepueblatimes.mx\/#website","url":"https:\/\/thepueblatimes.mx\/","name":"The Puebla Times","description":"Noticias del Estado de Puebla","potentialAction":[{"@type":"SearchAction","target":{"@type":"EntryPoint","urlTemplate":"https:\/\/thepueblatimes.mx\/?s={search_term_string}"},"query-input":"required name=search_term_string"}],"inLanguage":"es"},{"@type":"Person","@id":"https:\/\/thepueblatimes.mx\/#\/schema\/person\/1664894c2f65ce2c7a08d8f5f905c13c","name":"Sa\u00fal Hern\u00e1ndez","image":{"@type":"ImageObject","inLanguage":"es","@id":"https:\/\/thepueblatimes.mx\/#\/schema\/person\/image\/","url":"https:\/\/secure.gravatar.com\/avatar\/11be338693f243309532caad8f10c930?s=96&d=mm&r=g","contentUrl":"https:\/\/secure.gravatar.com\/avatar\/11be338693f243309532caad8f10c930?s=96&d=mm&r=g","caption":"Sa\u00fal Hern\u00e1ndez"},"url":"https:\/\/thepueblatimes.mx\/index.php\/author\/saulhernandez\/"}]}},"jetpack_featured_media_url":"https:\/\/thepueblatimes.mx\/wp-content\/uploads\/2026\/01\/homicidios-1024x683-1.jpg","_links":{"self":[{"href":"https:\/\/thepueblatimes.mx\/index.php\/wp-json\/wp\/v2\/posts\/35497"}],"collection":[{"href":"https:\/\/thepueblatimes.mx\/index.php\/wp-json\/wp\/v2\/posts"}],"about":[{"href":"https:\/\/thepueblatimes.mx\/index.php\/wp-json\/wp\/v2\/types\/post"}],"author":[{"embeddable":true,"href":"https:\/\/thepueblatimes.mx\/index.php\/wp-json\/wp\/v2\/users\/16"}],"replies":[{"embeddable":true,"href":"https:\/\/thepueblatimes.mx\/index.php\/wp-json\/wp\/v2\/comments?post=35497"}],"version-history":[{"count":1,"href":"https:\/\/thepueblatimes.mx\/index.php\/wp-json\/wp\/v2\/posts\/35497\/revisions"}],"predecessor-version":[{"id":35499,"href":"https:\/\/thepueblatimes.mx\/index.php\/wp-json\/wp\/v2\/posts\/35497\/revisions\/35499"}],"wp:featuredmedia":[{"embeddable":true,"href":"https:\/\/thepueblatimes.mx\/index.php\/wp-json\/wp\/v2\/media\/35498"}],"wp:attachment":[{"href":"https:\/\/thepueblatimes.mx\/index.php\/wp-json\/wp\/v2\/media?parent=35497"}],"wp:term":[{"taxonomy":"category","embeddable":true,"href":"https:\/\/thepueblatimes.mx\/index.php\/wp-json\/wp\/v2\/categories?post=35497"},{"taxonomy":"post_tag","embeddable":true,"href":"https:\/\/thepueblatimes.mx\/index.php\/wp-json\/wp\/v2\/tags?post=35497"}],"curies":[{"name":"wp","href":"https:\/\/api.w.org\/{rel}","templated":true}]}}