{"id":35398,"date":"2026-01-07T14:55:17","date_gmt":"2026-01-07T20:55:17","guid":{"rendered":"https:\/\/thepueblatimes.mx\/?p=35398"},"modified":"2026-01-07T14:55:17","modified_gmt":"2026-01-07T20:55:17","slug":"asesinan-a-un-hombre-en-san-francisco-totimehuacan-de-puebla","status":"publish","type":"post","link":"https:\/\/thepueblatimes.mx\/index.php\/2026\/01\/07\/asesinan-a-un-hombre-en-san-francisco-totimehuacan-de-puebla\/","title":{"rendered":"Asesinan a un hombre en San Francisco Totimehuacan de Puebla"},"content":{"rendered":"<p>Asesinaron a un hombre en calles de San Francisco Totimehuacan, en lo que inicialmente se considera como un ataque directo perpetrado por sicarios.<\/p>\n<p>Los primeros datos, en el plano extra oficial, indican que el asesinado era padre de familia de uno de los dos j\u00f3venes hallados muertos en San Pedro Zacachimalpa.<\/p>\n<p>El crimen se registr\u00f3 alrededor de las doce horas de hoy, mi\u00e9rcoles 7 de enero, en el cruce de las avenidas Benito Ju\u00e1rez e Independencia, de San Francisco Totimehuacan.<\/p>\n<p>Residentes de la zona reportaron que tras los disparos de arma de fuego, se vio pasar una camioneta a alta velocidad.<\/p>\n<p>Posteriormente, trascendi\u00f3 que la v\u00edctima es uno de los dos j\u00f3venes hallados muertos en San Pedro Zacachimalpa, en terrenos cercanos a \u00c1fricam Safari.<\/p>\n<p>Tras el arribo de los elementos policiales, se estableci\u00f3 un per\u00edmetro de control, a la espera de que personal de la Fiscal\u00eda General del Estado realice el levantamiento del cad\u00e1ver.<\/p>\n","protected":false},"excerpt":{"rendered":"<p>Asesinaron a un hombre en calles de San Francisco Totimehuacan, en lo que inicialmente se considera como un ataque directo perpetrado por sicarios. Los primeros datos, en el plano extra oficial, indican que el asesinado era padre de familia de uno de los dos j\u00f3venes hallados muertos en San Pedro Zacachimalpa. El crimen se registr\u00f3&#8230;<\/p>\n","protected":false},"author":16,"featured_media":35399,"comment_status":"closed","ping_status":"closed","sticky":false,"template":"","format":"standard","meta":[],"categories":[121],"tags":[169,2124,3339,3236,3251],"yoast_head":"<!-- This site is optimized with the Yoast SEO plugin v20.8 - https:\/\/yoast.com\/wordpress\/plugins\/seo\/ -->\n<title>Asesinan a un hombre en San Francisco Totimehuacan de Puebla - The Puebla Times<\/title>\n<meta name=\"robots\" content=\"index, follow, max-snippet:-1, max-image-preview:large, max-video-preview:-1\" \/>\n<link rel=\"canonical\" href=\"https:\/\/thepueblatimes.mx\/index.php\/2026\/01\/07\/asesinan-a-un-hombre-en-san-francisco-totimehuacan-de-puebla\/\" \/>\n<meta property=\"og:locale\" content=\"es_ES\" \/>\n<meta property=\"og:type\" content=\"article\" \/>\n<meta property=\"og:title\" content=\"Asesinan a un hombre en San Francisco Totimehuacan de Puebla - The Puebla Times\" \/>\n<meta property=\"og:description\" content=\"Asesinaron a un hombre en calles de San Francisco Totimehuacan, en lo que inicialmente se considera como un ataque directo perpetrado por sicarios. Los primeros datos, en el plano extra oficial, indican que el asesinado era padre de familia de uno de los dos j\u00f3venes hallados muertos en San Pedro Zacachimalpa. El crimen se registr\u00f3...\" \/>\n<meta property=\"og:url\" content=\"https:\/\/thepueblatimes.mx\/index.php\/2026\/01\/07\/asesinan-a-un-hombre-en-san-francisco-totimehuacan-de-puebla\/\" \/>\n<meta property=\"og:site_name\" content=\"The Puebla Times\" \/>\n<meta property=\"article:published_time\" content=\"2026-01-07T20:55:17+00:00\" \/>\n<meta property=\"og:image\" content=\"https:\/\/thepueblatimes.mx\/wp-content\/uploads\/2026\/01\/G-FCDKHWkAASmNu.jpeg\" \/>\n\t<meta property=\"og:image:width\" content=\"1280\" \/>\n\t<meta property=\"og:image:height\" content=\"855\" \/>\n\t<meta property=\"og:image:type\" content=\"image\/jpeg\" \/>\n<meta name=\"author\" content=\"Sa\u00fal Hern\u00e1ndez\" \/>\n<meta name=\"twitter:card\" content=\"summary_large_image\" \/>\n<meta name=\"twitter:label1\" content=\"Escrito por\" \/>\n\t<meta name=\"twitter:data1\" content=\"Sa\u00fal Hern\u00e1ndez\" \/>\n\t<meta name=\"twitter:label2\" content=\"Tiempo de lectura\" \/>\n\t<meta name=\"twitter:data2\" content=\"1 minuto\" \/>\n<script type=\"application\/ld+json\" class=\"yoast-schema-graph\">{\"@context\":\"https:\/\/schema.org\",\"@graph\":[{\"@type\":\"WebPage\",\"@id\":\"https:\/\/thepueblatimes.mx\/index.php\/2026\/01\/07\/asesinan-a-un-hombre-en-san-francisco-totimehuacan-de-puebla\/\",\"url\":\"https:\/\/thepueblatimes.mx\/index.php\/2026\/01\/07\/asesinan-a-un-hombre-en-san-francisco-totimehuacan-de-puebla\/\",\"name\":\"Asesinan a un hombre en San Francisco Totimehuacan de Puebla - The Puebla Times\",\"isPartOf\":{\"@id\":\"https:\/\/thepueblatimes.mx\/#website\"},\"datePublished\":\"2026-01-07T20:55:17+00:00\",\"dateModified\":\"2026-01-07T20:55:17+00:00\",\"author\":{\"@id\":\"https:\/\/thepueblatimes.mx\/#\/schema\/person\/1664894c2f65ce2c7a08d8f5f905c13c\"},\"breadcrumb\":{\"@id\":\"https:\/\/thepueblatimes.mx\/index.php\/2026\/01\/07\/asesinan-a-un-hombre-en-san-francisco-totimehuacan-de-puebla\/#breadcrumb\"},\"inLanguage\":\"es\",\"potentialAction\":[{\"@type\":\"ReadAction\",\"target\":[\"https:\/\/thepueblatimes.mx\/index.php\/2026\/01\/07\/asesinan-a-un-hombre-en-san-francisco-totimehuacan-de-puebla\/\"]}]},{\"@type\":\"BreadcrumbList\",\"@id\":\"https:\/\/thepueblatimes.mx\/index.php\/2026\/01\/07\/asesinan-a-un-hombre-en-san-francisco-totimehuacan-de-puebla\/#breadcrumb\",\"itemListElement\":[{\"@type\":\"ListItem\",\"position\":1,\"name\":\"Portada\",\"item\":\"https:\/\/thepueblatimes.mx\/\"},{\"@type\":\"ListItem\",\"position\":2,\"name\":\"Asesinan a un hombre en San Francisco Totimehuacan de Puebla\"}]},{\"@type\":\"WebSite\",\"@id\":\"https:\/\/thepueblatimes.mx\/#website\",\"url\":\"https:\/\/thepueblatimes.mx\/\",\"name\":\"The Puebla Times\",\"description\":\"Noticias del Estado de Puebla\",\"potentialAction\":[{\"@type\":\"SearchAction\",\"target\":{\"@type\":\"EntryPoint\",\"urlTemplate\":\"https:\/\/thepueblatimes.mx\/?s={search_term_string}\"},\"query-input\":\"required name=search_term_string\"}],\"inLanguage\":\"es\"},{\"@type\":\"Person\",\"@id\":\"https:\/\/thepueblatimes.mx\/#\/schema\/person\/1664894c2f65ce2c7a08d8f5f905c13c\",\"name\":\"Sa\u00fal Hern\u00e1ndez\",\"image\":{\"@type\":\"ImageObject\",\"inLanguage\":\"es\",\"@id\":\"https:\/\/thepueblatimes.mx\/#\/schema\/person\/image\/\",\"url\":\"https:\/\/secure.gravatar.com\/avatar\/11be338693f243309532caad8f10c930?s=96&d=mm&r=g\",\"contentUrl\":\"https:\/\/secure.gravatar.com\/avatar\/11be338693f243309532caad8f10c930?s=96&d=mm&r=g\",\"caption\":\"Sa\u00fal Hern\u00e1ndez\"},\"url\":\"https:\/\/thepueblatimes.mx\/index.php\/author\/saulhernandez\/\"}]}<\/script>\n<!-- \/ Yoast SEO plugin. -->","yoast_head_json":{"title":"Asesinan a un hombre en San Francisco Totimehuacan de Puebla - The Puebla Times","robots":{"index":"index","follow":"follow","max-snippet":"max-snippet:-1","max-image-preview":"max-image-preview:large","max-video-preview":"max-video-preview:-1"},"canonical":"https:\/\/thepueblatimes.mx\/index.php\/2026\/01\/07\/asesinan-a-un-hombre-en-san-francisco-totimehuacan-de-puebla\/","og_locale":"es_ES","og_type":"article","og_title":"Asesinan a un hombre en San Francisco Totimehuacan de Puebla - The Puebla Times","og_description":"Asesinaron a un hombre en calles de San Francisco Totimehuacan, en lo que inicialmente se considera como un ataque directo perpetrado por sicarios. Los primeros datos, en el plano extra oficial, indican que el asesinado era padre de familia de uno de los dos j\u00f3venes hallados muertos en San Pedro Zacachimalpa. El crimen se registr\u00f3...","og_url":"https:\/\/thepueblatimes.mx\/index.php\/2026\/01\/07\/asesinan-a-un-hombre-en-san-francisco-totimehuacan-de-puebla\/","og_site_name":"The Puebla Times","article_published_time":"2026-01-07T20:55:17+00:00","og_image":[{"width":1280,"height":855,"url":"https:\/\/thepueblatimes.mx\/wp-content\/uploads\/2026\/01\/G-FCDKHWkAASmNu.jpeg","type":"image\/jpeg"}],"author":"Sa\u00fal Hern\u00e1ndez","twitter_card":"summary_large_image","twitter_misc":{"Escrito por":"Sa\u00fal Hern\u00e1ndez","Tiempo de lectura":"1 minuto"},"schema":{"@context":"https:\/\/schema.org","@graph":[{"@type":"WebPage","@id":"https:\/\/thepueblatimes.mx\/index.php\/2026\/01\/07\/asesinan-a-un-hombre-en-san-francisco-totimehuacan-de-puebla\/","url":"https:\/\/thepueblatimes.mx\/index.php\/2026\/01\/07\/asesinan-a-un-hombre-en-san-francisco-totimehuacan-de-puebla\/","name":"Asesinan a un hombre en San Francisco Totimehuacan de Puebla - The Puebla Times","isPartOf":{"@id":"https:\/\/thepueblatimes.mx\/#website"},"datePublished":"2026-01-07T20:55:17+00:00","dateModified":"2026-01-07T20:55:17+00:00","author":{"@id":"https:\/\/thepueblatimes.mx\/#\/schema\/person\/1664894c2f65ce2c7a08d8f5f905c13c"},"breadcrumb":{"@id":"https:\/\/thepueblatimes.mx\/index.php\/2026\/01\/07\/asesinan-a-un-hombre-en-san-francisco-totimehuacan-de-puebla\/#breadcrumb"},"inLanguage":"es","potentialAction":[{"@type":"ReadAction","target":["https:\/\/thepueblatimes.mx\/index.php\/2026\/01\/07\/asesinan-a-un-hombre-en-san-francisco-totimehuacan-de-puebla\/"]}]},{"@type":"BreadcrumbList","@id":"https:\/\/thepueblatimes.mx\/index.php\/2026\/01\/07\/asesinan-a-un-hombre-en-san-francisco-totimehuacan-de-puebla\/#breadcrumb","itemListElement":[{"@type":"ListItem","position":1,"name":"Portada","item":"https:\/\/thepueblatimes.mx\/"},{"@type":"ListItem","position":2,"name":"Asesinan a un hombre en San Francisco Totimehuacan de Puebla"}]},{"@type":"WebSite","@id":"https:\/\/thepueblatimes.mx\/#website","url":"https:\/\/thepueblatimes.mx\/","name":"The Puebla Times","description":"Noticias del Estado de Puebla","potentialAction":[{"@type":"SearchAction","target":{"@type":"EntryPoint","urlTemplate":"https:\/\/thepueblatimes.mx\/?s={search_term_string}"},"query-input":"required name=search_term_string"}],"inLanguage":"es"},{"@type":"Person","@id":"https:\/\/thepueblatimes.mx\/#\/schema\/person\/1664894c2f65ce2c7a08d8f5f905c13c","name":"Sa\u00fal Hern\u00e1ndez","image":{"@type":"ImageObject","inLanguage":"es","@id":"https:\/\/thepueblatimes.mx\/#\/schema\/person\/image\/","url":"https:\/\/secure.gravatar.com\/avatar\/11be338693f243309532caad8f10c930?s=96&d=mm&r=g","contentUrl":"https:\/\/secure.gravatar.com\/avatar\/11be338693f243309532caad8f10c930?s=96&d=mm&r=g","caption":"Sa\u00fal Hern\u00e1ndez"},"url":"https:\/\/thepueblatimes.mx\/index.php\/author\/saulhernandez\/"}]}},"jetpack_featured_media_url":"https:\/\/thepueblatimes.mx\/wp-content\/uploads\/2026\/01\/G-FCDKHWkAASmNu.jpeg","_links":{"self":[{"href":"https:\/\/thepueblatimes.mx\/index.php\/wp-json\/wp\/v2\/posts\/35398"}],"collection":[{"href":"https:\/\/thepueblatimes.mx\/index.php\/wp-json\/wp\/v2\/posts"}],"about":[{"href":"https:\/\/thepueblatimes.mx\/index.php\/wp-json\/wp\/v2\/types\/post"}],"author":[{"embeddable":true,"href":"https:\/\/thepueblatimes.mx\/index.php\/wp-json\/wp\/v2\/users\/16"}],"replies":[{"embeddable":true,"href":"https:\/\/thepueblatimes.mx\/index.php\/wp-json\/wp\/v2\/comments?post=35398"}],"version-history":[{"count":1,"href":"https:\/\/thepueblatimes.mx\/index.php\/wp-json\/wp\/v2\/posts\/35398\/revisions"}],"predecessor-version":[{"id":35400,"href":"https:\/\/thepueblatimes.mx\/index.php\/wp-json\/wp\/v2\/posts\/35398\/revisions\/35400"}],"wp:featuredmedia":[{"embeddable":true,"href":"https:\/\/thepueblatimes.mx\/index.php\/wp-json\/wp\/v2\/media\/35399"}],"wp:attachment":[{"href":"https:\/\/thepueblatimes.mx\/index.php\/wp-json\/wp\/v2\/media?parent=35398"}],"wp:term":[{"taxonomy":"category","embeddable":true,"href":"https:\/\/thepueblatimes.mx\/index.php\/wp-json\/wp\/v2\/categories?post=35398"},{"taxonomy":"post_tag","embeddable":true,"href":"https:\/\/thepueblatimes.mx\/index.php\/wp-json\/wp\/v2\/tags?post=35398"}],"curies":[{"name":"wp","href":"https:\/\/api.w.org\/{rel}","templated":true}]}}