{"id":35363,"date":"2026-01-05T12:21:50","date_gmt":"2026-01-05T18:21:50","guid":{"rendered":"https:\/\/thepueblatimes.mx\/?p=35363"},"modified":"2026-01-05T12:21:50","modified_gmt":"2026-01-05T18:21:50","slug":"se-creara-la-figura-de-diputado-migrante-pavel-gaspar","status":"publish","type":"post","link":"https:\/\/thepueblatimes.mx\/index.php\/2026\/01\/05\/se-creara-la-figura-de-diputado-migrante-pavel-gaspar\/","title":{"rendered":"Se crear\u00e1 la figura de diputado migrante: Pavel Gaspar"},"content":{"rendered":"<p>El Congreso del Estado de Puebla crear\u00e1 la figura de diputado migrante, a partir del proceso electoral de 2027, anticipo el presidente de la Jugocopo, Pavel Gaspar Ram\u00edrez.<\/p>\n<p>A\u00f1adi\u00f3 que la LXII Legislatura logr\u00f3 concretar la iniciativa que permitir\u00e1 que las y los migrantes poblanos cuenten con voz y voto en el Legislativo estatal. Con ello, Puebla sumaria a Oaxaca y la Ciudad de M\u00e9xico, en donde ya opera la figura de diputado migrante.<\/p>\n<p>Expres\u00f3 \u201ces el primer paso de justicia social para un sector que ha sostenido econ\u00f3mica y socialmente a nuestras comunidades\u201d.<\/p>\n<p>\u201cQuienes somos migrantes sabemos que, aunque estemos fuera, siempre estamos atentos a lo que necesitan nuestros pueblos: desde fiestas patronales hasta obras comunitarias. Muchas regiones, como la Mixteca poblana, no podr\u00edan existir sin la aportaci\u00f3n migrante\u201d.<\/p>\n<p>Destac\u00f3, \u201ccuando se hace pol\u00edtica, muchas veces primero hay que convencer al familiar que est\u00e1 fuera, porque es quien sostiene y orienta a la familia\u201d.<\/p>\n<p>Por otra parte, refiri\u00f3 que el Congreso trabaja de manera coordinada con los gobiernos federal y estatal, as\u00ed como con el Instituto Poblano de Atenci\u00f3n al Migrante (IPAM), encabezado por David Espinosa, en torno a los derechos de los migrantes poblanos.<\/p>\n","protected":false},"excerpt":{"rendered":"<p>El Congreso del Estado de Puebla crear\u00e1 la figura de diputado migrante, a partir del proceso electoral de 2027, anticipo el presidente de la Jugocopo, Pavel Gaspar Ram\u00edrez. A\u00f1adi\u00f3 que la LXII Legislatura logr\u00f3 concretar la iniciativa que permitir\u00e1 que las y los migrantes poblanos cuenten con voz y voto en el Legislativo estatal. Con&#8230;<\/p>\n","protected":false},"author":16,"featured_media":35364,"comment_status":"closed","ping_status":"closed","sticky":false,"template":"","format":"standard","meta":[],"categories":[542],"tags":[2323,4401,4400,4126],"yoast_head":"<!-- This site is optimized with the Yoast SEO plugin v20.8 - https:\/\/yoast.com\/wordpress\/plugins\/seo\/ -->\n<title>Se crear\u00e1 la figura de diputado migrante: Pavel Gaspar - The Puebla Times<\/title>\n<meta name=\"robots\" content=\"index, follow, max-snippet:-1, max-image-preview:large, max-video-preview:-1\" \/>\n<link rel=\"canonical\" href=\"https:\/\/thepueblatimes.mx\/index.php\/2026\/01\/05\/se-creara-la-figura-de-diputado-migrante-pavel-gaspar\/\" \/>\n<meta property=\"og:locale\" content=\"es_ES\" \/>\n<meta property=\"og:type\" content=\"article\" \/>\n<meta property=\"og:title\" content=\"Se crear\u00e1 la figura de diputado migrante: Pavel Gaspar - The Puebla Times\" \/>\n<meta property=\"og:description\" content=\"El Congreso del Estado de Puebla crear\u00e1 la figura de diputado migrante, a partir del proceso electoral de 2027, anticipo el presidente de la Jugocopo, Pavel Gaspar Ram\u00edrez. A\u00f1adi\u00f3 que la LXII Legislatura logr\u00f3 concretar la iniciativa que permitir\u00e1 que las y los migrantes poblanos cuenten con voz y voto en el Legislativo estatal. Con...\" \/>\n<meta property=\"og:url\" content=\"https:\/\/thepueblatimes.mx\/index.php\/2026\/01\/05\/se-creara-la-figura-de-diputado-migrante-pavel-gaspar\/\" \/>\n<meta property=\"og:site_name\" content=\"The Puebla Times\" \/>\n<meta property=\"article:published_time\" content=\"2026-01-05T18:21:50+00:00\" \/>\n<meta property=\"og:image\" content=\"https:\/\/thepueblatimes.mx\/wp-content\/uploads\/2026\/01\/a4f7087a-pavel_gaspar_ramirez_01-esp-scaled-1.jpeg\" \/>\n\t<meta property=\"og:image:width\" content=\"2560\" \/>\n\t<meta property=\"og:image:height\" content=\"1796\" \/>\n\t<meta property=\"og:image:type\" content=\"image\/jpeg\" \/>\n<meta name=\"author\" content=\"Sa\u00fal Hern\u00e1ndez\" \/>\n<meta name=\"twitter:card\" content=\"summary_large_image\" \/>\n<meta name=\"twitter:label1\" content=\"Escrito por\" \/>\n\t<meta name=\"twitter:data1\" content=\"Sa\u00fal Hern\u00e1ndez\" \/>\n\t<meta name=\"twitter:label2\" content=\"Tiempo de lectura\" \/>\n\t<meta name=\"twitter:data2\" content=\"1 minuto\" \/>\n<script type=\"application\/ld+json\" class=\"yoast-schema-graph\">{\"@context\":\"https:\/\/schema.org\",\"@graph\":[{\"@type\":\"WebPage\",\"@id\":\"https:\/\/thepueblatimes.mx\/index.php\/2026\/01\/05\/se-creara-la-figura-de-diputado-migrante-pavel-gaspar\/\",\"url\":\"https:\/\/thepueblatimes.mx\/index.php\/2026\/01\/05\/se-creara-la-figura-de-diputado-migrante-pavel-gaspar\/\",\"name\":\"Se crear\u00e1 la figura de diputado migrante: Pavel Gaspar - The Puebla Times\",\"isPartOf\":{\"@id\":\"https:\/\/thepueblatimes.mx\/#website\"},\"datePublished\":\"2026-01-05T18:21:50+00:00\",\"dateModified\":\"2026-01-05T18:21:50+00:00\",\"author\":{\"@id\":\"https:\/\/thepueblatimes.mx\/#\/schema\/person\/1664894c2f65ce2c7a08d8f5f905c13c\"},\"breadcrumb\":{\"@id\":\"https:\/\/thepueblatimes.mx\/index.php\/2026\/01\/05\/se-creara-la-figura-de-diputado-migrante-pavel-gaspar\/#breadcrumb\"},\"inLanguage\":\"es\",\"potentialAction\":[{\"@type\":\"ReadAction\",\"target\":[\"https:\/\/thepueblatimes.mx\/index.php\/2026\/01\/05\/se-creara-la-figura-de-diputado-migrante-pavel-gaspar\/\"]}]},{\"@type\":\"BreadcrumbList\",\"@id\":\"https:\/\/thepueblatimes.mx\/index.php\/2026\/01\/05\/se-creara-la-figura-de-diputado-migrante-pavel-gaspar\/#breadcrumb\",\"itemListElement\":[{\"@type\":\"ListItem\",\"position\":1,\"name\":\"Portada\",\"item\":\"https:\/\/thepueblatimes.mx\/\"},{\"@type\":\"ListItem\",\"position\":2,\"name\":\"Se crear\u00e1 la figura de diputado migrante: Pavel Gaspar\"}]},{\"@type\":\"WebSite\",\"@id\":\"https:\/\/thepueblatimes.mx\/#website\",\"url\":\"https:\/\/thepueblatimes.mx\/\",\"name\":\"The Puebla Times\",\"description\":\"Noticias del Estado de Puebla\",\"potentialAction\":[{\"@type\":\"SearchAction\",\"target\":{\"@type\":\"EntryPoint\",\"urlTemplate\":\"https:\/\/thepueblatimes.mx\/?s={search_term_string}\"},\"query-input\":\"required name=search_term_string\"}],\"inLanguage\":\"es\"},{\"@type\":\"Person\",\"@id\":\"https:\/\/thepueblatimes.mx\/#\/schema\/person\/1664894c2f65ce2c7a08d8f5f905c13c\",\"name\":\"Sa\u00fal Hern\u00e1ndez\",\"image\":{\"@type\":\"ImageObject\",\"inLanguage\":\"es\",\"@id\":\"https:\/\/thepueblatimes.mx\/#\/schema\/person\/image\/\",\"url\":\"https:\/\/secure.gravatar.com\/avatar\/11be338693f243309532caad8f10c930?s=96&d=mm&r=g\",\"contentUrl\":\"https:\/\/secure.gravatar.com\/avatar\/11be338693f243309532caad8f10c930?s=96&d=mm&r=g\",\"caption\":\"Sa\u00fal Hern\u00e1ndez\"},\"url\":\"https:\/\/thepueblatimes.mx\/index.php\/author\/saulhernandez\/\"}]}<\/script>\n<!-- \/ Yoast SEO plugin. -->","yoast_head_json":{"title":"Se crear\u00e1 la figura de diputado migrante: Pavel Gaspar - The Puebla Times","robots":{"index":"index","follow":"follow","max-snippet":"max-snippet:-1","max-image-preview":"max-image-preview:large","max-video-preview":"max-video-preview:-1"},"canonical":"https:\/\/thepueblatimes.mx\/index.php\/2026\/01\/05\/se-creara-la-figura-de-diputado-migrante-pavel-gaspar\/","og_locale":"es_ES","og_type":"article","og_title":"Se crear\u00e1 la figura de diputado migrante: Pavel Gaspar - The Puebla Times","og_description":"El Congreso del Estado de Puebla crear\u00e1 la figura de diputado migrante, a partir del proceso electoral de 2027, anticipo el presidente de la Jugocopo, Pavel Gaspar Ram\u00edrez. A\u00f1adi\u00f3 que la LXII Legislatura logr\u00f3 concretar la iniciativa que permitir\u00e1 que las y los migrantes poblanos cuenten con voz y voto en el Legislativo estatal. Con...","og_url":"https:\/\/thepueblatimes.mx\/index.php\/2026\/01\/05\/se-creara-la-figura-de-diputado-migrante-pavel-gaspar\/","og_site_name":"The Puebla Times","article_published_time":"2026-01-05T18:21:50+00:00","og_image":[{"width":2560,"height":1796,"url":"https:\/\/thepueblatimes.mx\/wp-content\/uploads\/2026\/01\/a4f7087a-pavel_gaspar_ramirez_01-esp-scaled-1.jpeg","type":"image\/jpeg"}],"author":"Sa\u00fal Hern\u00e1ndez","twitter_card":"summary_large_image","twitter_misc":{"Escrito por":"Sa\u00fal Hern\u00e1ndez","Tiempo de lectura":"1 minuto"},"schema":{"@context":"https:\/\/schema.org","@graph":[{"@type":"WebPage","@id":"https:\/\/thepueblatimes.mx\/index.php\/2026\/01\/05\/se-creara-la-figura-de-diputado-migrante-pavel-gaspar\/","url":"https:\/\/thepueblatimes.mx\/index.php\/2026\/01\/05\/se-creara-la-figura-de-diputado-migrante-pavel-gaspar\/","name":"Se crear\u00e1 la figura de diputado migrante: Pavel Gaspar - The Puebla Times","isPartOf":{"@id":"https:\/\/thepueblatimes.mx\/#website"},"datePublished":"2026-01-05T18:21:50+00:00","dateModified":"2026-01-05T18:21:50+00:00","author":{"@id":"https:\/\/thepueblatimes.mx\/#\/schema\/person\/1664894c2f65ce2c7a08d8f5f905c13c"},"breadcrumb":{"@id":"https:\/\/thepueblatimes.mx\/index.php\/2026\/01\/05\/se-creara-la-figura-de-diputado-migrante-pavel-gaspar\/#breadcrumb"},"inLanguage":"es","potentialAction":[{"@type":"ReadAction","target":["https:\/\/thepueblatimes.mx\/index.php\/2026\/01\/05\/se-creara-la-figura-de-diputado-migrante-pavel-gaspar\/"]}]},{"@type":"BreadcrumbList","@id":"https:\/\/thepueblatimes.mx\/index.php\/2026\/01\/05\/se-creara-la-figura-de-diputado-migrante-pavel-gaspar\/#breadcrumb","itemListElement":[{"@type":"ListItem","position":1,"name":"Portada","item":"https:\/\/thepueblatimes.mx\/"},{"@type":"ListItem","position":2,"name":"Se crear\u00e1 la figura de diputado migrante: Pavel Gaspar"}]},{"@type":"WebSite","@id":"https:\/\/thepueblatimes.mx\/#website","url":"https:\/\/thepueblatimes.mx\/","name":"The Puebla Times","description":"Noticias del Estado de Puebla","potentialAction":[{"@type":"SearchAction","target":{"@type":"EntryPoint","urlTemplate":"https:\/\/thepueblatimes.mx\/?s={search_term_string}"},"query-input":"required name=search_term_string"}],"inLanguage":"es"},{"@type":"Person","@id":"https:\/\/thepueblatimes.mx\/#\/schema\/person\/1664894c2f65ce2c7a08d8f5f905c13c","name":"Sa\u00fal Hern\u00e1ndez","image":{"@type":"ImageObject","inLanguage":"es","@id":"https:\/\/thepueblatimes.mx\/#\/schema\/person\/image\/","url":"https:\/\/secure.gravatar.com\/avatar\/11be338693f243309532caad8f10c930?s=96&d=mm&r=g","contentUrl":"https:\/\/secure.gravatar.com\/avatar\/11be338693f243309532caad8f10c930?s=96&d=mm&r=g","caption":"Sa\u00fal Hern\u00e1ndez"},"url":"https:\/\/thepueblatimes.mx\/index.php\/author\/saulhernandez\/"}]}},"jetpack_featured_media_url":"https:\/\/thepueblatimes.mx\/wp-content\/uploads\/2026\/01\/a4f7087a-pavel_gaspar_ramirez_01-esp-scaled-1.jpeg","_links":{"self":[{"href":"https:\/\/thepueblatimes.mx\/index.php\/wp-json\/wp\/v2\/posts\/35363"}],"collection":[{"href":"https:\/\/thepueblatimes.mx\/index.php\/wp-json\/wp\/v2\/posts"}],"about":[{"href":"https:\/\/thepueblatimes.mx\/index.php\/wp-json\/wp\/v2\/types\/post"}],"author":[{"embeddable":true,"href":"https:\/\/thepueblatimes.mx\/index.php\/wp-json\/wp\/v2\/users\/16"}],"replies":[{"embeddable":true,"href":"https:\/\/thepueblatimes.mx\/index.php\/wp-json\/wp\/v2\/comments?post=35363"}],"version-history":[{"count":1,"href":"https:\/\/thepueblatimes.mx\/index.php\/wp-json\/wp\/v2\/posts\/35363\/revisions"}],"predecessor-version":[{"id":35365,"href":"https:\/\/thepueblatimes.mx\/index.php\/wp-json\/wp\/v2\/posts\/35363\/revisions\/35365"}],"wp:featuredmedia":[{"embeddable":true,"href":"https:\/\/thepueblatimes.mx\/index.php\/wp-json\/wp\/v2\/media\/35364"}],"wp:attachment":[{"href":"https:\/\/thepueblatimes.mx\/index.php\/wp-json\/wp\/v2\/media?parent=35363"}],"wp:term":[{"taxonomy":"category","embeddable":true,"href":"https:\/\/thepueblatimes.mx\/index.php\/wp-json\/wp\/v2\/categories?post=35363"},{"taxonomy":"post_tag","embeddable":true,"href":"https:\/\/thepueblatimes.mx\/index.php\/wp-json\/wp\/v2\/tags?post=35363"}],"curies":[{"name":"wp","href":"https:\/\/api.w.org\/{rel}","templated":true}]}}