{"id":35345,"date":"2026-01-03T13:54:29","date_gmt":"2026-01-03T19:54:29","guid":{"rendered":"https:\/\/thepueblatimes.mx\/?p=35345"},"modified":"2026-01-03T13:54:29","modified_gmt":"2026-01-03T19:54:29","slug":"el-motociclista-que-fue-localizado-sin-vida-seria-taquero","status":"publish","type":"post","link":"https:\/\/thepueblatimes.mx\/index.php\/2026\/01\/03\/el-motociclista-que-fue-localizado-sin-vida-seria-taquero\/","title":{"rendered":"El motociclista que fue localizado sin vida; ser\u00eda taquero"},"content":{"rendered":"<p>El motociclista que fue localizado sin vida, durante la ma\u00f1ana del 2 de enero, en San Bernab\u00e9 Temoxtitla fue identificado.<\/p>\n<p>Sus familiares indicaron que se desempe\u00f1aba como taquero, al tiempo que solicitaron que les entreguen el cuerpo a la brevedad, para proceder a velarlo y posteriormente sepultarlo.<\/p>\n<p>Debido a las lesiones producidas por arma blanca, se presume que fue victima de un asalto, por lo que sus deudos demandan que se investigue en caso.<\/p>\n<p>Agregaron que presumiblemente previo al crimen el motociclista habr\u00eda cerrado la taquer\u00eda.<\/p>\n<p>El caso es investigado por la Fiscal\u00eda estatal.<\/p>\n","protected":false},"excerpt":{"rendered":"<p>El motociclista que fue localizado sin vida, durante la ma\u00f1ana del 2 de enero, en San Bernab\u00e9 Temoxtitla fue identificado. Sus familiares indicaron que se desempe\u00f1aba como taquero, al tiempo que solicitaron que les entreguen el cuerpo a la brevedad, para proceder a velarlo y posteriormente sepultarlo. Debido a las lesiones producidas por arma blanca,&#8230;<\/p>\n","protected":false},"author":16,"featured_media":35349,"comment_status":"closed","ping_status":"closed","sticky":false,"template":"","format":"standard","meta":[],"categories":[121],"tags":[3555,2967,276,180,4398],"yoast_head":"<!-- This site is optimized with the Yoast SEO plugin v20.8 - https:\/\/yoast.com\/wordpress\/plugins\/seo\/ -->\n<title>El motociclista que fue localizado sin vida; ser\u00eda taquero - The Puebla Times<\/title>\n<meta name=\"robots\" content=\"index, follow, max-snippet:-1, max-image-preview:large, max-video-preview:-1\" \/>\n<link rel=\"canonical\" href=\"https:\/\/thepueblatimes.mx\/index.php\/2026\/01\/03\/el-motociclista-que-fue-localizado-sin-vida-seria-taquero\/\" \/>\n<meta property=\"og:locale\" content=\"es_ES\" \/>\n<meta property=\"og:type\" content=\"article\" \/>\n<meta property=\"og:title\" content=\"El motociclista que fue localizado sin vida; ser\u00eda taquero - The Puebla Times\" \/>\n<meta property=\"og:description\" content=\"El motociclista que fue localizado sin vida, durante la ma\u00f1ana del 2 de enero, en San Bernab\u00e9 Temoxtitla fue identificado. Sus familiares indicaron que se desempe\u00f1aba como taquero, al tiempo que solicitaron que les entreguen el cuerpo a la brevedad, para proceder a velarlo y posteriormente sepultarlo. Debido a las lesiones producidas por arma blanca,...\" \/>\n<meta property=\"og:url\" content=\"https:\/\/thepueblatimes.mx\/index.php\/2026\/01\/03\/el-motociclista-que-fue-localizado-sin-vida-seria-taquero\/\" \/>\n<meta property=\"og:site_name\" content=\"The Puebla Times\" \/>\n<meta property=\"article:published_time\" content=\"2026-01-03T19:54:29+00:00\" \/>\n<meta property=\"og:image\" content=\"https:\/\/thepueblatimes.mx\/wp-content\/uploads\/2026\/01\/WhatsApp-Image-2026-01-02-at-8.10.43-AM-1-630x420-1.jpeg\" \/>\n\t<meta property=\"og:image:width\" content=\"630\" \/>\n\t<meta property=\"og:image:height\" content=\"420\" \/>\n\t<meta property=\"og:image:type\" content=\"image\/jpeg\" \/>\n<meta name=\"author\" content=\"Sa\u00fal Hern\u00e1ndez\" \/>\n<meta name=\"twitter:card\" content=\"summary_large_image\" \/>\n<meta name=\"twitter:label1\" content=\"Escrito por\" \/>\n\t<meta name=\"twitter:data1\" content=\"Sa\u00fal Hern\u00e1ndez\" \/>\n\t<meta name=\"twitter:label2\" content=\"Tiempo de lectura\" \/>\n\t<meta name=\"twitter:data2\" content=\"1 minuto\" \/>\n<script type=\"application\/ld+json\" class=\"yoast-schema-graph\">{\"@context\":\"https:\/\/schema.org\",\"@graph\":[{\"@type\":\"WebPage\",\"@id\":\"https:\/\/thepueblatimes.mx\/index.php\/2026\/01\/03\/el-motociclista-que-fue-localizado-sin-vida-seria-taquero\/\",\"url\":\"https:\/\/thepueblatimes.mx\/index.php\/2026\/01\/03\/el-motociclista-que-fue-localizado-sin-vida-seria-taquero\/\",\"name\":\"El motociclista que fue localizado sin vida; ser\u00eda taquero - The Puebla Times\",\"isPartOf\":{\"@id\":\"https:\/\/thepueblatimes.mx\/#website\"},\"datePublished\":\"2026-01-03T19:54:29+00:00\",\"dateModified\":\"2026-01-03T19:54:29+00:00\",\"author\":{\"@id\":\"https:\/\/thepueblatimes.mx\/#\/schema\/person\/1664894c2f65ce2c7a08d8f5f905c13c\"},\"breadcrumb\":{\"@id\":\"https:\/\/thepueblatimes.mx\/index.php\/2026\/01\/03\/el-motociclista-que-fue-localizado-sin-vida-seria-taquero\/#breadcrumb\"},\"inLanguage\":\"es\",\"potentialAction\":[{\"@type\":\"ReadAction\",\"target\":[\"https:\/\/thepueblatimes.mx\/index.php\/2026\/01\/03\/el-motociclista-que-fue-localizado-sin-vida-seria-taquero\/\"]}]},{\"@type\":\"BreadcrumbList\",\"@id\":\"https:\/\/thepueblatimes.mx\/index.php\/2026\/01\/03\/el-motociclista-que-fue-localizado-sin-vida-seria-taquero\/#breadcrumb\",\"itemListElement\":[{\"@type\":\"ListItem\",\"position\":1,\"name\":\"Portada\",\"item\":\"https:\/\/thepueblatimes.mx\/\"},{\"@type\":\"ListItem\",\"position\":2,\"name\":\"El motociclista que fue localizado sin vida; ser\u00eda taquero\"}]},{\"@type\":\"WebSite\",\"@id\":\"https:\/\/thepueblatimes.mx\/#website\",\"url\":\"https:\/\/thepueblatimes.mx\/\",\"name\":\"The Puebla Times\",\"description\":\"Noticias del Estado de Puebla\",\"potentialAction\":[{\"@type\":\"SearchAction\",\"target\":{\"@type\":\"EntryPoint\",\"urlTemplate\":\"https:\/\/thepueblatimes.mx\/?s={search_term_string}\"},\"query-input\":\"required name=search_term_string\"}],\"inLanguage\":\"es\"},{\"@type\":\"Person\",\"@id\":\"https:\/\/thepueblatimes.mx\/#\/schema\/person\/1664894c2f65ce2c7a08d8f5f905c13c\",\"name\":\"Sa\u00fal Hern\u00e1ndez\",\"image\":{\"@type\":\"ImageObject\",\"inLanguage\":\"es\",\"@id\":\"https:\/\/thepueblatimes.mx\/#\/schema\/person\/image\/\",\"url\":\"https:\/\/secure.gravatar.com\/avatar\/11be338693f243309532caad8f10c930?s=96&d=mm&r=g\",\"contentUrl\":\"https:\/\/secure.gravatar.com\/avatar\/11be338693f243309532caad8f10c930?s=96&d=mm&r=g\",\"caption\":\"Sa\u00fal Hern\u00e1ndez\"},\"url\":\"https:\/\/thepueblatimes.mx\/index.php\/author\/saulhernandez\/\"}]}<\/script>\n<!-- \/ Yoast SEO plugin. -->","yoast_head_json":{"title":"El motociclista que fue localizado sin vida; ser\u00eda taquero - The Puebla Times","robots":{"index":"index","follow":"follow","max-snippet":"max-snippet:-1","max-image-preview":"max-image-preview:large","max-video-preview":"max-video-preview:-1"},"canonical":"https:\/\/thepueblatimes.mx\/index.php\/2026\/01\/03\/el-motociclista-que-fue-localizado-sin-vida-seria-taquero\/","og_locale":"es_ES","og_type":"article","og_title":"El motociclista que fue localizado sin vida; ser\u00eda taquero - The Puebla Times","og_description":"El motociclista que fue localizado sin vida, durante la ma\u00f1ana del 2 de enero, en San Bernab\u00e9 Temoxtitla fue identificado. Sus familiares indicaron que se desempe\u00f1aba como taquero, al tiempo que solicitaron que les entreguen el cuerpo a la brevedad, para proceder a velarlo y posteriormente sepultarlo. Debido a las lesiones producidas por arma blanca,...","og_url":"https:\/\/thepueblatimes.mx\/index.php\/2026\/01\/03\/el-motociclista-que-fue-localizado-sin-vida-seria-taquero\/","og_site_name":"The Puebla Times","article_published_time":"2026-01-03T19:54:29+00:00","og_image":[{"width":630,"height":420,"url":"https:\/\/thepueblatimes.mx\/wp-content\/uploads\/2026\/01\/WhatsApp-Image-2026-01-02-at-8.10.43-AM-1-630x420-1.jpeg","type":"image\/jpeg"}],"author":"Sa\u00fal Hern\u00e1ndez","twitter_card":"summary_large_image","twitter_misc":{"Escrito por":"Sa\u00fal Hern\u00e1ndez","Tiempo de lectura":"1 minuto"},"schema":{"@context":"https:\/\/schema.org","@graph":[{"@type":"WebPage","@id":"https:\/\/thepueblatimes.mx\/index.php\/2026\/01\/03\/el-motociclista-que-fue-localizado-sin-vida-seria-taquero\/","url":"https:\/\/thepueblatimes.mx\/index.php\/2026\/01\/03\/el-motociclista-que-fue-localizado-sin-vida-seria-taquero\/","name":"El motociclista que fue localizado sin vida; ser\u00eda taquero - The Puebla Times","isPartOf":{"@id":"https:\/\/thepueblatimes.mx\/#website"},"datePublished":"2026-01-03T19:54:29+00:00","dateModified":"2026-01-03T19:54:29+00:00","author":{"@id":"https:\/\/thepueblatimes.mx\/#\/schema\/person\/1664894c2f65ce2c7a08d8f5f905c13c"},"breadcrumb":{"@id":"https:\/\/thepueblatimes.mx\/index.php\/2026\/01\/03\/el-motociclista-que-fue-localizado-sin-vida-seria-taquero\/#breadcrumb"},"inLanguage":"es","potentialAction":[{"@type":"ReadAction","target":["https:\/\/thepueblatimes.mx\/index.php\/2026\/01\/03\/el-motociclista-que-fue-localizado-sin-vida-seria-taquero\/"]}]},{"@type":"BreadcrumbList","@id":"https:\/\/thepueblatimes.mx\/index.php\/2026\/01\/03\/el-motociclista-que-fue-localizado-sin-vida-seria-taquero\/#breadcrumb","itemListElement":[{"@type":"ListItem","position":1,"name":"Portada","item":"https:\/\/thepueblatimes.mx\/"},{"@type":"ListItem","position":2,"name":"El motociclista que fue localizado sin vida; ser\u00eda taquero"}]},{"@type":"WebSite","@id":"https:\/\/thepueblatimes.mx\/#website","url":"https:\/\/thepueblatimes.mx\/","name":"The Puebla Times","description":"Noticias del Estado de Puebla","potentialAction":[{"@type":"SearchAction","target":{"@type":"EntryPoint","urlTemplate":"https:\/\/thepueblatimes.mx\/?s={search_term_string}"},"query-input":"required name=search_term_string"}],"inLanguage":"es"},{"@type":"Person","@id":"https:\/\/thepueblatimes.mx\/#\/schema\/person\/1664894c2f65ce2c7a08d8f5f905c13c","name":"Sa\u00fal Hern\u00e1ndez","image":{"@type":"ImageObject","inLanguage":"es","@id":"https:\/\/thepueblatimes.mx\/#\/schema\/person\/image\/","url":"https:\/\/secure.gravatar.com\/avatar\/11be338693f243309532caad8f10c930?s=96&d=mm&r=g","contentUrl":"https:\/\/secure.gravatar.com\/avatar\/11be338693f243309532caad8f10c930?s=96&d=mm&r=g","caption":"Sa\u00fal Hern\u00e1ndez"},"url":"https:\/\/thepueblatimes.mx\/index.php\/author\/saulhernandez\/"}]}},"jetpack_featured_media_url":"https:\/\/thepueblatimes.mx\/wp-content\/uploads\/2026\/01\/WhatsApp-Image-2026-01-02-at-8.10.43-AM-1-630x420-1.jpeg","_links":{"self":[{"href":"https:\/\/thepueblatimes.mx\/index.php\/wp-json\/wp\/v2\/posts\/35345"}],"collection":[{"href":"https:\/\/thepueblatimes.mx\/index.php\/wp-json\/wp\/v2\/posts"}],"about":[{"href":"https:\/\/thepueblatimes.mx\/index.php\/wp-json\/wp\/v2\/types\/post"}],"author":[{"embeddable":true,"href":"https:\/\/thepueblatimes.mx\/index.php\/wp-json\/wp\/v2\/users\/16"}],"replies":[{"embeddable":true,"href":"https:\/\/thepueblatimes.mx\/index.php\/wp-json\/wp\/v2\/comments?post=35345"}],"version-history":[{"count":1,"href":"https:\/\/thepueblatimes.mx\/index.php\/wp-json\/wp\/v2\/posts\/35345\/revisions"}],"predecessor-version":[{"id":35350,"href":"https:\/\/thepueblatimes.mx\/index.php\/wp-json\/wp\/v2\/posts\/35345\/revisions\/35350"}],"wp:featuredmedia":[{"embeddable":true,"href":"https:\/\/thepueblatimes.mx\/index.php\/wp-json\/wp\/v2\/media\/35349"}],"wp:attachment":[{"href":"https:\/\/thepueblatimes.mx\/index.php\/wp-json\/wp\/v2\/media?parent=35345"}],"wp:term":[{"taxonomy":"category","embeddable":true,"href":"https:\/\/thepueblatimes.mx\/index.php\/wp-json\/wp\/v2\/categories?post=35345"},{"taxonomy":"post_tag","embeddable":true,"href":"https:\/\/thepueblatimes.mx\/index.php\/wp-json\/wp\/v2\/tags?post=35345"}],"curies":[{"name":"wp","href":"https:\/\/api.w.org\/{rel}","templated":true}]}}