{"id":35291,"date":"2025-12-30T15:40:30","date_gmt":"2025-12-30T21:40:30","guid":{"rendered":"https:\/\/thepueblatimes.mx\/?p=35291"},"modified":"2025-12-30T15:40:30","modified_gmt":"2025-12-30T21:40:30","slug":"belinda-impulsa-a-cuetzalan-con-voladores-cascadas-y-cafe","status":"publish","type":"post","link":"https:\/\/thepueblatimes.mx\/index.php\/2025\/12\/30\/belinda-impulsa-a-cuetzalan-con-voladores-cascadas-y-cafe\/","title":{"rendered":"Belinda impulsa a Cuetzalan con voladores, cascadas y caf\u00e9"},"content":{"rendered":"<p>POR V\u00cdCTOR GALLAGA<\/p>\n<h3><em><strong>*La cantante protagoniza un video tur\u00edstico que resalta la riqueza cultural y natural del Pueblo M\u00e1gico de la Sierra Norte de Puebla.<\/strong><\/em><\/h3>\n<p>Belinda se adentra en las brumas de la Sierra Norte poblana para promover los Pueblos M\u00e1gicos de Puebla, con Cuetzalan como escenario central. La pieza audiovisual forma parte de una estrategia de difusi\u00f3n tur\u00edstica y muestra a la artista recorriendo sitios emblem\u00e1ticos, tradiciones vivas y paisajes naturales del municipio.<\/p>\n<p>El video abre en el Santuario de Guadalupe, conocido como la Iglesia de los Jarritos, donde la arquitectura y el cementerio anexo enmarcan la primera secuencia. Desde ah\u00ed, el recorrido visual transita hacia los principales atractivos naturales que han posicionado a Cuetzalan como destino de turismo de aventura.<\/p>\n<p>Las im\u00e1genes destacan las cascadas de la regi\u00f3n, as\u00ed como escenas de rapel en grutas profundas, actividades que forman parte de la oferta ecotur\u00edstica local. Tambi\u00e9n se retratan expresiones culturales de gran arraigo, como el ritual de los Voladores de Cuetzalan, una tradici\u00f3n prehisp\u00e1nica que permanece vigente y es s\u00edmbolo de identidad comunitaria.<\/p>\n<p>En el plano cultural, la cantante participa en el telar de cintura, t\u00e9cnica textil ancestral, y convive con mujeres ind\u00edgenas de la zona. El video subraya adem\u00e1s los procesos tradicionales del caf\u00e9 y el ma\u00edz, ejes de la econom\u00eda local y de la gastronom\u00eda serrana.<\/p>\n<p>A lo largo del material, Belinda acompa\u00f1a las im\u00e1genes con reflexiones po\u00e9ticas sobre el entorno natural y la historia del lugar, y cierra con la frase: \u201cPuebla, el latido de M\u00e9xico\u201d, lema que refuerza la identidad tur\u00edstica del estado.<\/p>\n<p>Esta colaboraci\u00f3n se suma a otras producciones recientes de la artista en territorio poblano, donde ha grabado material audiovisual en distintos municipios. Con ello, Puebla consolida su apuesta por vincular figuras del entretenimiento con la promoci\u00f3n de su patrimonio cultural, natural y comunitario, buscando atraer visitantes nacionales e internacionales.<\/p>\n","protected":false},"excerpt":{"rendered":"<p>POR V\u00cdCTOR GALLAGA *La cantante protagoniza un video tur\u00edstico que resalta la riqueza cultural y natural del Pueblo M\u00e1gico de la Sierra Norte de Puebla. Belinda se adentra en las brumas de la Sierra Norte poblana para promover los Pueblos M\u00e1gicos de Puebla, con Cuetzalan como escenario central. La pieza audiovisual forma parte de una&#8230;<\/p>\n","protected":false},"author":16,"featured_media":35292,"comment_status":"closed","ping_status":"closed","sticky":false,"template":"","format":"standard","meta":[],"categories":[542],"tags":[606,381,1286,1746,1324],"yoast_head":"<!-- This site is optimized with the Yoast SEO plugin v20.8 - https:\/\/yoast.com\/wordpress\/plugins\/seo\/ -->\n<title>Belinda impulsa a Cuetzalan con voladores, cascadas y caf\u00e9 - The Puebla Times<\/title>\n<meta name=\"robots\" content=\"index, follow, max-snippet:-1, max-image-preview:large, max-video-preview:-1\" \/>\n<link rel=\"canonical\" href=\"https:\/\/thepueblatimes.mx\/index.php\/2025\/12\/30\/belinda-impulsa-a-cuetzalan-con-voladores-cascadas-y-cafe\/\" \/>\n<meta property=\"og:locale\" content=\"es_ES\" \/>\n<meta property=\"og:type\" content=\"article\" \/>\n<meta property=\"og:title\" content=\"Belinda impulsa a Cuetzalan con voladores, cascadas y caf\u00e9 - The Puebla Times\" \/>\n<meta property=\"og:description\" content=\"POR V\u00cdCTOR GALLAGA *La cantante protagoniza un video tur\u00edstico que resalta la riqueza cultural y natural del Pueblo M\u00e1gico de la Sierra Norte de Puebla. Belinda se adentra en las brumas de la Sierra Norte poblana para promover los Pueblos M\u00e1gicos de Puebla, con Cuetzalan como escenario central. La pieza audiovisual forma parte de una...\" \/>\n<meta property=\"og:url\" content=\"https:\/\/thepueblatimes.mx\/index.php\/2025\/12\/30\/belinda-impulsa-a-cuetzalan-con-voladores-cascadas-y-cafe\/\" \/>\n<meta property=\"og:site_name\" content=\"The Puebla Times\" \/>\n<meta property=\"article:published_time\" content=\"2025-12-30T21:40:30+00:00\" \/>\n<meta property=\"og:image\" content=\"https:\/\/thepueblatimes.mx\/wp-content\/uploads\/2025\/12\/486713684_674972618384756_563550733571342429_n.jpg\" \/>\n\t<meta property=\"og:image:width\" content=\"1080\" \/>\n\t<meta property=\"og:image:height\" content=\"1308\" \/>\n\t<meta property=\"og:image:type\" content=\"image\/jpeg\" \/>\n<meta name=\"author\" content=\"Sa\u00fal Hern\u00e1ndez\" \/>\n<meta name=\"twitter:card\" content=\"summary_large_image\" \/>\n<meta name=\"twitter:label1\" content=\"Escrito por\" \/>\n\t<meta name=\"twitter:data1\" content=\"Sa\u00fal Hern\u00e1ndez\" \/>\n\t<meta name=\"twitter:label2\" content=\"Tiempo de lectura\" \/>\n\t<meta name=\"twitter:data2\" content=\"2 minutos\" \/>\n<script type=\"application\/ld+json\" class=\"yoast-schema-graph\">{\"@context\":\"https:\/\/schema.org\",\"@graph\":[{\"@type\":\"WebPage\",\"@id\":\"https:\/\/thepueblatimes.mx\/index.php\/2025\/12\/30\/belinda-impulsa-a-cuetzalan-con-voladores-cascadas-y-cafe\/\",\"url\":\"https:\/\/thepueblatimes.mx\/index.php\/2025\/12\/30\/belinda-impulsa-a-cuetzalan-con-voladores-cascadas-y-cafe\/\",\"name\":\"Belinda impulsa a Cuetzalan con voladores, cascadas y caf\u00e9 - The Puebla Times\",\"isPartOf\":{\"@id\":\"https:\/\/thepueblatimes.mx\/#website\"},\"datePublished\":\"2025-12-30T21:40:30+00:00\",\"dateModified\":\"2025-12-30T21:40:30+00:00\",\"author\":{\"@id\":\"https:\/\/thepueblatimes.mx\/#\/schema\/person\/1664894c2f65ce2c7a08d8f5f905c13c\"},\"breadcrumb\":{\"@id\":\"https:\/\/thepueblatimes.mx\/index.php\/2025\/12\/30\/belinda-impulsa-a-cuetzalan-con-voladores-cascadas-y-cafe\/#breadcrumb\"},\"inLanguage\":\"es\",\"potentialAction\":[{\"@type\":\"ReadAction\",\"target\":[\"https:\/\/thepueblatimes.mx\/index.php\/2025\/12\/30\/belinda-impulsa-a-cuetzalan-con-voladores-cascadas-y-cafe\/\"]}]},{\"@type\":\"BreadcrumbList\",\"@id\":\"https:\/\/thepueblatimes.mx\/index.php\/2025\/12\/30\/belinda-impulsa-a-cuetzalan-con-voladores-cascadas-y-cafe\/#breadcrumb\",\"itemListElement\":[{\"@type\":\"ListItem\",\"position\":1,\"name\":\"Portada\",\"item\":\"https:\/\/thepueblatimes.mx\/\"},{\"@type\":\"ListItem\",\"position\":2,\"name\":\"Belinda impulsa a Cuetzalan con voladores, cascadas y caf\u00e9\"}]},{\"@type\":\"WebSite\",\"@id\":\"https:\/\/thepueblatimes.mx\/#website\",\"url\":\"https:\/\/thepueblatimes.mx\/\",\"name\":\"The Puebla Times\",\"description\":\"Noticias del Estado de Puebla\",\"potentialAction\":[{\"@type\":\"SearchAction\",\"target\":{\"@type\":\"EntryPoint\",\"urlTemplate\":\"https:\/\/thepueblatimes.mx\/?s={search_term_string}\"},\"query-input\":\"required name=search_term_string\"}],\"inLanguage\":\"es\"},{\"@type\":\"Person\",\"@id\":\"https:\/\/thepueblatimes.mx\/#\/schema\/person\/1664894c2f65ce2c7a08d8f5f905c13c\",\"name\":\"Sa\u00fal Hern\u00e1ndez\",\"image\":{\"@type\":\"ImageObject\",\"inLanguage\":\"es\",\"@id\":\"https:\/\/thepueblatimes.mx\/#\/schema\/person\/image\/\",\"url\":\"https:\/\/secure.gravatar.com\/avatar\/11be338693f243309532caad8f10c930?s=96&d=mm&r=g\",\"contentUrl\":\"https:\/\/secure.gravatar.com\/avatar\/11be338693f243309532caad8f10c930?s=96&d=mm&r=g\",\"caption\":\"Sa\u00fal Hern\u00e1ndez\"},\"url\":\"https:\/\/thepueblatimes.mx\/index.php\/author\/saulhernandez\/\"}]}<\/script>\n<!-- \/ Yoast SEO plugin. -->","yoast_head_json":{"title":"Belinda impulsa a Cuetzalan con voladores, cascadas y caf\u00e9 - The Puebla Times","robots":{"index":"index","follow":"follow","max-snippet":"max-snippet:-1","max-image-preview":"max-image-preview:large","max-video-preview":"max-video-preview:-1"},"canonical":"https:\/\/thepueblatimes.mx\/index.php\/2025\/12\/30\/belinda-impulsa-a-cuetzalan-con-voladores-cascadas-y-cafe\/","og_locale":"es_ES","og_type":"article","og_title":"Belinda impulsa a Cuetzalan con voladores, cascadas y caf\u00e9 - The Puebla Times","og_description":"POR V\u00cdCTOR GALLAGA *La cantante protagoniza un video tur\u00edstico que resalta la riqueza cultural y natural del Pueblo M\u00e1gico de la Sierra Norte de Puebla. Belinda se adentra en las brumas de la Sierra Norte poblana para promover los Pueblos M\u00e1gicos de Puebla, con Cuetzalan como escenario central. La pieza audiovisual forma parte de una...","og_url":"https:\/\/thepueblatimes.mx\/index.php\/2025\/12\/30\/belinda-impulsa-a-cuetzalan-con-voladores-cascadas-y-cafe\/","og_site_name":"The Puebla Times","article_published_time":"2025-12-30T21:40:30+00:00","og_image":[{"width":1080,"height":1308,"url":"https:\/\/thepueblatimes.mx\/wp-content\/uploads\/2025\/12\/486713684_674972618384756_563550733571342429_n.jpg","type":"image\/jpeg"}],"author":"Sa\u00fal Hern\u00e1ndez","twitter_card":"summary_large_image","twitter_misc":{"Escrito por":"Sa\u00fal Hern\u00e1ndez","Tiempo de lectura":"2 minutos"},"schema":{"@context":"https:\/\/schema.org","@graph":[{"@type":"WebPage","@id":"https:\/\/thepueblatimes.mx\/index.php\/2025\/12\/30\/belinda-impulsa-a-cuetzalan-con-voladores-cascadas-y-cafe\/","url":"https:\/\/thepueblatimes.mx\/index.php\/2025\/12\/30\/belinda-impulsa-a-cuetzalan-con-voladores-cascadas-y-cafe\/","name":"Belinda impulsa a Cuetzalan con voladores, cascadas y caf\u00e9 - The Puebla Times","isPartOf":{"@id":"https:\/\/thepueblatimes.mx\/#website"},"datePublished":"2025-12-30T21:40:30+00:00","dateModified":"2025-12-30T21:40:30+00:00","author":{"@id":"https:\/\/thepueblatimes.mx\/#\/schema\/person\/1664894c2f65ce2c7a08d8f5f905c13c"},"breadcrumb":{"@id":"https:\/\/thepueblatimes.mx\/index.php\/2025\/12\/30\/belinda-impulsa-a-cuetzalan-con-voladores-cascadas-y-cafe\/#breadcrumb"},"inLanguage":"es","potentialAction":[{"@type":"ReadAction","target":["https:\/\/thepueblatimes.mx\/index.php\/2025\/12\/30\/belinda-impulsa-a-cuetzalan-con-voladores-cascadas-y-cafe\/"]}]},{"@type":"BreadcrumbList","@id":"https:\/\/thepueblatimes.mx\/index.php\/2025\/12\/30\/belinda-impulsa-a-cuetzalan-con-voladores-cascadas-y-cafe\/#breadcrumb","itemListElement":[{"@type":"ListItem","position":1,"name":"Portada","item":"https:\/\/thepueblatimes.mx\/"},{"@type":"ListItem","position":2,"name":"Belinda impulsa a Cuetzalan con voladores, cascadas y caf\u00e9"}]},{"@type":"WebSite","@id":"https:\/\/thepueblatimes.mx\/#website","url":"https:\/\/thepueblatimes.mx\/","name":"The Puebla Times","description":"Noticias del Estado de Puebla","potentialAction":[{"@type":"SearchAction","target":{"@type":"EntryPoint","urlTemplate":"https:\/\/thepueblatimes.mx\/?s={search_term_string}"},"query-input":"required name=search_term_string"}],"inLanguage":"es"},{"@type":"Person","@id":"https:\/\/thepueblatimes.mx\/#\/schema\/person\/1664894c2f65ce2c7a08d8f5f905c13c","name":"Sa\u00fal Hern\u00e1ndez","image":{"@type":"ImageObject","inLanguage":"es","@id":"https:\/\/thepueblatimes.mx\/#\/schema\/person\/image\/","url":"https:\/\/secure.gravatar.com\/avatar\/11be338693f243309532caad8f10c930?s=96&d=mm&r=g","contentUrl":"https:\/\/secure.gravatar.com\/avatar\/11be338693f243309532caad8f10c930?s=96&d=mm&r=g","caption":"Sa\u00fal Hern\u00e1ndez"},"url":"https:\/\/thepueblatimes.mx\/index.php\/author\/saulhernandez\/"}]}},"jetpack_featured_media_url":"https:\/\/thepueblatimes.mx\/wp-content\/uploads\/2025\/12\/486713684_674972618384756_563550733571342429_n.jpg","_links":{"self":[{"href":"https:\/\/thepueblatimes.mx\/index.php\/wp-json\/wp\/v2\/posts\/35291"}],"collection":[{"href":"https:\/\/thepueblatimes.mx\/index.php\/wp-json\/wp\/v2\/posts"}],"about":[{"href":"https:\/\/thepueblatimes.mx\/index.php\/wp-json\/wp\/v2\/types\/post"}],"author":[{"embeddable":true,"href":"https:\/\/thepueblatimes.mx\/index.php\/wp-json\/wp\/v2\/users\/16"}],"replies":[{"embeddable":true,"href":"https:\/\/thepueblatimes.mx\/index.php\/wp-json\/wp\/v2\/comments?post=35291"}],"version-history":[{"count":1,"href":"https:\/\/thepueblatimes.mx\/index.php\/wp-json\/wp\/v2\/posts\/35291\/revisions"}],"predecessor-version":[{"id":35293,"href":"https:\/\/thepueblatimes.mx\/index.php\/wp-json\/wp\/v2\/posts\/35291\/revisions\/35293"}],"wp:featuredmedia":[{"embeddable":true,"href":"https:\/\/thepueblatimes.mx\/index.php\/wp-json\/wp\/v2\/media\/35292"}],"wp:attachment":[{"href":"https:\/\/thepueblatimes.mx\/index.php\/wp-json\/wp\/v2\/media?parent=35291"}],"wp:term":[{"taxonomy":"category","embeddable":true,"href":"https:\/\/thepueblatimes.mx\/index.php\/wp-json\/wp\/v2\/categories?post=35291"},{"taxonomy":"post_tag","embeddable":true,"href":"https:\/\/thepueblatimes.mx\/index.php\/wp-json\/wp\/v2\/tags?post=35291"}],"curies":[{"name":"wp","href":"https:\/\/api.w.org\/{rel}","templated":true}]}}