{"id":35098,"date":"2025-12-17T12:25:43","date_gmt":"2025-12-17T18:25:43","guid":{"rendered":"https:\/\/thepueblatimes.mx\/?p=35098"},"modified":"2025-12-17T12:25:43","modified_gmt":"2025-12-17T18:25:43","slug":"refuerza-marielise-budib-acciones-contra-la-desnutricion-infantil-en-san-miguel-espejo","status":"publish","type":"post","link":"https:\/\/thepueblatimes.mx\/index.php\/2025\/12\/17\/refuerza-marielise-budib-acciones-contra-la-desnutricion-infantil-en-san-miguel-espejo\/","title":{"rendered":"Refuerza MariElise Budib acciones contra la desnutrici\u00f3n infantil en San Miguel Espejo"},"content":{"rendered":"<h3><em>\u2022 El organismo otorga suplementos alimenticios a ni\u00f1as y ni\u00f1os que presentan bajo peso, talla y anemia<\/em><\/h3>\n<p>Puebla, Pue.- Con el objetivo de contribuir a mejorar la seguridad alimentaria de grupos en situaci\u00f3n de vulnerabilidad, la presidenta del Patronato del DIF Puebla Capital, MariElise Budib visit\u00f3 la inspector\u00eda de San Miguel Espejo a fin de dar seguimiento al estado nutricional de beneficiarias y beneficiarios de \u201cPeque\u00f1os Imparables\u201d, una iniciativa dise\u00f1ada para combatir la desnutrici\u00f3n de ni\u00f1as y ni\u00f1os.<\/p>\n<p>Ante madres de familia, principalmente, la presidenta del Patronato expres\u00f3 que los avances de este proyecto son positivos y a la vista de todos. \u201cEs la quinta vez que venimos a esta parte de la ciudad donde medimos, pesamos a los chiquitos y les tomamos un estudio de EmoCue para checar su hemoglobina; sobre ello, les damos un suplemento alimentario para que se desarrollen f\u00edsica y neurol\u00f3gicamente bien. Hemos visto ni\u00f1os que han crecido que ten\u00edan anemia y que ya no tienen, y muy contenta de ver resultados\u201d afirm\u00f3.<\/p>\n<p>Este esfuerzo fue implementado en una de las zonas con mayor vulnerabilidad de la capital, con el objetivo de detectar casos de anemia. A los menores que presentan bajo peso o talla se les entrega un suplemento alimenticio que contiene los nutrientes necesarios para fortalecer su crecimiento y desarrollo. Adicionalmente, cada dos meses personal m\u00e9dico del DIF Puebla Capital realiza visitas de seguimiento para evaluar la evoluci\u00f3n de cada beneficiario.<\/p>\n<p>Durante estas jornadas, el equipo del DIF municipal tambi\u00e9n imparte pl\u00e1ticas de salud bucal, entrega apoyos alimentarios y prendas abrigadoras, con la intenci\u00f3n de brindar atenci\u00f3n integral a las familias. En esta ocasi\u00f3n y en el marco de las fiestas decembrinas, MariElise Budib, entreg\u00f3 aguinaldos a cada una de las ni\u00f1as y ni\u00f1os.<\/p>\n<p>De esta manera, el Gobierno de la Ciudad a trav\u00e9s del DIF Puebla Capital refrenda el compromiso con el sano crecimiento y desarrollo de la ni\u00f1ez, acercando alimentos nutritivos y mejores oportunidades a los hogares poblanos.<\/p>\n","protected":false},"excerpt":{"rendered":"<p>\u2022 El organismo otorga suplementos alimenticios a ni\u00f1as y ni\u00f1os que presentan bajo peso, talla y anemia Puebla, Pue.- Con el objetivo de contribuir a mejorar la seguridad alimentaria de grupos en situaci\u00f3n de vulnerabilidad, la presidenta del Patronato del DIF Puebla Capital, MariElise Budib visit\u00f3 la inspector\u00eda de San Miguel Espejo a fin de&#8230;<\/p>\n","protected":false},"author":16,"featured_media":35099,"comment_status":"closed","ping_status":"closed","sticky":false,"template":"","format":"standard","meta":[],"categories":[20],"tags":[2425,1616],"yoast_head":"<!-- This site is optimized with the Yoast SEO plugin v20.8 - https:\/\/yoast.com\/wordpress\/plugins\/seo\/ -->\n<title>Refuerza MariElise Budib acciones contra la desnutrici\u00f3n infantil en San Miguel Espejo - The Puebla Times<\/title>\n<meta name=\"robots\" content=\"index, follow, max-snippet:-1, max-image-preview:large, max-video-preview:-1\" \/>\n<link rel=\"canonical\" href=\"https:\/\/thepueblatimes.mx\/index.php\/2025\/12\/17\/refuerza-marielise-budib-acciones-contra-la-desnutricion-infantil-en-san-miguel-espejo\/\" \/>\n<meta property=\"og:locale\" content=\"es_ES\" \/>\n<meta property=\"og:type\" content=\"article\" \/>\n<meta property=\"og:title\" content=\"Refuerza MariElise Budib acciones contra la desnutrici\u00f3n infantil en San Miguel Espejo - The Puebla Times\" \/>\n<meta property=\"og:description\" content=\"\u2022 El organismo otorga suplementos alimenticios a ni\u00f1as y ni\u00f1os que presentan bajo peso, talla y anemia Puebla, Pue.- Con el objetivo de contribuir a mejorar la seguridad alimentaria de grupos en situaci\u00f3n de vulnerabilidad, la presidenta del Patronato del DIF Puebla Capital, MariElise Budib visit\u00f3 la inspector\u00eda de San Miguel Espejo a fin de...\" \/>\n<meta property=\"og:url\" content=\"https:\/\/thepueblatimes.mx\/index.php\/2025\/12\/17\/refuerza-marielise-budib-acciones-contra-la-desnutricion-infantil-en-san-miguel-espejo\/\" \/>\n<meta property=\"og:site_name\" content=\"The Puebla Times\" \/>\n<meta property=\"article:published_time\" content=\"2025-12-17T18:25:43+00:00\" \/>\n<meta property=\"og:image\" content=\"https:\/\/thepueblatimes.mx\/wp-content\/uploads\/2025\/12\/WhatsApp-Image-2025-12-16-at-16.18.39.jpeg\" \/>\n\t<meta property=\"og:image:width\" content=\"1280\" \/>\n\t<meta property=\"og:image:height\" content=\"854\" \/>\n\t<meta property=\"og:image:type\" content=\"image\/jpeg\" \/>\n<meta name=\"author\" content=\"Sa\u00fal Hern\u00e1ndez\" \/>\n<meta name=\"twitter:card\" content=\"summary_large_image\" \/>\n<meta name=\"twitter:label1\" content=\"Escrito por\" \/>\n\t<meta name=\"twitter:data1\" content=\"Sa\u00fal Hern\u00e1ndez\" \/>\n\t<meta name=\"twitter:label2\" content=\"Tiempo de lectura\" \/>\n\t<meta name=\"twitter:data2\" content=\"2 minutos\" \/>\n<script type=\"application\/ld+json\" class=\"yoast-schema-graph\">{\"@context\":\"https:\/\/schema.org\",\"@graph\":[{\"@type\":\"WebPage\",\"@id\":\"https:\/\/thepueblatimes.mx\/index.php\/2025\/12\/17\/refuerza-marielise-budib-acciones-contra-la-desnutricion-infantil-en-san-miguel-espejo\/\",\"url\":\"https:\/\/thepueblatimes.mx\/index.php\/2025\/12\/17\/refuerza-marielise-budib-acciones-contra-la-desnutricion-infantil-en-san-miguel-espejo\/\",\"name\":\"Refuerza MariElise Budib acciones contra la desnutrici\u00f3n infantil en San Miguel Espejo - The Puebla Times\",\"isPartOf\":{\"@id\":\"https:\/\/thepueblatimes.mx\/#website\"},\"datePublished\":\"2025-12-17T18:25:43+00:00\",\"dateModified\":\"2025-12-17T18:25:43+00:00\",\"author\":{\"@id\":\"https:\/\/thepueblatimes.mx\/#\/schema\/person\/1664894c2f65ce2c7a08d8f5f905c13c\"},\"breadcrumb\":{\"@id\":\"https:\/\/thepueblatimes.mx\/index.php\/2025\/12\/17\/refuerza-marielise-budib-acciones-contra-la-desnutricion-infantil-en-san-miguel-espejo\/#breadcrumb\"},\"inLanguage\":\"es\",\"potentialAction\":[{\"@type\":\"ReadAction\",\"target\":[\"https:\/\/thepueblatimes.mx\/index.php\/2025\/12\/17\/refuerza-marielise-budib-acciones-contra-la-desnutricion-infantil-en-san-miguel-espejo\/\"]}]},{\"@type\":\"BreadcrumbList\",\"@id\":\"https:\/\/thepueblatimes.mx\/index.php\/2025\/12\/17\/refuerza-marielise-budib-acciones-contra-la-desnutricion-infantil-en-san-miguel-espejo\/#breadcrumb\",\"itemListElement\":[{\"@type\":\"ListItem\",\"position\":1,\"name\":\"Portada\",\"item\":\"https:\/\/thepueblatimes.mx\/\"},{\"@type\":\"ListItem\",\"position\":2,\"name\":\"Refuerza MariElise Budib acciones contra la desnutrici\u00f3n infantil en San Miguel Espejo\"}]},{\"@type\":\"WebSite\",\"@id\":\"https:\/\/thepueblatimes.mx\/#website\",\"url\":\"https:\/\/thepueblatimes.mx\/\",\"name\":\"The Puebla Times\",\"description\":\"Noticias del Estado de Puebla\",\"potentialAction\":[{\"@type\":\"SearchAction\",\"target\":{\"@type\":\"EntryPoint\",\"urlTemplate\":\"https:\/\/thepueblatimes.mx\/?s={search_term_string}\"},\"query-input\":\"required name=search_term_string\"}],\"inLanguage\":\"es\"},{\"@type\":\"Person\",\"@id\":\"https:\/\/thepueblatimes.mx\/#\/schema\/person\/1664894c2f65ce2c7a08d8f5f905c13c\",\"name\":\"Sa\u00fal Hern\u00e1ndez\",\"image\":{\"@type\":\"ImageObject\",\"inLanguage\":\"es\",\"@id\":\"https:\/\/thepueblatimes.mx\/#\/schema\/person\/image\/\",\"url\":\"https:\/\/secure.gravatar.com\/avatar\/11be338693f243309532caad8f10c930?s=96&d=mm&r=g\",\"contentUrl\":\"https:\/\/secure.gravatar.com\/avatar\/11be338693f243309532caad8f10c930?s=96&d=mm&r=g\",\"caption\":\"Sa\u00fal Hern\u00e1ndez\"},\"url\":\"https:\/\/thepueblatimes.mx\/index.php\/author\/saulhernandez\/\"}]}<\/script>\n<!-- \/ Yoast SEO plugin. -->","yoast_head_json":{"title":"Refuerza MariElise Budib acciones contra la desnutrici\u00f3n infantil en San Miguel Espejo - The Puebla Times","robots":{"index":"index","follow":"follow","max-snippet":"max-snippet:-1","max-image-preview":"max-image-preview:large","max-video-preview":"max-video-preview:-1"},"canonical":"https:\/\/thepueblatimes.mx\/index.php\/2025\/12\/17\/refuerza-marielise-budib-acciones-contra-la-desnutricion-infantil-en-san-miguel-espejo\/","og_locale":"es_ES","og_type":"article","og_title":"Refuerza MariElise Budib acciones contra la desnutrici\u00f3n infantil en San Miguel Espejo - The Puebla Times","og_description":"\u2022 El organismo otorga suplementos alimenticios a ni\u00f1as y ni\u00f1os que presentan bajo peso, talla y anemia Puebla, Pue.- Con el objetivo de contribuir a mejorar la seguridad alimentaria de grupos en situaci\u00f3n de vulnerabilidad, la presidenta del Patronato del DIF Puebla Capital, MariElise Budib visit\u00f3 la inspector\u00eda de San Miguel Espejo a fin de...","og_url":"https:\/\/thepueblatimes.mx\/index.php\/2025\/12\/17\/refuerza-marielise-budib-acciones-contra-la-desnutricion-infantil-en-san-miguel-espejo\/","og_site_name":"The Puebla Times","article_published_time":"2025-12-17T18:25:43+00:00","og_image":[{"width":1280,"height":854,"url":"https:\/\/thepueblatimes.mx\/wp-content\/uploads\/2025\/12\/WhatsApp-Image-2025-12-16-at-16.18.39.jpeg","type":"image\/jpeg"}],"author":"Sa\u00fal Hern\u00e1ndez","twitter_card":"summary_large_image","twitter_misc":{"Escrito por":"Sa\u00fal Hern\u00e1ndez","Tiempo de lectura":"2 minutos"},"schema":{"@context":"https:\/\/schema.org","@graph":[{"@type":"WebPage","@id":"https:\/\/thepueblatimes.mx\/index.php\/2025\/12\/17\/refuerza-marielise-budib-acciones-contra-la-desnutricion-infantil-en-san-miguel-espejo\/","url":"https:\/\/thepueblatimes.mx\/index.php\/2025\/12\/17\/refuerza-marielise-budib-acciones-contra-la-desnutricion-infantil-en-san-miguel-espejo\/","name":"Refuerza MariElise Budib acciones contra la desnutrici\u00f3n infantil en San Miguel Espejo - The Puebla Times","isPartOf":{"@id":"https:\/\/thepueblatimes.mx\/#website"},"datePublished":"2025-12-17T18:25:43+00:00","dateModified":"2025-12-17T18:25:43+00:00","author":{"@id":"https:\/\/thepueblatimes.mx\/#\/schema\/person\/1664894c2f65ce2c7a08d8f5f905c13c"},"breadcrumb":{"@id":"https:\/\/thepueblatimes.mx\/index.php\/2025\/12\/17\/refuerza-marielise-budib-acciones-contra-la-desnutricion-infantil-en-san-miguel-espejo\/#breadcrumb"},"inLanguage":"es","potentialAction":[{"@type":"ReadAction","target":["https:\/\/thepueblatimes.mx\/index.php\/2025\/12\/17\/refuerza-marielise-budib-acciones-contra-la-desnutricion-infantil-en-san-miguel-espejo\/"]}]},{"@type":"BreadcrumbList","@id":"https:\/\/thepueblatimes.mx\/index.php\/2025\/12\/17\/refuerza-marielise-budib-acciones-contra-la-desnutricion-infantil-en-san-miguel-espejo\/#breadcrumb","itemListElement":[{"@type":"ListItem","position":1,"name":"Portada","item":"https:\/\/thepueblatimes.mx\/"},{"@type":"ListItem","position":2,"name":"Refuerza MariElise Budib acciones contra la desnutrici\u00f3n infantil en San Miguel Espejo"}]},{"@type":"WebSite","@id":"https:\/\/thepueblatimes.mx\/#website","url":"https:\/\/thepueblatimes.mx\/","name":"The Puebla Times","description":"Noticias del Estado de Puebla","potentialAction":[{"@type":"SearchAction","target":{"@type":"EntryPoint","urlTemplate":"https:\/\/thepueblatimes.mx\/?s={search_term_string}"},"query-input":"required name=search_term_string"}],"inLanguage":"es"},{"@type":"Person","@id":"https:\/\/thepueblatimes.mx\/#\/schema\/person\/1664894c2f65ce2c7a08d8f5f905c13c","name":"Sa\u00fal Hern\u00e1ndez","image":{"@type":"ImageObject","inLanguage":"es","@id":"https:\/\/thepueblatimes.mx\/#\/schema\/person\/image\/","url":"https:\/\/secure.gravatar.com\/avatar\/11be338693f243309532caad8f10c930?s=96&d=mm&r=g","contentUrl":"https:\/\/secure.gravatar.com\/avatar\/11be338693f243309532caad8f10c930?s=96&d=mm&r=g","caption":"Sa\u00fal Hern\u00e1ndez"},"url":"https:\/\/thepueblatimes.mx\/index.php\/author\/saulhernandez\/"}]}},"jetpack_featured_media_url":"https:\/\/thepueblatimes.mx\/wp-content\/uploads\/2025\/12\/WhatsApp-Image-2025-12-16-at-16.18.39.jpeg","_links":{"self":[{"href":"https:\/\/thepueblatimes.mx\/index.php\/wp-json\/wp\/v2\/posts\/35098"}],"collection":[{"href":"https:\/\/thepueblatimes.mx\/index.php\/wp-json\/wp\/v2\/posts"}],"about":[{"href":"https:\/\/thepueblatimes.mx\/index.php\/wp-json\/wp\/v2\/types\/post"}],"author":[{"embeddable":true,"href":"https:\/\/thepueblatimes.mx\/index.php\/wp-json\/wp\/v2\/users\/16"}],"replies":[{"embeddable":true,"href":"https:\/\/thepueblatimes.mx\/index.php\/wp-json\/wp\/v2\/comments?post=35098"}],"version-history":[{"count":1,"href":"https:\/\/thepueblatimes.mx\/index.php\/wp-json\/wp\/v2\/posts\/35098\/revisions"}],"predecessor-version":[{"id":35100,"href":"https:\/\/thepueblatimes.mx\/index.php\/wp-json\/wp\/v2\/posts\/35098\/revisions\/35100"}],"wp:featuredmedia":[{"embeddable":true,"href":"https:\/\/thepueblatimes.mx\/index.php\/wp-json\/wp\/v2\/media\/35099"}],"wp:attachment":[{"href":"https:\/\/thepueblatimes.mx\/index.php\/wp-json\/wp\/v2\/media?parent=35098"}],"wp:term":[{"taxonomy":"category","embeddable":true,"href":"https:\/\/thepueblatimes.mx\/index.php\/wp-json\/wp\/v2\/categories?post=35098"},{"taxonomy":"post_tag","embeddable":true,"href":"https:\/\/thepueblatimes.mx\/index.php\/wp-json\/wp\/v2\/tags?post=35098"}],"curies":[{"name":"wp","href":"https:\/\/api.w.org\/{rel}","templated":true}]}}