{"id":35094,"date":"2025-12-17T11:35:29","date_gmt":"2025-12-17T17:35:29","guid":{"rendered":"https:\/\/thepueblatimes.mx\/?p=35094"},"modified":"2025-12-17T11:35:29","modified_gmt":"2025-12-17T17:35:29","slug":"en-puebla-en-la-popular-emiliano-zapata-acribillan-a-vendedor-de-micheladas","status":"publish","type":"post","link":"https:\/\/thepueblatimes.mx\/index.php\/2025\/12\/17\/en-puebla-en-la-popular-emiliano-zapata-acribillan-a-vendedor-de-micheladas\/","title":{"rendered":"En Puebla en la Popular Emiliano Zapata, acribillan a vendedor de micheladas"},"content":{"rendered":"<p>POR MANUEL FLORES<\/p>\n<p>Mientras se encontraba a bordo de su veh\u00edculo un hombre fue ultimado, con disparos de arma de fuego, en la colonia Popular Emiliano Zapata, ciudad de Puebla, en lo que se considera inicialmente como un ataque directo.<\/p>\n<p>El crimen se perpetr\u00f3 en el transcurso de la noche del martes, 16 de diciembre de 2026.<br \/>\nEl occiso fue identificado como Luis, de 37 a\u00f1os de edad, quien presuntamente se dedicaba a la venta de micheladas, estaba a bordo de un Nissan March color azul.<\/p>\n<p>En el plano extraoficial, se indica que Luis N. fue interceptado por sujetos armados, que se desplazaban en una motocicleta, quienes le dispararon en diversas ocasiones y emprendieron la huida, de inmediato.<br \/>\nAl percatarse de lo sucedido, residentes de la zona solicitaron la presencia de autoridades y cuerpos de auxilio.<\/p>\n<p>Tras arribar polic\u00edas municipales y param\u00e9dicos, confirmaron que el hombre hab\u00eda fallecido.<\/p>\n<p>En el plano extraoficial, sin confirmaci\u00f3n al momento, se refiere que un menor de edad habr\u00eda sido lesionado.<\/p>\n<p>El \u00e1rea fue acordonada y personal de la Fiscal\u00eda General del Estado realizaron el levantamiento del cad\u00e1ver.<\/p>\n","protected":false},"excerpt":{"rendered":"<p>POR MANUEL FLORES Mientras se encontraba a bordo de su veh\u00edculo un hombre fue ultimado, con disparos de arma de fuego, en la colonia Popular Emiliano Zapata, ciudad de Puebla, en lo que se considera inicialmente como un ataque directo. El crimen se perpetr\u00f3 en el transcurso de la noche del martes, 16 de diciembre&#8230;<\/p>\n","protected":false},"author":16,"featured_media":35095,"comment_status":"closed","ping_status":"closed","sticky":false,"template":"","format":"standard","meta":[],"categories":[121],"tags":[249,49,1301],"yoast_head":"<!-- This site is optimized with the Yoast SEO plugin v20.8 - https:\/\/yoast.com\/wordpress\/plugins\/seo\/ -->\n<title>En Puebla en la Popular Emiliano Zapata, acribillan a vendedor de micheladas - The Puebla Times<\/title>\n<meta name=\"robots\" content=\"index, follow, max-snippet:-1, max-image-preview:large, max-video-preview:-1\" \/>\n<link rel=\"canonical\" href=\"https:\/\/thepueblatimes.mx\/index.php\/2025\/12\/17\/en-puebla-en-la-popular-emiliano-zapata-acribillan-a-vendedor-de-micheladas\/\" \/>\n<meta property=\"og:locale\" content=\"es_ES\" \/>\n<meta property=\"og:type\" content=\"article\" \/>\n<meta property=\"og:title\" content=\"En Puebla en la Popular Emiliano Zapata, acribillan a vendedor de micheladas - The Puebla Times\" \/>\n<meta property=\"og:description\" content=\"POR MANUEL FLORES Mientras se encontraba a bordo de su veh\u00edculo un hombre fue ultimado, con disparos de arma de fuego, en la colonia Popular Emiliano Zapata, ciudad de Puebla, en lo que se considera inicialmente como un ataque directo. El crimen se perpetr\u00f3 en el transcurso de la noche del martes, 16 de diciembre...\" \/>\n<meta property=\"og:url\" content=\"https:\/\/thepueblatimes.mx\/index.php\/2025\/12\/17\/en-puebla-en-la-popular-emiliano-zapata-acribillan-a-vendedor-de-micheladas\/\" \/>\n<meta property=\"og:site_name\" content=\"The Puebla Times\" \/>\n<meta property=\"article:published_time\" content=\"2025-12-17T17:35:29+00:00\" \/>\n<meta property=\"og:image\" content=\"https:\/\/thepueblatimes.mx\/wp-content\/uploads\/2025\/12\/WhatsApp-Image-2025-12-17-at-10.21.44.jpeg\" \/>\n\t<meta property=\"og:image:width\" content=\"1200\" \/>\n\t<meta property=\"og:image:height\" content=\"800\" \/>\n\t<meta property=\"og:image:type\" content=\"image\/jpeg\" \/>\n<meta name=\"author\" content=\"Sa\u00fal Hern\u00e1ndez\" \/>\n<meta name=\"twitter:card\" content=\"summary_large_image\" \/>\n<meta name=\"twitter:label1\" content=\"Escrito por\" \/>\n\t<meta name=\"twitter:data1\" content=\"Sa\u00fal Hern\u00e1ndez\" \/>\n\t<meta name=\"twitter:label2\" content=\"Tiempo de lectura\" \/>\n\t<meta name=\"twitter:data2\" content=\"1 minuto\" \/>\n<script type=\"application\/ld+json\" class=\"yoast-schema-graph\">{\"@context\":\"https:\/\/schema.org\",\"@graph\":[{\"@type\":\"WebPage\",\"@id\":\"https:\/\/thepueblatimes.mx\/index.php\/2025\/12\/17\/en-puebla-en-la-popular-emiliano-zapata-acribillan-a-vendedor-de-micheladas\/\",\"url\":\"https:\/\/thepueblatimes.mx\/index.php\/2025\/12\/17\/en-puebla-en-la-popular-emiliano-zapata-acribillan-a-vendedor-de-micheladas\/\",\"name\":\"En Puebla en la Popular Emiliano Zapata, acribillan a vendedor de micheladas - The Puebla Times\",\"isPartOf\":{\"@id\":\"https:\/\/thepueblatimes.mx\/#website\"},\"datePublished\":\"2025-12-17T17:35:29+00:00\",\"dateModified\":\"2025-12-17T17:35:29+00:00\",\"author\":{\"@id\":\"https:\/\/thepueblatimes.mx\/#\/schema\/person\/1664894c2f65ce2c7a08d8f5f905c13c\"},\"breadcrumb\":{\"@id\":\"https:\/\/thepueblatimes.mx\/index.php\/2025\/12\/17\/en-puebla-en-la-popular-emiliano-zapata-acribillan-a-vendedor-de-micheladas\/#breadcrumb\"},\"inLanguage\":\"es\",\"potentialAction\":[{\"@type\":\"ReadAction\",\"target\":[\"https:\/\/thepueblatimes.mx\/index.php\/2025\/12\/17\/en-puebla-en-la-popular-emiliano-zapata-acribillan-a-vendedor-de-micheladas\/\"]}]},{\"@type\":\"BreadcrumbList\",\"@id\":\"https:\/\/thepueblatimes.mx\/index.php\/2025\/12\/17\/en-puebla-en-la-popular-emiliano-zapata-acribillan-a-vendedor-de-micheladas\/#breadcrumb\",\"itemListElement\":[{\"@type\":\"ListItem\",\"position\":1,\"name\":\"Portada\",\"item\":\"https:\/\/thepueblatimes.mx\/\"},{\"@type\":\"ListItem\",\"position\":2,\"name\":\"En Puebla en la Popular Emiliano Zapata, acribillan a vendedor de micheladas\"}]},{\"@type\":\"WebSite\",\"@id\":\"https:\/\/thepueblatimes.mx\/#website\",\"url\":\"https:\/\/thepueblatimes.mx\/\",\"name\":\"The Puebla Times\",\"description\":\"Noticias del Estado de Puebla\",\"potentialAction\":[{\"@type\":\"SearchAction\",\"target\":{\"@type\":\"EntryPoint\",\"urlTemplate\":\"https:\/\/thepueblatimes.mx\/?s={search_term_string}\"},\"query-input\":\"required name=search_term_string\"}],\"inLanguage\":\"es\"},{\"@type\":\"Person\",\"@id\":\"https:\/\/thepueblatimes.mx\/#\/schema\/person\/1664894c2f65ce2c7a08d8f5f905c13c\",\"name\":\"Sa\u00fal Hern\u00e1ndez\",\"image\":{\"@type\":\"ImageObject\",\"inLanguage\":\"es\",\"@id\":\"https:\/\/thepueblatimes.mx\/#\/schema\/person\/image\/\",\"url\":\"https:\/\/secure.gravatar.com\/avatar\/11be338693f243309532caad8f10c930?s=96&d=mm&r=g\",\"contentUrl\":\"https:\/\/secure.gravatar.com\/avatar\/11be338693f243309532caad8f10c930?s=96&d=mm&r=g\",\"caption\":\"Sa\u00fal Hern\u00e1ndez\"},\"url\":\"https:\/\/thepueblatimes.mx\/index.php\/author\/saulhernandez\/\"}]}<\/script>\n<!-- \/ Yoast SEO plugin. -->","yoast_head_json":{"title":"En Puebla en la Popular Emiliano Zapata, acribillan a vendedor de micheladas - The Puebla Times","robots":{"index":"index","follow":"follow","max-snippet":"max-snippet:-1","max-image-preview":"max-image-preview:large","max-video-preview":"max-video-preview:-1"},"canonical":"https:\/\/thepueblatimes.mx\/index.php\/2025\/12\/17\/en-puebla-en-la-popular-emiliano-zapata-acribillan-a-vendedor-de-micheladas\/","og_locale":"es_ES","og_type":"article","og_title":"En Puebla en la Popular Emiliano Zapata, acribillan a vendedor de micheladas - The Puebla Times","og_description":"POR MANUEL FLORES Mientras se encontraba a bordo de su veh\u00edculo un hombre fue ultimado, con disparos de arma de fuego, en la colonia Popular Emiliano Zapata, ciudad de Puebla, en lo que se considera inicialmente como un ataque directo. El crimen se perpetr\u00f3 en el transcurso de la noche del martes, 16 de diciembre...","og_url":"https:\/\/thepueblatimes.mx\/index.php\/2025\/12\/17\/en-puebla-en-la-popular-emiliano-zapata-acribillan-a-vendedor-de-micheladas\/","og_site_name":"The Puebla Times","article_published_time":"2025-12-17T17:35:29+00:00","og_image":[{"width":1200,"height":800,"url":"https:\/\/thepueblatimes.mx\/wp-content\/uploads\/2025\/12\/WhatsApp-Image-2025-12-17-at-10.21.44.jpeg","type":"image\/jpeg"}],"author":"Sa\u00fal Hern\u00e1ndez","twitter_card":"summary_large_image","twitter_misc":{"Escrito por":"Sa\u00fal Hern\u00e1ndez","Tiempo de lectura":"1 minuto"},"schema":{"@context":"https:\/\/schema.org","@graph":[{"@type":"WebPage","@id":"https:\/\/thepueblatimes.mx\/index.php\/2025\/12\/17\/en-puebla-en-la-popular-emiliano-zapata-acribillan-a-vendedor-de-micheladas\/","url":"https:\/\/thepueblatimes.mx\/index.php\/2025\/12\/17\/en-puebla-en-la-popular-emiliano-zapata-acribillan-a-vendedor-de-micheladas\/","name":"En Puebla en la Popular Emiliano Zapata, acribillan a vendedor de micheladas - The Puebla Times","isPartOf":{"@id":"https:\/\/thepueblatimes.mx\/#website"},"datePublished":"2025-12-17T17:35:29+00:00","dateModified":"2025-12-17T17:35:29+00:00","author":{"@id":"https:\/\/thepueblatimes.mx\/#\/schema\/person\/1664894c2f65ce2c7a08d8f5f905c13c"},"breadcrumb":{"@id":"https:\/\/thepueblatimes.mx\/index.php\/2025\/12\/17\/en-puebla-en-la-popular-emiliano-zapata-acribillan-a-vendedor-de-micheladas\/#breadcrumb"},"inLanguage":"es","potentialAction":[{"@type":"ReadAction","target":["https:\/\/thepueblatimes.mx\/index.php\/2025\/12\/17\/en-puebla-en-la-popular-emiliano-zapata-acribillan-a-vendedor-de-micheladas\/"]}]},{"@type":"BreadcrumbList","@id":"https:\/\/thepueblatimes.mx\/index.php\/2025\/12\/17\/en-puebla-en-la-popular-emiliano-zapata-acribillan-a-vendedor-de-micheladas\/#breadcrumb","itemListElement":[{"@type":"ListItem","position":1,"name":"Portada","item":"https:\/\/thepueblatimes.mx\/"},{"@type":"ListItem","position":2,"name":"En Puebla en la Popular Emiliano Zapata, acribillan a vendedor de micheladas"}]},{"@type":"WebSite","@id":"https:\/\/thepueblatimes.mx\/#website","url":"https:\/\/thepueblatimes.mx\/","name":"The Puebla Times","description":"Noticias del Estado de Puebla","potentialAction":[{"@type":"SearchAction","target":{"@type":"EntryPoint","urlTemplate":"https:\/\/thepueblatimes.mx\/?s={search_term_string}"},"query-input":"required name=search_term_string"}],"inLanguage":"es"},{"@type":"Person","@id":"https:\/\/thepueblatimes.mx\/#\/schema\/person\/1664894c2f65ce2c7a08d8f5f905c13c","name":"Sa\u00fal Hern\u00e1ndez","image":{"@type":"ImageObject","inLanguage":"es","@id":"https:\/\/thepueblatimes.mx\/#\/schema\/person\/image\/","url":"https:\/\/secure.gravatar.com\/avatar\/11be338693f243309532caad8f10c930?s=96&d=mm&r=g","contentUrl":"https:\/\/secure.gravatar.com\/avatar\/11be338693f243309532caad8f10c930?s=96&d=mm&r=g","caption":"Sa\u00fal Hern\u00e1ndez"},"url":"https:\/\/thepueblatimes.mx\/index.php\/author\/saulhernandez\/"}]}},"jetpack_featured_media_url":"https:\/\/thepueblatimes.mx\/wp-content\/uploads\/2025\/12\/WhatsApp-Image-2025-12-17-at-10.21.44.jpeg","_links":{"self":[{"href":"https:\/\/thepueblatimes.mx\/index.php\/wp-json\/wp\/v2\/posts\/35094"}],"collection":[{"href":"https:\/\/thepueblatimes.mx\/index.php\/wp-json\/wp\/v2\/posts"}],"about":[{"href":"https:\/\/thepueblatimes.mx\/index.php\/wp-json\/wp\/v2\/types\/post"}],"author":[{"embeddable":true,"href":"https:\/\/thepueblatimes.mx\/index.php\/wp-json\/wp\/v2\/users\/16"}],"replies":[{"embeddable":true,"href":"https:\/\/thepueblatimes.mx\/index.php\/wp-json\/wp\/v2\/comments?post=35094"}],"version-history":[{"count":2,"href":"https:\/\/thepueblatimes.mx\/index.php\/wp-json\/wp\/v2\/posts\/35094\/revisions"}],"predecessor-version":[{"id":35097,"href":"https:\/\/thepueblatimes.mx\/index.php\/wp-json\/wp\/v2\/posts\/35094\/revisions\/35097"}],"wp:featuredmedia":[{"embeddable":true,"href":"https:\/\/thepueblatimes.mx\/index.php\/wp-json\/wp\/v2\/media\/35095"}],"wp:attachment":[{"href":"https:\/\/thepueblatimes.mx\/index.php\/wp-json\/wp\/v2\/media?parent=35094"}],"wp:term":[{"taxonomy":"category","embeddable":true,"href":"https:\/\/thepueblatimes.mx\/index.php\/wp-json\/wp\/v2\/categories?post=35094"},{"taxonomy":"post_tag","embeddable":true,"href":"https:\/\/thepueblatimes.mx\/index.php\/wp-json\/wp\/v2\/tags?post=35094"}],"curies":[{"name":"wp","href":"https:\/\/api.w.org\/{rel}","templated":true}]}}