{"id":34918,"date":"2025-12-05T09:52:33","date_gmt":"2025-12-05T15:52:33","guid":{"rendered":"https:\/\/thepueblatimes.mx\/?p=34918"},"modified":"2025-12-05T09:52:33","modified_gmt":"2025-12-05T15:52:33","slug":"rapidez","status":"publish","type":"post","link":"https:\/\/thepueblatimes.mx\/index.php\/2025\/12\/05\/rapidez\/","title":{"rendered":"Rapidez"},"content":{"rendered":"<p>POR ALEJANDRO VILLEGAS<\/p>\n<p>Sin el menor rubor, superando el abyectismo de los mejores tiempos del tricolor, el ala legislativa de la 4T sac\u00f3 adelante por la v\u00eda r\u00e1pida en el Senado, la Ley General de Aguas.<\/p>\n<p>En cuesti\u00f3n de horas con la mayor\u00eda de votos, se dispensaron tr\u00e1mites, se aprob\u00f3 en lo general y en lo particular la iniciativa enviada por la C\u00e1mara de Diputados, donde la discusi\u00f3n fue prolongada.<\/p>\n<p>A fin de cuentas, la oposici\u00f3n en el Senado nada pudo hacer para retrasar la inevitable aprobaci\u00f3n de la Ley General de Aguas que de inmediato fue remitida a la titular del Ejecutivo para su publicaci\u00f3n.<\/p>\n<p>La lectura es obvia, no hubo discusi\u00f3n, ni di\u00e1logo de altura, lo importante era cumplir con el mandato y no dilatar la aprobaci\u00f3n.<\/p>\n<p>Quienes anta\u00f1o se quejaron del mayoriteo y acusaban que sus se\u00f1alamientos no eran tomados en cuenta, hoy desde el ejercicio del poder se conducen por la v\u00eda que como opositores consideraron impropia y deleznable.<\/p>\n<p>No cabe duda de que desde palacio nacional se trata aprovechar al m\u00e1ximo la mayor\u00eda de la que goza la 4T, en el Legislativo, antes de que la suerte les cambie como consecuencia del descontento social y v\u00eda elecciones intermedias, se conforme un escenario diferente que les obligue a cabildear.<\/p>\n<p>Viaje<\/p>\n<p>La ciudadana presidenta vendi\u00f3 la idea de una decisi\u00f3n de \u00faltima hora, al confirmar su asistencia a la ceremonia de Mundial de Futbol 2026, en cuyo marco sostendr\u00e1 su primer encuentro directo con el ciudadano presidente 47.<\/p>\n<p>Lo evidente es que todo est\u00e1 planeado y la demora en el fondo, tiene por objeto evitar que se aprecie en su justa dimensi\u00f3n la escasa presencia que tendr\u00e1 M\u00e9xico, como simple comparsa, no solo en la ceremonia sorteo de hoy, sino en el Mundial en general.<\/p>\n<p>Por lo que hace a la reuni\u00f3n con el ciudadano presidente 47, lo obligado ser\u00eda que tuviera una agenda tem\u00e1tica definida y se diera a conocer, pero se opt\u00f3 por seguir la v\u00eda de un encuentro casi casual, cuyo contenido y desarrollo, sin duda, ser\u00e1 magnificado.<\/p>\n<p>A fin de cuentas, lo cierto es que el pretendido viaje definido de \u00faltima hora, busc\u00f3 tener un impacto superior al que tendr\u00e1 en los hechos.<\/p>\n","protected":false},"excerpt":{"rendered":"<p>POR ALEJANDRO VILLEGAS Sin el menor rubor, superando el abyectismo de los mejores tiempos del tricolor, el ala legislativa de la 4T sac\u00f3 adelante por la v\u00eda r\u00e1pida en el Senado, la Ley General de Aguas. En cuesti\u00f3n de horas con la mayor\u00eda de votos, se dispensaron tr\u00e1mites, se aprob\u00f3 en lo general y en&#8230;<\/p>\n","protected":false},"author":16,"featured_media":34919,"comment_status":"closed","ping_status":"closed","sticky":false,"template":"","format":"standard","meta":[],"categories":[10],"tags":[1420,2697,4307,1419],"yoast_head":"<!-- This site is optimized with the Yoast SEO plugin v20.8 - https:\/\/yoast.com\/wordpress\/plugins\/seo\/ -->\n<title>Rapidez - The Puebla Times<\/title>\n<meta name=\"robots\" content=\"index, follow, max-snippet:-1, max-image-preview:large, max-video-preview:-1\" \/>\n<link rel=\"canonical\" href=\"https:\/\/thepueblatimes.mx\/index.php\/2025\/12\/05\/rapidez\/\" \/>\n<meta property=\"og:locale\" content=\"es_ES\" \/>\n<meta property=\"og:type\" content=\"article\" \/>\n<meta property=\"og:title\" content=\"Rapidez - The Puebla Times\" \/>\n<meta property=\"og:description\" content=\"POR ALEJANDRO VILLEGAS Sin el menor rubor, superando el abyectismo de los mejores tiempos del tricolor, el ala legislativa de la 4T sac\u00f3 adelante por la v\u00eda r\u00e1pida en el Senado, la Ley General de Aguas. En cuesti\u00f3n de horas con la mayor\u00eda de votos, se dispensaron tr\u00e1mites, se aprob\u00f3 en lo general y en...\" \/>\n<meta property=\"og:url\" content=\"https:\/\/thepueblatimes.mx\/index.php\/2025\/12\/05\/rapidez\/\" \/>\n<meta property=\"og:site_name\" content=\"The Puebla Times\" \/>\n<meta property=\"article:published_time\" content=\"2025-12-05T15:52:33+00:00\" \/>\n<meta property=\"og:image\" content=\"https:\/\/thepueblatimes.mx\/wp-content\/uploads\/2025\/12\/PJKWVMBL3VFEXDSELQTU2BMZZU.jpg\" \/>\n\t<meta property=\"og:image:width\" content=\"992\" \/>\n\t<meta property=\"og:image:height\" content=\"558\" \/>\n\t<meta property=\"og:image:type\" content=\"image\/jpeg\" \/>\n<meta name=\"author\" content=\"Sa\u00fal Hern\u00e1ndez\" \/>\n<meta name=\"twitter:card\" content=\"summary_large_image\" \/>\n<meta name=\"twitter:label1\" content=\"Escrito por\" \/>\n\t<meta name=\"twitter:data1\" content=\"Sa\u00fal Hern\u00e1ndez\" \/>\n\t<meta name=\"twitter:label2\" content=\"Tiempo de lectura\" \/>\n\t<meta name=\"twitter:data2\" content=\"2 minutos\" \/>\n<script type=\"application\/ld+json\" class=\"yoast-schema-graph\">{\"@context\":\"https:\/\/schema.org\",\"@graph\":[{\"@type\":\"WebPage\",\"@id\":\"https:\/\/thepueblatimes.mx\/index.php\/2025\/12\/05\/rapidez\/\",\"url\":\"https:\/\/thepueblatimes.mx\/index.php\/2025\/12\/05\/rapidez\/\",\"name\":\"Rapidez - The Puebla Times\",\"isPartOf\":{\"@id\":\"https:\/\/thepueblatimes.mx\/#website\"},\"datePublished\":\"2025-12-05T15:52:33+00:00\",\"dateModified\":\"2025-12-05T15:52:33+00:00\",\"author\":{\"@id\":\"https:\/\/thepueblatimes.mx\/#\/schema\/person\/1664894c2f65ce2c7a08d8f5f905c13c\"},\"breadcrumb\":{\"@id\":\"https:\/\/thepueblatimes.mx\/index.php\/2025\/12\/05\/rapidez\/#breadcrumb\"},\"inLanguage\":\"es\",\"potentialAction\":[{\"@type\":\"ReadAction\",\"target\":[\"https:\/\/thepueblatimes.mx\/index.php\/2025\/12\/05\/rapidez\/\"]}]},{\"@type\":\"BreadcrumbList\",\"@id\":\"https:\/\/thepueblatimes.mx\/index.php\/2025\/12\/05\/rapidez\/#breadcrumb\",\"itemListElement\":[{\"@type\":\"ListItem\",\"position\":1,\"name\":\"Portada\",\"item\":\"https:\/\/thepueblatimes.mx\/\"},{\"@type\":\"ListItem\",\"position\":2,\"name\":\"Rapidez\"}]},{\"@type\":\"WebSite\",\"@id\":\"https:\/\/thepueblatimes.mx\/#website\",\"url\":\"https:\/\/thepueblatimes.mx\/\",\"name\":\"The Puebla Times\",\"description\":\"Noticias del Estado de Puebla\",\"potentialAction\":[{\"@type\":\"SearchAction\",\"target\":{\"@type\":\"EntryPoint\",\"urlTemplate\":\"https:\/\/thepueblatimes.mx\/?s={search_term_string}\"},\"query-input\":\"required name=search_term_string\"}],\"inLanguage\":\"es\"},{\"@type\":\"Person\",\"@id\":\"https:\/\/thepueblatimes.mx\/#\/schema\/person\/1664894c2f65ce2c7a08d8f5f905c13c\",\"name\":\"Sa\u00fal Hern\u00e1ndez\",\"image\":{\"@type\":\"ImageObject\",\"inLanguage\":\"es\",\"@id\":\"https:\/\/thepueblatimes.mx\/#\/schema\/person\/image\/\",\"url\":\"https:\/\/secure.gravatar.com\/avatar\/11be338693f243309532caad8f10c930?s=96&d=mm&r=g\",\"contentUrl\":\"https:\/\/secure.gravatar.com\/avatar\/11be338693f243309532caad8f10c930?s=96&d=mm&r=g\",\"caption\":\"Sa\u00fal Hern\u00e1ndez\"},\"url\":\"https:\/\/thepueblatimes.mx\/index.php\/author\/saulhernandez\/\"}]}<\/script>\n<!-- \/ Yoast SEO plugin. -->","yoast_head_json":{"title":"Rapidez - The Puebla Times","robots":{"index":"index","follow":"follow","max-snippet":"max-snippet:-1","max-image-preview":"max-image-preview:large","max-video-preview":"max-video-preview:-1"},"canonical":"https:\/\/thepueblatimes.mx\/index.php\/2025\/12\/05\/rapidez\/","og_locale":"es_ES","og_type":"article","og_title":"Rapidez - The Puebla Times","og_description":"POR ALEJANDRO VILLEGAS Sin el menor rubor, superando el abyectismo de los mejores tiempos del tricolor, el ala legislativa de la 4T sac\u00f3 adelante por la v\u00eda r\u00e1pida en el Senado, la Ley General de Aguas. En cuesti\u00f3n de horas con la mayor\u00eda de votos, se dispensaron tr\u00e1mites, se aprob\u00f3 en lo general y en...","og_url":"https:\/\/thepueblatimes.mx\/index.php\/2025\/12\/05\/rapidez\/","og_site_name":"The Puebla Times","article_published_time":"2025-12-05T15:52:33+00:00","og_image":[{"width":992,"height":558,"url":"https:\/\/thepueblatimes.mx\/wp-content\/uploads\/2025\/12\/PJKWVMBL3VFEXDSELQTU2BMZZU.jpg","type":"image\/jpeg"}],"author":"Sa\u00fal Hern\u00e1ndez","twitter_card":"summary_large_image","twitter_misc":{"Escrito por":"Sa\u00fal Hern\u00e1ndez","Tiempo de lectura":"2 minutos"},"schema":{"@context":"https:\/\/schema.org","@graph":[{"@type":"WebPage","@id":"https:\/\/thepueblatimes.mx\/index.php\/2025\/12\/05\/rapidez\/","url":"https:\/\/thepueblatimes.mx\/index.php\/2025\/12\/05\/rapidez\/","name":"Rapidez - The Puebla Times","isPartOf":{"@id":"https:\/\/thepueblatimes.mx\/#website"},"datePublished":"2025-12-05T15:52:33+00:00","dateModified":"2025-12-05T15:52:33+00:00","author":{"@id":"https:\/\/thepueblatimes.mx\/#\/schema\/person\/1664894c2f65ce2c7a08d8f5f905c13c"},"breadcrumb":{"@id":"https:\/\/thepueblatimes.mx\/index.php\/2025\/12\/05\/rapidez\/#breadcrumb"},"inLanguage":"es","potentialAction":[{"@type":"ReadAction","target":["https:\/\/thepueblatimes.mx\/index.php\/2025\/12\/05\/rapidez\/"]}]},{"@type":"BreadcrumbList","@id":"https:\/\/thepueblatimes.mx\/index.php\/2025\/12\/05\/rapidez\/#breadcrumb","itemListElement":[{"@type":"ListItem","position":1,"name":"Portada","item":"https:\/\/thepueblatimes.mx\/"},{"@type":"ListItem","position":2,"name":"Rapidez"}]},{"@type":"WebSite","@id":"https:\/\/thepueblatimes.mx\/#website","url":"https:\/\/thepueblatimes.mx\/","name":"The Puebla Times","description":"Noticias del Estado de Puebla","potentialAction":[{"@type":"SearchAction","target":{"@type":"EntryPoint","urlTemplate":"https:\/\/thepueblatimes.mx\/?s={search_term_string}"},"query-input":"required name=search_term_string"}],"inLanguage":"es"},{"@type":"Person","@id":"https:\/\/thepueblatimes.mx\/#\/schema\/person\/1664894c2f65ce2c7a08d8f5f905c13c","name":"Sa\u00fal Hern\u00e1ndez","image":{"@type":"ImageObject","inLanguage":"es","@id":"https:\/\/thepueblatimes.mx\/#\/schema\/person\/image\/","url":"https:\/\/secure.gravatar.com\/avatar\/11be338693f243309532caad8f10c930?s=96&d=mm&r=g","contentUrl":"https:\/\/secure.gravatar.com\/avatar\/11be338693f243309532caad8f10c930?s=96&d=mm&r=g","caption":"Sa\u00fal Hern\u00e1ndez"},"url":"https:\/\/thepueblatimes.mx\/index.php\/author\/saulhernandez\/"}]}},"jetpack_featured_media_url":"https:\/\/thepueblatimes.mx\/wp-content\/uploads\/2025\/12\/PJKWVMBL3VFEXDSELQTU2BMZZU.jpg","_links":{"self":[{"href":"https:\/\/thepueblatimes.mx\/index.php\/wp-json\/wp\/v2\/posts\/34918"}],"collection":[{"href":"https:\/\/thepueblatimes.mx\/index.php\/wp-json\/wp\/v2\/posts"}],"about":[{"href":"https:\/\/thepueblatimes.mx\/index.php\/wp-json\/wp\/v2\/types\/post"}],"author":[{"embeddable":true,"href":"https:\/\/thepueblatimes.mx\/index.php\/wp-json\/wp\/v2\/users\/16"}],"replies":[{"embeddable":true,"href":"https:\/\/thepueblatimes.mx\/index.php\/wp-json\/wp\/v2\/comments?post=34918"}],"version-history":[{"count":1,"href":"https:\/\/thepueblatimes.mx\/index.php\/wp-json\/wp\/v2\/posts\/34918\/revisions"}],"predecessor-version":[{"id":34920,"href":"https:\/\/thepueblatimes.mx\/index.php\/wp-json\/wp\/v2\/posts\/34918\/revisions\/34920"}],"wp:featuredmedia":[{"embeddable":true,"href":"https:\/\/thepueblatimes.mx\/index.php\/wp-json\/wp\/v2\/media\/34919"}],"wp:attachment":[{"href":"https:\/\/thepueblatimes.mx\/index.php\/wp-json\/wp\/v2\/media?parent=34918"}],"wp:term":[{"taxonomy":"category","embeddable":true,"href":"https:\/\/thepueblatimes.mx\/index.php\/wp-json\/wp\/v2\/categories?post=34918"},{"taxonomy":"post_tag","embeddable":true,"href":"https:\/\/thepueblatimes.mx\/index.php\/wp-json\/wp\/v2\/tags?post=34918"}],"curies":[{"name":"wp","href":"https:\/\/api.w.org\/{rel}","templated":true}]}}