{"id":34915,"date":"2025-12-05T09:04:12","date_gmt":"2025-12-05T15:04:12","guid":{"rendered":"https:\/\/thepueblatimes.mx\/?p=34915"},"modified":"2025-12-05T09:04:12","modified_gmt":"2025-12-05T15:04:12","slug":"puebla-va-contra-empleados-bancarios-que-filtren-datos-a-delincuentes","status":"publish","type":"post","link":"https:\/\/thepueblatimes.mx\/index.php\/2025\/12\/05\/puebla-va-contra-empleados-bancarios-que-filtren-datos-a-delincuentes\/","title":{"rendered":"Puebla va contra empleados bancarios que filtren datos a delincuentes"},"content":{"rendered":"<h3><em>Pavel Gaspar anticipa que desde el Congreso incrementar\u00e1n las penas contra empleados bancarios que se coludan con delincuentes<\/em><\/h3>\n<p>POR FERNANDO HOYOS<\/p>\n<p>El Legislativo buscar\u00e1 incrementar las penas que se aplican a empleados bancarios que est\u00e9n coludidos con delincuentes para la realizaci\u00f3n de asaltos.<\/p>\n<p>As\u00ed lo manifest\u00f3 el diputado Pavel Gaspar Ram\u00edrez, presidente del Congreso, y agreg\u00f3 que en ese esquema se incluir\u00e1 a los ex empleados bancarios que podr\u00edan tener alguna participaci\u00f3n en los asaltos.<\/p>\n<p>Lo anterior, de cara al elevado n\u00famero de asaltos a cuentahabientes que se ha registrado en la capital poblana.<\/p>\n<p>Expres\u00f3, \u201csi un empleado del banco est\u00e1 coludido con la delincuencia, elevar\u00e1 la pena al fuero estatal. Lo que nos toque a nosotros, yo s\u00ed lo propondr\u00eda que a ellos se les aumente\u201d subray\u00f3.<\/p>\n<p>Por otra parte, el presidente del Congreso poblano destac\u00f3 que los usuarios pueden solicitar acompa\u00f1amiento policial al salir de los bancos, medida que promueven como parte de la estrategia para prevenir asaltos.<\/p>\n","protected":false},"excerpt":{"rendered":"<p>Pavel Gaspar anticipa que desde el Congreso incrementar\u00e1n las penas contra empleados bancarios que se coludan con delincuentes POR FERNANDO HOYOS El Legislativo buscar\u00e1 incrementar las penas que se aplican a empleados bancarios que est\u00e9n coludidos con delincuentes para la realizaci\u00f3n de asaltos. As\u00ed lo manifest\u00f3 el diputado Pavel Gaspar Ram\u00edrez, presidente del Congreso, y&#8230;<\/p>\n","protected":false},"author":16,"featured_media":34916,"comment_status":"closed","ping_status":"closed","sticky":false,"template":"","format":"standard","meta":[],"categories":[121],"tags":[4306,2323,32],"yoast_head":"<!-- This site is optimized with the Yoast SEO plugin v20.8 - https:\/\/yoast.com\/wordpress\/plugins\/seo\/ -->\n<title>Puebla va contra empleados bancarios que filtren datos a delincuentes - The Puebla Times<\/title>\n<meta name=\"robots\" content=\"index, follow, max-snippet:-1, max-image-preview:large, max-video-preview:-1\" \/>\n<link rel=\"canonical\" href=\"https:\/\/thepueblatimes.mx\/index.php\/2025\/12\/05\/puebla-va-contra-empleados-bancarios-que-filtren-datos-a-delincuentes\/\" \/>\n<meta property=\"og:locale\" content=\"es_ES\" \/>\n<meta property=\"og:type\" content=\"article\" \/>\n<meta property=\"og:title\" content=\"Puebla va contra empleados bancarios que filtren datos a delincuentes - The Puebla Times\" \/>\n<meta property=\"og:description\" content=\"Pavel Gaspar anticipa que desde el Congreso incrementar\u00e1n las penas contra empleados bancarios que se coludan con delincuentes POR FERNANDO HOYOS El Legislativo buscar\u00e1 incrementar las penas que se aplican a empleados bancarios que est\u00e9n coludidos con delincuentes para la realizaci\u00f3n de asaltos. As\u00ed lo manifest\u00f3 el diputado Pavel Gaspar Ram\u00edrez, presidente del Congreso, y...\" \/>\n<meta property=\"og:url\" content=\"https:\/\/thepueblatimes.mx\/index.php\/2025\/12\/05\/puebla-va-contra-empleados-bancarios-que-filtren-datos-a-delincuentes\/\" \/>\n<meta property=\"og:site_name\" content=\"The Puebla Times\" \/>\n<meta property=\"article:published_time\" content=\"2025-12-05T15:04:12+00:00\" \/>\n<meta property=\"og:image\" content=\"https:\/\/thepueblatimes.mx\/wp-content\/uploads\/2025\/12\/asalto-banco-tehuacan-llevan-mil.jpg\" \/>\n\t<meta property=\"og:image:width\" content=\"1200\" \/>\n\t<meta property=\"og:image:height\" content=\"678\" \/>\n\t<meta property=\"og:image:type\" content=\"image\/jpeg\" \/>\n<meta name=\"author\" content=\"Sa\u00fal Hern\u00e1ndez\" \/>\n<meta name=\"twitter:card\" content=\"summary_large_image\" \/>\n<meta name=\"twitter:label1\" content=\"Escrito por\" \/>\n\t<meta name=\"twitter:data1\" content=\"Sa\u00fal Hern\u00e1ndez\" \/>\n\t<meta name=\"twitter:label2\" content=\"Tiempo de lectura\" \/>\n\t<meta name=\"twitter:data2\" content=\"1 minuto\" \/>\n<script type=\"application\/ld+json\" class=\"yoast-schema-graph\">{\"@context\":\"https:\/\/schema.org\",\"@graph\":[{\"@type\":\"WebPage\",\"@id\":\"https:\/\/thepueblatimes.mx\/index.php\/2025\/12\/05\/puebla-va-contra-empleados-bancarios-que-filtren-datos-a-delincuentes\/\",\"url\":\"https:\/\/thepueblatimes.mx\/index.php\/2025\/12\/05\/puebla-va-contra-empleados-bancarios-que-filtren-datos-a-delincuentes\/\",\"name\":\"Puebla va contra empleados bancarios que filtren datos a delincuentes - The Puebla Times\",\"isPartOf\":{\"@id\":\"https:\/\/thepueblatimes.mx\/#website\"},\"datePublished\":\"2025-12-05T15:04:12+00:00\",\"dateModified\":\"2025-12-05T15:04:12+00:00\",\"author\":{\"@id\":\"https:\/\/thepueblatimes.mx\/#\/schema\/person\/1664894c2f65ce2c7a08d8f5f905c13c\"},\"breadcrumb\":{\"@id\":\"https:\/\/thepueblatimes.mx\/index.php\/2025\/12\/05\/puebla-va-contra-empleados-bancarios-que-filtren-datos-a-delincuentes\/#breadcrumb\"},\"inLanguage\":\"es\",\"potentialAction\":[{\"@type\":\"ReadAction\",\"target\":[\"https:\/\/thepueblatimes.mx\/index.php\/2025\/12\/05\/puebla-va-contra-empleados-bancarios-que-filtren-datos-a-delincuentes\/\"]}]},{\"@type\":\"BreadcrumbList\",\"@id\":\"https:\/\/thepueblatimes.mx\/index.php\/2025\/12\/05\/puebla-va-contra-empleados-bancarios-que-filtren-datos-a-delincuentes\/#breadcrumb\",\"itemListElement\":[{\"@type\":\"ListItem\",\"position\":1,\"name\":\"Portada\",\"item\":\"https:\/\/thepueblatimes.mx\/\"},{\"@type\":\"ListItem\",\"position\":2,\"name\":\"Puebla va contra empleados bancarios que filtren datos a delincuentes\"}]},{\"@type\":\"WebSite\",\"@id\":\"https:\/\/thepueblatimes.mx\/#website\",\"url\":\"https:\/\/thepueblatimes.mx\/\",\"name\":\"The Puebla Times\",\"description\":\"Noticias del Estado de Puebla\",\"potentialAction\":[{\"@type\":\"SearchAction\",\"target\":{\"@type\":\"EntryPoint\",\"urlTemplate\":\"https:\/\/thepueblatimes.mx\/?s={search_term_string}\"},\"query-input\":\"required name=search_term_string\"}],\"inLanguage\":\"es\"},{\"@type\":\"Person\",\"@id\":\"https:\/\/thepueblatimes.mx\/#\/schema\/person\/1664894c2f65ce2c7a08d8f5f905c13c\",\"name\":\"Sa\u00fal Hern\u00e1ndez\",\"image\":{\"@type\":\"ImageObject\",\"inLanguage\":\"es\",\"@id\":\"https:\/\/thepueblatimes.mx\/#\/schema\/person\/image\/\",\"url\":\"https:\/\/secure.gravatar.com\/avatar\/11be338693f243309532caad8f10c930?s=96&d=mm&r=g\",\"contentUrl\":\"https:\/\/secure.gravatar.com\/avatar\/11be338693f243309532caad8f10c930?s=96&d=mm&r=g\",\"caption\":\"Sa\u00fal Hern\u00e1ndez\"},\"url\":\"https:\/\/thepueblatimes.mx\/index.php\/author\/saulhernandez\/\"}]}<\/script>\n<!-- \/ Yoast SEO plugin. -->","yoast_head_json":{"title":"Puebla va contra empleados bancarios que filtren datos a delincuentes - The Puebla Times","robots":{"index":"index","follow":"follow","max-snippet":"max-snippet:-1","max-image-preview":"max-image-preview:large","max-video-preview":"max-video-preview:-1"},"canonical":"https:\/\/thepueblatimes.mx\/index.php\/2025\/12\/05\/puebla-va-contra-empleados-bancarios-que-filtren-datos-a-delincuentes\/","og_locale":"es_ES","og_type":"article","og_title":"Puebla va contra empleados bancarios que filtren datos a delincuentes - The Puebla Times","og_description":"Pavel Gaspar anticipa que desde el Congreso incrementar\u00e1n las penas contra empleados bancarios que se coludan con delincuentes POR FERNANDO HOYOS El Legislativo buscar\u00e1 incrementar las penas que se aplican a empleados bancarios que est\u00e9n coludidos con delincuentes para la realizaci\u00f3n de asaltos. As\u00ed lo manifest\u00f3 el diputado Pavel Gaspar Ram\u00edrez, presidente del Congreso, y...","og_url":"https:\/\/thepueblatimes.mx\/index.php\/2025\/12\/05\/puebla-va-contra-empleados-bancarios-que-filtren-datos-a-delincuentes\/","og_site_name":"The Puebla Times","article_published_time":"2025-12-05T15:04:12+00:00","og_image":[{"width":1200,"height":678,"url":"https:\/\/thepueblatimes.mx\/wp-content\/uploads\/2025\/12\/asalto-banco-tehuacan-llevan-mil.jpg","type":"image\/jpeg"}],"author":"Sa\u00fal Hern\u00e1ndez","twitter_card":"summary_large_image","twitter_misc":{"Escrito por":"Sa\u00fal Hern\u00e1ndez","Tiempo de lectura":"1 minuto"},"schema":{"@context":"https:\/\/schema.org","@graph":[{"@type":"WebPage","@id":"https:\/\/thepueblatimes.mx\/index.php\/2025\/12\/05\/puebla-va-contra-empleados-bancarios-que-filtren-datos-a-delincuentes\/","url":"https:\/\/thepueblatimes.mx\/index.php\/2025\/12\/05\/puebla-va-contra-empleados-bancarios-que-filtren-datos-a-delincuentes\/","name":"Puebla va contra empleados bancarios que filtren datos a delincuentes - The Puebla Times","isPartOf":{"@id":"https:\/\/thepueblatimes.mx\/#website"},"datePublished":"2025-12-05T15:04:12+00:00","dateModified":"2025-12-05T15:04:12+00:00","author":{"@id":"https:\/\/thepueblatimes.mx\/#\/schema\/person\/1664894c2f65ce2c7a08d8f5f905c13c"},"breadcrumb":{"@id":"https:\/\/thepueblatimes.mx\/index.php\/2025\/12\/05\/puebla-va-contra-empleados-bancarios-que-filtren-datos-a-delincuentes\/#breadcrumb"},"inLanguage":"es","potentialAction":[{"@type":"ReadAction","target":["https:\/\/thepueblatimes.mx\/index.php\/2025\/12\/05\/puebla-va-contra-empleados-bancarios-que-filtren-datos-a-delincuentes\/"]}]},{"@type":"BreadcrumbList","@id":"https:\/\/thepueblatimes.mx\/index.php\/2025\/12\/05\/puebla-va-contra-empleados-bancarios-que-filtren-datos-a-delincuentes\/#breadcrumb","itemListElement":[{"@type":"ListItem","position":1,"name":"Portada","item":"https:\/\/thepueblatimes.mx\/"},{"@type":"ListItem","position":2,"name":"Puebla va contra empleados bancarios que filtren datos a delincuentes"}]},{"@type":"WebSite","@id":"https:\/\/thepueblatimes.mx\/#website","url":"https:\/\/thepueblatimes.mx\/","name":"The Puebla Times","description":"Noticias del Estado de Puebla","potentialAction":[{"@type":"SearchAction","target":{"@type":"EntryPoint","urlTemplate":"https:\/\/thepueblatimes.mx\/?s={search_term_string}"},"query-input":"required name=search_term_string"}],"inLanguage":"es"},{"@type":"Person","@id":"https:\/\/thepueblatimes.mx\/#\/schema\/person\/1664894c2f65ce2c7a08d8f5f905c13c","name":"Sa\u00fal Hern\u00e1ndez","image":{"@type":"ImageObject","inLanguage":"es","@id":"https:\/\/thepueblatimes.mx\/#\/schema\/person\/image\/","url":"https:\/\/secure.gravatar.com\/avatar\/11be338693f243309532caad8f10c930?s=96&d=mm&r=g","contentUrl":"https:\/\/secure.gravatar.com\/avatar\/11be338693f243309532caad8f10c930?s=96&d=mm&r=g","caption":"Sa\u00fal Hern\u00e1ndez"},"url":"https:\/\/thepueblatimes.mx\/index.php\/author\/saulhernandez\/"}]}},"jetpack_featured_media_url":"https:\/\/thepueblatimes.mx\/wp-content\/uploads\/2025\/12\/asalto-banco-tehuacan-llevan-mil.jpg","_links":{"self":[{"href":"https:\/\/thepueblatimes.mx\/index.php\/wp-json\/wp\/v2\/posts\/34915"}],"collection":[{"href":"https:\/\/thepueblatimes.mx\/index.php\/wp-json\/wp\/v2\/posts"}],"about":[{"href":"https:\/\/thepueblatimes.mx\/index.php\/wp-json\/wp\/v2\/types\/post"}],"author":[{"embeddable":true,"href":"https:\/\/thepueblatimes.mx\/index.php\/wp-json\/wp\/v2\/users\/16"}],"replies":[{"embeddable":true,"href":"https:\/\/thepueblatimes.mx\/index.php\/wp-json\/wp\/v2\/comments?post=34915"}],"version-history":[{"count":1,"href":"https:\/\/thepueblatimes.mx\/index.php\/wp-json\/wp\/v2\/posts\/34915\/revisions"}],"predecessor-version":[{"id":34917,"href":"https:\/\/thepueblatimes.mx\/index.php\/wp-json\/wp\/v2\/posts\/34915\/revisions\/34917"}],"wp:featuredmedia":[{"embeddable":true,"href":"https:\/\/thepueblatimes.mx\/index.php\/wp-json\/wp\/v2\/media\/34916"}],"wp:attachment":[{"href":"https:\/\/thepueblatimes.mx\/index.php\/wp-json\/wp\/v2\/media?parent=34915"}],"wp:term":[{"taxonomy":"category","embeddable":true,"href":"https:\/\/thepueblatimes.mx\/index.php\/wp-json\/wp\/v2\/categories?post=34915"},{"taxonomy":"post_tag","embeddable":true,"href":"https:\/\/thepueblatimes.mx\/index.php\/wp-json\/wp\/v2\/tags?post=34915"}],"curies":[{"name":"wp","href":"https:\/\/api.w.org\/{rel}","templated":true}]}}