{"id":34765,"date":"2025-12-03T09:31:57","date_gmt":"2025-12-03T15:31:57","guid":{"rendered":"https:\/\/thepueblatimes.mx\/?p=34765"},"modified":"2025-12-03T09:31:57","modified_gmt":"2025-12-03T15:31:57","slug":"garcia-parra-precisa-alcance-de-la-reforma-a-la-ley-de-seguridad-publica","status":"publish","type":"post","link":"https:\/\/thepueblatimes.mx\/index.php\/2025\/12\/03\/garcia-parra-precisa-alcance-de-la-reforma-a-la-ley-de-seguridad-publica\/","title":{"rendered":"Garc\u00eda Parra precisa alcance de la reforma a la Ley de Seguridad P\u00fablica"},"content":{"rendered":"<p>POR FERNANDO HOYOS<\/p>\n<p>La modificaci\u00f3n s\u00f3lo armoniza la legislaci\u00f3n estatal con la normativa federal; no habr\u00e1 cambios en la estrategia de seguridad.<\/p>\n<p>El coordinador del Gabinete, Jos\u00e9 Luis Garc\u00eda Parra, afirm\u00f3 que la reciente reforma a la Ley de Seguridad P\u00fablica no implica la aplicaci\u00f3n del mando \u00fanico, sino \u00fanicamente la armonizaci\u00f3n de la norma estatal con lo aprobado por el Congreso de la Uni\u00f3n.<\/p>\n<p>Reforma sin cambios operativos<\/p>\n<p>Garc\u00eda Parra explic\u00f3 que la reforma, junto con la modificaci\u00f3n constitucional y los ajustes a la Ley de la Fiscal\u00eda, no introduce variaciones en la estrategia de seguridad vigente. Detall\u00f3 que el paquete de iniciativas enviado al Congreso local responde a la necesidad de homologar las disposiciones estatales con la reforma federal a la Ley del Secretariado Ejecutivo del Sistema Nacional de Seguridad P\u00fablica.<\/p>\n<p>\u201cLo que se establece es una armonizaci\u00f3n de lo que aprob\u00f3 el Congreso de la Uni\u00f3n\u201d, precis\u00f3.<\/p>\n<p>Sin imposici\u00f3n de mando \u00fanico<\/p>\n<p>Aunque la reforma incorpora en su redacci\u00f3n la figura del mando \u00fanico, el funcionario aclar\u00f3 que esto no significa que se implementar\u00e1 en el estado. Subray\u00f3 que no se afectar\u00e1 la autonom\u00eda municipal, y que las instituciones locales continuar\u00e1n operando como hasta ahora.<\/p>\n<p>Apoyo a municipios sin cuerpos policiales<\/p>\n<p>Garc\u00eda Parra puntualiz\u00f3 que el Gobierno del Estado asumir\u00e1 la seguridad \u00fanicamente en municipios que carecen de polic\u00edas, como es el caso de Huixcolotla, a fin de garantizar cobertura operativa en todo el territorio.<\/p>\n<p>Coordinaci\u00f3n interinstitucional vigente<\/p>\n<p>El coordinador destac\u00f3 adem\u00e1s la buena coordinaci\u00f3n entre los distintos \u00f3rdenes de gobierno, lo que \u2014dijo\u2014 ha permitido mantener una estrategia s\u00f3lida y sin modificaciones pese a las adecuaciones normativas.<\/p>\n<p>En s\u00edntesis, la reforma no transforma el modelo de seguridad, sino que cumple con el mandato de alinear la legislaci\u00f3n local a la federal, sin alterar la operaci\u00f3n actual en los municipios.<\/p>\n","protected":false},"excerpt":{"rendered":"<p>POR FERNANDO HOYOS La modificaci\u00f3n s\u00f3lo armoniza la legislaci\u00f3n estatal con la normativa federal; no habr\u00e1 cambios en la estrategia de seguridad. El coordinador del Gabinete, Jos\u00e9 Luis Garc\u00eda Parra, afirm\u00f3 que la reciente reforma a la Ley de Seguridad P\u00fablica no implica la aplicaci\u00f3n del mando \u00fanico, sino \u00fanicamente la armonizaci\u00f3n de la norma&#8230;<\/p>\n","protected":false},"author":16,"featured_media":34767,"comment_status":"closed","ping_status":"closed","sticky":false,"template":"","format":"standard","meta":[],"categories":[3],"tags":[3475],"yoast_head":"<!-- This site is optimized with the Yoast SEO plugin v20.8 - https:\/\/yoast.com\/wordpress\/plugins\/seo\/ -->\n<title>Garc\u00eda Parra precisa alcance de la reforma a la Ley de Seguridad P\u00fablica - The Puebla Times<\/title>\n<meta name=\"robots\" content=\"index, follow, max-snippet:-1, max-image-preview:large, max-video-preview:-1\" \/>\n<link rel=\"canonical\" href=\"https:\/\/thepueblatimes.mx\/index.php\/2025\/12\/03\/garcia-parra-precisa-alcance-de-la-reforma-a-la-ley-de-seguridad-publica\/\" \/>\n<meta property=\"og:locale\" content=\"es_ES\" \/>\n<meta property=\"og:type\" content=\"article\" \/>\n<meta property=\"og:title\" content=\"Garc\u00eda Parra precisa alcance de la reforma a la Ley de Seguridad P\u00fablica - The Puebla Times\" \/>\n<meta property=\"og:description\" content=\"POR FERNANDO HOYOS La modificaci\u00f3n s\u00f3lo armoniza la legislaci\u00f3n estatal con la normativa federal; no habr\u00e1 cambios en la estrategia de seguridad. El coordinador del Gabinete, Jos\u00e9 Luis Garc\u00eda Parra, afirm\u00f3 que la reciente reforma a la Ley de Seguridad P\u00fablica no implica la aplicaci\u00f3n del mando \u00fanico, sino \u00fanicamente la armonizaci\u00f3n de la norma...\" \/>\n<meta property=\"og:url\" content=\"https:\/\/thepueblatimes.mx\/index.php\/2025\/12\/03\/garcia-parra-precisa-alcance-de-la-reforma-a-la-ley-de-seguridad-publica\/\" \/>\n<meta property=\"og:site_name\" content=\"The Puebla Times\" \/>\n<meta property=\"article:published_time\" content=\"2025-12-03T15:31:57+00:00\" \/>\n<meta property=\"og:image\" content=\"https:\/\/thepueblatimes.mx\/wp-content\/uploads\/2025\/12\/587947183_18547250908014861_5137596584700140779_n.jpg\" \/>\n\t<meta property=\"og:image:width\" content=\"1279\" \/>\n\t<meta property=\"og:image:height\" content=\"1279\" \/>\n\t<meta property=\"og:image:type\" content=\"image\/jpeg\" \/>\n<meta name=\"author\" content=\"Sa\u00fal Hern\u00e1ndez\" \/>\n<meta name=\"twitter:card\" content=\"summary_large_image\" \/>\n<meta name=\"twitter:label1\" content=\"Escrito por\" \/>\n\t<meta name=\"twitter:data1\" content=\"Sa\u00fal Hern\u00e1ndez\" \/>\n\t<meta name=\"twitter:label2\" content=\"Tiempo de lectura\" \/>\n\t<meta name=\"twitter:data2\" content=\"2 minutos\" \/>\n<script type=\"application\/ld+json\" class=\"yoast-schema-graph\">{\"@context\":\"https:\/\/schema.org\",\"@graph\":[{\"@type\":\"WebPage\",\"@id\":\"https:\/\/thepueblatimes.mx\/index.php\/2025\/12\/03\/garcia-parra-precisa-alcance-de-la-reforma-a-la-ley-de-seguridad-publica\/\",\"url\":\"https:\/\/thepueblatimes.mx\/index.php\/2025\/12\/03\/garcia-parra-precisa-alcance-de-la-reforma-a-la-ley-de-seguridad-publica\/\",\"name\":\"Garc\u00eda Parra precisa alcance de la reforma a la Ley de Seguridad P\u00fablica - The Puebla Times\",\"isPartOf\":{\"@id\":\"https:\/\/thepueblatimes.mx\/#website\"},\"datePublished\":\"2025-12-03T15:31:57+00:00\",\"dateModified\":\"2025-12-03T15:31:57+00:00\",\"author\":{\"@id\":\"https:\/\/thepueblatimes.mx\/#\/schema\/person\/1664894c2f65ce2c7a08d8f5f905c13c\"},\"breadcrumb\":{\"@id\":\"https:\/\/thepueblatimes.mx\/index.php\/2025\/12\/03\/garcia-parra-precisa-alcance-de-la-reforma-a-la-ley-de-seguridad-publica\/#breadcrumb\"},\"inLanguage\":\"es\",\"potentialAction\":[{\"@type\":\"ReadAction\",\"target\":[\"https:\/\/thepueblatimes.mx\/index.php\/2025\/12\/03\/garcia-parra-precisa-alcance-de-la-reforma-a-la-ley-de-seguridad-publica\/\"]}]},{\"@type\":\"BreadcrumbList\",\"@id\":\"https:\/\/thepueblatimes.mx\/index.php\/2025\/12\/03\/garcia-parra-precisa-alcance-de-la-reforma-a-la-ley-de-seguridad-publica\/#breadcrumb\",\"itemListElement\":[{\"@type\":\"ListItem\",\"position\":1,\"name\":\"Portada\",\"item\":\"https:\/\/thepueblatimes.mx\/\"},{\"@type\":\"ListItem\",\"position\":2,\"name\":\"Garc\u00eda Parra precisa alcance de la reforma a la Ley de Seguridad P\u00fablica\"}]},{\"@type\":\"WebSite\",\"@id\":\"https:\/\/thepueblatimes.mx\/#website\",\"url\":\"https:\/\/thepueblatimes.mx\/\",\"name\":\"The Puebla Times\",\"description\":\"Noticias del Estado de Puebla\",\"potentialAction\":[{\"@type\":\"SearchAction\",\"target\":{\"@type\":\"EntryPoint\",\"urlTemplate\":\"https:\/\/thepueblatimes.mx\/?s={search_term_string}\"},\"query-input\":\"required name=search_term_string\"}],\"inLanguage\":\"es\"},{\"@type\":\"Person\",\"@id\":\"https:\/\/thepueblatimes.mx\/#\/schema\/person\/1664894c2f65ce2c7a08d8f5f905c13c\",\"name\":\"Sa\u00fal Hern\u00e1ndez\",\"image\":{\"@type\":\"ImageObject\",\"inLanguage\":\"es\",\"@id\":\"https:\/\/thepueblatimes.mx\/#\/schema\/person\/image\/\",\"url\":\"https:\/\/secure.gravatar.com\/avatar\/11be338693f243309532caad8f10c930?s=96&d=mm&r=g\",\"contentUrl\":\"https:\/\/secure.gravatar.com\/avatar\/11be338693f243309532caad8f10c930?s=96&d=mm&r=g\",\"caption\":\"Sa\u00fal Hern\u00e1ndez\"},\"url\":\"https:\/\/thepueblatimes.mx\/index.php\/author\/saulhernandez\/\"}]}<\/script>\n<!-- \/ Yoast SEO plugin. -->","yoast_head_json":{"title":"Garc\u00eda Parra precisa alcance de la reforma a la Ley de Seguridad P\u00fablica - The Puebla Times","robots":{"index":"index","follow":"follow","max-snippet":"max-snippet:-1","max-image-preview":"max-image-preview:large","max-video-preview":"max-video-preview:-1"},"canonical":"https:\/\/thepueblatimes.mx\/index.php\/2025\/12\/03\/garcia-parra-precisa-alcance-de-la-reforma-a-la-ley-de-seguridad-publica\/","og_locale":"es_ES","og_type":"article","og_title":"Garc\u00eda Parra precisa alcance de la reforma a la Ley de Seguridad P\u00fablica - The Puebla Times","og_description":"POR FERNANDO HOYOS La modificaci\u00f3n s\u00f3lo armoniza la legislaci\u00f3n estatal con la normativa federal; no habr\u00e1 cambios en la estrategia de seguridad. El coordinador del Gabinete, Jos\u00e9 Luis Garc\u00eda Parra, afirm\u00f3 que la reciente reforma a la Ley de Seguridad P\u00fablica no implica la aplicaci\u00f3n del mando \u00fanico, sino \u00fanicamente la armonizaci\u00f3n de la norma...","og_url":"https:\/\/thepueblatimes.mx\/index.php\/2025\/12\/03\/garcia-parra-precisa-alcance-de-la-reforma-a-la-ley-de-seguridad-publica\/","og_site_name":"The Puebla Times","article_published_time":"2025-12-03T15:31:57+00:00","og_image":[{"width":1279,"height":1279,"url":"https:\/\/thepueblatimes.mx\/wp-content\/uploads\/2025\/12\/587947183_18547250908014861_5137596584700140779_n.jpg","type":"image\/jpeg"}],"author":"Sa\u00fal Hern\u00e1ndez","twitter_card":"summary_large_image","twitter_misc":{"Escrito por":"Sa\u00fal Hern\u00e1ndez","Tiempo de lectura":"2 minutos"},"schema":{"@context":"https:\/\/schema.org","@graph":[{"@type":"WebPage","@id":"https:\/\/thepueblatimes.mx\/index.php\/2025\/12\/03\/garcia-parra-precisa-alcance-de-la-reforma-a-la-ley-de-seguridad-publica\/","url":"https:\/\/thepueblatimes.mx\/index.php\/2025\/12\/03\/garcia-parra-precisa-alcance-de-la-reforma-a-la-ley-de-seguridad-publica\/","name":"Garc\u00eda Parra precisa alcance de la reforma a la Ley de Seguridad P\u00fablica - The Puebla Times","isPartOf":{"@id":"https:\/\/thepueblatimes.mx\/#website"},"datePublished":"2025-12-03T15:31:57+00:00","dateModified":"2025-12-03T15:31:57+00:00","author":{"@id":"https:\/\/thepueblatimes.mx\/#\/schema\/person\/1664894c2f65ce2c7a08d8f5f905c13c"},"breadcrumb":{"@id":"https:\/\/thepueblatimes.mx\/index.php\/2025\/12\/03\/garcia-parra-precisa-alcance-de-la-reforma-a-la-ley-de-seguridad-publica\/#breadcrumb"},"inLanguage":"es","potentialAction":[{"@type":"ReadAction","target":["https:\/\/thepueblatimes.mx\/index.php\/2025\/12\/03\/garcia-parra-precisa-alcance-de-la-reforma-a-la-ley-de-seguridad-publica\/"]}]},{"@type":"BreadcrumbList","@id":"https:\/\/thepueblatimes.mx\/index.php\/2025\/12\/03\/garcia-parra-precisa-alcance-de-la-reforma-a-la-ley-de-seguridad-publica\/#breadcrumb","itemListElement":[{"@type":"ListItem","position":1,"name":"Portada","item":"https:\/\/thepueblatimes.mx\/"},{"@type":"ListItem","position":2,"name":"Garc\u00eda Parra precisa alcance de la reforma a la Ley de Seguridad P\u00fablica"}]},{"@type":"WebSite","@id":"https:\/\/thepueblatimes.mx\/#website","url":"https:\/\/thepueblatimes.mx\/","name":"The Puebla Times","description":"Noticias del Estado de Puebla","potentialAction":[{"@type":"SearchAction","target":{"@type":"EntryPoint","urlTemplate":"https:\/\/thepueblatimes.mx\/?s={search_term_string}"},"query-input":"required name=search_term_string"}],"inLanguage":"es"},{"@type":"Person","@id":"https:\/\/thepueblatimes.mx\/#\/schema\/person\/1664894c2f65ce2c7a08d8f5f905c13c","name":"Sa\u00fal Hern\u00e1ndez","image":{"@type":"ImageObject","inLanguage":"es","@id":"https:\/\/thepueblatimes.mx\/#\/schema\/person\/image\/","url":"https:\/\/secure.gravatar.com\/avatar\/11be338693f243309532caad8f10c930?s=96&d=mm&r=g","contentUrl":"https:\/\/secure.gravatar.com\/avatar\/11be338693f243309532caad8f10c930?s=96&d=mm&r=g","caption":"Sa\u00fal Hern\u00e1ndez"},"url":"https:\/\/thepueblatimes.mx\/index.php\/author\/saulhernandez\/"}]}},"jetpack_featured_media_url":"https:\/\/thepueblatimes.mx\/wp-content\/uploads\/2025\/12\/587947183_18547250908014861_5137596584700140779_n.jpg","_links":{"self":[{"href":"https:\/\/thepueblatimes.mx\/index.php\/wp-json\/wp\/v2\/posts\/34765"}],"collection":[{"href":"https:\/\/thepueblatimes.mx\/index.php\/wp-json\/wp\/v2\/posts"}],"about":[{"href":"https:\/\/thepueblatimes.mx\/index.php\/wp-json\/wp\/v2\/types\/post"}],"author":[{"embeddable":true,"href":"https:\/\/thepueblatimes.mx\/index.php\/wp-json\/wp\/v2\/users\/16"}],"replies":[{"embeddable":true,"href":"https:\/\/thepueblatimes.mx\/index.php\/wp-json\/wp\/v2\/comments?post=34765"}],"version-history":[{"count":1,"href":"https:\/\/thepueblatimes.mx\/index.php\/wp-json\/wp\/v2\/posts\/34765\/revisions"}],"predecessor-version":[{"id":34768,"href":"https:\/\/thepueblatimes.mx\/index.php\/wp-json\/wp\/v2\/posts\/34765\/revisions\/34768"}],"wp:featuredmedia":[{"embeddable":true,"href":"https:\/\/thepueblatimes.mx\/index.php\/wp-json\/wp\/v2\/media\/34767"}],"wp:attachment":[{"href":"https:\/\/thepueblatimes.mx\/index.php\/wp-json\/wp\/v2\/media?parent=34765"}],"wp:term":[{"taxonomy":"category","embeddable":true,"href":"https:\/\/thepueblatimes.mx\/index.php\/wp-json\/wp\/v2\/categories?post=34765"},{"taxonomy":"post_tag","embeddable":true,"href":"https:\/\/thepueblatimes.mx\/index.php\/wp-json\/wp\/v2\/tags?post=34765"}],"curies":[{"name":"wp","href":"https:\/\/api.w.org\/{rel}","templated":true}]}}