{"id":34760,"date":"2025-12-02T17:12:40","date_gmt":"2025-12-02T23:12:40","guid":{"rendered":"https:\/\/thepueblatimes.mx\/?p=34760"},"modified":"2025-12-02T17:12:40","modified_gmt":"2025-12-02T23:12:40","slug":"vinculan-a-proceso-a-el-tato-por-incendio-en-el-lacoss","status":"publish","type":"post","link":"https:\/\/thepueblatimes.mx\/index.php\/2025\/12\/02\/vinculan-a-proceso-a-el-tato-por-incendio-en-el-lacoss\/","title":{"rendered":"Vinculan a proceso a El Tato por incendio en el Lacoss"},"content":{"rendered":"<p>Gabriel N., alias \u201cEl Tato\u201d, fue vinculado a proceso como presunto autor intelectual del incendio registrado en el centro nocturno Lacoss.<\/p>\n<p>Lo anterior, de acuerdo con declaraciones de la fiscal general del estado, Idamis Pastor.<\/p>\n<p>Refiri\u00f3 avances en torno a la carpeta de investigaci\u00f3n, que dejan en claro la solidez de las pruebas recopiladas.<\/p>\n<p>Agreg\u00f3 que la audiencia de control de detenci\u00f3n fue celebrada en las instalaciones del Juzgado de Procesos Orales, y se resolvi\u00f3 la imputaci\u00f3n contra \u201cEl Tato\u201d, \u201cpor los delitos de homicidio calificado, extorsi\u00f3n, posesi\u00f3n y venta de sustancias il\u00edcitas, as\u00ed como da\u00f1o en propiedad ajena por el incendio intencional del establecimiento\u201d.<\/p>\n<p>Expres\u00f3, \u201clas evidencias presentadas por el Ministerio P\u00fablico, incluyendo testimonios de testigos protegidos, registros telef\u00f3nicos y material videogr\u00e1fico recuperado de c\u00e1maras de seguridad, permiten establecer su responsabilidad como el cerebro detr\u00e1s del ataque\u201d.<\/p>\n<p>Indic\u00f3 que la hip\u00f3tesis principal apunta a un ajuste de cuentas por extorsi\u00f3n no pagada.<\/p>\n<p>Dijo que \u201cel bar Lacoss era blanco de amenazas constantes por parte de esta red, que exig\u00eda cuotas semanales a cambio de \u2018protecci\u00f3n\u2019. El incendio fue un mensaje de intimidaci\u00f3n que escal\u00f3 a tragedia\u201d.<\/p>\n","protected":false},"excerpt":{"rendered":"<p>Gabriel N., alias \u201cEl Tato\u201d, fue vinculado a proceso como presunto autor intelectual del incendio registrado en el centro nocturno Lacoss. Lo anterior, de acuerdo con declaraciones de la fiscal general del estado, Idamis Pastor. Refiri\u00f3 avances en torno a la carpeta de investigaci\u00f3n, que dejan en claro la solidez de las pruebas recopiladas. Agreg\u00f3&#8230;<\/p>\n","protected":false},"author":16,"featured_media":34763,"comment_status":"closed","ping_status":"closed","sticky":false,"template":"","format":"standard","meta":[],"categories":[121],"tags":[4271,2377,284,4293,4292],"yoast_head":"<!-- This site is optimized with the Yoast SEO plugin v20.8 - https:\/\/yoast.com\/wordpress\/plugins\/seo\/ -->\n<title>Vinculan a proceso a El Tato por incendio en el Lacoss - The Puebla Times<\/title>\n<meta name=\"robots\" content=\"index, follow, max-snippet:-1, max-image-preview:large, max-video-preview:-1\" \/>\n<link rel=\"canonical\" href=\"https:\/\/thepueblatimes.mx\/index.php\/2025\/12\/02\/vinculan-a-proceso-a-el-tato-por-incendio-en-el-lacoss\/\" \/>\n<meta property=\"og:locale\" content=\"es_ES\" \/>\n<meta property=\"og:type\" content=\"article\" \/>\n<meta property=\"og:title\" content=\"Vinculan a proceso a El Tato por incendio en el Lacoss - The Puebla Times\" \/>\n<meta property=\"og:description\" content=\"Gabriel N., alias \u201cEl Tato\u201d, fue vinculado a proceso como presunto autor intelectual del incendio registrado en el centro nocturno Lacoss. Lo anterior, de acuerdo con declaraciones de la fiscal general del estado, Idamis Pastor. Refiri\u00f3 avances en torno a la carpeta de investigaci\u00f3n, que dejan en claro la solidez de las pruebas recopiladas. Agreg\u00f3...\" \/>\n<meta property=\"og:url\" content=\"https:\/\/thepueblatimes.mx\/index.php\/2025\/12\/02\/vinculan-a-proceso-a-el-tato-por-incendio-en-el-lacoss\/\" \/>\n<meta property=\"og:site_name\" content=\"The Puebla Times\" \/>\n<meta property=\"article:published_time\" content=\"2025-12-02T23:12:40+00:00\" \/>\n<meta property=\"og:image\" content=\"https:\/\/thepueblatimes.mx\/wp-content\/uploads\/2025\/12\/WhatsApp-Image-2025-12-02-at-11.06.09-AM-1.webp\" \/>\n\t<meta property=\"og:image:width\" content=\"608\" \/>\n\t<meta property=\"og:image:height\" content=\"342\" \/>\n\t<meta property=\"og:image:type\" content=\"image\/webp\" \/>\n<meta name=\"author\" content=\"Sa\u00fal Hern\u00e1ndez\" \/>\n<meta name=\"twitter:card\" content=\"summary_large_image\" \/>\n<meta name=\"twitter:label1\" content=\"Escrito por\" \/>\n\t<meta name=\"twitter:data1\" content=\"Sa\u00fal Hern\u00e1ndez\" \/>\n\t<meta name=\"twitter:label2\" content=\"Tiempo de lectura\" \/>\n\t<meta name=\"twitter:data2\" content=\"1 minuto\" \/>\n<script type=\"application\/ld+json\" class=\"yoast-schema-graph\">{\"@context\":\"https:\/\/schema.org\",\"@graph\":[{\"@type\":\"WebPage\",\"@id\":\"https:\/\/thepueblatimes.mx\/index.php\/2025\/12\/02\/vinculan-a-proceso-a-el-tato-por-incendio-en-el-lacoss\/\",\"url\":\"https:\/\/thepueblatimes.mx\/index.php\/2025\/12\/02\/vinculan-a-proceso-a-el-tato-por-incendio-en-el-lacoss\/\",\"name\":\"Vinculan a proceso a El Tato por incendio en el Lacoss - The Puebla Times\",\"isPartOf\":{\"@id\":\"https:\/\/thepueblatimes.mx\/#website\"},\"datePublished\":\"2025-12-02T23:12:40+00:00\",\"dateModified\":\"2025-12-02T23:12:40+00:00\",\"author\":{\"@id\":\"https:\/\/thepueblatimes.mx\/#\/schema\/person\/1664894c2f65ce2c7a08d8f5f905c13c\"},\"breadcrumb\":{\"@id\":\"https:\/\/thepueblatimes.mx\/index.php\/2025\/12\/02\/vinculan-a-proceso-a-el-tato-por-incendio-en-el-lacoss\/#breadcrumb\"},\"inLanguage\":\"es\",\"potentialAction\":[{\"@type\":\"ReadAction\",\"target\":[\"https:\/\/thepueblatimes.mx\/index.php\/2025\/12\/02\/vinculan-a-proceso-a-el-tato-por-incendio-en-el-lacoss\/\"]}]},{\"@type\":\"BreadcrumbList\",\"@id\":\"https:\/\/thepueblatimes.mx\/index.php\/2025\/12\/02\/vinculan-a-proceso-a-el-tato-por-incendio-en-el-lacoss\/#breadcrumb\",\"itemListElement\":[{\"@type\":\"ListItem\",\"position\":1,\"name\":\"Portada\",\"item\":\"https:\/\/thepueblatimes.mx\/\"},{\"@type\":\"ListItem\",\"position\":2,\"name\":\"Vinculan a proceso a El Tato por incendio en el Lacoss\"}]},{\"@type\":\"WebSite\",\"@id\":\"https:\/\/thepueblatimes.mx\/#website\",\"url\":\"https:\/\/thepueblatimes.mx\/\",\"name\":\"The Puebla Times\",\"description\":\"Noticias del Estado de Puebla\",\"potentialAction\":[{\"@type\":\"SearchAction\",\"target\":{\"@type\":\"EntryPoint\",\"urlTemplate\":\"https:\/\/thepueblatimes.mx\/?s={search_term_string}\"},\"query-input\":\"required name=search_term_string\"}],\"inLanguage\":\"es\"},{\"@type\":\"Person\",\"@id\":\"https:\/\/thepueblatimes.mx\/#\/schema\/person\/1664894c2f65ce2c7a08d8f5f905c13c\",\"name\":\"Sa\u00fal Hern\u00e1ndez\",\"image\":{\"@type\":\"ImageObject\",\"inLanguage\":\"es\",\"@id\":\"https:\/\/thepueblatimes.mx\/#\/schema\/person\/image\/\",\"url\":\"https:\/\/secure.gravatar.com\/avatar\/11be338693f243309532caad8f10c930?s=96&d=mm&r=g\",\"contentUrl\":\"https:\/\/secure.gravatar.com\/avatar\/11be338693f243309532caad8f10c930?s=96&d=mm&r=g\",\"caption\":\"Sa\u00fal Hern\u00e1ndez\"},\"url\":\"https:\/\/thepueblatimes.mx\/index.php\/author\/saulhernandez\/\"}]}<\/script>\n<!-- \/ Yoast SEO plugin. -->","yoast_head_json":{"title":"Vinculan a proceso a El Tato por incendio en el Lacoss - The Puebla Times","robots":{"index":"index","follow":"follow","max-snippet":"max-snippet:-1","max-image-preview":"max-image-preview:large","max-video-preview":"max-video-preview:-1"},"canonical":"https:\/\/thepueblatimes.mx\/index.php\/2025\/12\/02\/vinculan-a-proceso-a-el-tato-por-incendio-en-el-lacoss\/","og_locale":"es_ES","og_type":"article","og_title":"Vinculan a proceso a El Tato por incendio en el Lacoss - The Puebla Times","og_description":"Gabriel N., alias \u201cEl Tato\u201d, fue vinculado a proceso como presunto autor intelectual del incendio registrado en el centro nocturno Lacoss. Lo anterior, de acuerdo con declaraciones de la fiscal general del estado, Idamis Pastor. Refiri\u00f3 avances en torno a la carpeta de investigaci\u00f3n, que dejan en claro la solidez de las pruebas recopiladas. Agreg\u00f3...","og_url":"https:\/\/thepueblatimes.mx\/index.php\/2025\/12\/02\/vinculan-a-proceso-a-el-tato-por-incendio-en-el-lacoss\/","og_site_name":"The Puebla Times","article_published_time":"2025-12-02T23:12:40+00:00","og_image":[{"width":608,"height":342,"url":"https:\/\/thepueblatimes.mx\/wp-content\/uploads\/2025\/12\/WhatsApp-Image-2025-12-02-at-11.06.09-AM-1.webp","type":"image\/webp"}],"author":"Sa\u00fal Hern\u00e1ndez","twitter_card":"summary_large_image","twitter_misc":{"Escrito por":"Sa\u00fal Hern\u00e1ndez","Tiempo de lectura":"1 minuto"},"schema":{"@context":"https:\/\/schema.org","@graph":[{"@type":"WebPage","@id":"https:\/\/thepueblatimes.mx\/index.php\/2025\/12\/02\/vinculan-a-proceso-a-el-tato-por-incendio-en-el-lacoss\/","url":"https:\/\/thepueblatimes.mx\/index.php\/2025\/12\/02\/vinculan-a-proceso-a-el-tato-por-incendio-en-el-lacoss\/","name":"Vinculan a proceso a El Tato por incendio en el Lacoss - The Puebla Times","isPartOf":{"@id":"https:\/\/thepueblatimes.mx\/#website"},"datePublished":"2025-12-02T23:12:40+00:00","dateModified":"2025-12-02T23:12:40+00:00","author":{"@id":"https:\/\/thepueblatimes.mx\/#\/schema\/person\/1664894c2f65ce2c7a08d8f5f905c13c"},"breadcrumb":{"@id":"https:\/\/thepueblatimes.mx\/index.php\/2025\/12\/02\/vinculan-a-proceso-a-el-tato-por-incendio-en-el-lacoss\/#breadcrumb"},"inLanguage":"es","potentialAction":[{"@type":"ReadAction","target":["https:\/\/thepueblatimes.mx\/index.php\/2025\/12\/02\/vinculan-a-proceso-a-el-tato-por-incendio-en-el-lacoss\/"]}]},{"@type":"BreadcrumbList","@id":"https:\/\/thepueblatimes.mx\/index.php\/2025\/12\/02\/vinculan-a-proceso-a-el-tato-por-incendio-en-el-lacoss\/#breadcrumb","itemListElement":[{"@type":"ListItem","position":1,"name":"Portada","item":"https:\/\/thepueblatimes.mx\/"},{"@type":"ListItem","position":2,"name":"Vinculan a proceso a El Tato por incendio en el Lacoss"}]},{"@type":"WebSite","@id":"https:\/\/thepueblatimes.mx\/#website","url":"https:\/\/thepueblatimes.mx\/","name":"The Puebla Times","description":"Noticias del Estado de Puebla","potentialAction":[{"@type":"SearchAction","target":{"@type":"EntryPoint","urlTemplate":"https:\/\/thepueblatimes.mx\/?s={search_term_string}"},"query-input":"required name=search_term_string"}],"inLanguage":"es"},{"@type":"Person","@id":"https:\/\/thepueblatimes.mx\/#\/schema\/person\/1664894c2f65ce2c7a08d8f5f905c13c","name":"Sa\u00fal Hern\u00e1ndez","image":{"@type":"ImageObject","inLanguage":"es","@id":"https:\/\/thepueblatimes.mx\/#\/schema\/person\/image\/","url":"https:\/\/secure.gravatar.com\/avatar\/11be338693f243309532caad8f10c930?s=96&d=mm&r=g","contentUrl":"https:\/\/secure.gravatar.com\/avatar\/11be338693f243309532caad8f10c930?s=96&d=mm&r=g","caption":"Sa\u00fal Hern\u00e1ndez"},"url":"https:\/\/thepueblatimes.mx\/index.php\/author\/saulhernandez\/"}]}},"jetpack_featured_media_url":"https:\/\/thepueblatimes.mx\/wp-content\/uploads\/2025\/12\/WhatsApp-Image-2025-12-02-at-11.06.09-AM-1.webp","_links":{"self":[{"href":"https:\/\/thepueblatimes.mx\/index.php\/wp-json\/wp\/v2\/posts\/34760"}],"collection":[{"href":"https:\/\/thepueblatimes.mx\/index.php\/wp-json\/wp\/v2\/posts"}],"about":[{"href":"https:\/\/thepueblatimes.mx\/index.php\/wp-json\/wp\/v2\/types\/post"}],"author":[{"embeddable":true,"href":"https:\/\/thepueblatimes.mx\/index.php\/wp-json\/wp\/v2\/users\/16"}],"replies":[{"embeddable":true,"href":"https:\/\/thepueblatimes.mx\/index.php\/wp-json\/wp\/v2\/comments?post=34760"}],"version-history":[{"count":1,"href":"https:\/\/thepueblatimes.mx\/index.php\/wp-json\/wp\/v2\/posts\/34760\/revisions"}],"predecessor-version":[{"id":34764,"href":"https:\/\/thepueblatimes.mx\/index.php\/wp-json\/wp\/v2\/posts\/34760\/revisions\/34764"}],"wp:featuredmedia":[{"embeddable":true,"href":"https:\/\/thepueblatimes.mx\/index.php\/wp-json\/wp\/v2\/media\/34763"}],"wp:attachment":[{"href":"https:\/\/thepueblatimes.mx\/index.php\/wp-json\/wp\/v2\/media?parent=34760"}],"wp:term":[{"taxonomy":"category","embeddable":true,"href":"https:\/\/thepueblatimes.mx\/index.php\/wp-json\/wp\/v2\/categories?post=34760"},{"taxonomy":"post_tag","embeddable":true,"href":"https:\/\/thepueblatimes.mx\/index.php\/wp-json\/wp\/v2\/tags?post=34760"}],"curies":[{"name":"wp","href":"https:\/\/api.w.org\/{rel}","templated":true}]}}