{"id":34752,"date":"2025-12-01T19:04:16","date_gmt":"2025-12-02T01:04:16","guid":{"rendered":"https:\/\/thepueblatimes.mx\/?p=34752"},"modified":"2025-12-01T19:04:16","modified_gmt":"2025-12-02T01:04:16","slug":"enciende-pepe-chedraui-arbol-e-iluminacion-navidena-en-la-capital","status":"publish","type":"post","link":"https:\/\/thepueblatimes.mx\/index.php\/2025\/12\/01\/enciende-pepe-chedraui-arbol-e-iluminacion-navidena-en-la-capital\/","title":{"rendered":"Enciende Pepe Chedraui \u00e1rbol e iluminaci\u00f3n navide\u00f1a en la capital"},"content":{"rendered":"<p tabindex=\"0\">&#8211; El primer cuadro de la ciudad brilla con 4 mil 200 piezas luminosas y el \u00e1rbol de 20 metros de altura<\/p>\n<p tabindex=\"0\">Puebla, Pue., 30 de noviembre de 2025.- En el marco de la temporada de fin de a\u00f1o, el presidente Pepe Chedraui Budib encendi\u00f3 el \u00c1rbol Navide\u00f1o de 20 metros de altura en el z\u00f3calo y la iluminaci\u00f3n en distintos puntos del primer cuadro de la ciudad, reuniendo a miles de familias para disfrutar del inicio de las actividades de Vive el Invierno en la capital.<\/p>\n<p tabindex=\"0\">Con un ambiente lleno de emoci\u00f3n, m\u00fasica y convivencia, se llev\u00f3 a cabo un espect\u00e1culo de luces, colores y elementos decorativos, que resaltan la belleza de la ciudad, adem\u00e1s unen las familias para celebrar y disfrutar.<\/p>\n<p tabindex=\"0\">El presidente municipal Pepe Chedraui acompa\u00f1ado de la presidenta del patronato del SMDIF MariElise Budib, e integrantes del gabinete, realiz\u00f3 el conteo para el encendido del \u00e1rbol junto con familias, ni\u00f1as y ni\u00f1os quienes festejaron el inicio de la celebraciones navide\u00f1as.<\/p>\n<p tabindex=\"0\">Con el encendido oficial, la capital arranca semanas de actividades culturales, recreativas y art\u00edsticas, en las que se espera recibir a visitantes con un ambiente festivo que invita a recorrer, disfrutar y celebrar.<\/p>\n","protected":false},"excerpt":{"rendered":"<p>&#8211; El primer cuadro de la ciudad brilla con 4 mil 200 piezas luminosas y el \u00e1rbol de 20 metros de altura Puebla, Pue., 30 de noviembre de 2025.- En el marco de la temporada de fin de a\u00f1o, el presidente Pepe Chedraui Budib encendi\u00f3 el \u00c1rbol Navide\u00f1o de 20 metros de altura en el&#8230;<\/p>\n","protected":false},"author":16,"featured_media":34753,"comment_status":"closed","ping_status":"closed","sticky":false,"template":"","format":"standard","meta":[],"categories":[20],"tags":[],"yoast_head":"<!-- This site is optimized with the Yoast SEO plugin v20.8 - https:\/\/yoast.com\/wordpress\/plugins\/seo\/ -->\n<title>Enciende Pepe Chedraui \u00e1rbol e iluminaci\u00f3n navide\u00f1a en la capital - The Puebla Times<\/title>\n<meta name=\"robots\" content=\"index, follow, max-snippet:-1, max-image-preview:large, max-video-preview:-1\" \/>\n<link rel=\"canonical\" href=\"https:\/\/thepueblatimes.mx\/index.php\/2025\/12\/01\/enciende-pepe-chedraui-arbol-e-iluminacion-navidena-en-la-capital\/\" \/>\n<meta property=\"og:locale\" content=\"es_ES\" \/>\n<meta property=\"og:type\" content=\"article\" \/>\n<meta property=\"og:title\" content=\"Enciende Pepe Chedraui \u00e1rbol e iluminaci\u00f3n navide\u00f1a en la capital - The Puebla Times\" \/>\n<meta property=\"og:description\" content=\"&#8211; El primer cuadro de la ciudad brilla con 4 mil 200 piezas luminosas y el \u00e1rbol de 20 metros de altura Puebla, Pue., 30 de noviembre de 2025.- En el marco de la temporada de fin de a\u00f1o, el presidente Pepe Chedraui Budib encendi\u00f3 el \u00c1rbol Navide\u00f1o de 20 metros de altura en el...\" \/>\n<meta property=\"og:url\" content=\"https:\/\/thepueblatimes.mx\/index.php\/2025\/12\/01\/enciende-pepe-chedraui-arbol-e-iluminacion-navidena-en-la-capital\/\" \/>\n<meta property=\"og:site_name\" content=\"The Puebla Times\" \/>\n<meta property=\"article:published_time\" content=\"2025-12-02T01:04:16+00:00\" \/>\n<meta property=\"og:image\" content=\"https:\/\/thepueblatimes.mx\/wp-content\/uploads\/2025\/12\/6f93ce32-65e5-4a3b-a131-ff9eff0b74ae.jpg\" \/>\n\t<meta property=\"og:image:width\" content=\"1600\" \/>\n\t<meta property=\"og:image:height\" content=\"1133\" \/>\n\t<meta property=\"og:image:type\" content=\"image\/jpeg\" \/>\n<meta name=\"author\" content=\"Sa\u00fal Hern\u00e1ndez\" \/>\n<meta name=\"twitter:card\" content=\"summary_large_image\" \/>\n<meta name=\"twitter:label1\" content=\"Escrito por\" \/>\n\t<meta name=\"twitter:data1\" content=\"Sa\u00fal Hern\u00e1ndez\" \/>\n\t<meta name=\"twitter:label2\" content=\"Tiempo de lectura\" \/>\n\t<meta name=\"twitter:data2\" content=\"1 minuto\" \/>\n<script type=\"application\/ld+json\" class=\"yoast-schema-graph\">{\"@context\":\"https:\/\/schema.org\",\"@graph\":[{\"@type\":\"WebPage\",\"@id\":\"https:\/\/thepueblatimes.mx\/index.php\/2025\/12\/01\/enciende-pepe-chedraui-arbol-e-iluminacion-navidena-en-la-capital\/\",\"url\":\"https:\/\/thepueblatimes.mx\/index.php\/2025\/12\/01\/enciende-pepe-chedraui-arbol-e-iluminacion-navidena-en-la-capital\/\",\"name\":\"Enciende Pepe Chedraui \u00e1rbol e iluminaci\u00f3n navide\u00f1a en la capital - The Puebla Times\",\"isPartOf\":{\"@id\":\"https:\/\/thepueblatimes.mx\/#website\"},\"datePublished\":\"2025-12-02T01:04:16+00:00\",\"dateModified\":\"2025-12-02T01:04:16+00:00\",\"author\":{\"@id\":\"https:\/\/thepueblatimes.mx\/#\/schema\/person\/1664894c2f65ce2c7a08d8f5f905c13c\"},\"breadcrumb\":{\"@id\":\"https:\/\/thepueblatimes.mx\/index.php\/2025\/12\/01\/enciende-pepe-chedraui-arbol-e-iluminacion-navidena-en-la-capital\/#breadcrumb\"},\"inLanguage\":\"es\",\"potentialAction\":[{\"@type\":\"ReadAction\",\"target\":[\"https:\/\/thepueblatimes.mx\/index.php\/2025\/12\/01\/enciende-pepe-chedraui-arbol-e-iluminacion-navidena-en-la-capital\/\"]}]},{\"@type\":\"BreadcrumbList\",\"@id\":\"https:\/\/thepueblatimes.mx\/index.php\/2025\/12\/01\/enciende-pepe-chedraui-arbol-e-iluminacion-navidena-en-la-capital\/#breadcrumb\",\"itemListElement\":[{\"@type\":\"ListItem\",\"position\":1,\"name\":\"Portada\",\"item\":\"https:\/\/thepueblatimes.mx\/\"},{\"@type\":\"ListItem\",\"position\":2,\"name\":\"Enciende Pepe Chedraui \u00e1rbol e iluminaci\u00f3n navide\u00f1a en la capital\"}]},{\"@type\":\"WebSite\",\"@id\":\"https:\/\/thepueblatimes.mx\/#website\",\"url\":\"https:\/\/thepueblatimes.mx\/\",\"name\":\"The Puebla Times\",\"description\":\"Noticias del Estado de Puebla\",\"potentialAction\":[{\"@type\":\"SearchAction\",\"target\":{\"@type\":\"EntryPoint\",\"urlTemplate\":\"https:\/\/thepueblatimes.mx\/?s={search_term_string}\"},\"query-input\":\"required name=search_term_string\"}],\"inLanguage\":\"es\"},{\"@type\":\"Person\",\"@id\":\"https:\/\/thepueblatimes.mx\/#\/schema\/person\/1664894c2f65ce2c7a08d8f5f905c13c\",\"name\":\"Sa\u00fal Hern\u00e1ndez\",\"image\":{\"@type\":\"ImageObject\",\"inLanguage\":\"es\",\"@id\":\"https:\/\/thepueblatimes.mx\/#\/schema\/person\/image\/\",\"url\":\"https:\/\/secure.gravatar.com\/avatar\/11be338693f243309532caad8f10c930?s=96&d=mm&r=g\",\"contentUrl\":\"https:\/\/secure.gravatar.com\/avatar\/11be338693f243309532caad8f10c930?s=96&d=mm&r=g\",\"caption\":\"Sa\u00fal Hern\u00e1ndez\"},\"url\":\"https:\/\/thepueblatimes.mx\/index.php\/author\/saulhernandez\/\"}]}<\/script>\n<!-- \/ Yoast SEO plugin. -->","yoast_head_json":{"title":"Enciende Pepe Chedraui \u00e1rbol e iluminaci\u00f3n navide\u00f1a en la capital - The Puebla Times","robots":{"index":"index","follow":"follow","max-snippet":"max-snippet:-1","max-image-preview":"max-image-preview:large","max-video-preview":"max-video-preview:-1"},"canonical":"https:\/\/thepueblatimes.mx\/index.php\/2025\/12\/01\/enciende-pepe-chedraui-arbol-e-iluminacion-navidena-en-la-capital\/","og_locale":"es_ES","og_type":"article","og_title":"Enciende Pepe Chedraui \u00e1rbol e iluminaci\u00f3n navide\u00f1a en la capital - The Puebla Times","og_description":"&#8211; El primer cuadro de la ciudad brilla con 4 mil 200 piezas luminosas y el \u00e1rbol de 20 metros de altura Puebla, Pue., 30 de noviembre de 2025.- En el marco de la temporada de fin de a\u00f1o, el presidente Pepe Chedraui Budib encendi\u00f3 el \u00c1rbol Navide\u00f1o de 20 metros de altura en el...","og_url":"https:\/\/thepueblatimes.mx\/index.php\/2025\/12\/01\/enciende-pepe-chedraui-arbol-e-iluminacion-navidena-en-la-capital\/","og_site_name":"The Puebla Times","article_published_time":"2025-12-02T01:04:16+00:00","og_image":[{"width":1600,"height":1133,"url":"https:\/\/thepueblatimes.mx\/wp-content\/uploads\/2025\/12\/6f93ce32-65e5-4a3b-a131-ff9eff0b74ae.jpg","type":"image\/jpeg"}],"author":"Sa\u00fal Hern\u00e1ndez","twitter_card":"summary_large_image","twitter_misc":{"Escrito por":"Sa\u00fal Hern\u00e1ndez","Tiempo de lectura":"1 minuto"},"schema":{"@context":"https:\/\/schema.org","@graph":[{"@type":"WebPage","@id":"https:\/\/thepueblatimes.mx\/index.php\/2025\/12\/01\/enciende-pepe-chedraui-arbol-e-iluminacion-navidena-en-la-capital\/","url":"https:\/\/thepueblatimes.mx\/index.php\/2025\/12\/01\/enciende-pepe-chedraui-arbol-e-iluminacion-navidena-en-la-capital\/","name":"Enciende Pepe Chedraui \u00e1rbol e iluminaci\u00f3n navide\u00f1a en la capital - The Puebla Times","isPartOf":{"@id":"https:\/\/thepueblatimes.mx\/#website"},"datePublished":"2025-12-02T01:04:16+00:00","dateModified":"2025-12-02T01:04:16+00:00","author":{"@id":"https:\/\/thepueblatimes.mx\/#\/schema\/person\/1664894c2f65ce2c7a08d8f5f905c13c"},"breadcrumb":{"@id":"https:\/\/thepueblatimes.mx\/index.php\/2025\/12\/01\/enciende-pepe-chedraui-arbol-e-iluminacion-navidena-en-la-capital\/#breadcrumb"},"inLanguage":"es","potentialAction":[{"@type":"ReadAction","target":["https:\/\/thepueblatimes.mx\/index.php\/2025\/12\/01\/enciende-pepe-chedraui-arbol-e-iluminacion-navidena-en-la-capital\/"]}]},{"@type":"BreadcrumbList","@id":"https:\/\/thepueblatimes.mx\/index.php\/2025\/12\/01\/enciende-pepe-chedraui-arbol-e-iluminacion-navidena-en-la-capital\/#breadcrumb","itemListElement":[{"@type":"ListItem","position":1,"name":"Portada","item":"https:\/\/thepueblatimes.mx\/"},{"@type":"ListItem","position":2,"name":"Enciende Pepe Chedraui \u00e1rbol e iluminaci\u00f3n navide\u00f1a en la capital"}]},{"@type":"WebSite","@id":"https:\/\/thepueblatimes.mx\/#website","url":"https:\/\/thepueblatimes.mx\/","name":"The Puebla Times","description":"Noticias del Estado de Puebla","potentialAction":[{"@type":"SearchAction","target":{"@type":"EntryPoint","urlTemplate":"https:\/\/thepueblatimes.mx\/?s={search_term_string}"},"query-input":"required name=search_term_string"}],"inLanguage":"es"},{"@type":"Person","@id":"https:\/\/thepueblatimes.mx\/#\/schema\/person\/1664894c2f65ce2c7a08d8f5f905c13c","name":"Sa\u00fal Hern\u00e1ndez","image":{"@type":"ImageObject","inLanguage":"es","@id":"https:\/\/thepueblatimes.mx\/#\/schema\/person\/image\/","url":"https:\/\/secure.gravatar.com\/avatar\/11be338693f243309532caad8f10c930?s=96&d=mm&r=g","contentUrl":"https:\/\/secure.gravatar.com\/avatar\/11be338693f243309532caad8f10c930?s=96&d=mm&r=g","caption":"Sa\u00fal Hern\u00e1ndez"},"url":"https:\/\/thepueblatimes.mx\/index.php\/author\/saulhernandez\/"}]}},"jetpack_featured_media_url":"https:\/\/thepueblatimes.mx\/wp-content\/uploads\/2025\/12\/6f93ce32-65e5-4a3b-a131-ff9eff0b74ae.jpg","_links":{"self":[{"href":"https:\/\/thepueblatimes.mx\/index.php\/wp-json\/wp\/v2\/posts\/34752"}],"collection":[{"href":"https:\/\/thepueblatimes.mx\/index.php\/wp-json\/wp\/v2\/posts"}],"about":[{"href":"https:\/\/thepueblatimes.mx\/index.php\/wp-json\/wp\/v2\/types\/post"}],"author":[{"embeddable":true,"href":"https:\/\/thepueblatimes.mx\/index.php\/wp-json\/wp\/v2\/users\/16"}],"replies":[{"embeddable":true,"href":"https:\/\/thepueblatimes.mx\/index.php\/wp-json\/wp\/v2\/comments?post=34752"}],"version-history":[{"count":1,"href":"https:\/\/thepueblatimes.mx\/index.php\/wp-json\/wp\/v2\/posts\/34752\/revisions"}],"predecessor-version":[{"id":34754,"href":"https:\/\/thepueblatimes.mx\/index.php\/wp-json\/wp\/v2\/posts\/34752\/revisions\/34754"}],"wp:featuredmedia":[{"embeddable":true,"href":"https:\/\/thepueblatimes.mx\/index.php\/wp-json\/wp\/v2\/media\/34753"}],"wp:attachment":[{"href":"https:\/\/thepueblatimes.mx\/index.php\/wp-json\/wp\/v2\/media?parent=34752"}],"wp:term":[{"taxonomy":"category","embeddable":true,"href":"https:\/\/thepueblatimes.mx\/index.php\/wp-json\/wp\/v2\/categories?post=34752"},{"taxonomy":"post_tag","embeddable":true,"href":"https:\/\/thepueblatimes.mx\/index.php\/wp-json\/wp\/v2\/tags?post=34752"}],"curies":[{"name":"wp","href":"https:\/\/api.w.org\/{rel}","templated":true}]}}