{"id":34714,"date":"2025-12-01T16:11:48","date_gmt":"2025-12-01T22:11:48","guid":{"rendered":"https:\/\/thepueblatimes.mx\/?p=34714"},"modified":"2025-12-01T16:11:48","modified_gmt":"2025-12-01T22:11:48","slug":"sube-a-ocho-el-numero-de-fallecidos-por-el-incendio-en-el-bar-lacoss","status":"publish","type":"post","link":"https:\/\/thepueblatimes.mx\/index.php\/2025\/12\/01\/sube-a-ocho-el-numero-de-fallecidos-por-el-incendio-en-el-bar-lacoss\/","title":{"rendered":"Sube a ocho el n\u00famero de fallecidos por el incendio en el Bar Lacoss"},"content":{"rendered":"<p>Tras doce d\u00edas de permanecer en hospitalizaci\u00f3n falleci\u00f3 otra de las personas lesionadas en el incendio del Bar Lacoss, con lo que el n\u00famero de v\u00edctimas mortales lleg\u00f3 a ocho.<\/p>\n<p>Durante el fin de semana, la Fiscal\u00eda de Puebla tom\u00f3 conocimiento de deceso y llev\u00f3 a cabo el levantamiento del cad\u00e1ver de Aribel Guadalupe, una m\u00e1s de las v\u00edctimas del incendio en el table dance \u201cLacoss\u201d.<\/p>\n<p>La v\u00edctima se encontraba internada en el Hospital de Traumatolog\u00eda y Ortopedia del Sector Salud, y durante 12 d\u00edas permaneci\u00f3 en tratamiento, pero por la gravedad de las quemaduras y complicaciones, falleci\u00f3.<\/p>\n<p>Al momento a\u00fan permanecen hospitalizadas otras cinco personas, de acuerdo a datos proporcionados por la Fiscal\u00eda General del Estado, sin embargo, no se ha emitido informaci\u00f3n actualizada sobre el caso.<\/p>\n","protected":false},"excerpt":{"rendered":"<p>Tras doce d\u00edas de permanecer en hospitalizaci\u00f3n falleci\u00f3 otra de las personas lesionadas en el incendio del Bar Lacoss, con lo que el n\u00famero de v\u00edctimas mortales lleg\u00f3 a ocho. Durante el fin de semana, la Fiscal\u00eda de Puebla tom\u00f3 conocimiento de deceso y llev\u00f3 a cabo el levantamiento del cad\u00e1ver de Aribel Guadalupe, una&#8230;<\/p>\n","protected":false},"author":16,"featured_media":34590,"comment_status":"closed","ping_status":"closed","sticky":false,"template":"","format":"standard","meta":[],"categories":[542],"tags":[4271,219,417],"yoast_head":"<!-- This site is optimized with the Yoast SEO plugin v20.8 - https:\/\/yoast.com\/wordpress\/plugins\/seo\/ -->\n<title>Sube a ocho el n\u00famero de fallecidos por el incendio en el Bar Lacoss - The Puebla Times<\/title>\n<meta name=\"robots\" content=\"index, follow, max-snippet:-1, max-image-preview:large, max-video-preview:-1\" \/>\n<link rel=\"canonical\" href=\"https:\/\/thepueblatimes.mx\/index.php\/2025\/12\/01\/sube-a-ocho-el-numero-de-fallecidos-por-el-incendio-en-el-bar-lacoss\/\" \/>\n<meta property=\"og:locale\" content=\"es_ES\" \/>\n<meta property=\"og:type\" content=\"article\" \/>\n<meta property=\"og:title\" content=\"Sube a ocho el n\u00famero de fallecidos por el incendio en el Bar Lacoss - The Puebla Times\" \/>\n<meta property=\"og:description\" content=\"Tras doce d\u00edas de permanecer en hospitalizaci\u00f3n falleci\u00f3 otra de las personas lesionadas en el incendio del Bar Lacoss, con lo que el n\u00famero de v\u00edctimas mortales lleg\u00f3 a ocho. Durante el fin de semana, la Fiscal\u00eda de Puebla tom\u00f3 conocimiento de deceso y llev\u00f3 a cabo el levantamiento del cad\u00e1ver de Aribel Guadalupe, una...\" \/>\n<meta property=\"og:url\" content=\"https:\/\/thepueblatimes.mx\/index.php\/2025\/12\/01\/sube-a-ocho-el-numero-de-fallecidos-por-el-incendio-en-el-bar-lacoss\/\" \/>\n<meta property=\"og:site_name\" content=\"The Puebla Times\" \/>\n<meta property=\"article:published_time\" content=\"2025-12-01T22:11:48+00:00\" \/>\n<meta property=\"og:image\" content=\"https:\/\/thepueblatimes.mx\/wp-content\/uploads\/2025\/11\/Bar-Lacoss.jpg\" \/>\n\t<meta property=\"og:image:width\" content=\"1200\" \/>\n\t<meta property=\"og:image:height\" content=\"800\" \/>\n\t<meta property=\"og:image:type\" content=\"image\/jpeg\" \/>\n<meta name=\"author\" content=\"Sa\u00fal Hern\u00e1ndez\" \/>\n<meta name=\"twitter:card\" content=\"summary_large_image\" \/>\n<meta name=\"twitter:label1\" content=\"Escrito por\" \/>\n\t<meta name=\"twitter:data1\" content=\"Sa\u00fal Hern\u00e1ndez\" \/>\n\t<meta name=\"twitter:label2\" content=\"Tiempo de lectura\" \/>\n\t<meta name=\"twitter:data2\" content=\"1 minuto\" \/>\n<script type=\"application\/ld+json\" class=\"yoast-schema-graph\">{\"@context\":\"https:\/\/schema.org\",\"@graph\":[{\"@type\":\"WebPage\",\"@id\":\"https:\/\/thepueblatimes.mx\/index.php\/2025\/12\/01\/sube-a-ocho-el-numero-de-fallecidos-por-el-incendio-en-el-bar-lacoss\/\",\"url\":\"https:\/\/thepueblatimes.mx\/index.php\/2025\/12\/01\/sube-a-ocho-el-numero-de-fallecidos-por-el-incendio-en-el-bar-lacoss\/\",\"name\":\"Sube a ocho el n\u00famero de fallecidos por el incendio en el Bar Lacoss - The Puebla Times\",\"isPartOf\":{\"@id\":\"https:\/\/thepueblatimes.mx\/#website\"},\"datePublished\":\"2025-12-01T22:11:48+00:00\",\"dateModified\":\"2025-12-01T22:11:48+00:00\",\"author\":{\"@id\":\"https:\/\/thepueblatimes.mx\/#\/schema\/person\/1664894c2f65ce2c7a08d8f5f905c13c\"},\"breadcrumb\":{\"@id\":\"https:\/\/thepueblatimes.mx\/index.php\/2025\/12\/01\/sube-a-ocho-el-numero-de-fallecidos-por-el-incendio-en-el-bar-lacoss\/#breadcrumb\"},\"inLanguage\":\"es\",\"potentialAction\":[{\"@type\":\"ReadAction\",\"target\":[\"https:\/\/thepueblatimes.mx\/index.php\/2025\/12\/01\/sube-a-ocho-el-numero-de-fallecidos-por-el-incendio-en-el-bar-lacoss\/\"]}]},{\"@type\":\"BreadcrumbList\",\"@id\":\"https:\/\/thepueblatimes.mx\/index.php\/2025\/12\/01\/sube-a-ocho-el-numero-de-fallecidos-por-el-incendio-en-el-bar-lacoss\/#breadcrumb\",\"itemListElement\":[{\"@type\":\"ListItem\",\"position\":1,\"name\":\"Portada\",\"item\":\"https:\/\/thepueblatimes.mx\/\"},{\"@type\":\"ListItem\",\"position\":2,\"name\":\"Sube a ocho el n\u00famero de fallecidos por el incendio en el Bar Lacoss\"}]},{\"@type\":\"WebSite\",\"@id\":\"https:\/\/thepueblatimes.mx\/#website\",\"url\":\"https:\/\/thepueblatimes.mx\/\",\"name\":\"The Puebla Times\",\"description\":\"Noticias del Estado de Puebla\",\"potentialAction\":[{\"@type\":\"SearchAction\",\"target\":{\"@type\":\"EntryPoint\",\"urlTemplate\":\"https:\/\/thepueblatimes.mx\/?s={search_term_string}\"},\"query-input\":\"required name=search_term_string\"}],\"inLanguage\":\"es\"},{\"@type\":\"Person\",\"@id\":\"https:\/\/thepueblatimes.mx\/#\/schema\/person\/1664894c2f65ce2c7a08d8f5f905c13c\",\"name\":\"Sa\u00fal Hern\u00e1ndez\",\"image\":{\"@type\":\"ImageObject\",\"inLanguage\":\"es\",\"@id\":\"https:\/\/thepueblatimes.mx\/#\/schema\/person\/image\/\",\"url\":\"https:\/\/secure.gravatar.com\/avatar\/11be338693f243309532caad8f10c930?s=96&d=mm&r=g\",\"contentUrl\":\"https:\/\/secure.gravatar.com\/avatar\/11be338693f243309532caad8f10c930?s=96&d=mm&r=g\",\"caption\":\"Sa\u00fal Hern\u00e1ndez\"},\"url\":\"https:\/\/thepueblatimes.mx\/index.php\/author\/saulhernandez\/\"}]}<\/script>\n<!-- \/ Yoast SEO plugin. -->","yoast_head_json":{"title":"Sube a ocho el n\u00famero de fallecidos por el incendio en el Bar Lacoss - The Puebla Times","robots":{"index":"index","follow":"follow","max-snippet":"max-snippet:-1","max-image-preview":"max-image-preview:large","max-video-preview":"max-video-preview:-1"},"canonical":"https:\/\/thepueblatimes.mx\/index.php\/2025\/12\/01\/sube-a-ocho-el-numero-de-fallecidos-por-el-incendio-en-el-bar-lacoss\/","og_locale":"es_ES","og_type":"article","og_title":"Sube a ocho el n\u00famero de fallecidos por el incendio en el Bar Lacoss - The Puebla Times","og_description":"Tras doce d\u00edas de permanecer en hospitalizaci\u00f3n falleci\u00f3 otra de las personas lesionadas en el incendio del Bar Lacoss, con lo que el n\u00famero de v\u00edctimas mortales lleg\u00f3 a ocho. Durante el fin de semana, la Fiscal\u00eda de Puebla tom\u00f3 conocimiento de deceso y llev\u00f3 a cabo el levantamiento del cad\u00e1ver de Aribel Guadalupe, una...","og_url":"https:\/\/thepueblatimes.mx\/index.php\/2025\/12\/01\/sube-a-ocho-el-numero-de-fallecidos-por-el-incendio-en-el-bar-lacoss\/","og_site_name":"The Puebla Times","article_published_time":"2025-12-01T22:11:48+00:00","og_image":[{"width":1200,"height":800,"url":"https:\/\/thepueblatimes.mx\/wp-content\/uploads\/2025\/11\/Bar-Lacoss.jpg","type":"image\/jpeg"}],"author":"Sa\u00fal Hern\u00e1ndez","twitter_card":"summary_large_image","twitter_misc":{"Escrito por":"Sa\u00fal Hern\u00e1ndez","Tiempo de lectura":"1 minuto"},"schema":{"@context":"https:\/\/schema.org","@graph":[{"@type":"WebPage","@id":"https:\/\/thepueblatimes.mx\/index.php\/2025\/12\/01\/sube-a-ocho-el-numero-de-fallecidos-por-el-incendio-en-el-bar-lacoss\/","url":"https:\/\/thepueblatimes.mx\/index.php\/2025\/12\/01\/sube-a-ocho-el-numero-de-fallecidos-por-el-incendio-en-el-bar-lacoss\/","name":"Sube a ocho el n\u00famero de fallecidos por el incendio en el Bar Lacoss - The Puebla Times","isPartOf":{"@id":"https:\/\/thepueblatimes.mx\/#website"},"datePublished":"2025-12-01T22:11:48+00:00","dateModified":"2025-12-01T22:11:48+00:00","author":{"@id":"https:\/\/thepueblatimes.mx\/#\/schema\/person\/1664894c2f65ce2c7a08d8f5f905c13c"},"breadcrumb":{"@id":"https:\/\/thepueblatimes.mx\/index.php\/2025\/12\/01\/sube-a-ocho-el-numero-de-fallecidos-por-el-incendio-en-el-bar-lacoss\/#breadcrumb"},"inLanguage":"es","potentialAction":[{"@type":"ReadAction","target":["https:\/\/thepueblatimes.mx\/index.php\/2025\/12\/01\/sube-a-ocho-el-numero-de-fallecidos-por-el-incendio-en-el-bar-lacoss\/"]}]},{"@type":"BreadcrumbList","@id":"https:\/\/thepueblatimes.mx\/index.php\/2025\/12\/01\/sube-a-ocho-el-numero-de-fallecidos-por-el-incendio-en-el-bar-lacoss\/#breadcrumb","itemListElement":[{"@type":"ListItem","position":1,"name":"Portada","item":"https:\/\/thepueblatimes.mx\/"},{"@type":"ListItem","position":2,"name":"Sube a ocho el n\u00famero de fallecidos por el incendio en el Bar Lacoss"}]},{"@type":"WebSite","@id":"https:\/\/thepueblatimes.mx\/#website","url":"https:\/\/thepueblatimes.mx\/","name":"The Puebla Times","description":"Noticias del Estado de Puebla","potentialAction":[{"@type":"SearchAction","target":{"@type":"EntryPoint","urlTemplate":"https:\/\/thepueblatimes.mx\/?s={search_term_string}"},"query-input":"required name=search_term_string"}],"inLanguage":"es"},{"@type":"Person","@id":"https:\/\/thepueblatimes.mx\/#\/schema\/person\/1664894c2f65ce2c7a08d8f5f905c13c","name":"Sa\u00fal Hern\u00e1ndez","image":{"@type":"ImageObject","inLanguage":"es","@id":"https:\/\/thepueblatimes.mx\/#\/schema\/person\/image\/","url":"https:\/\/secure.gravatar.com\/avatar\/11be338693f243309532caad8f10c930?s=96&d=mm&r=g","contentUrl":"https:\/\/secure.gravatar.com\/avatar\/11be338693f243309532caad8f10c930?s=96&d=mm&r=g","caption":"Sa\u00fal Hern\u00e1ndez"},"url":"https:\/\/thepueblatimes.mx\/index.php\/author\/saulhernandez\/"}]}},"jetpack_featured_media_url":"https:\/\/thepueblatimes.mx\/wp-content\/uploads\/2025\/11\/Bar-Lacoss.jpg","_links":{"self":[{"href":"https:\/\/thepueblatimes.mx\/index.php\/wp-json\/wp\/v2\/posts\/34714"}],"collection":[{"href":"https:\/\/thepueblatimes.mx\/index.php\/wp-json\/wp\/v2\/posts"}],"about":[{"href":"https:\/\/thepueblatimes.mx\/index.php\/wp-json\/wp\/v2\/types\/post"}],"author":[{"embeddable":true,"href":"https:\/\/thepueblatimes.mx\/index.php\/wp-json\/wp\/v2\/users\/16"}],"replies":[{"embeddable":true,"href":"https:\/\/thepueblatimes.mx\/index.php\/wp-json\/wp\/v2\/comments?post=34714"}],"version-history":[{"count":1,"href":"https:\/\/thepueblatimes.mx\/index.php\/wp-json\/wp\/v2\/posts\/34714\/revisions"}],"predecessor-version":[{"id":34715,"href":"https:\/\/thepueblatimes.mx\/index.php\/wp-json\/wp\/v2\/posts\/34714\/revisions\/34715"}],"wp:featuredmedia":[{"embeddable":true,"href":"https:\/\/thepueblatimes.mx\/index.php\/wp-json\/wp\/v2\/media\/34590"}],"wp:attachment":[{"href":"https:\/\/thepueblatimes.mx\/index.php\/wp-json\/wp\/v2\/media?parent=34714"}],"wp:term":[{"taxonomy":"category","embeddable":true,"href":"https:\/\/thepueblatimes.mx\/index.php\/wp-json\/wp\/v2\/categories?post=34714"},{"taxonomy":"post_tag","embeddable":true,"href":"https:\/\/thepueblatimes.mx\/index.php\/wp-json\/wp\/v2\/tags?post=34714"}],"curies":[{"name":"wp","href":"https:\/\/api.w.org\/{rel}","templated":true}]}}