{"id":34547,"date":"2025-11-24T17:21:06","date_gmt":"2025-11-24T23:21:06","guid":{"rendered":"https:\/\/thepueblatimes.mx\/?p=34547"},"modified":"2025-11-24T17:23:50","modified_gmt":"2025-11-24T23:23:50","slug":"el-gobierno-estatal-interviene-por-el-deficiente-servicio-de-limpia-en-la-ciudad-de-puebla","status":"publish","type":"post","link":"https:\/\/thepueblatimes.mx\/index.php\/2025\/11\/24\/el-gobierno-estatal-interviene-por-el-deficiente-servicio-de-limpia-en-la-ciudad-de-puebla\/","title":{"rendered":"El gobierno estatal interviene por el deficiente servicio de limpia en la capital"},"content":{"rendered":"<p>El gobernador Alejandro Armenta orden\u00f3 al secretario de Gobernaci\u00f3n, Samuel Aguilar Pala, iniciar una auditor\u00eda integral a la concesi\u00f3n del servicio de limpia del municipio de Puebla.<\/p>\n<p>Advirti\u00f3 que se actuar\u00e1 con \u201ctodo rigor\u201d ante el incumplimiento de la empresa encargada de la recolecci\u00f3n de desechos, al tiempo que extern\u00f3 su malestar ante las condiciones que imperan en la ciudad, en materia de limpieza urbana.<\/p>\n<p>Destaco que es frecuente encontrar \u201cmontoneras de basura\u201d en las calles, lo que califico como una situaci\u00f3n inaceptable, si se considera que el Ayuntamiento paga puntualmente por un servicio y \u00e9ste no se presta con la calidad que se necesita.<\/p>\n<p>Revel\u00f3 que el presidente municipal. Pepe Chedraui tiene que presionar constantemente a los responsables para que cumplan con su trabajo.<\/p>\n<p>Dijo \u201cel presidente municipal le tiene que hablar casi todos los d\u00edas al due\u00f1o de la concesi\u00f3n, que no es de Puebla, que vive en otra parte de la Rep\u00fablica y que no le importa que la ciudad est\u00e9 sucia. As\u00ed es que los que quieran tener concesi\u00f3n en Puebla, deben amar a Puebla\u201d.<\/p>\n<p>Reiter\u00f3 que quien quiera hacer negocio en Puebla, es bienvenido, siempre y cuando cumpla cabalmente con sus obligaciones.<\/p>\n","protected":false},"excerpt":{"rendered":"<p>El gobernador Alejandro Armenta orden\u00f3 al secretario de Gobernaci\u00f3n, Samuel Aguilar Pala, iniciar una auditor\u00eda integral a la concesi\u00f3n del servicio de limpia del municipio de Puebla. Advirti\u00f3 que se actuar\u00e1 con \u201ctodo rigor\u201d ante el incumplimiento de la empresa encargada de la recolecci\u00f3n de desechos, al tiempo que extern\u00f3 su malestar ante las condiciones&#8230;<\/p>\n","protected":false},"author":16,"featured_media":34548,"comment_status":"closed","ping_status":"closed","sticky":false,"template":"","format":"standard","meta":[],"categories":[542],"tags":[4266,4264,1273,4265],"yoast_head":"<!-- This site is optimized with the Yoast SEO plugin v20.8 - https:\/\/yoast.com\/wordpress\/plugins\/seo\/ -->\n<title>El gobierno estatal interviene por el deficiente servicio de limpia en la capital - The Puebla Times<\/title>\n<meta name=\"robots\" content=\"index, follow, max-snippet:-1, max-image-preview:large, max-video-preview:-1\" \/>\n<link rel=\"canonical\" href=\"https:\/\/thepueblatimes.mx\/index.php\/2025\/11\/24\/el-gobierno-estatal-interviene-por-el-deficiente-servicio-de-limpia-en-la-ciudad-de-puebla\/\" \/>\n<meta property=\"og:locale\" content=\"es_ES\" \/>\n<meta property=\"og:type\" content=\"article\" \/>\n<meta property=\"og:title\" content=\"El gobierno estatal interviene por el deficiente servicio de limpia en la capital - The Puebla Times\" \/>\n<meta property=\"og:description\" content=\"El gobernador Alejandro Armenta orden\u00f3 al secretario de Gobernaci\u00f3n, Samuel Aguilar Pala, iniciar una auditor\u00eda integral a la concesi\u00f3n del servicio de limpia del municipio de Puebla. Advirti\u00f3 que se actuar\u00e1 con \u201ctodo rigor\u201d ante el incumplimiento de la empresa encargada de la recolecci\u00f3n de desechos, al tiempo que extern\u00f3 su malestar ante las condiciones...\" \/>\n<meta property=\"og:url\" content=\"https:\/\/thepueblatimes.mx\/index.php\/2025\/11\/24\/el-gobierno-estatal-interviene-por-el-deficiente-servicio-de-limpia-en-la-ciudad-de-puebla\/\" \/>\n<meta property=\"og:site_name\" content=\"The Puebla Times\" \/>\n<meta property=\"article:published_time\" content=\"2025-11-24T23:21:06+00:00\" \/>\n<meta property=\"article:modified_time\" content=\"2025-11-24T23:23:50+00:00\" \/>\n<meta property=\"og:image\" content=\"https:\/\/thepueblatimes.mx\/wp-content\/uploads\/2025\/11\/089929ca-whatsapp-image-2025-09-16-at-3.54.26-pm.jpeg\" \/>\n\t<meta property=\"og:image:width\" content=\"1040\" \/>\n\t<meta property=\"og:image:height\" content=\"694\" \/>\n\t<meta property=\"og:image:type\" content=\"image\/jpeg\" \/>\n<meta name=\"author\" content=\"Sa\u00fal Hern\u00e1ndez\" \/>\n<meta name=\"twitter:card\" content=\"summary_large_image\" \/>\n<meta name=\"twitter:label1\" content=\"Escrito por\" \/>\n\t<meta name=\"twitter:data1\" content=\"Sa\u00fal Hern\u00e1ndez\" \/>\n\t<meta name=\"twitter:label2\" content=\"Tiempo de lectura\" \/>\n\t<meta name=\"twitter:data2\" content=\"1 minuto\" \/>\n<script type=\"application\/ld+json\" class=\"yoast-schema-graph\">{\"@context\":\"https:\/\/schema.org\",\"@graph\":[{\"@type\":\"WebPage\",\"@id\":\"https:\/\/thepueblatimes.mx\/index.php\/2025\/11\/24\/el-gobierno-estatal-interviene-por-el-deficiente-servicio-de-limpia-en-la-ciudad-de-puebla\/\",\"url\":\"https:\/\/thepueblatimes.mx\/index.php\/2025\/11\/24\/el-gobierno-estatal-interviene-por-el-deficiente-servicio-de-limpia-en-la-ciudad-de-puebla\/\",\"name\":\"El gobierno estatal interviene por el deficiente servicio de limpia en la capital - The Puebla Times\",\"isPartOf\":{\"@id\":\"https:\/\/thepueblatimes.mx\/#website\"},\"datePublished\":\"2025-11-24T23:21:06+00:00\",\"dateModified\":\"2025-11-24T23:23:50+00:00\",\"author\":{\"@id\":\"https:\/\/thepueblatimes.mx\/#\/schema\/person\/1664894c2f65ce2c7a08d8f5f905c13c\"},\"breadcrumb\":{\"@id\":\"https:\/\/thepueblatimes.mx\/index.php\/2025\/11\/24\/el-gobierno-estatal-interviene-por-el-deficiente-servicio-de-limpia-en-la-ciudad-de-puebla\/#breadcrumb\"},\"inLanguage\":\"es\",\"potentialAction\":[{\"@type\":\"ReadAction\",\"target\":[\"https:\/\/thepueblatimes.mx\/index.php\/2025\/11\/24\/el-gobierno-estatal-interviene-por-el-deficiente-servicio-de-limpia-en-la-ciudad-de-puebla\/\"]}]},{\"@type\":\"BreadcrumbList\",\"@id\":\"https:\/\/thepueblatimes.mx\/index.php\/2025\/11\/24\/el-gobierno-estatal-interviene-por-el-deficiente-servicio-de-limpia-en-la-ciudad-de-puebla\/#breadcrumb\",\"itemListElement\":[{\"@type\":\"ListItem\",\"position\":1,\"name\":\"Portada\",\"item\":\"https:\/\/thepueblatimes.mx\/\"},{\"@type\":\"ListItem\",\"position\":2,\"name\":\"El gobierno estatal interviene por el deficiente servicio de limpia en la capital\"}]},{\"@type\":\"WebSite\",\"@id\":\"https:\/\/thepueblatimes.mx\/#website\",\"url\":\"https:\/\/thepueblatimes.mx\/\",\"name\":\"The Puebla Times\",\"description\":\"Noticias del Estado de Puebla\",\"potentialAction\":[{\"@type\":\"SearchAction\",\"target\":{\"@type\":\"EntryPoint\",\"urlTemplate\":\"https:\/\/thepueblatimes.mx\/?s={search_term_string}\"},\"query-input\":\"required name=search_term_string\"}],\"inLanguage\":\"es\"},{\"@type\":\"Person\",\"@id\":\"https:\/\/thepueblatimes.mx\/#\/schema\/person\/1664894c2f65ce2c7a08d8f5f905c13c\",\"name\":\"Sa\u00fal Hern\u00e1ndez\",\"image\":{\"@type\":\"ImageObject\",\"inLanguage\":\"es\",\"@id\":\"https:\/\/thepueblatimes.mx\/#\/schema\/person\/image\/\",\"url\":\"https:\/\/secure.gravatar.com\/avatar\/11be338693f243309532caad8f10c930?s=96&d=mm&r=g\",\"contentUrl\":\"https:\/\/secure.gravatar.com\/avatar\/11be338693f243309532caad8f10c930?s=96&d=mm&r=g\",\"caption\":\"Sa\u00fal Hern\u00e1ndez\"},\"url\":\"https:\/\/thepueblatimes.mx\/index.php\/author\/saulhernandez\/\"}]}<\/script>\n<!-- \/ Yoast SEO plugin. -->","yoast_head_json":{"title":"El gobierno estatal interviene por el deficiente servicio de limpia en la capital - The Puebla Times","robots":{"index":"index","follow":"follow","max-snippet":"max-snippet:-1","max-image-preview":"max-image-preview:large","max-video-preview":"max-video-preview:-1"},"canonical":"https:\/\/thepueblatimes.mx\/index.php\/2025\/11\/24\/el-gobierno-estatal-interviene-por-el-deficiente-servicio-de-limpia-en-la-ciudad-de-puebla\/","og_locale":"es_ES","og_type":"article","og_title":"El gobierno estatal interviene por el deficiente servicio de limpia en la capital - The Puebla Times","og_description":"El gobernador Alejandro Armenta orden\u00f3 al secretario de Gobernaci\u00f3n, Samuel Aguilar Pala, iniciar una auditor\u00eda integral a la concesi\u00f3n del servicio de limpia del municipio de Puebla. Advirti\u00f3 que se actuar\u00e1 con \u201ctodo rigor\u201d ante el incumplimiento de la empresa encargada de la recolecci\u00f3n de desechos, al tiempo que extern\u00f3 su malestar ante las condiciones...","og_url":"https:\/\/thepueblatimes.mx\/index.php\/2025\/11\/24\/el-gobierno-estatal-interviene-por-el-deficiente-servicio-de-limpia-en-la-ciudad-de-puebla\/","og_site_name":"The Puebla Times","article_published_time":"2025-11-24T23:21:06+00:00","article_modified_time":"2025-11-24T23:23:50+00:00","og_image":[{"width":1040,"height":694,"url":"https:\/\/thepueblatimes.mx\/wp-content\/uploads\/2025\/11\/089929ca-whatsapp-image-2025-09-16-at-3.54.26-pm.jpeg","type":"image\/jpeg"}],"author":"Sa\u00fal Hern\u00e1ndez","twitter_card":"summary_large_image","twitter_misc":{"Escrito por":"Sa\u00fal Hern\u00e1ndez","Tiempo de lectura":"1 minuto"},"schema":{"@context":"https:\/\/schema.org","@graph":[{"@type":"WebPage","@id":"https:\/\/thepueblatimes.mx\/index.php\/2025\/11\/24\/el-gobierno-estatal-interviene-por-el-deficiente-servicio-de-limpia-en-la-ciudad-de-puebla\/","url":"https:\/\/thepueblatimes.mx\/index.php\/2025\/11\/24\/el-gobierno-estatal-interviene-por-el-deficiente-servicio-de-limpia-en-la-ciudad-de-puebla\/","name":"El gobierno estatal interviene por el deficiente servicio de limpia en la capital - The Puebla Times","isPartOf":{"@id":"https:\/\/thepueblatimes.mx\/#website"},"datePublished":"2025-11-24T23:21:06+00:00","dateModified":"2025-11-24T23:23:50+00:00","author":{"@id":"https:\/\/thepueblatimes.mx\/#\/schema\/person\/1664894c2f65ce2c7a08d8f5f905c13c"},"breadcrumb":{"@id":"https:\/\/thepueblatimes.mx\/index.php\/2025\/11\/24\/el-gobierno-estatal-interviene-por-el-deficiente-servicio-de-limpia-en-la-ciudad-de-puebla\/#breadcrumb"},"inLanguage":"es","potentialAction":[{"@type":"ReadAction","target":["https:\/\/thepueblatimes.mx\/index.php\/2025\/11\/24\/el-gobierno-estatal-interviene-por-el-deficiente-servicio-de-limpia-en-la-ciudad-de-puebla\/"]}]},{"@type":"BreadcrumbList","@id":"https:\/\/thepueblatimes.mx\/index.php\/2025\/11\/24\/el-gobierno-estatal-interviene-por-el-deficiente-servicio-de-limpia-en-la-ciudad-de-puebla\/#breadcrumb","itemListElement":[{"@type":"ListItem","position":1,"name":"Portada","item":"https:\/\/thepueblatimes.mx\/"},{"@type":"ListItem","position":2,"name":"El gobierno estatal interviene por el deficiente servicio de limpia en la capital"}]},{"@type":"WebSite","@id":"https:\/\/thepueblatimes.mx\/#website","url":"https:\/\/thepueblatimes.mx\/","name":"The Puebla Times","description":"Noticias del Estado de Puebla","potentialAction":[{"@type":"SearchAction","target":{"@type":"EntryPoint","urlTemplate":"https:\/\/thepueblatimes.mx\/?s={search_term_string}"},"query-input":"required name=search_term_string"}],"inLanguage":"es"},{"@type":"Person","@id":"https:\/\/thepueblatimes.mx\/#\/schema\/person\/1664894c2f65ce2c7a08d8f5f905c13c","name":"Sa\u00fal Hern\u00e1ndez","image":{"@type":"ImageObject","inLanguage":"es","@id":"https:\/\/thepueblatimes.mx\/#\/schema\/person\/image\/","url":"https:\/\/secure.gravatar.com\/avatar\/11be338693f243309532caad8f10c930?s=96&d=mm&r=g","contentUrl":"https:\/\/secure.gravatar.com\/avatar\/11be338693f243309532caad8f10c930?s=96&d=mm&r=g","caption":"Sa\u00fal Hern\u00e1ndez"},"url":"https:\/\/thepueblatimes.mx\/index.php\/author\/saulhernandez\/"}]}},"jetpack_featured_media_url":"https:\/\/thepueblatimes.mx\/wp-content\/uploads\/2025\/11\/089929ca-whatsapp-image-2025-09-16-at-3.54.26-pm.jpeg","_links":{"self":[{"href":"https:\/\/thepueblatimes.mx\/index.php\/wp-json\/wp\/v2\/posts\/34547"}],"collection":[{"href":"https:\/\/thepueblatimes.mx\/index.php\/wp-json\/wp\/v2\/posts"}],"about":[{"href":"https:\/\/thepueblatimes.mx\/index.php\/wp-json\/wp\/v2\/types\/post"}],"author":[{"embeddable":true,"href":"https:\/\/thepueblatimes.mx\/index.php\/wp-json\/wp\/v2\/users\/16"}],"replies":[{"embeddable":true,"href":"https:\/\/thepueblatimes.mx\/index.php\/wp-json\/wp\/v2\/comments?post=34547"}],"version-history":[{"count":2,"href":"https:\/\/thepueblatimes.mx\/index.php\/wp-json\/wp\/v2\/posts\/34547\/revisions"}],"predecessor-version":[{"id":34550,"href":"https:\/\/thepueblatimes.mx\/index.php\/wp-json\/wp\/v2\/posts\/34547\/revisions\/34550"}],"wp:featuredmedia":[{"embeddable":true,"href":"https:\/\/thepueblatimes.mx\/index.php\/wp-json\/wp\/v2\/media\/34548"}],"wp:attachment":[{"href":"https:\/\/thepueblatimes.mx\/index.php\/wp-json\/wp\/v2\/media?parent=34547"}],"wp:term":[{"taxonomy":"category","embeddable":true,"href":"https:\/\/thepueblatimes.mx\/index.php\/wp-json\/wp\/v2\/categories?post=34547"},{"taxonomy":"post_tag","embeddable":true,"href":"https:\/\/thepueblatimes.mx\/index.php\/wp-json\/wp\/v2\/tags?post=34547"}],"curies":[{"name":"wp","href":"https:\/\/api.w.org\/{rel}","templated":true}]}}