{"id":34472,"date":"2025-11-20T13:32:54","date_gmt":"2025-11-20T19:32:54","guid":{"rendered":"https:\/\/thepueblatimes.mx\/?p=34472"},"modified":"2025-11-20T13:32:54","modified_gmt":"2025-11-20T19:32:54","slug":"en-puebla-6-muertos-por-ataque-armado-e-incendio-en-el-bar-lacoss","status":"publish","type":"post","link":"https:\/\/thepueblatimes.mx\/index.php\/2025\/11\/20\/en-puebla-6-muertos-por-ataque-armado-e-incendio-en-el-bar-lacoss\/","title":{"rendered":"En Puebla 6 muertos por ataque armado e incendio en el bar LaCoss"},"content":{"rendered":"<p>POR MANUEL FLORES<\/p>\n<h3><em><strong>*La m\u00e1s reciente v\u00edctima es un hombre de 30 a\u00f1os que permanec\u00eda hospitalizado desde el d\u00eda del atentado.<\/strong><\/em><\/h3>\n<p>La cifra de fallecidos por el ataque armado e incendio en el bar LaCoss aument\u00f3 a seis. La v\u00edctima m\u00e1s reciente fue identificada como Jos\u00e9 Miguel N., de 30 a\u00f1os, quien muri\u00f3 la tarde del mi\u00e9rcoles 19 de noviembre tras permanecer internado en el Hospital General del Norte. Ingres\u00f3 con quemaduras e intoxicaci\u00f3n por mon\u00f3xido de carbono, seg\u00fan el reporte m\u00e9dico.<\/p>\n<p>Heridos contin\u00faan hospitalizados.<\/p>\n<p>En el mismo hospital a\u00fan reciben atenci\u00f3n Gerardo N. y Maribel Guadalupe N., ambos de 34 a\u00f1os, mientras que en el Hospital de Traumatolog\u00eda y Ortopedia contin\u00faa internado Uriel N., de 24 a\u00f1os.<\/p>\n<p>Adem\u00e1s, otros cinco sobrevivientes permanecen en los hospitales mencionados y en el Hospital General de Cholula. Se trata de Martha Patricia N., de 66 a\u00f1os; Alejandra N., de 22; Kenia Andrea N.; Jaime N.; y Estela N.<\/p>\n<p>L\u00ednea de investigaci\u00f3n preliminar.<\/p>\n<p>Hasta el momento, las autoridades no han proporcionado detalles adicionales sobre el m\u00f3vil del ataque. De forma inicial, la Secretar\u00eda de Seguridad P\u00fablica se\u00f1al\u00f3 que el hecho podr\u00eda estar relacionado con actividades de narcomenudeo y presunto cobro de piso.<\/p>\n","protected":false},"excerpt":{"rendered":"<p>POR MANUEL FLORES *La m\u00e1s reciente v\u00edctima es un hombre de 30 a\u00f1os que permanec\u00eda hospitalizado desde el d\u00eda del atentado. La cifra de fallecidos por el ataque armado e incendio en el bar LaCoss aument\u00f3 a seis. La v\u00edctima m\u00e1s reciente fue identificada como Jos\u00e9 Miguel N., de 30 a\u00f1os, quien muri\u00f3 la tarde&#8230;<\/p>\n","protected":false},"author":16,"featured_media":34473,"comment_status":"closed","ping_status":"closed","sticky":false,"template":"","format":"standard","meta":[],"categories":[121],"tags":[2124,219,4248,180],"yoast_head":"<!-- This site is optimized with the Yoast SEO plugin v20.8 - https:\/\/yoast.com\/wordpress\/plugins\/seo\/ -->\n<title>En Puebla 6 muertos por ataque armado e incendio en el bar LaCoss - The Puebla Times<\/title>\n<meta name=\"robots\" content=\"index, follow, max-snippet:-1, max-image-preview:large, max-video-preview:-1\" \/>\n<link rel=\"canonical\" href=\"https:\/\/thepueblatimes.mx\/index.php\/2025\/11\/20\/en-puebla-6-muertos-por-ataque-armado-e-incendio-en-el-bar-lacoss\/\" \/>\n<meta property=\"og:locale\" content=\"es_ES\" \/>\n<meta property=\"og:type\" content=\"article\" \/>\n<meta property=\"og:title\" content=\"En Puebla 6 muertos por ataque armado e incendio en el bar LaCoss - The Puebla Times\" \/>\n<meta property=\"og:description\" content=\"POR MANUEL FLORES *La m\u00e1s reciente v\u00edctima es un hombre de 30 a\u00f1os que permanec\u00eda hospitalizado desde el d\u00eda del atentado. La cifra de fallecidos por el ataque armado e incendio en el bar LaCoss aument\u00f3 a seis. La v\u00edctima m\u00e1s reciente fue identificada como Jos\u00e9 Miguel N., de 30 a\u00f1os, quien muri\u00f3 la tarde...\" \/>\n<meta property=\"og:url\" content=\"https:\/\/thepueblatimes.mx\/index.php\/2025\/11\/20\/en-puebla-6-muertos-por-ataque-armado-e-incendio-en-el-bar-lacoss\/\" \/>\n<meta property=\"og:site_name\" content=\"The Puebla Times\" \/>\n<meta property=\"article:published_time\" content=\"2025-11-20T19:32:54+00:00\" \/>\n<meta property=\"og:image\" content=\"https:\/\/thepueblatimes.mx\/wp-content\/uploads\/2025\/11\/incendio-provocado-en-bar-lacoss-deja-cinco-trabajadores-sin-vida-en-puebla_e6c2b629-34c2-4b6e-a31c-370d30c867ea_medialjnimgndimagefullsize.webp\" \/>\n\t<meta property=\"og:image:width\" content=\"1200\" \/>\n\t<meta property=\"og:image:height\" content=\"800\" \/>\n\t<meta property=\"og:image:type\" content=\"image\/webp\" \/>\n<meta name=\"author\" content=\"Sa\u00fal Hern\u00e1ndez\" \/>\n<meta name=\"twitter:card\" content=\"summary_large_image\" \/>\n<meta name=\"twitter:label1\" content=\"Escrito por\" \/>\n\t<meta name=\"twitter:data1\" content=\"Sa\u00fal Hern\u00e1ndez\" \/>\n\t<meta name=\"twitter:label2\" content=\"Tiempo de lectura\" \/>\n\t<meta name=\"twitter:data2\" content=\"1 minuto\" \/>\n<script type=\"application\/ld+json\" class=\"yoast-schema-graph\">{\"@context\":\"https:\/\/schema.org\",\"@graph\":[{\"@type\":\"WebPage\",\"@id\":\"https:\/\/thepueblatimes.mx\/index.php\/2025\/11\/20\/en-puebla-6-muertos-por-ataque-armado-e-incendio-en-el-bar-lacoss\/\",\"url\":\"https:\/\/thepueblatimes.mx\/index.php\/2025\/11\/20\/en-puebla-6-muertos-por-ataque-armado-e-incendio-en-el-bar-lacoss\/\",\"name\":\"En Puebla 6 muertos por ataque armado e incendio en el bar LaCoss - The Puebla Times\",\"isPartOf\":{\"@id\":\"https:\/\/thepueblatimes.mx\/#website\"},\"datePublished\":\"2025-11-20T19:32:54+00:00\",\"dateModified\":\"2025-11-20T19:32:54+00:00\",\"author\":{\"@id\":\"https:\/\/thepueblatimes.mx\/#\/schema\/person\/1664894c2f65ce2c7a08d8f5f905c13c\"},\"breadcrumb\":{\"@id\":\"https:\/\/thepueblatimes.mx\/index.php\/2025\/11\/20\/en-puebla-6-muertos-por-ataque-armado-e-incendio-en-el-bar-lacoss\/#breadcrumb\"},\"inLanguage\":\"es\",\"potentialAction\":[{\"@type\":\"ReadAction\",\"target\":[\"https:\/\/thepueblatimes.mx\/index.php\/2025\/11\/20\/en-puebla-6-muertos-por-ataque-armado-e-incendio-en-el-bar-lacoss\/\"]}]},{\"@type\":\"BreadcrumbList\",\"@id\":\"https:\/\/thepueblatimes.mx\/index.php\/2025\/11\/20\/en-puebla-6-muertos-por-ataque-armado-e-incendio-en-el-bar-lacoss\/#breadcrumb\",\"itemListElement\":[{\"@type\":\"ListItem\",\"position\":1,\"name\":\"Portada\",\"item\":\"https:\/\/thepueblatimes.mx\/\"},{\"@type\":\"ListItem\",\"position\":2,\"name\":\"En Puebla 6 muertos por ataque armado e incendio en el bar LaCoss\"}]},{\"@type\":\"WebSite\",\"@id\":\"https:\/\/thepueblatimes.mx\/#website\",\"url\":\"https:\/\/thepueblatimes.mx\/\",\"name\":\"The Puebla Times\",\"description\":\"Noticias del Estado de Puebla\",\"potentialAction\":[{\"@type\":\"SearchAction\",\"target\":{\"@type\":\"EntryPoint\",\"urlTemplate\":\"https:\/\/thepueblatimes.mx\/?s={search_term_string}\"},\"query-input\":\"required name=search_term_string\"}],\"inLanguage\":\"es\"},{\"@type\":\"Person\",\"@id\":\"https:\/\/thepueblatimes.mx\/#\/schema\/person\/1664894c2f65ce2c7a08d8f5f905c13c\",\"name\":\"Sa\u00fal Hern\u00e1ndez\",\"image\":{\"@type\":\"ImageObject\",\"inLanguage\":\"es\",\"@id\":\"https:\/\/thepueblatimes.mx\/#\/schema\/person\/image\/\",\"url\":\"https:\/\/secure.gravatar.com\/avatar\/11be338693f243309532caad8f10c930?s=96&d=mm&r=g\",\"contentUrl\":\"https:\/\/secure.gravatar.com\/avatar\/11be338693f243309532caad8f10c930?s=96&d=mm&r=g\",\"caption\":\"Sa\u00fal Hern\u00e1ndez\"},\"url\":\"https:\/\/thepueblatimes.mx\/index.php\/author\/saulhernandez\/\"}]}<\/script>\n<!-- \/ Yoast SEO plugin. -->","yoast_head_json":{"title":"En Puebla 6 muertos por ataque armado e incendio en el bar LaCoss - The Puebla Times","robots":{"index":"index","follow":"follow","max-snippet":"max-snippet:-1","max-image-preview":"max-image-preview:large","max-video-preview":"max-video-preview:-1"},"canonical":"https:\/\/thepueblatimes.mx\/index.php\/2025\/11\/20\/en-puebla-6-muertos-por-ataque-armado-e-incendio-en-el-bar-lacoss\/","og_locale":"es_ES","og_type":"article","og_title":"En Puebla 6 muertos por ataque armado e incendio en el bar LaCoss - The Puebla Times","og_description":"POR MANUEL FLORES *La m\u00e1s reciente v\u00edctima es un hombre de 30 a\u00f1os que permanec\u00eda hospitalizado desde el d\u00eda del atentado. La cifra de fallecidos por el ataque armado e incendio en el bar LaCoss aument\u00f3 a seis. La v\u00edctima m\u00e1s reciente fue identificada como Jos\u00e9 Miguel N., de 30 a\u00f1os, quien muri\u00f3 la tarde...","og_url":"https:\/\/thepueblatimes.mx\/index.php\/2025\/11\/20\/en-puebla-6-muertos-por-ataque-armado-e-incendio-en-el-bar-lacoss\/","og_site_name":"The Puebla Times","article_published_time":"2025-11-20T19:32:54+00:00","og_image":[{"width":1200,"height":800,"url":"https:\/\/thepueblatimes.mx\/wp-content\/uploads\/2025\/11\/incendio-provocado-en-bar-lacoss-deja-cinco-trabajadores-sin-vida-en-puebla_e6c2b629-34c2-4b6e-a31c-370d30c867ea_medialjnimgndimagefullsize.webp","type":"image\/webp"}],"author":"Sa\u00fal Hern\u00e1ndez","twitter_card":"summary_large_image","twitter_misc":{"Escrito por":"Sa\u00fal Hern\u00e1ndez","Tiempo de lectura":"1 minuto"},"schema":{"@context":"https:\/\/schema.org","@graph":[{"@type":"WebPage","@id":"https:\/\/thepueblatimes.mx\/index.php\/2025\/11\/20\/en-puebla-6-muertos-por-ataque-armado-e-incendio-en-el-bar-lacoss\/","url":"https:\/\/thepueblatimes.mx\/index.php\/2025\/11\/20\/en-puebla-6-muertos-por-ataque-armado-e-incendio-en-el-bar-lacoss\/","name":"En Puebla 6 muertos por ataque armado e incendio en el bar LaCoss - The Puebla Times","isPartOf":{"@id":"https:\/\/thepueblatimes.mx\/#website"},"datePublished":"2025-11-20T19:32:54+00:00","dateModified":"2025-11-20T19:32:54+00:00","author":{"@id":"https:\/\/thepueblatimes.mx\/#\/schema\/person\/1664894c2f65ce2c7a08d8f5f905c13c"},"breadcrumb":{"@id":"https:\/\/thepueblatimes.mx\/index.php\/2025\/11\/20\/en-puebla-6-muertos-por-ataque-armado-e-incendio-en-el-bar-lacoss\/#breadcrumb"},"inLanguage":"es","potentialAction":[{"@type":"ReadAction","target":["https:\/\/thepueblatimes.mx\/index.php\/2025\/11\/20\/en-puebla-6-muertos-por-ataque-armado-e-incendio-en-el-bar-lacoss\/"]}]},{"@type":"BreadcrumbList","@id":"https:\/\/thepueblatimes.mx\/index.php\/2025\/11\/20\/en-puebla-6-muertos-por-ataque-armado-e-incendio-en-el-bar-lacoss\/#breadcrumb","itemListElement":[{"@type":"ListItem","position":1,"name":"Portada","item":"https:\/\/thepueblatimes.mx\/"},{"@type":"ListItem","position":2,"name":"En Puebla 6 muertos por ataque armado e incendio en el bar LaCoss"}]},{"@type":"WebSite","@id":"https:\/\/thepueblatimes.mx\/#website","url":"https:\/\/thepueblatimes.mx\/","name":"The Puebla Times","description":"Noticias del Estado de Puebla","potentialAction":[{"@type":"SearchAction","target":{"@type":"EntryPoint","urlTemplate":"https:\/\/thepueblatimes.mx\/?s={search_term_string}"},"query-input":"required name=search_term_string"}],"inLanguage":"es"},{"@type":"Person","@id":"https:\/\/thepueblatimes.mx\/#\/schema\/person\/1664894c2f65ce2c7a08d8f5f905c13c","name":"Sa\u00fal Hern\u00e1ndez","image":{"@type":"ImageObject","inLanguage":"es","@id":"https:\/\/thepueblatimes.mx\/#\/schema\/person\/image\/","url":"https:\/\/secure.gravatar.com\/avatar\/11be338693f243309532caad8f10c930?s=96&d=mm&r=g","contentUrl":"https:\/\/secure.gravatar.com\/avatar\/11be338693f243309532caad8f10c930?s=96&d=mm&r=g","caption":"Sa\u00fal Hern\u00e1ndez"},"url":"https:\/\/thepueblatimes.mx\/index.php\/author\/saulhernandez\/"}]}},"jetpack_featured_media_url":"https:\/\/thepueblatimes.mx\/wp-content\/uploads\/2025\/11\/incendio-provocado-en-bar-lacoss-deja-cinco-trabajadores-sin-vida-en-puebla_e6c2b629-34c2-4b6e-a31c-370d30c867ea_medialjnimgndimagefullsize.webp","_links":{"self":[{"href":"https:\/\/thepueblatimes.mx\/index.php\/wp-json\/wp\/v2\/posts\/34472"}],"collection":[{"href":"https:\/\/thepueblatimes.mx\/index.php\/wp-json\/wp\/v2\/posts"}],"about":[{"href":"https:\/\/thepueblatimes.mx\/index.php\/wp-json\/wp\/v2\/types\/post"}],"author":[{"embeddable":true,"href":"https:\/\/thepueblatimes.mx\/index.php\/wp-json\/wp\/v2\/users\/16"}],"replies":[{"embeddable":true,"href":"https:\/\/thepueblatimes.mx\/index.php\/wp-json\/wp\/v2\/comments?post=34472"}],"version-history":[{"count":1,"href":"https:\/\/thepueblatimes.mx\/index.php\/wp-json\/wp\/v2\/posts\/34472\/revisions"}],"predecessor-version":[{"id":34474,"href":"https:\/\/thepueblatimes.mx\/index.php\/wp-json\/wp\/v2\/posts\/34472\/revisions\/34474"}],"wp:featuredmedia":[{"embeddable":true,"href":"https:\/\/thepueblatimes.mx\/index.php\/wp-json\/wp\/v2\/media\/34473"}],"wp:attachment":[{"href":"https:\/\/thepueblatimes.mx\/index.php\/wp-json\/wp\/v2\/media?parent=34472"}],"wp:term":[{"taxonomy":"category","embeddable":true,"href":"https:\/\/thepueblatimes.mx\/index.php\/wp-json\/wp\/v2\/categories?post=34472"},{"taxonomy":"post_tag","embeddable":true,"href":"https:\/\/thepueblatimes.mx\/index.php\/wp-json\/wp\/v2\/tags?post=34472"}],"curies":[{"name":"wp","href":"https:\/\/api.w.org\/{rel}","templated":true}]}}