{"id":34346,"date":"2025-11-13T12:32:32","date_gmt":"2025-11-13T18:32:32","guid":{"rendered":"https:\/\/thepueblatimes.mx\/?p=34346"},"modified":"2025-11-13T12:32:32","modified_gmt":"2025-11-13T18:32:32","slug":"comision-del-congreso-fortalece-trabajo-conjunto-entre-el-sector-publico-y-privado","status":"publish","type":"post","link":"https:\/\/thepueblatimes.mx\/index.php\/2025\/11\/13\/comision-del-congreso-fortalece-trabajo-conjunto-entre-el-sector-publico-y-privado\/","title":{"rendered":"Comisi\u00f3n del Congreso fortalece trabajo conjunto entre el sector p\u00fablico y privado"},"content":{"rendered":"<h3><em>-El objetivo es fortalecer el di\u00e1logo, el intercambio constructivo de ideas y la consolidaci\u00f3n de propuestas que impulsen el bienestar de las y los trabajadores de la entidad<\/em><\/h3>\n<p>&nbsp;<\/p>\n<p>&nbsp;<\/p>\n<p>Con la finalidad de analizar los desaf\u00edos actuales del \u00e1mbito laboral y reforzar la cooperaci\u00f3n entre los sectores p\u00fablico, privado, sindical e institucional, en favor de un desarrollo m\u00e1s justo y equitativo para las y los poblanos, la Comisi\u00f3n de Trabajo, Competitividad y Previsi\u00f3n Social, que preside el diputado Jos\u00e9 Luis Figueroa Cort\u00e9s, cont\u00f3 con la participaci\u00f3n del titular de la Secretar\u00eda de Desarrollo Econ\u00f3mico y Trabajo del Estado de Puebla, V\u00edctor Gabriel Chedraui, as\u00ed como de representantes sindicales de la Uni\u00f3n Nacional de Trabajadores.<\/p>\n<p>&nbsp;<\/p>\n<p>Durante la sesi\u00f3n de la Comisi\u00f3n de Trabajo, el diputado Jos\u00e9 Luis Figueroa destac\u00f3 que la participaci\u00f3n de los diferentes sectores en el \u00e1mbito laboral contribuye al fortalecimiento del di\u00e1logo social, el intercambio constructivo de ideas y la consolidaci\u00f3n de propuestas que impulsen el bienestar de las y los trabajadores del estado.<\/p>\n<p>&nbsp;<\/p>\n<p>Asimismo, destac\u00f3 que cada intervenci\u00f3n en la sesi\u00f3n constituye una valiosa oportunidad para analizar los desaf\u00edos actuales del \u00e1mbito laboral y reforzar la cooperaci\u00f3n entre los sectores p\u00fablico, privado, sindical e institucional, en favor de un desarrollo m\u00e1s justo y equitativo para todas y todos.<\/p>\n<p>&nbsp;<\/p>\n<p>\u201cEl prop\u00f3sito es escuchar con apertura, construir consensos y traducir las inquietudes de la clase trabajadora en acciones legislativas concretas y efectivas\u201d, afirm\u00f3 el legislador.<\/p>\n<p>&nbsp;<\/p>\n<p>En su intervenci\u00f3n, el titular de la Secretar\u00eda de Desarrollo Econ\u00f3mico y Trabajo del Estado de Puebla, V\u00edctor Gabriel Chedraui, agradeci\u00f3 al Congreso del Estado la voluntad para impulsar los proyectos relacionados con el desarrollo laboral, que estar\u00e1n a disposici\u00f3n de los agremiados y sus familias.<\/p>\n<p>&nbsp;<\/p>\n<p>Asimismo, destac\u00f3 la apertura para contar con una participaci\u00f3n permanente con los sindicatos, las secretar\u00edas y las diferentes instancias relacionadas con el sector laboral.<\/p>\n<p>&nbsp;<\/p>\n<p>Durante el desarrollo de la sesi\u00f3n, se cont\u00f3 con la intervenci\u00f3n del representante del Sindicato Unitario de Trabajadores del Instituto Nacional de Astrof\u00edsica, \u00d3ptica y Electr\u00f3nica, Jes\u00fas Galicia; del Sindicato de Telefonistas de la Rep\u00fablica Mexicana, Pavel Rocha; del Sindicato Independiente de Trabajadores de Audi, Mario Quintero y en representaci\u00f3n de la Uni\u00f3n Nacional de Comit\u00e9s del Instituto Mexicano del Seguro Social, Francisco Arrucha, quienes externaron las necesidades que tienen sus agremiados.<\/p>\n<p>&nbsp;<\/p>\n<p>Asistieron a la sesi\u00f3n del \u00f3rgano colegiado los diputados Jos\u00e9 Luis Figueroa Cort\u00e9s, El\u00edas Lozada Ortega, Rosal\u00edo Zanatta Vidaurri, Miguel M\u00e1rquez R\u00edos y Rafael Micalco M\u00e9ndez.<\/p>\n<p>&nbsp;<\/p>\n<p>COMISI\u00d3N DE LA AGENDA 2030 PRESENTA INFORME ANUAL DE TRABAJO<\/p>\n<p>&nbsp;<\/p>\n<p>La Comisi\u00f3n de la Agenda 2030, que preside el diputado Jaime Natale Uranga, present\u00f3 el Informe Anual de los trabajos realizados por el \u00f3rgano colegiado, donde destac\u00f3 el compromiso y la convicci\u00f3n para construir una Puebla m\u00e1s sostenible, y sobre todo con una cultura de protecci\u00f3n al Medio Ambiente.<\/p>\n<p>&nbsp;<\/p>\n<p>En este sentido, el diputado destac\u00f3 la aprobaci\u00f3n de diversas propuestas legislativas con la finalidad de mejorar la calidad de vida de las y los poblanos, as\u00ed como mejorar las condiciones de la entidad y los municipios. De igual manera, buscar que las autoridades competentes realicen acciones en pro de las y los habitantes.<\/p>\n<p>&nbsp;<\/p>\n<p>Destac\u00f3 la aprobaci\u00f3n de un acuerdo para que la Secretar\u00eda de Medio Ambiente, Desarrollo Sustentable y Ordenamiento Territorial verifique el cumplimiento de la Ley para prohibir la entrega de bolsas de pl\u00e1stico, que permita disminuir la contaminaci\u00f3n ambiental y la promoci\u00f3n de una econom\u00eda circular.<\/p>\n<p>&nbsp;<\/p>\n<p>A la sesi\u00f3n del \u00f3rgano colegiado asisti\u00f3 el diputado Jaime Natale Uranga y las diputadas Cinthya Gabriela Chumacero Rodr\u00edguez, Luana Armida Amador Vallejo, Xel Arianna Hern\u00e1ndez Garc\u00eda y Laura Guadalupe Vargas Vargas.<\/p>\n","protected":false},"excerpt":{"rendered":"<p>-El objetivo es fortalecer el di\u00e1logo, el intercambio constructivo de ideas y la consolidaci\u00f3n de propuestas que impulsen el bienestar de las y los trabajadores de la entidad &nbsp; &nbsp; Con la finalidad de analizar los desaf\u00edos actuales del \u00e1mbito laboral y reforzar la cooperaci\u00f3n entre los sectores p\u00fablico, privado, sindical e institucional, en favor&#8230;<\/p>\n","protected":false},"author":16,"featured_media":34349,"comment_status":"closed","ping_status":"closed","sticky":false,"template":"","format":"standard","meta":[],"categories":[3],"tags":[1480,1271],"yoast_head":"<!-- This site is optimized with the Yoast SEO plugin v20.8 - https:\/\/yoast.com\/wordpress\/plugins\/seo\/ -->\n<title>Comisi\u00f3n del Congreso fortalece trabajo conjunto entre el sector p\u00fablico y privado - The Puebla Times<\/title>\n<meta name=\"robots\" content=\"index, follow, max-snippet:-1, max-image-preview:large, max-video-preview:-1\" \/>\n<link rel=\"canonical\" href=\"https:\/\/thepueblatimes.mx\/index.php\/2025\/11\/13\/comision-del-congreso-fortalece-trabajo-conjunto-entre-el-sector-publico-y-privado\/\" \/>\n<meta property=\"og:locale\" content=\"es_ES\" \/>\n<meta property=\"og:type\" content=\"article\" \/>\n<meta property=\"og:title\" content=\"Comisi\u00f3n del Congreso fortalece trabajo conjunto entre el sector p\u00fablico y privado - The Puebla Times\" \/>\n<meta property=\"og:description\" content=\"-El objetivo es fortalecer el di\u00e1logo, el intercambio constructivo de ideas y la consolidaci\u00f3n de propuestas que impulsen el bienestar de las y los trabajadores de la entidad &nbsp; &nbsp; Con la finalidad de analizar los desaf\u00edos actuales del \u00e1mbito laboral y reforzar la cooperaci\u00f3n entre los sectores p\u00fablico, privado, sindical e institucional, en favor...\" \/>\n<meta property=\"og:url\" content=\"https:\/\/thepueblatimes.mx\/index.php\/2025\/11\/13\/comision-del-congreso-fortalece-trabajo-conjunto-entre-el-sector-publico-y-privado\/\" \/>\n<meta property=\"og:site_name\" content=\"The Puebla Times\" \/>\n<meta property=\"article:published_time\" content=\"2025-11-13T18:32:32+00:00\" \/>\n<meta property=\"og:image\" content=\"https:\/\/thepueblatimes.mx\/wp-content\/uploads\/2025\/11\/WhatsApp-Image-2025-11-12-at-18.37.09.jpeg\" \/>\n\t<meta property=\"og:image:width\" content=\"1600\" \/>\n\t<meta property=\"og:image:height\" content=\"900\" \/>\n\t<meta property=\"og:image:type\" content=\"image\/jpeg\" \/>\n<meta name=\"author\" content=\"Sa\u00fal Hern\u00e1ndez\" \/>\n<meta name=\"twitter:card\" content=\"summary_large_image\" \/>\n<meta name=\"twitter:label1\" content=\"Escrito por\" \/>\n\t<meta name=\"twitter:data1\" content=\"Sa\u00fal Hern\u00e1ndez\" \/>\n\t<meta name=\"twitter:label2\" content=\"Tiempo de lectura\" \/>\n\t<meta name=\"twitter:data2\" content=\"3 minutos\" \/>\n<script type=\"application\/ld+json\" class=\"yoast-schema-graph\">{\"@context\":\"https:\/\/schema.org\",\"@graph\":[{\"@type\":\"WebPage\",\"@id\":\"https:\/\/thepueblatimes.mx\/index.php\/2025\/11\/13\/comision-del-congreso-fortalece-trabajo-conjunto-entre-el-sector-publico-y-privado\/\",\"url\":\"https:\/\/thepueblatimes.mx\/index.php\/2025\/11\/13\/comision-del-congreso-fortalece-trabajo-conjunto-entre-el-sector-publico-y-privado\/\",\"name\":\"Comisi\u00f3n del Congreso fortalece trabajo conjunto entre el sector p\u00fablico y privado - The Puebla Times\",\"isPartOf\":{\"@id\":\"https:\/\/thepueblatimes.mx\/#website\"},\"datePublished\":\"2025-11-13T18:32:32+00:00\",\"dateModified\":\"2025-11-13T18:32:32+00:00\",\"author\":{\"@id\":\"https:\/\/thepueblatimes.mx\/#\/schema\/person\/1664894c2f65ce2c7a08d8f5f905c13c\"},\"breadcrumb\":{\"@id\":\"https:\/\/thepueblatimes.mx\/index.php\/2025\/11\/13\/comision-del-congreso-fortalece-trabajo-conjunto-entre-el-sector-publico-y-privado\/#breadcrumb\"},\"inLanguage\":\"es\",\"potentialAction\":[{\"@type\":\"ReadAction\",\"target\":[\"https:\/\/thepueblatimes.mx\/index.php\/2025\/11\/13\/comision-del-congreso-fortalece-trabajo-conjunto-entre-el-sector-publico-y-privado\/\"]}]},{\"@type\":\"BreadcrumbList\",\"@id\":\"https:\/\/thepueblatimes.mx\/index.php\/2025\/11\/13\/comision-del-congreso-fortalece-trabajo-conjunto-entre-el-sector-publico-y-privado\/#breadcrumb\",\"itemListElement\":[{\"@type\":\"ListItem\",\"position\":1,\"name\":\"Portada\",\"item\":\"https:\/\/thepueblatimes.mx\/\"},{\"@type\":\"ListItem\",\"position\":2,\"name\":\"Comisi\u00f3n del Congreso fortalece trabajo conjunto entre el sector p\u00fablico y privado\"}]},{\"@type\":\"WebSite\",\"@id\":\"https:\/\/thepueblatimes.mx\/#website\",\"url\":\"https:\/\/thepueblatimes.mx\/\",\"name\":\"The Puebla Times\",\"description\":\"Noticias del Estado de Puebla\",\"potentialAction\":[{\"@type\":\"SearchAction\",\"target\":{\"@type\":\"EntryPoint\",\"urlTemplate\":\"https:\/\/thepueblatimes.mx\/?s={search_term_string}\"},\"query-input\":\"required name=search_term_string\"}],\"inLanguage\":\"es\"},{\"@type\":\"Person\",\"@id\":\"https:\/\/thepueblatimes.mx\/#\/schema\/person\/1664894c2f65ce2c7a08d8f5f905c13c\",\"name\":\"Sa\u00fal Hern\u00e1ndez\",\"image\":{\"@type\":\"ImageObject\",\"inLanguage\":\"es\",\"@id\":\"https:\/\/thepueblatimes.mx\/#\/schema\/person\/image\/\",\"url\":\"https:\/\/secure.gravatar.com\/avatar\/11be338693f243309532caad8f10c930?s=96&d=mm&r=g\",\"contentUrl\":\"https:\/\/secure.gravatar.com\/avatar\/11be338693f243309532caad8f10c930?s=96&d=mm&r=g\",\"caption\":\"Sa\u00fal Hern\u00e1ndez\"},\"url\":\"https:\/\/thepueblatimes.mx\/index.php\/author\/saulhernandez\/\"}]}<\/script>\n<!-- \/ Yoast SEO plugin. -->","yoast_head_json":{"title":"Comisi\u00f3n del Congreso fortalece trabajo conjunto entre el sector p\u00fablico y privado - The Puebla Times","robots":{"index":"index","follow":"follow","max-snippet":"max-snippet:-1","max-image-preview":"max-image-preview:large","max-video-preview":"max-video-preview:-1"},"canonical":"https:\/\/thepueblatimes.mx\/index.php\/2025\/11\/13\/comision-del-congreso-fortalece-trabajo-conjunto-entre-el-sector-publico-y-privado\/","og_locale":"es_ES","og_type":"article","og_title":"Comisi\u00f3n del Congreso fortalece trabajo conjunto entre el sector p\u00fablico y privado - The Puebla Times","og_description":"-El objetivo es fortalecer el di\u00e1logo, el intercambio constructivo de ideas y la consolidaci\u00f3n de propuestas que impulsen el bienestar de las y los trabajadores de la entidad &nbsp; &nbsp; Con la finalidad de analizar los desaf\u00edos actuales del \u00e1mbito laboral y reforzar la cooperaci\u00f3n entre los sectores p\u00fablico, privado, sindical e institucional, en favor...","og_url":"https:\/\/thepueblatimes.mx\/index.php\/2025\/11\/13\/comision-del-congreso-fortalece-trabajo-conjunto-entre-el-sector-publico-y-privado\/","og_site_name":"The Puebla Times","article_published_time":"2025-11-13T18:32:32+00:00","og_image":[{"width":1600,"height":900,"url":"https:\/\/thepueblatimes.mx\/wp-content\/uploads\/2025\/11\/WhatsApp-Image-2025-11-12-at-18.37.09.jpeg","type":"image\/jpeg"}],"author":"Sa\u00fal Hern\u00e1ndez","twitter_card":"summary_large_image","twitter_misc":{"Escrito por":"Sa\u00fal Hern\u00e1ndez","Tiempo de lectura":"3 minutos"},"schema":{"@context":"https:\/\/schema.org","@graph":[{"@type":"WebPage","@id":"https:\/\/thepueblatimes.mx\/index.php\/2025\/11\/13\/comision-del-congreso-fortalece-trabajo-conjunto-entre-el-sector-publico-y-privado\/","url":"https:\/\/thepueblatimes.mx\/index.php\/2025\/11\/13\/comision-del-congreso-fortalece-trabajo-conjunto-entre-el-sector-publico-y-privado\/","name":"Comisi\u00f3n del Congreso fortalece trabajo conjunto entre el sector p\u00fablico y privado - The Puebla Times","isPartOf":{"@id":"https:\/\/thepueblatimes.mx\/#website"},"datePublished":"2025-11-13T18:32:32+00:00","dateModified":"2025-11-13T18:32:32+00:00","author":{"@id":"https:\/\/thepueblatimes.mx\/#\/schema\/person\/1664894c2f65ce2c7a08d8f5f905c13c"},"breadcrumb":{"@id":"https:\/\/thepueblatimes.mx\/index.php\/2025\/11\/13\/comision-del-congreso-fortalece-trabajo-conjunto-entre-el-sector-publico-y-privado\/#breadcrumb"},"inLanguage":"es","potentialAction":[{"@type":"ReadAction","target":["https:\/\/thepueblatimes.mx\/index.php\/2025\/11\/13\/comision-del-congreso-fortalece-trabajo-conjunto-entre-el-sector-publico-y-privado\/"]}]},{"@type":"BreadcrumbList","@id":"https:\/\/thepueblatimes.mx\/index.php\/2025\/11\/13\/comision-del-congreso-fortalece-trabajo-conjunto-entre-el-sector-publico-y-privado\/#breadcrumb","itemListElement":[{"@type":"ListItem","position":1,"name":"Portada","item":"https:\/\/thepueblatimes.mx\/"},{"@type":"ListItem","position":2,"name":"Comisi\u00f3n del Congreso fortalece trabajo conjunto entre el sector p\u00fablico y privado"}]},{"@type":"WebSite","@id":"https:\/\/thepueblatimes.mx\/#website","url":"https:\/\/thepueblatimes.mx\/","name":"The Puebla Times","description":"Noticias del Estado de Puebla","potentialAction":[{"@type":"SearchAction","target":{"@type":"EntryPoint","urlTemplate":"https:\/\/thepueblatimes.mx\/?s={search_term_string}"},"query-input":"required name=search_term_string"}],"inLanguage":"es"},{"@type":"Person","@id":"https:\/\/thepueblatimes.mx\/#\/schema\/person\/1664894c2f65ce2c7a08d8f5f905c13c","name":"Sa\u00fal Hern\u00e1ndez","image":{"@type":"ImageObject","inLanguage":"es","@id":"https:\/\/thepueblatimes.mx\/#\/schema\/person\/image\/","url":"https:\/\/secure.gravatar.com\/avatar\/11be338693f243309532caad8f10c930?s=96&d=mm&r=g","contentUrl":"https:\/\/secure.gravatar.com\/avatar\/11be338693f243309532caad8f10c930?s=96&d=mm&r=g","caption":"Sa\u00fal Hern\u00e1ndez"},"url":"https:\/\/thepueblatimes.mx\/index.php\/author\/saulhernandez\/"}]}},"jetpack_featured_media_url":"https:\/\/thepueblatimes.mx\/wp-content\/uploads\/2025\/11\/WhatsApp-Image-2025-11-12-at-18.37.09.jpeg","_links":{"self":[{"href":"https:\/\/thepueblatimes.mx\/index.php\/wp-json\/wp\/v2\/posts\/34346"}],"collection":[{"href":"https:\/\/thepueblatimes.mx\/index.php\/wp-json\/wp\/v2\/posts"}],"about":[{"href":"https:\/\/thepueblatimes.mx\/index.php\/wp-json\/wp\/v2\/types\/post"}],"author":[{"embeddable":true,"href":"https:\/\/thepueblatimes.mx\/index.php\/wp-json\/wp\/v2\/users\/16"}],"replies":[{"embeddable":true,"href":"https:\/\/thepueblatimes.mx\/index.php\/wp-json\/wp\/v2\/comments?post=34346"}],"version-history":[{"count":1,"href":"https:\/\/thepueblatimes.mx\/index.php\/wp-json\/wp\/v2\/posts\/34346\/revisions"}],"predecessor-version":[{"id":34350,"href":"https:\/\/thepueblatimes.mx\/index.php\/wp-json\/wp\/v2\/posts\/34346\/revisions\/34350"}],"wp:featuredmedia":[{"embeddable":true,"href":"https:\/\/thepueblatimes.mx\/index.php\/wp-json\/wp\/v2\/media\/34349"}],"wp:attachment":[{"href":"https:\/\/thepueblatimes.mx\/index.php\/wp-json\/wp\/v2\/media?parent=34346"}],"wp:term":[{"taxonomy":"category","embeddable":true,"href":"https:\/\/thepueblatimes.mx\/index.php\/wp-json\/wp\/v2\/categories?post=34346"},{"taxonomy":"post_tag","embeddable":true,"href":"https:\/\/thepueblatimes.mx\/index.php\/wp-json\/wp\/v2\/tags?post=34346"}],"curies":[{"name":"wp","href":"https:\/\/api.w.org\/{rel}","templated":true}]}}