{"id":34308,"date":"2025-11-12T17:14:33","date_gmt":"2025-11-12T23:14:33","guid":{"rendered":"https:\/\/thepueblatimes.mx\/?p=34308"},"modified":"2025-11-12T17:22:09","modified_gmt":"2025-11-12T23:22:09","slug":"inicio-el-registro-de-aspirantes-a-la-titularidad-de-la-ase","status":"publish","type":"post","link":"https:\/\/thepueblatimes.mx\/index.php\/2025\/11\/12\/inicio-el-registro-de-aspirantes-a-la-titularidad-de-la-ase\/","title":{"rendered":"Inicio el registro de aspirantes a la titularidad de la ASE"},"content":{"rendered":"<p>Lanzada la convocatoria para que el Congreso poblano designe al nuevo titular de la Auditoria Superior de Estado, que en los hechos pondr\u00e1 a prueba la capacidad de cabildeo y conducci\u00f3n del diputado Pave Gaspar, inici\u00f3 el registro de aspirantes.<\/p>\n<p>Durante la ma\u00f1ana de hoy, mi\u00e9rcoles 12 de noviembre, el primero en formalizar su aspiraci\u00f3n fue el doctor en administraci\u00f3n p\u00fablica, Rom\u00e1n S\u00e1nchez Zamora, quien acudi\u00f3 al Congreso del Estado para inscribirse al proceso de renovaci\u00f3n del titular de la Auditor\u00eda Superior del Estado (ASE).<\/p>\n<p>S\u00e1nchez Zamora acudi\u00f3 a la Direcci\u00f3n de Oficial\u00eda de Partes del Poder Legislativo para presentar sus documentos.<\/p>\n<p>Acto seguido, ante los representantes de los medios confi\u00f3 en que los diputados elegir\u00e1n al perfil mejor preparado, al tiempo que descart\u00f3 que haya favoritos como sucedi\u00f3 con el nombramiento de Amanda G\u00f3mez Nava, exauditora Superior del Estado.<\/p>\n<p>Expres\u00f3, \u201ctengo mis cartas, soy autor de libros, tengo experiencia y considero que los diputados tendr\u00e1n un gran criterio para evaluar\u201d, asever\u00f3.<\/p>\n<p>Rom\u00e1n S\u00e1nchez es doctor en Administraci\u00f3n P\u00fablica, profesor-investigador del Instituto de Ciencias de Gobierno y Desarrollo Estrat\u00e9gico (BUAP), miembro del Sistema Nacional de Investigadores Nivel I del Conahcyt y autor de 14 libros.<\/p>\n","protected":false},"excerpt":{"rendered":"<p>Lanzada la convocatoria para que el Congreso poblano designe al nuevo titular de la Auditoria Superior de Estado, que en los hechos pondr\u00e1 a prueba la capacidad de cabildeo y conducci\u00f3n del diputado Pave Gaspar, inici\u00f3 el registro de aspirantes. Durante la ma\u00f1ana de hoy, mi\u00e9rcoles 12 de noviembre, el primero en formalizar su aspiraci\u00f3n&#8230;<\/p>\n","protected":false},"author":16,"featured_media":34311,"comment_status":"closed","ping_status":"closed","sticky":false,"template":"","format":"standard","meta":[],"categories":[542],"tags":[151,1594,2524],"yoast_head":"<!-- This site is optimized with the Yoast SEO plugin v20.8 - https:\/\/yoast.com\/wordpress\/plugins\/seo\/ -->\n<title>Inicio el registro de aspirantes a la titularidad de la ASE - The Puebla Times<\/title>\n<meta name=\"robots\" content=\"index, follow, max-snippet:-1, max-image-preview:large, max-video-preview:-1\" \/>\n<link rel=\"canonical\" href=\"https:\/\/thepueblatimes.mx\/index.php\/2025\/11\/12\/inicio-el-registro-de-aspirantes-a-la-titularidad-de-la-ase\/\" \/>\n<meta property=\"og:locale\" content=\"es_ES\" \/>\n<meta property=\"og:type\" content=\"article\" \/>\n<meta property=\"og:title\" content=\"Inicio el registro de aspirantes a la titularidad de la ASE - The Puebla Times\" \/>\n<meta property=\"og:description\" content=\"Lanzada la convocatoria para que el Congreso poblano designe al nuevo titular de la Auditoria Superior de Estado, que en los hechos pondr\u00e1 a prueba la capacidad de cabildeo y conducci\u00f3n del diputado Pave Gaspar, inici\u00f3 el registro de aspirantes. Durante la ma\u00f1ana de hoy, mi\u00e9rcoles 12 de noviembre, el primero en formalizar su aspiraci\u00f3n...\" \/>\n<meta property=\"og:url\" content=\"https:\/\/thepueblatimes.mx\/index.php\/2025\/11\/12\/inicio-el-registro-de-aspirantes-a-la-titularidad-de-la-ase\/\" \/>\n<meta property=\"og:site_name\" content=\"The Puebla Times\" \/>\n<meta property=\"article:published_time\" content=\"2025-11-12T23:14:33+00:00\" \/>\n<meta property=\"article:modified_time\" content=\"2025-11-12T23:22:09+00:00\" \/>\n<meta property=\"og:image\" content=\"https:\/\/thepueblatimes.mx\/wp-content\/uploads\/2025\/11\/Auditoria-superior-del-estado-de-puebla-1.webp\" \/>\n\t<meta property=\"og:image:width\" content=\"1200\" \/>\n\t<meta property=\"og:image:height\" content=\"675\" \/>\n\t<meta property=\"og:image:type\" content=\"image\/webp\" \/>\n<meta name=\"author\" content=\"Sa\u00fal Hern\u00e1ndez\" \/>\n<meta name=\"twitter:card\" content=\"summary_large_image\" \/>\n<meta name=\"twitter:label1\" content=\"Escrito por\" \/>\n\t<meta name=\"twitter:data1\" content=\"Sa\u00fal Hern\u00e1ndez\" \/>\n\t<meta name=\"twitter:label2\" content=\"Tiempo de lectura\" \/>\n\t<meta name=\"twitter:data2\" content=\"1 minuto\" \/>\n<script type=\"application\/ld+json\" class=\"yoast-schema-graph\">{\"@context\":\"https:\/\/schema.org\",\"@graph\":[{\"@type\":\"WebPage\",\"@id\":\"https:\/\/thepueblatimes.mx\/index.php\/2025\/11\/12\/inicio-el-registro-de-aspirantes-a-la-titularidad-de-la-ase\/\",\"url\":\"https:\/\/thepueblatimes.mx\/index.php\/2025\/11\/12\/inicio-el-registro-de-aspirantes-a-la-titularidad-de-la-ase\/\",\"name\":\"Inicio el registro de aspirantes a la titularidad de la ASE - The Puebla Times\",\"isPartOf\":{\"@id\":\"https:\/\/thepueblatimes.mx\/#website\"},\"datePublished\":\"2025-11-12T23:14:33+00:00\",\"dateModified\":\"2025-11-12T23:22:09+00:00\",\"author\":{\"@id\":\"https:\/\/thepueblatimes.mx\/#\/schema\/person\/1664894c2f65ce2c7a08d8f5f905c13c\"},\"breadcrumb\":{\"@id\":\"https:\/\/thepueblatimes.mx\/index.php\/2025\/11\/12\/inicio-el-registro-de-aspirantes-a-la-titularidad-de-la-ase\/#breadcrumb\"},\"inLanguage\":\"es\",\"potentialAction\":[{\"@type\":\"ReadAction\",\"target\":[\"https:\/\/thepueblatimes.mx\/index.php\/2025\/11\/12\/inicio-el-registro-de-aspirantes-a-la-titularidad-de-la-ase\/\"]}]},{\"@type\":\"BreadcrumbList\",\"@id\":\"https:\/\/thepueblatimes.mx\/index.php\/2025\/11\/12\/inicio-el-registro-de-aspirantes-a-la-titularidad-de-la-ase\/#breadcrumb\",\"itemListElement\":[{\"@type\":\"ListItem\",\"position\":1,\"name\":\"Portada\",\"item\":\"https:\/\/thepueblatimes.mx\/\"},{\"@type\":\"ListItem\",\"position\":2,\"name\":\"Inicio el registro de aspirantes a la titularidad de la ASE\"}]},{\"@type\":\"WebSite\",\"@id\":\"https:\/\/thepueblatimes.mx\/#website\",\"url\":\"https:\/\/thepueblatimes.mx\/\",\"name\":\"The Puebla Times\",\"description\":\"Noticias del Estado de Puebla\",\"potentialAction\":[{\"@type\":\"SearchAction\",\"target\":{\"@type\":\"EntryPoint\",\"urlTemplate\":\"https:\/\/thepueblatimes.mx\/?s={search_term_string}\"},\"query-input\":\"required name=search_term_string\"}],\"inLanguage\":\"es\"},{\"@type\":\"Person\",\"@id\":\"https:\/\/thepueblatimes.mx\/#\/schema\/person\/1664894c2f65ce2c7a08d8f5f905c13c\",\"name\":\"Sa\u00fal Hern\u00e1ndez\",\"image\":{\"@type\":\"ImageObject\",\"inLanguage\":\"es\",\"@id\":\"https:\/\/thepueblatimes.mx\/#\/schema\/person\/image\/\",\"url\":\"https:\/\/secure.gravatar.com\/avatar\/11be338693f243309532caad8f10c930?s=96&d=mm&r=g\",\"contentUrl\":\"https:\/\/secure.gravatar.com\/avatar\/11be338693f243309532caad8f10c930?s=96&d=mm&r=g\",\"caption\":\"Sa\u00fal Hern\u00e1ndez\"},\"url\":\"https:\/\/thepueblatimes.mx\/index.php\/author\/saulhernandez\/\"}]}<\/script>\n<!-- \/ Yoast SEO plugin. -->","yoast_head_json":{"title":"Inicio el registro de aspirantes a la titularidad de la ASE - The Puebla Times","robots":{"index":"index","follow":"follow","max-snippet":"max-snippet:-1","max-image-preview":"max-image-preview:large","max-video-preview":"max-video-preview:-1"},"canonical":"https:\/\/thepueblatimes.mx\/index.php\/2025\/11\/12\/inicio-el-registro-de-aspirantes-a-la-titularidad-de-la-ase\/","og_locale":"es_ES","og_type":"article","og_title":"Inicio el registro de aspirantes a la titularidad de la ASE - The Puebla Times","og_description":"Lanzada la convocatoria para que el Congreso poblano designe al nuevo titular de la Auditoria Superior de Estado, que en los hechos pondr\u00e1 a prueba la capacidad de cabildeo y conducci\u00f3n del diputado Pave Gaspar, inici\u00f3 el registro de aspirantes. Durante la ma\u00f1ana de hoy, mi\u00e9rcoles 12 de noviembre, el primero en formalizar su aspiraci\u00f3n...","og_url":"https:\/\/thepueblatimes.mx\/index.php\/2025\/11\/12\/inicio-el-registro-de-aspirantes-a-la-titularidad-de-la-ase\/","og_site_name":"The Puebla Times","article_published_time":"2025-11-12T23:14:33+00:00","article_modified_time":"2025-11-12T23:22:09+00:00","og_image":[{"width":1200,"height":675,"url":"https:\/\/thepueblatimes.mx\/wp-content\/uploads\/2025\/11\/Auditoria-superior-del-estado-de-puebla-1.webp","type":"image\/webp"}],"author":"Sa\u00fal Hern\u00e1ndez","twitter_card":"summary_large_image","twitter_misc":{"Escrito por":"Sa\u00fal Hern\u00e1ndez","Tiempo de lectura":"1 minuto"},"schema":{"@context":"https:\/\/schema.org","@graph":[{"@type":"WebPage","@id":"https:\/\/thepueblatimes.mx\/index.php\/2025\/11\/12\/inicio-el-registro-de-aspirantes-a-la-titularidad-de-la-ase\/","url":"https:\/\/thepueblatimes.mx\/index.php\/2025\/11\/12\/inicio-el-registro-de-aspirantes-a-la-titularidad-de-la-ase\/","name":"Inicio el registro de aspirantes a la titularidad de la ASE - The Puebla Times","isPartOf":{"@id":"https:\/\/thepueblatimes.mx\/#website"},"datePublished":"2025-11-12T23:14:33+00:00","dateModified":"2025-11-12T23:22:09+00:00","author":{"@id":"https:\/\/thepueblatimes.mx\/#\/schema\/person\/1664894c2f65ce2c7a08d8f5f905c13c"},"breadcrumb":{"@id":"https:\/\/thepueblatimes.mx\/index.php\/2025\/11\/12\/inicio-el-registro-de-aspirantes-a-la-titularidad-de-la-ase\/#breadcrumb"},"inLanguage":"es","potentialAction":[{"@type":"ReadAction","target":["https:\/\/thepueblatimes.mx\/index.php\/2025\/11\/12\/inicio-el-registro-de-aspirantes-a-la-titularidad-de-la-ase\/"]}]},{"@type":"BreadcrumbList","@id":"https:\/\/thepueblatimes.mx\/index.php\/2025\/11\/12\/inicio-el-registro-de-aspirantes-a-la-titularidad-de-la-ase\/#breadcrumb","itemListElement":[{"@type":"ListItem","position":1,"name":"Portada","item":"https:\/\/thepueblatimes.mx\/"},{"@type":"ListItem","position":2,"name":"Inicio el registro de aspirantes a la titularidad de la ASE"}]},{"@type":"WebSite","@id":"https:\/\/thepueblatimes.mx\/#website","url":"https:\/\/thepueblatimes.mx\/","name":"The Puebla Times","description":"Noticias del Estado de Puebla","potentialAction":[{"@type":"SearchAction","target":{"@type":"EntryPoint","urlTemplate":"https:\/\/thepueblatimes.mx\/?s={search_term_string}"},"query-input":"required name=search_term_string"}],"inLanguage":"es"},{"@type":"Person","@id":"https:\/\/thepueblatimes.mx\/#\/schema\/person\/1664894c2f65ce2c7a08d8f5f905c13c","name":"Sa\u00fal Hern\u00e1ndez","image":{"@type":"ImageObject","inLanguage":"es","@id":"https:\/\/thepueblatimes.mx\/#\/schema\/person\/image\/","url":"https:\/\/secure.gravatar.com\/avatar\/11be338693f243309532caad8f10c930?s=96&d=mm&r=g","contentUrl":"https:\/\/secure.gravatar.com\/avatar\/11be338693f243309532caad8f10c930?s=96&d=mm&r=g","caption":"Sa\u00fal Hern\u00e1ndez"},"url":"https:\/\/thepueblatimes.mx\/index.php\/author\/saulhernandez\/"}]}},"jetpack_featured_media_url":"https:\/\/thepueblatimes.mx\/wp-content\/uploads\/2025\/11\/Auditoria-superior-del-estado-de-puebla-1.webp","_links":{"self":[{"href":"https:\/\/thepueblatimes.mx\/index.php\/wp-json\/wp\/v2\/posts\/34308"}],"collection":[{"href":"https:\/\/thepueblatimes.mx\/index.php\/wp-json\/wp\/v2\/posts"}],"about":[{"href":"https:\/\/thepueblatimes.mx\/index.php\/wp-json\/wp\/v2\/types\/post"}],"author":[{"embeddable":true,"href":"https:\/\/thepueblatimes.mx\/index.php\/wp-json\/wp\/v2\/users\/16"}],"replies":[{"embeddable":true,"href":"https:\/\/thepueblatimes.mx\/index.php\/wp-json\/wp\/v2\/comments?post=34308"}],"version-history":[{"count":1,"href":"https:\/\/thepueblatimes.mx\/index.php\/wp-json\/wp\/v2\/posts\/34308\/revisions"}],"predecessor-version":[{"id":34312,"href":"https:\/\/thepueblatimes.mx\/index.php\/wp-json\/wp\/v2\/posts\/34308\/revisions\/34312"}],"wp:featuredmedia":[{"embeddable":true,"href":"https:\/\/thepueblatimes.mx\/index.php\/wp-json\/wp\/v2\/media\/34311"}],"wp:attachment":[{"href":"https:\/\/thepueblatimes.mx\/index.php\/wp-json\/wp\/v2\/media?parent=34308"}],"wp:term":[{"taxonomy":"category","embeddable":true,"href":"https:\/\/thepueblatimes.mx\/index.php\/wp-json\/wp\/v2\/categories?post=34308"},{"taxonomy":"post_tag","embeddable":true,"href":"https:\/\/thepueblatimes.mx\/index.php\/wp-json\/wp\/v2\/tags?post=34308"}],"curies":[{"name":"wp","href":"https:\/\/api.w.org\/{rel}","templated":true}]}}