{"id":34164,"date":"2025-11-06T15:51:32","date_gmt":"2025-11-06T21:51:32","guid":{"rendered":"https:\/\/thepueblatimes.mx\/?p=34164"},"modified":"2025-11-06T15:51:32","modified_gmt":"2025-11-06T21:51:32","slug":"con-reforma-de-andres-villegas-mujeres-tendran-mas-oportunidades-en-seguridad-privada","status":"publish","type":"post","link":"https:\/\/thepueblatimes.mx\/index.php\/2025\/11\/06\/con-reforma-de-andres-villegas-mujeres-tendran-mas-oportunidades-en-seguridad-privada\/","title":{"rendered":"Con reforma de Andr\u00e9s Villegas, mujeres tendr\u00e1n    m\u00e1s oportunidades en seguridad privada"},"content":{"rendered":"<p>POR FERNANDO HOYOS<\/p>\n<p>El Congreso del Estado aprob\u00f3 por unanimidad la reforma del diputado <strong>Andr\u00e9s Villegas Mendoza<\/strong> para garantizar que las empresas de seguridad privada en Puebla apliquen criterios de paridad de g\u00e9nero en la contrataci\u00f3n de su personal.<\/p>\n<p>La iniciativa busca reducir la brecha laboral en el sector de seguridad privada y promover la participaci\u00f3n de m\u00e1s mujeres en funciones operativas y administrativas.<\/p>\n<p>Durante la sesi\u00f3n ordinaria de este jueves, el pleno del <strong>Poder Legislativo de Puebla<\/strong> aval\u00f3 de manera un\u00e1nime la reforma promovida por el diputado <strong>Andr\u00e9s Villegas Mendoza<\/strong> a la <strong>Ley de Seguridad Privada del Estado<\/strong>, con el objetivo de garantizar igualdad de oportunidades entre hombres y mujeres dentro de las empresas del ramo.<\/p>\n<p>La propuesta recibi\u00f3 el respaldo de las distintas fuerzas pol\u00edticas, al considerar que esta medida representa un avance significativo hacia la equidad laboral en un sector hist\u00f3ricamente masculinizado<\/p>\n<p><strong>M\u00e1s mujeres en las filas de la seguridad privada<\/strong><\/p>\n<p>El legislador explic\u00f3 que la iniciativa busca asegurar que los procesos de contrataci\u00f3n en las compa\u00f1\u00edas de vigilancia particular contemplen una participaci\u00f3n equitativa entre g\u00e9neros, fomentando la inclusi\u00f3n y la justicia social.<\/p>\n<p>\u201cLas mujeres generan confianza y profesionalismo en su labor; abrirles mayores oportunidades es un acto de equidad y fortalecimiento institucional\u201d, subray\u00f3 Villegas Mendoza.<\/p>\n<p>De acuerdo con datos del <strong>Censo Nacional de Seguridad P\u00fablica (CNSP)<\/strong>, en Puebla existen <strong>252 empresas de seguridad privada<\/strong> con una plantilla total de <strong>6 mil 11 elementos<\/strong>, de los cuales <strong>4 mil 180 son hombres<\/strong> y <strong>solo mil 831 son mujeres<\/strong>, lo que refleja una brecha de g\u00e9nero considerable.<\/p>\n<p><strong>Impacto social y humanista<\/strong><\/p>\n<p>Con la reforma aprobada, las empresas deber\u00e1n aplicar criterios de paridad en sus procesos de reclutamiento y justificar cualquier excepci\u00f3n, garantizando as\u00ed un cumplimiento verificable.<\/p>\n<p>Para el diputado <strong>Andr\u00e9s Villegas Mendoza<\/strong>, esta acci\u00f3n no solo ampl\u00eda la participaci\u00f3n femenina en el \u00e1mbito laboral, sino que tambi\u00e9n contribuye a <strong>atender casos de violencia de g\u00e9nero con mayor sensibilidad<\/strong>, desde una perspectiva de derechos humanos y sin prejuicios.<\/p>\n<p>\u201cLa participaci\u00f3n equilibrada de las mujeres en las fuerzas de seguridad mejora la eficacia del servicio y fortalece la igualdad sustantiva\u201d, sostuvo el legislador poblano.<\/p>\n<p><strong>Congreso refuerza controles en evaluaciones policiales<\/strong><\/p>\n<p>En la misma sesi\u00f3n, el Congreso de Puebla tambi\u00e9n aprob\u00f3 modificaciones al decreto de creaci\u00f3n de la <strong>Universidad de las Ciencias Policiales<\/strong>, precisando que las <strong>evaluaciones de control y confianza<\/strong> de los elementos ser\u00e1n atribuci\u00f3n exclusiva del <strong>Centro \u00danico de Evaluaci\u00f3n y Control de Confianza<\/strong>, adscrito al <strong>Consejo Estatal de Coordinaci\u00f3n del Sistema Nacional de Seguridad P\u00fablica<\/strong>.<\/p>\n<p>Con ello, se busca garantizar transparencia y profesionalismo en la certificaci\u00f3n de los cuerpos policiacos del estado.<\/p>\n<p>&nbsp;<\/p>\n","protected":false},"excerpt":{"rendered":"<p>POR FERNANDO HOYOS El Congreso del Estado aprob\u00f3 por unanimidad la reforma del diputado Andr\u00e9s Villegas Mendoza para garantizar que las empresas de seguridad privada en Puebla apliquen criterios de paridad de g\u00e9nero en la contrataci\u00f3n de su personal. La iniciativa busca reducir la brecha laboral en el sector de seguridad privada y promover la&#8230;<\/p>\n","protected":false},"author":16,"featured_media":34165,"comment_status":"closed","ping_status":"closed","sticky":false,"template":"","format":"standard","meta":[],"categories":[3],"tags":[1625,1480,1271],"yoast_head":"<!-- This site is optimized with the Yoast SEO plugin v20.8 - https:\/\/yoast.com\/wordpress\/plugins\/seo\/ -->\n<title>Con reforma de Andr\u00e9s Villegas, mujeres tendr\u00e1n  m\u00e1s oportunidades en seguridad privada - The Puebla Times<\/title>\n<meta name=\"robots\" content=\"index, follow, max-snippet:-1, max-image-preview:large, max-video-preview:-1\" \/>\n<link rel=\"canonical\" href=\"https:\/\/thepueblatimes.mx\/index.php\/2025\/11\/06\/con-reforma-de-andres-villegas-mujeres-tendran-mas-oportunidades-en-seguridad-privada\/\" \/>\n<meta property=\"og:locale\" content=\"es_ES\" \/>\n<meta property=\"og:type\" content=\"article\" \/>\n<meta property=\"og:title\" content=\"Con reforma de Andr\u00e9s Villegas, mujeres tendr\u00e1n  m\u00e1s oportunidades en seguridad privada - The Puebla Times\" \/>\n<meta property=\"og:description\" content=\"POR FERNANDO HOYOS El Congreso del Estado aprob\u00f3 por unanimidad la reforma del diputado Andr\u00e9s Villegas Mendoza para garantizar que las empresas de seguridad privada en Puebla apliquen criterios de paridad de g\u00e9nero en la contrataci\u00f3n de su personal. La iniciativa busca reducir la brecha laboral en el sector de seguridad privada y promover la...\" \/>\n<meta property=\"og:url\" content=\"https:\/\/thepueblatimes.mx\/index.php\/2025\/11\/06\/con-reforma-de-andres-villegas-mujeres-tendran-mas-oportunidades-en-seguridad-privada\/\" \/>\n<meta property=\"og:site_name\" content=\"The Puebla Times\" \/>\n<meta property=\"article:published_time\" content=\"2025-11-06T21:51:32+00:00\" \/>\n<meta property=\"og:image\" content=\"https:\/\/thepueblatimes.mx\/wp-content\/uploads\/2025\/11\/571239418_1285486423592664_9075416883698618241_n.jpg\" \/>\n\t<meta property=\"og:image:width\" content=\"1366\" \/>\n\t<meta property=\"og:image:height\" content=\"2048\" \/>\n\t<meta property=\"og:image:type\" content=\"image\/jpeg\" \/>\n<meta name=\"author\" content=\"Sa\u00fal Hern\u00e1ndez\" \/>\n<meta name=\"twitter:card\" content=\"summary_large_image\" \/>\n<meta name=\"twitter:label1\" content=\"Escrito por\" \/>\n\t<meta name=\"twitter:data1\" content=\"Sa\u00fal Hern\u00e1ndez\" \/>\n\t<meta name=\"twitter:label2\" content=\"Tiempo de lectura\" \/>\n\t<meta name=\"twitter:data2\" content=\"2 minutos\" \/>\n<script type=\"application\/ld+json\" class=\"yoast-schema-graph\">{\"@context\":\"https:\/\/schema.org\",\"@graph\":[{\"@type\":\"WebPage\",\"@id\":\"https:\/\/thepueblatimes.mx\/index.php\/2025\/11\/06\/con-reforma-de-andres-villegas-mujeres-tendran-mas-oportunidades-en-seguridad-privada\/\",\"url\":\"https:\/\/thepueblatimes.mx\/index.php\/2025\/11\/06\/con-reforma-de-andres-villegas-mujeres-tendran-mas-oportunidades-en-seguridad-privada\/\",\"name\":\"Con reforma de Andr\u00e9s Villegas, mujeres tendr\u00e1n m\u00e1s oportunidades en seguridad privada - The Puebla Times\",\"isPartOf\":{\"@id\":\"https:\/\/thepueblatimes.mx\/#website\"},\"datePublished\":\"2025-11-06T21:51:32+00:00\",\"dateModified\":\"2025-11-06T21:51:32+00:00\",\"author\":{\"@id\":\"https:\/\/thepueblatimes.mx\/#\/schema\/person\/1664894c2f65ce2c7a08d8f5f905c13c\"},\"breadcrumb\":{\"@id\":\"https:\/\/thepueblatimes.mx\/index.php\/2025\/11\/06\/con-reforma-de-andres-villegas-mujeres-tendran-mas-oportunidades-en-seguridad-privada\/#breadcrumb\"},\"inLanguage\":\"es\",\"potentialAction\":[{\"@type\":\"ReadAction\",\"target\":[\"https:\/\/thepueblatimes.mx\/index.php\/2025\/11\/06\/con-reforma-de-andres-villegas-mujeres-tendran-mas-oportunidades-en-seguridad-privada\/\"]}]},{\"@type\":\"BreadcrumbList\",\"@id\":\"https:\/\/thepueblatimes.mx\/index.php\/2025\/11\/06\/con-reforma-de-andres-villegas-mujeres-tendran-mas-oportunidades-en-seguridad-privada\/#breadcrumb\",\"itemListElement\":[{\"@type\":\"ListItem\",\"position\":1,\"name\":\"Portada\",\"item\":\"https:\/\/thepueblatimes.mx\/\"},{\"@type\":\"ListItem\",\"position\":2,\"name\":\"Con reforma de Andr\u00e9s Villegas, mujeres tendr\u00e1n m\u00e1s oportunidades en seguridad privada\"}]},{\"@type\":\"WebSite\",\"@id\":\"https:\/\/thepueblatimes.mx\/#website\",\"url\":\"https:\/\/thepueblatimes.mx\/\",\"name\":\"The Puebla Times\",\"description\":\"Noticias del Estado de Puebla\",\"potentialAction\":[{\"@type\":\"SearchAction\",\"target\":{\"@type\":\"EntryPoint\",\"urlTemplate\":\"https:\/\/thepueblatimes.mx\/?s={search_term_string}\"},\"query-input\":\"required name=search_term_string\"}],\"inLanguage\":\"es\"},{\"@type\":\"Person\",\"@id\":\"https:\/\/thepueblatimes.mx\/#\/schema\/person\/1664894c2f65ce2c7a08d8f5f905c13c\",\"name\":\"Sa\u00fal Hern\u00e1ndez\",\"image\":{\"@type\":\"ImageObject\",\"inLanguage\":\"es\",\"@id\":\"https:\/\/thepueblatimes.mx\/#\/schema\/person\/image\/\",\"url\":\"https:\/\/secure.gravatar.com\/avatar\/11be338693f243309532caad8f10c930?s=96&d=mm&r=g\",\"contentUrl\":\"https:\/\/secure.gravatar.com\/avatar\/11be338693f243309532caad8f10c930?s=96&d=mm&r=g\",\"caption\":\"Sa\u00fal Hern\u00e1ndez\"},\"url\":\"https:\/\/thepueblatimes.mx\/index.php\/author\/saulhernandez\/\"}]}<\/script>\n<!-- \/ Yoast SEO plugin. -->","yoast_head_json":{"title":"Con reforma de Andr\u00e9s Villegas, mujeres tendr\u00e1n  m\u00e1s oportunidades en seguridad privada - The Puebla Times","robots":{"index":"index","follow":"follow","max-snippet":"max-snippet:-1","max-image-preview":"max-image-preview:large","max-video-preview":"max-video-preview:-1"},"canonical":"https:\/\/thepueblatimes.mx\/index.php\/2025\/11\/06\/con-reforma-de-andres-villegas-mujeres-tendran-mas-oportunidades-en-seguridad-privada\/","og_locale":"es_ES","og_type":"article","og_title":"Con reforma de Andr\u00e9s Villegas, mujeres tendr\u00e1n  m\u00e1s oportunidades en seguridad privada - The Puebla Times","og_description":"POR FERNANDO HOYOS El Congreso del Estado aprob\u00f3 por unanimidad la reforma del diputado Andr\u00e9s Villegas Mendoza para garantizar que las empresas de seguridad privada en Puebla apliquen criterios de paridad de g\u00e9nero en la contrataci\u00f3n de su personal. La iniciativa busca reducir la brecha laboral en el sector de seguridad privada y promover la...","og_url":"https:\/\/thepueblatimes.mx\/index.php\/2025\/11\/06\/con-reforma-de-andres-villegas-mujeres-tendran-mas-oportunidades-en-seguridad-privada\/","og_site_name":"The Puebla Times","article_published_time":"2025-11-06T21:51:32+00:00","og_image":[{"width":1366,"height":2048,"url":"https:\/\/thepueblatimes.mx\/wp-content\/uploads\/2025\/11\/571239418_1285486423592664_9075416883698618241_n.jpg","type":"image\/jpeg"}],"author":"Sa\u00fal Hern\u00e1ndez","twitter_card":"summary_large_image","twitter_misc":{"Escrito por":"Sa\u00fal Hern\u00e1ndez","Tiempo de lectura":"2 minutos"},"schema":{"@context":"https:\/\/schema.org","@graph":[{"@type":"WebPage","@id":"https:\/\/thepueblatimes.mx\/index.php\/2025\/11\/06\/con-reforma-de-andres-villegas-mujeres-tendran-mas-oportunidades-en-seguridad-privada\/","url":"https:\/\/thepueblatimes.mx\/index.php\/2025\/11\/06\/con-reforma-de-andres-villegas-mujeres-tendran-mas-oportunidades-en-seguridad-privada\/","name":"Con reforma de Andr\u00e9s Villegas, mujeres tendr\u00e1n m\u00e1s oportunidades en seguridad privada - The Puebla Times","isPartOf":{"@id":"https:\/\/thepueblatimes.mx\/#website"},"datePublished":"2025-11-06T21:51:32+00:00","dateModified":"2025-11-06T21:51:32+00:00","author":{"@id":"https:\/\/thepueblatimes.mx\/#\/schema\/person\/1664894c2f65ce2c7a08d8f5f905c13c"},"breadcrumb":{"@id":"https:\/\/thepueblatimes.mx\/index.php\/2025\/11\/06\/con-reforma-de-andres-villegas-mujeres-tendran-mas-oportunidades-en-seguridad-privada\/#breadcrumb"},"inLanguage":"es","potentialAction":[{"@type":"ReadAction","target":["https:\/\/thepueblatimes.mx\/index.php\/2025\/11\/06\/con-reforma-de-andres-villegas-mujeres-tendran-mas-oportunidades-en-seguridad-privada\/"]}]},{"@type":"BreadcrumbList","@id":"https:\/\/thepueblatimes.mx\/index.php\/2025\/11\/06\/con-reforma-de-andres-villegas-mujeres-tendran-mas-oportunidades-en-seguridad-privada\/#breadcrumb","itemListElement":[{"@type":"ListItem","position":1,"name":"Portada","item":"https:\/\/thepueblatimes.mx\/"},{"@type":"ListItem","position":2,"name":"Con reforma de Andr\u00e9s Villegas, mujeres tendr\u00e1n m\u00e1s oportunidades en seguridad privada"}]},{"@type":"WebSite","@id":"https:\/\/thepueblatimes.mx\/#website","url":"https:\/\/thepueblatimes.mx\/","name":"The Puebla Times","description":"Noticias del Estado de Puebla","potentialAction":[{"@type":"SearchAction","target":{"@type":"EntryPoint","urlTemplate":"https:\/\/thepueblatimes.mx\/?s={search_term_string}"},"query-input":"required name=search_term_string"}],"inLanguage":"es"},{"@type":"Person","@id":"https:\/\/thepueblatimes.mx\/#\/schema\/person\/1664894c2f65ce2c7a08d8f5f905c13c","name":"Sa\u00fal Hern\u00e1ndez","image":{"@type":"ImageObject","inLanguage":"es","@id":"https:\/\/thepueblatimes.mx\/#\/schema\/person\/image\/","url":"https:\/\/secure.gravatar.com\/avatar\/11be338693f243309532caad8f10c930?s=96&d=mm&r=g","contentUrl":"https:\/\/secure.gravatar.com\/avatar\/11be338693f243309532caad8f10c930?s=96&d=mm&r=g","caption":"Sa\u00fal Hern\u00e1ndez"},"url":"https:\/\/thepueblatimes.mx\/index.php\/author\/saulhernandez\/"}]}},"jetpack_featured_media_url":"https:\/\/thepueblatimes.mx\/wp-content\/uploads\/2025\/11\/571239418_1285486423592664_9075416883698618241_n.jpg","_links":{"self":[{"href":"https:\/\/thepueblatimes.mx\/index.php\/wp-json\/wp\/v2\/posts\/34164"}],"collection":[{"href":"https:\/\/thepueblatimes.mx\/index.php\/wp-json\/wp\/v2\/posts"}],"about":[{"href":"https:\/\/thepueblatimes.mx\/index.php\/wp-json\/wp\/v2\/types\/post"}],"author":[{"embeddable":true,"href":"https:\/\/thepueblatimes.mx\/index.php\/wp-json\/wp\/v2\/users\/16"}],"replies":[{"embeddable":true,"href":"https:\/\/thepueblatimes.mx\/index.php\/wp-json\/wp\/v2\/comments?post=34164"}],"version-history":[{"count":1,"href":"https:\/\/thepueblatimes.mx\/index.php\/wp-json\/wp\/v2\/posts\/34164\/revisions"}],"predecessor-version":[{"id":34166,"href":"https:\/\/thepueblatimes.mx\/index.php\/wp-json\/wp\/v2\/posts\/34164\/revisions\/34166"}],"wp:featuredmedia":[{"embeddable":true,"href":"https:\/\/thepueblatimes.mx\/index.php\/wp-json\/wp\/v2\/media\/34165"}],"wp:attachment":[{"href":"https:\/\/thepueblatimes.mx\/index.php\/wp-json\/wp\/v2\/media?parent=34164"}],"wp:term":[{"taxonomy":"category","embeddable":true,"href":"https:\/\/thepueblatimes.mx\/index.php\/wp-json\/wp\/v2\/categories?post=34164"},{"taxonomy":"post_tag","embeddable":true,"href":"https:\/\/thepueblatimes.mx\/index.php\/wp-json\/wp\/v2\/tags?post=34164"}],"curies":[{"name":"wp","href":"https:\/\/api.w.org\/{rel}","templated":true}]}}