{"id":34149,"date":"2025-11-06T13:03:25","date_gmt":"2025-11-06T19:03:25","guid":{"rendered":"https:\/\/thepueblatimes.mx\/?p=34149"},"modified":"2025-11-06T13:09:03","modified_gmt":"2025-11-06T19:09:03","slug":"congreso-poblano-designara-a-nuevo-titular-de-la-ase","status":"publish","type":"post","link":"https:\/\/thepueblatimes.mx\/index.php\/2025\/11\/06\/congreso-poblano-designara-a-nuevo-titular-de-la-ase\/","title":{"rendered":"Congreso poblano designar\u00e1 a nuevo titular de la ASE"},"content":{"rendered":"<p>El arribo de P\u00e1vel Gaspar a la presidencia de la Junta de Gobierno y Coordinaci\u00f3n Pol\u00edtica (Jugocopo), viene acompa\u00f1ado casi la par de la determinaci\u00f3n de sacar adelante la designaci\u00f3n de un nuevo titular en la Auditoria Superior del Estado (ASE).<\/p>\n<p>El Congreso del Estado aprob\u00f3 la convocatoria para designar a un nuevo titular que permanecer\u00e1 en el cargo durante seis a\u00f1os.<\/p>\n<p>Ello debe marcar un punto de inflexi\u00f3n, tras el paso como titulares de la ASE de Francisco Romero Serrano, Amanda G\u00f3mez Nava y Francisco Fidel Teomitzi S\u00e1nchez.<\/p>\n<p>La convocatoria, avalada por la Jugocopo tiene, entre otros, el objetivo de blindar la designaci\u00f3n del pr\u00f3ximo auditor o auditora superior, garantizando independencia t\u00e9cnica y neutralidad pol\u00edtica.<\/p>\n<p>Establece que ninguna persona que haya sido funcionaria p\u00fablica en los \u00faltimos tres a\u00f1os podr\u00e1 participar.<\/p>\n<p>Entre los requisitos se incluyen tener al menos 30 a\u00f1os, t\u00edtulo y c\u00e9dula profesional con una antig\u00fcedad m\u00ednima de cinco a\u00f1os, buena reputaci\u00f3n, experiencia comprobable de m\u00e1s de cinco a\u00f1os en auditor\u00eda, fiscalizaci\u00f3n o control interno, y no haber sido condenado por delitos intencionales ni inhabilitado para cargos p\u00fablicos.<\/p>\n<p>Los aspirantes deber\u00e1n presentar un ensayo sobre auditor\u00eda, rendici\u00f3n de cuentas y combate a la corrupci\u00f3n, as\u00ed como un plan de trabajo durante su comparecencia ante los legisladores.<\/p>\n<p>La convocatoria ser\u00e1 publicada hoy, jueves 6 de noviembre, y las y los aspirantes tendr\u00e1n hasta el 28 de noviembre para registrarse.<\/p>\n<p>Los d\u00edas 9 y 10 de diciembre se llevar\u00e1n a cabo entrevistas y evaluaciones por parte de la Comisi\u00f3n de Control, Vigilancia y Evaluaci\u00f3n de la ASE, que revisar\u00e1 los perfiles legales, t\u00e9cnicos y \u00e9ticos.<\/p>\n<p>El 10 de diciembre, la comisi\u00f3n entregar\u00e1 una terna final a la Junta de Gobierno, que presentar\u00e1 su propuesta ante el Pleno del Congreso el 11 de diciembre para su votaci\u00f3n definitiva.<\/p>\n","protected":false},"excerpt":{"rendered":"<p>El arribo de P\u00e1vel Gaspar a la presidencia de la Junta de Gobierno y Coordinaci\u00f3n Pol\u00edtica (Jugocopo), viene acompa\u00f1ado casi la par de la determinaci\u00f3n de sacar adelante la designaci\u00f3n de un nuevo titular en la Auditoria Superior del Estado (ASE). El Congreso del Estado aprob\u00f3 la convocatoria para designar a un nuevo titular que&#8230;<\/p>\n","protected":false},"author":16,"featured_media":34150,"comment_status":"closed","ping_status":"closed","sticky":false,"template":"","format":"standard","meta":[],"categories":[542],"tags":[151,2323,2389,4126],"yoast_head":"<!-- This site is optimized with the Yoast SEO plugin v20.8 - https:\/\/yoast.com\/wordpress\/plugins\/seo\/ -->\n<title>Congreso poblano designar\u00e1 a nuevo titular de la ASE - The Puebla Times<\/title>\n<meta name=\"robots\" content=\"index, follow, max-snippet:-1, max-image-preview:large, max-video-preview:-1\" \/>\n<link rel=\"canonical\" href=\"https:\/\/thepueblatimes.mx\/index.php\/2025\/11\/06\/congreso-poblano-designara-a-nuevo-titular-de-la-ase\/\" \/>\n<meta property=\"og:locale\" content=\"es_ES\" \/>\n<meta property=\"og:type\" content=\"article\" \/>\n<meta property=\"og:title\" content=\"Congreso poblano designar\u00e1 a nuevo titular de la ASE - The Puebla Times\" \/>\n<meta property=\"og:description\" content=\"El arribo de P\u00e1vel Gaspar a la presidencia de la Junta de Gobierno y Coordinaci\u00f3n Pol\u00edtica (Jugocopo), viene acompa\u00f1ado casi la par de la determinaci\u00f3n de sacar adelante la designaci\u00f3n de un nuevo titular en la Auditoria Superior del Estado (ASE). El Congreso del Estado aprob\u00f3 la convocatoria para designar a un nuevo titular que...\" \/>\n<meta property=\"og:url\" content=\"https:\/\/thepueblatimes.mx\/index.php\/2025\/11\/06\/congreso-poblano-designara-a-nuevo-titular-de-la-ase\/\" \/>\n<meta property=\"og:site_name\" content=\"The Puebla Times\" \/>\n<meta property=\"article:published_time\" content=\"2025-11-06T19:03:25+00:00\" \/>\n<meta property=\"article:modified_time\" content=\"2025-11-06T19:09:03+00:00\" \/>\n<meta property=\"og:image\" content=\"https:\/\/thepueblatimes.mx\/wp-content\/uploads\/2025\/11\/Auditoria-superior-del-estado-de-puebla.webp\" \/>\n\t<meta property=\"og:image:width\" content=\"1200\" \/>\n\t<meta property=\"og:image:height\" content=\"675\" \/>\n\t<meta property=\"og:image:type\" content=\"image\/webp\" \/>\n<meta name=\"author\" content=\"Sa\u00fal Hern\u00e1ndez\" \/>\n<meta name=\"twitter:card\" content=\"summary_large_image\" \/>\n<meta name=\"twitter:label1\" content=\"Escrito por\" \/>\n\t<meta name=\"twitter:data1\" content=\"Sa\u00fal Hern\u00e1ndez\" \/>\n\t<meta name=\"twitter:label2\" content=\"Tiempo de lectura\" \/>\n\t<meta name=\"twitter:data2\" content=\"2 minutos\" \/>\n<script type=\"application\/ld+json\" class=\"yoast-schema-graph\">{\"@context\":\"https:\/\/schema.org\",\"@graph\":[{\"@type\":\"WebPage\",\"@id\":\"https:\/\/thepueblatimes.mx\/index.php\/2025\/11\/06\/congreso-poblano-designara-a-nuevo-titular-de-la-ase\/\",\"url\":\"https:\/\/thepueblatimes.mx\/index.php\/2025\/11\/06\/congreso-poblano-designara-a-nuevo-titular-de-la-ase\/\",\"name\":\"Congreso poblano designar\u00e1 a nuevo titular de la ASE - The Puebla Times\",\"isPartOf\":{\"@id\":\"https:\/\/thepueblatimes.mx\/#website\"},\"datePublished\":\"2025-11-06T19:03:25+00:00\",\"dateModified\":\"2025-11-06T19:09:03+00:00\",\"author\":{\"@id\":\"https:\/\/thepueblatimes.mx\/#\/schema\/person\/1664894c2f65ce2c7a08d8f5f905c13c\"},\"breadcrumb\":{\"@id\":\"https:\/\/thepueblatimes.mx\/index.php\/2025\/11\/06\/congreso-poblano-designara-a-nuevo-titular-de-la-ase\/#breadcrumb\"},\"inLanguage\":\"es\",\"potentialAction\":[{\"@type\":\"ReadAction\",\"target\":[\"https:\/\/thepueblatimes.mx\/index.php\/2025\/11\/06\/congreso-poblano-designara-a-nuevo-titular-de-la-ase\/\"]}]},{\"@type\":\"BreadcrumbList\",\"@id\":\"https:\/\/thepueblatimes.mx\/index.php\/2025\/11\/06\/congreso-poblano-designara-a-nuevo-titular-de-la-ase\/#breadcrumb\",\"itemListElement\":[{\"@type\":\"ListItem\",\"position\":1,\"name\":\"Portada\",\"item\":\"https:\/\/thepueblatimes.mx\/\"},{\"@type\":\"ListItem\",\"position\":2,\"name\":\"Congreso poblano designar\u00e1 a nuevo titular de la ASE\"}]},{\"@type\":\"WebSite\",\"@id\":\"https:\/\/thepueblatimes.mx\/#website\",\"url\":\"https:\/\/thepueblatimes.mx\/\",\"name\":\"The Puebla Times\",\"description\":\"Noticias del Estado de Puebla\",\"potentialAction\":[{\"@type\":\"SearchAction\",\"target\":{\"@type\":\"EntryPoint\",\"urlTemplate\":\"https:\/\/thepueblatimes.mx\/?s={search_term_string}\"},\"query-input\":\"required name=search_term_string\"}],\"inLanguage\":\"es\"},{\"@type\":\"Person\",\"@id\":\"https:\/\/thepueblatimes.mx\/#\/schema\/person\/1664894c2f65ce2c7a08d8f5f905c13c\",\"name\":\"Sa\u00fal Hern\u00e1ndez\",\"image\":{\"@type\":\"ImageObject\",\"inLanguage\":\"es\",\"@id\":\"https:\/\/thepueblatimes.mx\/#\/schema\/person\/image\/\",\"url\":\"https:\/\/secure.gravatar.com\/avatar\/11be338693f243309532caad8f10c930?s=96&d=mm&r=g\",\"contentUrl\":\"https:\/\/secure.gravatar.com\/avatar\/11be338693f243309532caad8f10c930?s=96&d=mm&r=g\",\"caption\":\"Sa\u00fal Hern\u00e1ndez\"},\"url\":\"https:\/\/thepueblatimes.mx\/index.php\/author\/saulhernandez\/\"}]}<\/script>\n<!-- \/ Yoast SEO plugin. -->","yoast_head_json":{"title":"Congreso poblano designar\u00e1 a nuevo titular de la ASE - The Puebla Times","robots":{"index":"index","follow":"follow","max-snippet":"max-snippet:-1","max-image-preview":"max-image-preview:large","max-video-preview":"max-video-preview:-1"},"canonical":"https:\/\/thepueblatimes.mx\/index.php\/2025\/11\/06\/congreso-poblano-designara-a-nuevo-titular-de-la-ase\/","og_locale":"es_ES","og_type":"article","og_title":"Congreso poblano designar\u00e1 a nuevo titular de la ASE - The Puebla Times","og_description":"El arribo de P\u00e1vel Gaspar a la presidencia de la Junta de Gobierno y Coordinaci\u00f3n Pol\u00edtica (Jugocopo), viene acompa\u00f1ado casi la par de la determinaci\u00f3n de sacar adelante la designaci\u00f3n de un nuevo titular en la Auditoria Superior del Estado (ASE). El Congreso del Estado aprob\u00f3 la convocatoria para designar a un nuevo titular que...","og_url":"https:\/\/thepueblatimes.mx\/index.php\/2025\/11\/06\/congreso-poblano-designara-a-nuevo-titular-de-la-ase\/","og_site_name":"The Puebla Times","article_published_time":"2025-11-06T19:03:25+00:00","article_modified_time":"2025-11-06T19:09:03+00:00","og_image":[{"width":1200,"height":675,"url":"https:\/\/thepueblatimes.mx\/wp-content\/uploads\/2025\/11\/Auditoria-superior-del-estado-de-puebla.webp","type":"image\/webp"}],"author":"Sa\u00fal Hern\u00e1ndez","twitter_card":"summary_large_image","twitter_misc":{"Escrito por":"Sa\u00fal Hern\u00e1ndez","Tiempo de lectura":"2 minutos"},"schema":{"@context":"https:\/\/schema.org","@graph":[{"@type":"WebPage","@id":"https:\/\/thepueblatimes.mx\/index.php\/2025\/11\/06\/congreso-poblano-designara-a-nuevo-titular-de-la-ase\/","url":"https:\/\/thepueblatimes.mx\/index.php\/2025\/11\/06\/congreso-poblano-designara-a-nuevo-titular-de-la-ase\/","name":"Congreso poblano designar\u00e1 a nuevo titular de la ASE - The Puebla Times","isPartOf":{"@id":"https:\/\/thepueblatimes.mx\/#website"},"datePublished":"2025-11-06T19:03:25+00:00","dateModified":"2025-11-06T19:09:03+00:00","author":{"@id":"https:\/\/thepueblatimes.mx\/#\/schema\/person\/1664894c2f65ce2c7a08d8f5f905c13c"},"breadcrumb":{"@id":"https:\/\/thepueblatimes.mx\/index.php\/2025\/11\/06\/congreso-poblano-designara-a-nuevo-titular-de-la-ase\/#breadcrumb"},"inLanguage":"es","potentialAction":[{"@type":"ReadAction","target":["https:\/\/thepueblatimes.mx\/index.php\/2025\/11\/06\/congreso-poblano-designara-a-nuevo-titular-de-la-ase\/"]}]},{"@type":"BreadcrumbList","@id":"https:\/\/thepueblatimes.mx\/index.php\/2025\/11\/06\/congreso-poblano-designara-a-nuevo-titular-de-la-ase\/#breadcrumb","itemListElement":[{"@type":"ListItem","position":1,"name":"Portada","item":"https:\/\/thepueblatimes.mx\/"},{"@type":"ListItem","position":2,"name":"Congreso poblano designar\u00e1 a nuevo titular de la ASE"}]},{"@type":"WebSite","@id":"https:\/\/thepueblatimes.mx\/#website","url":"https:\/\/thepueblatimes.mx\/","name":"The Puebla Times","description":"Noticias del Estado de Puebla","potentialAction":[{"@type":"SearchAction","target":{"@type":"EntryPoint","urlTemplate":"https:\/\/thepueblatimes.mx\/?s={search_term_string}"},"query-input":"required name=search_term_string"}],"inLanguage":"es"},{"@type":"Person","@id":"https:\/\/thepueblatimes.mx\/#\/schema\/person\/1664894c2f65ce2c7a08d8f5f905c13c","name":"Sa\u00fal Hern\u00e1ndez","image":{"@type":"ImageObject","inLanguage":"es","@id":"https:\/\/thepueblatimes.mx\/#\/schema\/person\/image\/","url":"https:\/\/secure.gravatar.com\/avatar\/11be338693f243309532caad8f10c930?s=96&d=mm&r=g","contentUrl":"https:\/\/secure.gravatar.com\/avatar\/11be338693f243309532caad8f10c930?s=96&d=mm&r=g","caption":"Sa\u00fal Hern\u00e1ndez"},"url":"https:\/\/thepueblatimes.mx\/index.php\/author\/saulhernandez\/"}]}},"jetpack_featured_media_url":"https:\/\/thepueblatimes.mx\/wp-content\/uploads\/2025\/11\/Auditoria-superior-del-estado-de-puebla.webp","_links":{"self":[{"href":"https:\/\/thepueblatimes.mx\/index.php\/wp-json\/wp\/v2\/posts\/34149"}],"collection":[{"href":"https:\/\/thepueblatimes.mx\/index.php\/wp-json\/wp\/v2\/posts"}],"about":[{"href":"https:\/\/thepueblatimes.mx\/index.php\/wp-json\/wp\/v2\/types\/post"}],"author":[{"embeddable":true,"href":"https:\/\/thepueblatimes.mx\/index.php\/wp-json\/wp\/v2\/users\/16"}],"replies":[{"embeddable":true,"href":"https:\/\/thepueblatimes.mx\/index.php\/wp-json\/wp\/v2\/comments?post=34149"}],"version-history":[{"count":1,"href":"https:\/\/thepueblatimes.mx\/index.php\/wp-json\/wp\/v2\/posts\/34149\/revisions"}],"predecessor-version":[{"id":34151,"href":"https:\/\/thepueblatimes.mx\/index.php\/wp-json\/wp\/v2\/posts\/34149\/revisions\/34151"}],"wp:featuredmedia":[{"embeddable":true,"href":"https:\/\/thepueblatimes.mx\/index.php\/wp-json\/wp\/v2\/media\/34150"}],"wp:attachment":[{"href":"https:\/\/thepueblatimes.mx\/index.php\/wp-json\/wp\/v2\/media?parent=34149"}],"wp:term":[{"taxonomy":"category","embeddable":true,"href":"https:\/\/thepueblatimes.mx\/index.php\/wp-json\/wp\/v2\/categories?post=34149"},{"taxonomy":"post_tag","embeddable":true,"href":"https:\/\/thepueblatimes.mx\/index.php\/wp-json\/wp\/v2\/tags?post=34149"}],"curies":[{"name":"wp","href":"https:\/\/api.w.org\/{rel}","templated":true}]}}