{"id":34116,"date":"2025-11-05T16:46:39","date_gmt":"2025-11-05T22:46:39","guid":{"rendered":"https:\/\/thepueblatimes.mx\/?p=34116"},"modified":"2025-11-05T16:46:39","modified_gmt":"2025-11-05T22:46:39","slug":"localizan-sin-vida-a-profesor-de-la-udlap","status":"publish","type":"post","link":"https:\/\/thepueblatimes.mx\/index.php\/2025\/11\/05\/localizan-sin-vida-a-profesor-de-la-udlap\/","title":{"rendered":"Localizan sin vida a profesor de la UDLAP"},"content":{"rendered":"<p>El investigador y docente de psicolog\u00eda de la Universidad de las Am\u00e9ricas Puebla (UDLAP), Julio C\u00e9sar Penagos Corzo, fue encontrado sin vida en su domicilio, luego de alrededor de dos semanas de no conocer su paradero.<\/p>\n<p>La UDLAP hizo p\u00fablica la informaci\u00f3n sobre el hallazgo. Penagos Corzo fue sido reportado como desaparecido desde el pasado 24 de octubre de 2025, sin que se emitiera ficha de b\u00fasqueda por lo que s\u00f3lo se la trat\u00f3 de ubicar v\u00eda redes sociales.<\/p>\n<p>En Facebook se cre\u00f3 una p\u00e1gina con el nombre de \u201cTe Buscamos Julio Penagos\u201d, en la que se ped\u00eda proporcionar informaci\u00f3n an\u00f3nima para localizarlo.<\/p>\n<p>La UDLAP confirm\u00f3 que hab\u00eda sido localizado, desafortunadamente sin vida.<\/p>\n<p>En redes sociales la UDLAP escribi\u00f3:<br \/>\n\u201cLa Universidad de las Am\u00e9ricas Puebla y su comunidad universitaria lamentan el sensible fallecimiento del Dr. Julio C\u00e9sar Penagos Corzo, profesor del Departamento de Psicolog\u00eda en nuestra instituci\u00f3n (\u2026) Descanse en paz\u201d.<\/p>\n<p>En tanto de manera extraoficial trascendi\u00f3 que fue localizado sin vida en su domicilio, sin detalles sobre las eventuales causas de su deceso.<\/p>\n","protected":false},"excerpt":{"rendered":"<p>El investigador y docente de psicolog\u00eda de la Universidad de las Am\u00e9ricas Puebla (UDLAP), Julio C\u00e9sar Penagos Corzo, fue encontrado sin vida en su domicilio, luego de alrededor de dos semanas de no conocer su paradero. La UDLAP hizo p\u00fablica la informaci\u00f3n sobre el hallazgo. Penagos Corzo fue sido reportado como desaparecido desde el pasado&#8230;<\/p>\n","protected":false},"author":16,"featured_media":34134,"comment_status":"closed","ping_status":"closed","sticky":false,"template":"","format":"standard","meta":[],"categories":[121],"tags":[2967,180,4213,367],"yoast_head":"<!-- This site is optimized with the Yoast SEO plugin v20.8 - https:\/\/yoast.com\/wordpress\/plugins\/seo\/ -->\n<title>Localizan sin vida a profesor de la UDLAP - The Puebla Times<\/title>\n<meta name=\"robots\" content=\"index, follow, max-snippet:-1, max-image-preview:large, max-video-preview:-1\" \/>\n<link rel=\"canonical\" href=\"https:\/\/thepueblatimes.mx\/index.php\/2025\/11\/05\/localizan-sin-vida-a-profesor-de-la-udlap\/\" \/>\n<meta property=\"og:locale\" content=\"es_ES\" \/>\n<meta property=\"og:type\" content=\"article\" \/>\n<meta property=\"og:title\" content=\"Localizan sin vida a profesor de la UDLAP - The Puebla Times\" \/>\n<meta property=\"og:description\" content=\"El investigador y docente de psicolog\u00eda de la Universidad de las Am\u00e9ricas Puebla (UDLAP), Julio C\u00e9sar Penagos Corzo, fue encontrado sin vida en su domicilio, luego de alrededor de dos semanas de no conocer su paradero. La UDLAP hizo p\u00fablica la informaci\u00f3n sobre el hallazgo. Penagos Corzo fue sido reportado como desaparecido desde el pasado...\" \/>\n<meta property=\"og:url\" content=\"https:\/\/thepueblatimes.mx\/index.php\/2025\/11\/05\/localizan-sin-vida-a-profesor-de-la-udlap\/\" \/>\n<meta property=\"og:site_name\" content=\"The Puebla Times\" \/>\n<meta property=\"article:published_time\" content=\"2025-11-05T22:46:39+00:00\" \/>\n<meta property=\"og:image\" content=\"https:\/\/thepueblatimes.mx\/wp-content\/uploads\/2025\/11\/principal-academico-nominado-a-la-presidencia-de-la-Sociedad-Interamericana-de-Psicologia-UDLAP.jpg\" \/>\n\t<meta property=\"og:image:width\" content=\"580\" \/>\n\t<meta property=\"og:image:height\" content=\"386\" \/>\n\t<meta property=\"og:image:type\" content=\"image\/jpeg\" \/>\n<meta name=\"author\" content=\"Sa\u00fal Hern\u00e1ndez\" \/>\n<meta name=\"twitter:card\" content=\"summary_large_image\" \/>\n<meta name=\"twitter:label1\" content=\"Escrito por\" \/>\n\t<meta name=\"twitter:data1\" content=\"Sa\u00fal Hern\u00e1ndez\" \/>\n\t<meta name=\"twitter:label2\" content=\"Tiempo de lectura\" \/>\n\t<meta name=\"twitter:data2\" content=\"1 minuto\" \/>\n<script type=\"application\/ld+json\" class=\"yoast-schema-graph\">{\"@context\":\"https:\/\/schema.org\",\"@graph\":[{\"@type\":\"WebPage\",\"@id\":\"https:\/\/thepueblatimes.mx\/index.php\/2025\/11\/05\/localizan-sin-vida-a-profesor-de-la-udlap\/\",\"url\":\"https:\/\/thepueblatimes.mx\/index.php\/2025\/11\/05\/localizan-sin-vida-a-profesor-de-la-udlap\/\",\"name\":\"Localizan sin vida a profesor de la UDLAP - The Puebla Times\",\"isPartOf\":{\"@id\":\"https:\/\/thepueblatimes.mx\/#website\"},\"datePublished\":\"2025-11-05T22:46:39+00:00\",\"dateModified\":\"2025-11-05T22:46:39+00:00\",\"author\":{\"@id\":\"https:\/\/thepueblatimes.mx\/#\/schema\/person\/1664894c2f65ce2c7a08d8f5f905c13c\"},\"breadcrumb\":{\"@id\":\"https:\/\/thepueblatimes.mx\/index.php\/2025\/11\/05\/localizan-sin-vida-a-profesor-de-la-udlap\/#breadcrumb\"},\"inLanguage\":\"es\",\"potentialAction\":[{\"@type\":\"ReadAction\",\"target\":[\"https:\/\/thepueblatimes.mx\/index.php\/2025\/11\/05\/localizan-sin-vida-a-profesor-de-la-udlap\/\"]}]},{\"@type\":\"BreadcrumbList\",\"@id\":\"https:\/\/thepueblatimes.mx\/index.php\/2025\/11\/05\/localizan-sin-vida-a-profesor-de-la-udlap\/#breadcrumb\",\"itemListElement\":[{\"@type\":\"ListItem\",\"position\":1,\"name\":\"Portada\",\"item\":\"https:\/\/thepueblatimes.mx\/\"},{\"@type\":\"ListItem\",\"position\":2,\"name\":\"Localizan sin vida a profesor de la UDLAP\"}]},{\"@type\":\"WebSite\",\"@id\":\"https:\/\/thepueblatimes.mx\/#website\",\"url\":\"https:\/\/thepueblatimes.mx\/\",\"name\":\"The Puebla Times\",\"description\":\"Noticias del Estado de Puebla\",\"potentialAction\":[{\"@type\":\"SearchAction\",\"target\":{\"@type\":\"EntryPoint\",\"urlTemplate\":\"https:\/\/thepueblatimes.mx\/?s={search_term_string}\"},\"query-input\":\"required name=search_term_string\"}],\"inLanguage\":\"es\"},{\"@type\":\"Person\",\"@id\":\"https:\/\/thepueblatimes.mx\/#\/schema\/person\/1664894c2f65ce2c7a08d8f5f905c13c\",\"name\":\"Sa\u00fal Hern\u00e1ndez\",\"image\":{\"@type\":\"ImageObject\",\"inLanguage\":\"es\",\"@id\":\"https:\/\/thepueblatimes.mx\/#\/schema\/person\/image\/\",\"url\":\"https:\/\/secure.gravatar.com\/avatar\/11be338693f243309532caad8f10c930?s=96&d=mm&r=g\",\"contentUrl\":\"https:\/\/secure.gravatar.com\/avatar\/11be338693f243309532caad8f10c930?s=96&d=mm&r=g\",\"caption\":\"Sa\u00fal Hern\u00e1ndez\"},\"url\":\"https:\/\/thepueblatimes.mx\/index.php\/author\/saulhernandez\/\"}]}<\/script>\n<!-- \/ Yoast SEO plugin. -->","yoast_head_json":{"title":"Localizan sin vida a profesor de la UDLAP - The Puebla Times","robots":{"index":"index","follow":"follow","max-snippet":"max-snippet:-1","max-image-preview":"max-image-preview:large","max-video-preview":"max-video-preview:-1"},"canonical":"https:\/\/thepueblatimes.mx\/index.php\/2025\/11\/05\/localizan-sin-vida-a-profesor-de-la-udlap\/","og_locale":"es_ES","og_type":"article","og_title":"Localizan sin vida a profesor de la UDLAP - The Puebla Times","og_description":"El investigador y docente de psicolog\u00eda de la Universidad de las Am\u00e9ricas Puebla (UDLAP), Julio C\u00e9sar Penagos Corzo, fue encontrado sin vida en su domicilio, luego de alrededor de dos semanas de no conocer su paradero. La UDLAP hizo p\u00fablica la informaci\u00f3n sobre el hallazgo. Penagos Corzo fue sido reportado como desaparecido desde el pasado...","og_url":"https:\/\/thepueblatimes.mx\/index.php\/2025\/11\/05\/localizan-sin-vida-a-profesor-de-la-udlap\/","og_site_name":"The Puebla Times","article_published_time":"2025-11-05T22:46:39+00:00","og_image":[{"width":580,"height":386,"url":"https:\/\/thepueblatimes.mx\/wp-content\/uploads\/2025\/11\/principal-academico-nominado-a-la-presidencia-de-la-Sociedad-Interamericana-de-Psicologia-UDLAP.jpg","type":"image\/jpeg"}],"author":"Sa\u00fal Hern\u00e1ndez","twitter_card":"summary_large_image","twitter_misc":{"Escrito por":"Sa\u00fal Hern\u00e1ndez","Tiempo de lectura":"1 minuto"},"schema":{"@context":"https:\/\/schema.org","@graph":[{"@type":"WebPage","@id":"https:\/\/thepueblatimes.mx\/index.php\/2025\/11\/05\/localizan-sin-vida-a-profesor-de-la-udlap\/","url":"https:\/\/thepueblatimes.mx\/index.php\/2025\/11\/05\/localizan-sin-vida-a-profesor-de-la-udlap\/","name":"Localizan sin vida a profesor de la UDLAP - The Puebla Times","isPartOf":{"@id":"https:\/\/thepueblatimes.mx\/#website"},"datePublished":"2025-11-05T22:46:39+00:00","dateModified":"2025-11-05T22:46:39+00:00","author":{"@id":"https:\/\/thepueblatimes.mx\/#\/schema\/person\/1664894c2f65ce2c7a08d8f5f905c13c"},"breadcrumb":{"@id":"https:\/\/thepueblatimes.mx\/index.php\/2025\/11\/05\/localizan-sin-vida-a-profesor-de-la-udlap\/#breadcrumb"},"inLanguage":"es","potentialAction":[{"@type":"ReadAction","target":["https:\/\/thepueblatimes.mx\/index.php\/2025\/11\/05\/localizan-sin-vida-a-profesor-de-la-udlap\/"]}]},{"@type":"BreadcrumbList","@id":"https:\/\/thepueblatimes.mx\/index.php\/2025\/11\/05\/localizan-sin-vida-a-profesor-de-la-udlap\/#breadcrumb","itemListElement":[{"@type":"ListItem","position":1,"name":"Portada","item":"https:\/\/thepueblatimes.mx\/"},{"@type":"ListItem","position":2,"name":"Localizan sin vida a profesor de la UDLAP"}]},{"@type":"WebSite","@id":"https:\/\/thepueblatimes.mx\/#website","url":"https:\/\/thepueblatimes.mx\/","name":"The Puebla Times","description":"Noticias del Estado de Puebla","potentialAction":[{"@type":"SearchAction","target":{"@type":"EntryPoint","urlTemplate":"https:\/\/thepueblatimes.mx\/?s={search_term_string}"},"query-input":"required name=search_term_string"}],"inLanguage":"es"},{"@type":"Person","@id":"https:\/\/thepueblatimes.mx\/#\/schema\/person\/1664894c2f65ce2c7a08d8f5f905c13c","name":"Sa\u00fal Hern\u00e1ndez","image":{"@type":"ImageObject","inLanguage":"es","@id":"https:\/\/thepueblatimes.mx\/#\/schema\/person\/image\/","url":"https:\/\/secure.gravatar.com\/avatar\/11be338693f243309532caad8f10c930?s=96&d=mm&r=g","contentUrl":"https:\/\/secure.gravatar.com\/avatar\/11be338693f243309532caad8f10c930?s=96&d=mm&r=g","caption":"Sa\u00fal Hern\u00e1ndez"},"url":"https:\/\/thepueblatimes.mx\/index.php\/author\/saulhernandez\/"}]}},"jetpack_featured_media_url":"https:\/\/thepueblatimes.mx\/wp-content\/uploads\/2025\/11\/principal-academico-nominado-a-la-presidencia-de-la-Sociedad-Interamericana-de-Psicologia-UDLAP.jpg","_links":{"self":[{"href":"https:\/\/thepueblatimes.mx\/index.php\/wp-json\/wp\/v2\/posts\/34116"}],"collection":[{"href":"https:\/\/thepueblatimes.mx\/index.php\/wp-json\/wp\/v2\/posts"}],"about":[{"href":"https:\/\/thepueblatimes.mx\/index.php\/wp-json\/wp\/v2\/types\/post"}],"author":[{"embeddable":true,"href":"https:\/\/thepueblatimes.mx\/index.php\/wp-json\/wp\/v2\/users\/16"}],"replies":[{"embeddable":true,"href":"https:\/\/thepueblatimes.mx\/index.php\/wp-json\/wp\/v2\/comments?post=34116"}],"version-history":[{"count":1,"href":"https:\/\/thepueblatimes.mx\/index.php\/wp-json\/wp\/v2\/posts\/34116\/revisions"}],"predecessor-version":[{"id":34135,"href":"https:\/\/thepueblatimes.mx\/index.php\/wp-json\/wp\/v2\/posts\/34116\/revisions\/34135"}],"wp:featuredmedia":[{"embeddable":true,"href":"https:\/\/thepueblatimes.mx\/index.php\/wp-json\/wp\/v2\/media\/34134"}],"wp:attachment":[{"href":"https:\/\/thepueblatimes.mx\/index.php\/wp-json\/wp\/v2\/media?parent=34116"}],"wp:term":[{"taxonomy":"category","embeddable":true,"href":"https:\/\/thepueblatimes.mx\/index.php\/wp-json\/wp\/v2\/categories?post=34116"},{"taxonomy":"post_tag","embeddable":true,"href":"https:\/\/thepueblatimes.mx\/index.php\/wp-json\/wp\/v2\/tags?post=34116"}],"curies":[{"name":"wp","href":"https:\/\/api.w.org\/{rel}","templated":true}]}}