{"id":34110,"date":"2025-11-05T11:51:15","date_gmt":"2025-11-05T17:51:15","guid":{"rendered":"https:\/\/thepueblatimes.mx\/?p=34110"},"modified":"2025-11-05T11:51:15","modified_gmt":"2025-11-05T17:51:15","slug":"felix-pallares-descarta-amenazas-contra-pepe-chedraui","status":"publish","type":"post","link":"https:\/\/thepueblatimes.mx\/index.php\/2025\/11\/05\/felix-pallares-descarta-amenazas-contra-pepe-chedraui\/","title":{"rendered":"F\u00e9lix Pallares descarta amenazas contra Pepe Chedraui"},"content":{"rendered":"<p>El titular de la Secretar\u00eda de Seguridad Ciudadana (SSC) de Puebla, F\u00e9lix Pallares descart\u00f3 amenazas, por parte del crimen organizado contra el presidente municipal, Pepe Chedraui.<\/p>\n<p>En consecuencia, descarto la posibilidad de que se refuerce su seguridad.<\/p>\n<p>Lo anterior en el marco de las denuncias que realizaron a menos dos alcaldes de Puebla, de haber sido amenazados lo que los llev\u00f3 a pedir la protecci\u00f3n de la autoridad estatal.<\/p>\n<p>F\u00e9lix Pallares sostuvo que al momento no existe alg\u00fan tipo de alerta o indicio que ponga en riesgo al presidente municipal de Puebla.<\/p>\n<p>Refiri\u00f3 la capital estatal se trabaja con protocolos preventivos y coordinaci\u00f3n constante con la Secretar\u00eda de Seguridad P\u00fablica estatal y la Guardia Nacional, con el objetivo de mantener control en zonas con mayor incidencia delictiva.<\/p>\n","protected":false},"excerpt":{"rendered":"<p>El titular de la Secretar\u00eda de Seguridad Ciudadana (SSC) de Puebla, F\u00e9lix Pallares descart\u00f3 amenazas, por parte del crimen organizado contra el presidente municipal, Pepe Chedraui. En consecuencia, descarto la posibilidad de que se refuerce su seguridad. Lo anterior en el marco de las denuncias que realizaron a menos dos alcaldes de Puebla, de haber&#8230;<\/p>\n","protected":false},"author":16,"featured_media":34113,"comment_status":"closed","ping_status":"closed","sticky":false,"template":"","format":"standard","meta":[],"categories":[542],"tags":[2792,4212,1374,3314],"yoast_head":"<!-- This site is optimized with the Yoast SEO plugin v20.8 - https:\/\/yoast.com\/wordpress\/plugins\/seo\/ -->\n<title>F\u00e9lix Pallares descarta amenazas contra Pepe Chedraui - The Puebla Times<\/title>\n<meta name=\"robots\" content=\"index, follow, max-snippet:-1, max-image-preview:large, max-video-preview:-1\" \/>\n<link rel=\"canonical\" href=\"https:\/\/thepueblatimes.mx\/index.php\/2025\/11\/05\/felix-pallares-descarta-amenazas-contra-pepe-chedraui\/\" \/>\n<meta property=\"og:locale\" content=\"es_ES\" \/>\n<meta property=\"og:type\" content=\"article\" \/>\n<meta property=\"og:title\" content=\"F\u00e9lix Pallares descarta amenazas contra Pepe Chedraui - The Puebla Times\" \/>\n<meta property=\"og:description\" content=\"El titular de la Secretar\u00eda de Seguridad Ciudadana (SSC) de Puebla, F\u00e9lix Pallares descart\u00f3 amenazas, por parte del crimen organizado contra el presidente municipal, Pepe Chedraui. En consecuencia, descarto la posibilidad de que se refuerce su seguridad. Lo anterior en el marco de las denuncias que realizaron a menos dos alcaldes de Puebla, de haber...\" \/>\n<meta property=\"og:url\" content=\"https:\/\/thepueblatimes.mx\/index.php\/2025\/11\/05\/felix-pallares-descarta-amenazas-contra-pepe-chedraui\/\" \/>\n<meta property=\"og:site_name\" content=\"The Puebla Times\" \/>\n<meta property=\"article:published_time\" content=\"2025-11-05T17:51:15+00:00\" \/>\n<meta property=\"og:image\" content=\"https:\/\/thepueblatimes.mx\/wp-content\/uploads\/2025\/11\/Felix-Pallares-Miranda-1-1024x682-1.jpeg\" \/>\n\t<meta property=\"og:image:width\" content=\"1024\" \/>\n\t<meta property=\"og:image:height\" content=\"682\" \/>\n\t<meta property=\"og:image:type\" content=\"image\/jpeg\" \/>\n<meta name=\"author\" content=\"Sa\u00fal Hern\u00e1ndez\" \/>\n<meta name=\"twitter:card\" content=\"summary_large_image\" \/>\n<meta name=\"twitter:label1\" content=\"Escrito por\" \/>\n\t<meta name=\"twitter:data1\" content=\"Sa\u00fal Hern\u00e1ndez\" \/>\n\t<meta name=\"twitter:label2\" content=\"Tiempo de lectura\" \/>\n\t<meta name=\"twitter:data2\" content=\"1 minuto\" \/>\n<script type=\"application\/ld+json\" class=\"yoast-schema-graph\">{\"@context\":\"https:\/\/schema.org\",\"@graph\":[{\"@type\":\"WebPage\",\"@id\":\"https:\/\/thepueblatimes.mx\/index.php\/2025\/11\/05\/felix-pallares-descarta-amenazas-contra-pepe-chedraui\/\",\"url\":\"https:\/\/thepueblatimes.mx\/index.php\/2025\/11\/05\/felix-pallares-descarta-amenazas-contra-pepe-chedraui\/\",\"name\":\"F\u00e9lix Pallares descarta amenazas contra Pepe Chedraui - The Puebla Times\",\"isPartOf\":{\"@id\":\"https:\/\/thepueblatimes.mx\/#website\"},\"datePublished\":\"2025-11-05T17:51:15+00:00\",\"dateModified\":\"2025-11-05T17:51:15+00:00\",\"author\":{\"@id\":\"https:\/\/thepueblatimes.mx\/#\/schema\/person\/1664894c2f65ce2c7a08d8f5f905c13c\"},\"breadcrumb\":{\"@id\":\"https:\/\/thepueblatimes.mx\/index.php\/2025\/11\/05\/felix-pallares-descarta-amenazas-contra-pepe-chedraui\/#breadcrumb\"},\"inLanguage\":\"es\",\"potentialAction\":[{\"@type\":\"ReadAction\",\"target\":[\"https:\/\/thepueblatimes.mx\/index.php\/2025\/11\/05\/felix-pallares-descarta-amenazas-contra-pepe-chedraui\/\"]}]},{\"@type\":\"BreadcrumbList\",\"@id\":\"https:\/\/thepueblatimes.mx\/index.php\/2025\/11\/05\/felix-pallares-descarta-amenazas-contra-pepe-chedraui\/#breadcrumb\",\"itemListElement\":[{\"@type\":\"ListItem\",\"position\":1,\"name\":\"Portada\",\"item\":\"https:\/\/thepueblatimes.mx\/\"},{\"@type\":\"ListItem\",\"position\":2,\"name\":\"F\u00e9lix Pallares descarta amenazas contra Pepe Chedraui\"}]},{\"@type\":\"WebSite\",\"@id\":\"https:\/\/thepueblatimes.mx\/#website\",\"url\":\"https:\/\/thepueblatimes.mx\/\",\"name\":\"The Puebla Times\",\"description\":\"Noticias del Estado de Puebla\",\"potentialAction\":[{\"@type\":\"SearchAction\",\"target\":{\"@type\":\"EntryPoint\",\"urlTemplate\":\"https:\/\/thepueblatimes.mx\/?s={search_term_string}\"},\"query-input\":\"required name=search_term_string\"}],\"inLanguage\":\"es\"},{\"@type\":\"Person\",\"@id\":\"https:\/\/thepueblatimes.mx\/#\/schema\/person\/1664894c2f65ce2c7a08d8f5f905c13c\",\"name\":\"Sa\u00fal Hern\u00e1ndez\",\"image\":{\"@type\":\"ImageObject\",\"inLanguage\":\"es\",\"@id\":\"https:\/\/thepueblatimes.mx\/#\/schema\/person\/image\/\",\"url\":\"https:\/\/secure.gravatar.com\/avatar\/11be338693f243309532caad8f10c930?s=96&d=mm&r=g\",\"contentUrl\":\"https:\/\/secure.gravatar.com\/avatar\/11be338693f243309532caad8f10c930?s=96&d=mm&r=g\",\"caption\":\"Sa\u00fal Hern\u00e1ndez\"},\"url\":\"https:\/\/thepueblatimes.mx\/index.php\/author\/saulhernandez\/\"}]}<\/script>\n<!-- \/ Yoast SEO plugin. -->","yoast_head_json":{"title":"F\u00e9lix Pallares descarta amenazas contra Pepe Chedraui - The Puebla Times","robots":{"index":"index","follow":"follow","max-snippet":"max-snippet:-1","max-image-preview":"max-image-preview:large","max-video-preview":"max-video-preview:-1"},"canonical":"https:\/\/thepueblatimes.mx\/index.php\/2025\/11\/05\/felix-pallares-descarta-amenazas-contra-pepe-chedraui\/","og_locale":"es_ES","og_type":"article","og_title":"F\u00e9lix Pallares descarta amenazas contra Pepe Chedraui - The Puebla Times","og_description":"El titular de la Secretar\u00eda de Seguridad Ciudadana (SSC) de Puebla, F\u00e9lix Pallares descart\u00f3 amenazas, por parte del crimen organizado contra el presidente municipal, Pepe Chedraui. En consecuencia, descarto la posibilidad de que se refuerce su seguridad. Lo anterior en el marco de las denuncias que realizaron a menos dos alcaldes de Puebla, de haber...","og_url":"https:\/\/thepueblatimes.mx\/index.php\/2025\/11\/05\/felix-pallares-descarta-amenazas-contra-pepe-chedraui\/","og_site_name":"The Puebla Times","article_published_time":"2025-11-05T17:51:15+00:00","og_image":[{"width":1024,"height":682,"url":"https:\/\/thepueblatimes.mx\/wp-content\/uploads\/2025\/11\/Felix-Pallares-Miranda-1-1024x682-1.jpeg","type":"image\/jpeg"}],"author":"Sa\u00fal Hern\u00e1ndez","twitter_card":"summary_large_image","twitter_misc":{"Escrito por":"Sa\u00fal Hern\u00e1ndez","Tiempo de lectura":"1 minuto"},"schema":{"@context":"https:\/\/schema.org","@graph":[{"@type":"WebPage","@id":"https:\/\/thepueblatimes.mx\/index.php\/2025\/11\/05\/felix-pallares-descarta-amenazas-contra-pepe-chedraui\/","url":"https:\/\/thepueblatimes.mx\/index.php\/2025\/11\/05\/felix-pallares-descarta-amenazas-contra-pepe-chedraui\/","name":"F\u00e9lix Pallares descarta amenazas contra Pepe Chedraui - The Puebla Times","isPartOf":{"@id":"https:\/\/thepueblatimes.mx\/#website"},"datePublished":"2025-11-05T17:51:15+00:00","dateModified":"2025-11-05T17:51:15+00:00","author":{"@id":"https:\/\/thepueblatimes.mx\/#\/schema\/person\/1664894c2f65ce2c7a08d8f5f905c13c"},"breadcrumb":{"@id":"https:\/\/thepueblatimes.mx\/index.php\/2025\/11\/05\/felix-pallares-descarta-amenazas-contra-pepe-chedraui\/#breadcrumb"},"inLanguage":"es","potentialAction":[{"@type":"ReadAction","target":["https:\/\/thepueblatimes.mx\/index.php\/2025\/11\/05\/felix-pallares-descarta-amenazas-contra-pepe-chedraui\/"]}]},{"@type":"BreadcrumbList","@id":"https:\/\/thepueblatimes.mx\/index.php\/2025\/11\/05\/felix-pallares-descarta-amenazas-contra-pepe-chedraui\/#breadcrumb","itemListElement":[{"@type":"ListItem","position":1,"name":"Portada","item":"https:\/\/thepueblatimes.mx\/"},{"@type":"ListItem","position":2,"name":"F\u00e9lix Pallares descarta amenazas contra Pepe Chedraui"}]},{"@type":"WebSite","@id":"https:\/\/thepueblatimes.mx\/#website","url":"https:\/\/thepueblatimes.mx\/","name":"The Puebla Times","description":"Noticias del Estado de Puebla","potentialAction":[{"@type":"SearchAction","target":{"@type":"EntryPoint","urlTemplate":"https:\/\/thepueblatimes.mx\/?s={search_term_string}"},"query-input":"required name=search_term_string"}],"inLanguage":"es"},{"@type":"Person","@id":"https:\/\/thepueblatimes.mx\/#\/schema\/person\/1664894c2f65ce2c7a08d8f5f905c13c","name":"Sa\u00fal Hern\u00e1ndez","image":{"@type":"ImageObject","inLanguage":"es","@id":"https:\/\/thepueblatimes.mx\/#\/schema\/person\/image\/","url":"https:\/\/secure.gravatar.com\/avatar\/11be338693f243309532caad8f10c930?s=96&d=mm&r=g","contentUrl":"https:\/\/secure.gravatar.com\/avatar\/11be338693f243309532caad8f10c930?s=96&d=mm&r=g","caption":"Sa\u00fal Hern\u00e1ndez"},"url":"https:\/\/thepueblatimes.mx\/index.php\/author\/saulhernandez\/"}]}},"jetpack_featured_media_url":"https:\/\/thepueblatimes.mx\/wp-content\/uploads\/2025\/11\/Felix-Pallares-Miranda-1-1024x682-1.jpeg","_links":{"self":[{"href":"https:\/\/thepueblatimes.mx\/index.php\/wp-json\/wp\/v2\/posts\/34110"}],"collection":[{"href":"https:\/\/thepueblatimes.mx\/index.php\/wp-json\/wp\/v2\/posts"}],"about":[{"href":"https:\/\/thepueblatimes.mx\/index.php\/wp-json\/wp\/v2\/types\/post"}],"author":[{"embeddable":true,"href":"https:\/\/thepueblatimes.mx\/index.php\/wp-json\/wp\/v2\/users\/16"}],"replies":[{"embeddable":true,"href":"https:\/\/thepueblatimes.mx\/index.php\/wp-json\/wp\/v2\/comments?post=34110"}],"version-history":[{"count":2,"href":"https:\/\/thepueblatimes.mx\/index.php\/wp-json\/wp\/v2\/posts\/34110\/revisions"}],"predecessor-version":[{"id":34115,"href":"https:\/\/thepueblatimes.mx\/index.php\/wp-json\/wp\/v2\/posts\/34110\/revisions\/34115"}],"wp:featuredmedia":[{"embeddable":true,"href":"https:\/\/thepueblatimes.mx\/index.php\/wp-json\/wp\/v2\/media\/34113"}],"wp:attachment":[{"href":"https:\/\/thepueblatimes.mx\/index.php\/wp-json\/wp\/v2\/media?parent=34110"}],"wp:term":[{"taxonomy":"category","embeddable":true,"href":"https:\/\/thepueblatimes.mx\/index.php\/wp-json\/wp\/v2\/categories?post=34110"},{"taxonomy":"post_tag","embeddable":true,"href":"https:\/\/thepueblatimes.mx\/index.php\/wp-json\/wp\/v2\/tags?post=34110"}],"curies":[{"name":"wp","href":"https:\/\/api.w.org\/{rel}","templated":true}]}}