{"id":34092,"date":"2025-11-04T16:58:47","date_gmt":"2025-11-04T22:58:47","guid":{"rendered":"https:\/\/thepueblatimes.mx\/?p=34092"},"modified":"2025-11-04T16:58:47","modified_gmt":"2025-11-04T22:58:47","slug":"ediles-poblanos-denuncian-amenazas-del-crimen-organizado-piden-proteccion","status":"publish","type":"post","link":"https:\/\/thepueblatimes.mx\/index.php\/2025\/11\/04\/ediles-poblanos-denuncian-amenazas-del-crimen-organizado-piden-proteccion\/","title":{"rendered":"Ediles poblanos denuncian amenazas del crimen organizado; Piden protecci\u00f3n"},"content":{"rendered":"<p>Los presidentes municipales de Huixcolotla y Eloxochitl\u00e1n solicitaron protecci\u00f3n al denunciar que recibieron amenazas del crimen organizado, lo que derivo en el despliegue de un operativo especial por parte de la autoridad estatal.<\/p>\n<p>Los ediles de Huixcolotla, Manuel Alejandro Porras Valentino, y de Eloxochitl\u00e1n, Delfino Hern\u00e1ndez Hern\u00e1ndez, solicitaron a la Secretar\u00eda de Gobernaci\u00f3n ayuda para reforzar la seguridad y tomar medidas preventivas ante cualquier tipo de agresi\u00f3n.<\/p>\n<p>El secretario de Gobernaci\u00f3n, Samuel Aguilar Pala,refiri\u00f3 que se despleg\u00f3 un operativo con el fin de proteger la integridad tanto de las autoridades municipales como de la poblaci\u00f3n.<\/p>\n<p>Refiri\u00f3 \u201cse han visto amenazados los presidentes municipales de Huixcolotla y Eloxochitl\u00e1n. Hemos atendido su petici\u00f3n personal; ya en la mesa de seguridad se abord\u00f3 el tema y se tomar\u00e1n cartas en el asunto para atender estos casos\u201d.<\/p>\n<p>En el operativo participan la Secretar\u00eda de Seguridad P\u00fablica (SSP), la Guardia Nacional y la Secretar\u00eda de la Defensa Nacional (SEDENA); se realizan patrullajes, filtros de revisi\u00f3n, recorridos preventivos y labores de inteligencia.<\/p>\n<p>Aguilar Pala destac\u00f3 que se mantiene comunicaci\u00f3n permanente con los Ayuntamientos y les ha ofrecido acompa\u00f1amiento jur\u00eddico, operativo y log\u00edstico.<\/p>\n","protected":false},"excerpt":{"rendered":"<p>Los presidentes municipales de Huixcolotla y Eloxochitl\u00e1n solicitaron protecci\u00f3n al denunciar que recibieron amenazas del crimen organizado, lo que derivo en el despliegue de un operativo especial por parte de la autoridad estatal. Los ediles de Huixcolotla, Manuel Alejandro Porras Valentino, y de Eloxochitl\u00e1n, Delfino Hern\u00e1ndez Hern\u00e1ndez, solicitaron a la Secretar\u00eda de Gobernaci\u00f3n ayuda para&#8230;<\/p>\n","protected":false},"author":16,"featured_media":34093,"comment_status":"closed","ping_status":"closed","sticky":false,"template":"","format":"standard","meta":[],"categories":[121],"tags":[2276,2792,2156,260],"yoast_head":"<!-- This site is optimized with the Yoast SEO plugin v20.8 - https:\/\/yoast.com\/wordpress\/plugins\/seo\/ -->\n<title>Ediles poblanos denuncian amenazas del crimen organizado; Piden protecci\u00f3n - The Puebla Times<\/title>\n<meta name=\"robots\" content=\"index, follow, max-snippet:-1, max-image-preview:large, max-video-preview:-1\" \/>\n<link rel=\"canonical\" href=\"https:\/\/thepueblatimes.mx\/index.php\/2025\/11\/04\/ediles-poblanos-denuncian-amenazas-del-crimen-organizado-piden-proteccion\/\" \/>\n<meta property=\"og:locale\" content=\"es_ES\" \/>\n<meta property=\"og:type\" content=\"article\" \/>\n<meta property=\"og:title\" content=\"Ediles poblanos denuncian amenazas del crimen organizado; Piden protecci\u00f3n - The Puebla Times\" \/>\n<meta property=\"og:description\" content=\"Los presidentes municipales de Huixcolotla y Eloxochitl\u00e1n solicitaron protecci\u00f3n al denunciar que recibieron amenazas del crimen organizado, lo que derivo en el despliegue de un operativo especial por parte de la autoridad estatal. Los ediles de Huixcolotla, Manuel Alejandro Porras Valentino, y de Eloxochitl\u00e1n, Delfino Hern\u00e1ndez Hern\u00e1ndez, solicitaron a la Secretar\u00eda de Gobernaci\u00f3n ayuda para...\" \/>\n<meta property=\"og:url\" content=\"https:\/\/thepueblatimes.mx\/index.php\/2025\/11\/04\/ediles-poblanos-denuncian-amenazas-del-crimen-organizado-piden-proteccion\/\" \/>\n<meta property=\"og:site_name\" content=\"The Puebla Times\" \/>\n<meta property=\"article:published_time\" content=\"2025-11-04T22:58:47+00:00\" \/>\n<meta property=\"og:image\" content=\"https:\/\/thepueblatimes.mx\/wp-content\/uploads\/2025\/11\/img_4916-860x521-1.jpg\" \/>\n\t<meta property=\"og:image:width\" content=\"860\" \/>\n\t<meta property=\"og:image:height\" content=\"521\" \/>\n\t<meta property=\"og:image:type\" content=\"image\/jpeg\" \/>\n<meta name=\"author\" content=\"Sa\u00fal Hern\u00e1ndez\" \/>\n<meta name=\"twitter:card\" content=\"summary_large_image\" \/>\n<meta name=\"twitter:label1\" content=\"Escrito por\" \/>\n\t<meta name=\"twitter:data1\" content=\"Sa\u00fal Hern\u00e1ndez\" \/>\n\t<meta name=\"twitter:label2\" content=\"Tiempo de lectura\" \/>\n\t<meta name=\"twitter:data2\" content=\"1 minuto\" \/>\n<script type=\"application\/ld+json\" class=\"yoast-schema-graph\">{\"@context\":\"https:\/\/schema.org\",\"@graph\":[{\"@type\":\"WebPage\",\"@id\":\"https:\/\/thepueblatimes.mx\/index.php\/2025\/11\/04\/ediles-poblanos-denuncian-amenazas-del-crimen-organizado-piden-proteccion\/\",\"url\":\"https:\/\/thepueblatimes.mx\/index.php\/2025\/11\/04\/ediles-poblanos-denuncian-amenazas-del-crimen-organizado-piden-proteccion\/\",\"name\":\"Ediles poblanos denuncian amenazas del crimen organizado; Piden protecci\u00f3n - The Puebla Times\",\"isPartOf\":{\"@id\":\"https:\/\/thepueblatimes.mx\/#website\"},\"datePublished\":\"2025-11-04T22:58:47+00:00\",\"dateModified\":\"2025-11-04T22:58:47+00:00\",\"author\":{\"@id\":\"https:\/\/thepueblatimes.mx\/#\/schema\/person\/1664894c2f65ce2c7a08d8f5f905c13c\"},\"breadcrumb\":{\"@id\":\"https:\/\/thepueblatimes.mx\/index.php\/2025\/11\/04\/ediles-poblanos-denuncian-amenazas-del-crimen-organizado-piden-proteccion\/#breadcrumb\"},\"inLanguage\":\"es\",\"potentialAction\":[{\"@type\":\"ReadAction\",\"target\":[\"https:\/\/thepueblatimes.mx\/index.php\/2025\/11\/04\/ediles-poblanos-denuncian-amenazas-del-crimen-organizado-piden-proteccion\/\"]}]},{\"@type\":\"BreadcrumbList\",\"@id\":\"https:\/\/thepueblatimes.mx\/index.php\/2025\/11\/04\/ediles-poblanos-denuncian-amenazas-del-crimen-organizado-piden-proteccion\/#breadcrumb\",\"itemListElement\":[{\"@type\":\"ListItem\",\"position\":1,\"name\":\"Portada\",\"item\":\"https:\/\/thepueblatimes.mx\/\"},{\"@type\":\"ListItem\",\"position\":2,\"name\":\"Ediles poblanos denuncian amenazas del crimen organizado; Piden protecci\u00f3n\"}]},{\"@type\":\"WebSite\",\"@id\":\"https:\/\/thepueblatimes.mx\/#website\",\"url\":\"https:\/\/thepueblatimes.mx\/\",\"name\":\"The Puebla Times\",\"description\":\"Noticias del Estado de Puebla\",\"potentialAction\":[{\"@type\":\"SearchAction\",\"target\":{\"@type\":\"EntryPoint\",\"urlTemplate\":\"https:\/\/thepueblatimes.mx\/?s={search_term_string}\"},\"query-input\":\"required name=search_term_string\"}],\"inLanguage\":\"es\"},{\"@type\":\"Person\",\"@id\":\"https:\/\/thepueblatimes.mx\/#\/schema\/person\/1664894c2f65ce2c7a08d8f5f905c13c\",\"name\":\"Sa\u00fal Hern\u00e1ndez\",\"image\":{\"@type\":\"ImageObject\",\"inLanguage\":\"es\",\"@id\":\"https:\/\/thepueblatimes.mx\/#\/schema\/person\/image\/\",\"url\":\"https:\/\/secure.gravatar.com\/avatar\/11be338693f243309532caad8f10c930?s=96&d=mm&r=g\",\"contentUrl\":\"https:\/\/secure.gravatar.com\/avatar\/11be338693f243309532caad8f10c930?s=96&d=mm&r=g\",\"caption\":\"Sa\u00fal Hern\u00e1ndez\"},\"url\":\"https:\/\/thepueblatimes.mx\/index.php\/author\/saulhernandez\/\"}]}<\/script>\n<!-- \/ Yoast SEO plugin. -->","yoast_head_json":{"title":"Ediles poblanos denuncian amenazas del crimen organizado; Piden protecci\u00f3n - The Puebla Times","robots":{"index":"index","follow":"follow","max-snippet":"max-snippet:-1","max-image-preview":"max-image-preview:large","max-video-preview":"max-video-preview:-1"},"canonical":"https:\/\/thepueblatimes.mx\/index.php\/2025\/11\/04\/ediles-poblanos-denuncian-amenazas-del-crimen-organizado-piden-proteccion\/","og_locale":"es_ES","og_type":"article","og_title":"Ediles poblanos denuncian amenazas del crimen organizado; Piden protecci\u00f3n - The Puebla Times","og_description":"Los presidentes municipales de Huixcolotla y Eloxochitl\u00e1n solicitaron protecci\u00f3n al denunciar que recibieron amenazas del crimen organizado, lo que derivo en el despliegue de un operativo especial por parte de la autoridad estatal. Los ediles de Huixcolotla, Manuel Alejandro Porras Valentino, y de Eloxochitl\u00e1n, Delfino Hern\u00e1ndez Hern\u00e1ndez, solicitaron a la Secretar\u00eda de Gobernaci\u00f3n ayuda para...","og_url":"https:\/\/thepueblatimes.mx\/index.php\/2025\/11\/04\/ediles-poblanos-denuncian-amenazas-del-crimen-organizado-piden-proteccion\/","og_site_name":"The Puebla Times","article_published_time":"2025-11-04T22:58:47+00:00","og_image":[{"width":860,"height":521,"url":"https:\/\/thepueblatimes.mx\/wp-content\/uploads\/2025\/11\/img_4916-860x521-1.jpg","type":"image\/jpeg"}],"author":"Sa\u00fal Hern\u00e1ndez","twitter_card":"summary_large_image","twitter_misc":{"Escrito por":"Sa\u00fal Hern\u00e1ndez","Tiempo de lectura":"1 minuto"},"schema":{"@context":"https:\/\/schema.org","@graph":[{"@type":"WebPage","@id":"https:\/\/thepueblatimes.mx\/index.php\/2025\/11\/04\/ediles-poblanos-denuncian-amenazas-del-crimen-organizado-piden-proteccion\/","url":"https:\/\/thepueblatimes.mx\/index.php\/2025\/11\/04\/ediles-poblanos-denuncian-amenazas-del-crimen-organizado-piden-proteccion\/","name":"Ediles poblanos denuncian amenazas del crimen organizado; Piden protecci\u00f3n - The Puebla Times","isPartOf":{"@id":"https:\/\/thepueblatimes.mx\/#website"},"datePublished":"2025-11-04T22:58:47+00:00","dateModified":"2025-11-04T22:58:47+00:00","author":{"@id":"https:\/\/thepueblatimes.mx\/#\/schema\/person\/1664894c2f65ce2c7a08d8f5f905c13c"},"breadcrumb":{"@id":"https:\/\/thepueblatimes.mx\/index.php\/2025\/11\/04\/ediles-poblanos-denuncian-amenazas-del-crimen-organizado-piden-proteccion\/#breadcrumb"},"inLanguage":"es","potentialAction":[{"@type":"ReadAction","target":["https:\/\/thepueblatimes.mx\/index.php\/2025\/11\/04\/ediles-poblanos-denuncian-amenazas-del-crimen-organizado-piden-proteccion\/"]}]},{"@type":"BreadcrumbList","@id":"https:\/\/thepueblatimes.mx\/index.php\/2025\/11\/04\/ediles-poblanos-denuncian-amenazas-del-crimen-organizado-piden-proteccion\/#breadcrumb","itemListElement":[{"@type":"ListItem","position":1,"name":"Portada","item":"https:\/\/thepueblatimes.mx\/"},{"@type":"ListItem","position":2,"name":"Ediles poblanos denuncian amenazas del crimen organizado; Piden protecci\u00f3n"}]},{"@type":"WebSite","@id":"https:\/\/thepueblatimes.mx\/#website","url":"https:\/\/thepueblatimes.mx\/","name":"The Puebla Times","description":"Noticias del Estado de Puebla","potentialAction":[{"@type":"SearchAction","target":{"@type":"EntryPoint","urlTemplate":"https:\/\/thepueblatimes.mx\/?s={search_term_string}"},"query-input":"required name=search_term_string"}],"inLanguage":"es"},{"@type":"Person","@id":"https:\/\/thepueblatimes.mx\/#\/schema\/person\/1664894c2f65ce2c7a08d8f5f905c13c","name":"Sa\u00fal Hern\u00e1ndez","image":{"@type":"ImageObject","inLanguage":"es","@id":"https:\/\/thepueblatimes.mx\/#\/schema\/person\/image\/","url":"https:\/\/secure.gravatar.com\/avatar\/11be338693f243309532caad8f10c930?s=96&d=mm&r=g","contentUrl":"https:\/\/secure.gravatar.com\/avatar\/11be338693f243309532caad8f10c930?s=96&d=mm&r=g","caption":"Sa\u00fal Hern\u00e1ndez"},"url":"https:\/\/thepueblatimes.mx\/index.php\/author\/saulhernandez\/"}]}},"jetpack_featured_media_url":"https:\/\/thepueblatimes.mx\/wp-content\/uploads\/2025\/11\/img_4916-860x521-1.jpg","_links":{"self":[{"href":"https:\/\/thepueblatimes.mx\/index.php\/wp-json\/wp\/v2\/posts\/34092"}],"collection":[{"href":"https:\/\/thepueblatimes.mx\/index.php\/wp-json\/wp\/v2\/posts"}],"about":[{"href":"https:\/\/thepueblatimes.mx\/index.php\/wp-json\/wp\/v2\/types\/post"}],"author":[{"embeddable":true,"href":"https:\/\/thepueblatimes.mx\/index.php\/wp-json\/wp\/v2\/users\/16"}],"replies":[{"embeddable":true,"href":"https:\/\/thepueblatimes.mx\/index.php\/wp-json\/wp\/v2\/comments?post=34092"}],"version-history":[{"count":1,"href":"https:\/\/thepueblatimes.mx\/index.php\/wp-json\/wp\/v2\/posts\/34092\/revisions"}],"predecessor-version":[{"id":34094,"href":"https:\/\/thepueblatimes.mx\/index.php\/wp-json\/wp\/v2\/posts\/34092\/revisions\/34094"}],"wp:featuredmedia":[{"embeddable":true,"href":"https:\/\/thepueblatimes.mx\/index.php\/wp-json\/wp\/v2\/media\/34093"}],"wp:attachment":[{"href":"https:\/\/thepueblatimes.mx\/index.php\/wp-json\/wp\/v2\/media?parent=34092"}],"wp:term":[{"taxonomy":"category","embeddable":true,"href":"https:\/\/thepueblatimes.mx\/index.php\/wp-json\/wp\/v2\/categories?post=34092"},{"taxonomy":"post_tag","embeddable":true,"href":"https:\/\/thepueblatimes.mx\/index.php\/wp-json\/wp\/v2\/tags?post=34092"}],"curies":[{"name":"wp","href":"https:\/\/api.w.org\/{rel}","templated":true}]}}