{"id":34038,"date":"2025-10-31T12:57:27","date_gmt":"2025-10-31T18:57:27","guid":{"rendered":"https:\/\/thepueblatimes.mx\/?p=34038"},"modified":"2025-10-31T12:57:27","modified_gmt":"2025-10-31T18:57:27","slug":"pavel-gaspar-se-suma-a-investigacion-a-fondo-en-el-caso-de-banco-accendo","status":"publish","type":"post","link":"https:\/\/thepueblatimes.mx\/index.php\/2025\/10\/31\/pavel-gaspar-se-suma-a-investigacion-a-fondo-en-el-caso-de-banco-accendo\/","title":{"rendered":"P\u00e1vel Gaspar se suma a investigaci\u00f3n a fondo en el caso de Banco Accendo"},"content":{"rendered":"<p>El presidente de la Junta de Gobierno y Coordinaci\u00f3n Pol\u00edtica del Congreso poblano, P\u00e1vel Gaspar Ram\u00edrez manifest\u00f3 que las sanciones impuestas a la ex secretaria de Finanzas, Mar\u00eda Teresa Castro Corro, deben cumplirse \u201chasta sus \u00faltimas consecuencias\u201d.<\/p>\n<p>Agreg\u00f3 que la inhabilitaci\u00f3n por 20 a\u00f1os y la multa por 362.9 mdp impuestos a la ex funcionaria no son un tema de colores partidistas sino de cumplimiento de la ley.<\/p>\n<p>Expres\u00f3 \u201cno es tema de colores, sino que la persona que no cumpla con la ley deber\u00e1 ser sancionada. \u201c<\/p>\n<p>Con ello respald\u00f3 la postura de los diputados de Morena que pidieron que las investigaciones lleguen hasta las \u00faltimas consecuencias.<\/p>\n<p>En este sentido, aval\u00f3 la sanci\u00f3n dictada ante las irregularidades detectadas, por el desfalco de m\u00e1s de 600 millones de pesos en Accendo Banco durante la gesti\u00f3n de Miguel Barbosa Huerta.<\/p>\n","protected":false},"excerpt":{"rendered":"<p>El presidente de la Junta de Gobierno y Coordinaci\u00f3n Pol\u00edtica del Congreso poblano, P\u00e1vel Gaspar Ram\u00edrez manifest\u00f3 que las sanciones impuestas a la ex secretaria de Finanzas, Mar\u00eda Teresa Castro Corro, deben cumplirse \u201chasta sus \u00faltimas consecuencias\u201d. Agreg\u00f3 que la inhabilitaci\u00f3n por 20 a\u00f1os y la multa por 362.9 mdp impuestos a la ex funcionaria&#8230;<\/p>\n","protected":false},"author":16,"featured_media":34039,"comment_status":"closed","ping_status":"closed","sticky":false,"template":"","format":"standard","meta":[],"categories":[542],"tags":[1333,234,2226,4126],"yoast_head":"<!-- This site is optimized with the Yoast SEO plugin v20.8 - https:\/\/yoast.com\/wordpress\/plugins\/seo\/ -->\n<title>P\u00e1vel Gaspar se suma a investigaci\u00f3n a fondo en el caso de Banco Accendo - The Puebla Times<\/title>\n<meta name=\"robots\" content=\"index, follow, max-snippet:-1, max-image-preview:large, max-video-preview:-1\" \/>\n<link rel=\"canonical\" href=\"https:\/\/thepueblatimes.mx\/index.php\/2025\/10\/31\/pavel-gaspar-se-suma-a-investigacion-a-fondo-en-el-caso-de-banco-accendo\/\" \/>\n<meta property=\"og:locale\" content=\"es_ES\" \/>\n<meta property=\"og:type\" content=\"article\" \/>\n<meta property=\"og:title\" content=\"P\u00e1vel Gaspar se suma a investigaci\u00f3n a fondo en el caso de Banco Accendo - The Puebla Times\" \/>\n<meta property=\"og:description\" content=\"El presidente de la Junta de Gobierno y Coordinaci\u00f3n Pol\u00edtica del Congreso poblano, P\u00e1vel Gaspar Ram\u00edrez manifest\u00f3 que las sanciones impuestas a la ex secretaria de Finanzas, Mar\u00eda Teresa Castro Corro, deben cumplirse \u201chasta sus \u00faltimas consecuencias\u201d. Agreg\u00f3 que la inhabilitaci\u00f3n por 20 a\u00f1os y la multa por 362.9 mdp impuestos a la ex funcionaria...\" \/>\n<meta property=\"og:url\" content=\"https:\/\/thepueblatimes.mx\/index.php\/2025\/10\/31\/pavel-gaspar-se-suma-a-investigacion-a-fondo-en-el-caso-de-banco-accendo\/\" \/>\n<meta property=\"og:site_name\" content=\"The Puebla Times\" \/>\n<meta property=\"article:published_time\" content=\"2025-10-31T18:57:27+00:00\" \/>\n<meta property=\"og:image\" content=\"https:\/\/thepueblatimes.mx\/wp-content\/uploads\/2025\/10\/Soy-conciliador-y-con-apertura-al-dialogo-Pavel-Gaspar.jpg\" \/>\n\t<meta property=\"og:image:width\" content=\"960\" \/>\n\t<meta property=\"og:image:height\" content=\"600\" \/>\n\t<meta property=\"og:image:type\" content=\"image\/jpeg\" \/>\n<meta name=\"author\" content=\"Sa\u00fal Hern\u00e1ndez\" \/>\n<meta name=\"twitter:card\" content=\"summary_large_image\" \/>\n<meta name=\"twitter:label1\" content=\"Escrito por\" \/>\n\t<meta name=\"twitter:data1\" content=\"Sa\u00fal Hern\u00e1ndez\" \/>\n\t<meta name=\"twitter:label2\" content=\"Tiempo de lectura\" \/>\n\t<meta name=\"twitter:data2\" content=\"1 minuto\" \/>\n<script type=\"application\/ld+json\" class=\"yoast-schema-graph\">{\"@context\":\"https:\/\/schema.org\",\"@graph\":[{\"@type\":\"WebPage\",\"@id\":\"https:\/\/thepueblatimes.mx\/index.php\/2025\/10\/31\/pavel-gaspar-se-suma-a-investigacion-a-fondo-en-el-caso-de-banco-accendo\/\",\"url\":\"https:\/\/thepueblatimes.mx\/index.php\/2025\/10\/31\/pavel-gaspar-se-suma-a-investigacion-a-fondo-en-el-caso-de-banco-accendo\/\",\"name\":\"P\u00e1vel Gaspar se suma a investigaci\u00f3n a fondo en el caso de Banco Accendo - The Puebla Times\",\"isPartOf\":{\"@id\":\"https:\/\/thepueblatimes.mx\/#website\"},\"datePublished\":\"2025-10-31T18:57:27+00:00\",\"dateModified\":\"2025-10-31T18:57:27+00:00\",\"author\":{\"@id\":\"https:\/\/thepueblatimes.mx\/#\/schema\/person\/1664894c2f65ce2c7a08d8f5f905c13c\"},\"breadcrumb\":{\"@id\":\"https:\/\/thepueblatimes.mx\/index.php\/2025\/10\/31\/pavel-gaspar-se-suma-a-investigacion-a-fondo-en-el-caso-de-banco-accendo\/#breadcrumb\"},\"inLanguage\":\"es\",\"potentialAction\":[{\"@type\":\"ReadAction\",\"target\":[\"https:\/\/thepueblatimes.mx\/index.php\/2025\/10\/31\/pavel-gaspar-se-suma-a-investigacion-a-fondo-en-el-caso-de-banco-accendo\/\"]}]},{\"@type\":\"BreadcrumbList\",\"@id\":\"https:\/\/thepueblatimes.mx\/index.php\/2025\/10\/31\/pavel-gaspar-se-suma-a-investigacion-a-fondo-en-el-caso-de-banco-accendo\/#breadcrumb\",\"itemListElement\":[{\"@type\":\"ListItem\",\"position\":1,\"name\":\"Portada\",\"item\":\"https:\/\/thepueblatimes.mx\/\"},{\"@type\":\"ListItem\",\"position\":2,\"name\":\"P\u00e1vel Gaspar se suma a investigaci\u00f3n a fondo en el caso de Banco Accendo\"}]},{\"@type\":\"WebSite\",\"@id\":\"https:\/\/thepueblatimes.mx\/#website\",\"url\":\"https:\/\/thepueblatimes.mx\/\",\"name\":\"The Puebla Times\",\"description\":\"Noticias del Estado de Puebla\",\"potentialAction\":[{\"@type\":\"SearchAction\",\"target\":{\"@type\":\"EntryPoint\",\"urlTemplate\":\"https:\/\/thepueblatimes.mx\/?s={search_term_string}\"},\"query-input\":\"required name=search_term_string\"}],\"inLanguage\":\"es\"},{\"@type\":\"Person\",\"@id\":\"https:\/\/thepueblatimes.mx\/#\/schema\/person\/1664894c2f65ce2c7a08d8f5f905c13c\",\"name\":\"Sa\u00fal Hern\u00e1ndez\",\"image\":{\"@type\":\"ImageObject\",\"inLanguage\":\"es\",\"@id\":\"https:\/\/thepueblatimes.mx\/#\/schema\/person\/image\/\",\"url\":\"https:\/\/secure.gravatar.com\/avatar\/11be338693f243309532caad8f10c930?s=96&d=mm&r=g\",\"contentUrl\":\"https:\/\/secure.gravatar.com\/avatar\/11be338693f243309532caad8f10c930?s=96&d=mm&r=g\",\"caption\":\"Sa\u00fal Hern\u00e1ndez\"},\"url\":\"https:\/\/thepueblatimes.mx\/index.php\/author\/saulhernandez\/\"}]}<\/script>\n<!-- \/ Yoast SEO plugin. -->","yoast_head_json":{"title":"P\u00e1vel Gaspar se suma a investigaci\u00f3n a fondo en el caso de Banco Accendo - The Puebla Times","robots":{"index":"index","follow":"follow","max-snippet":"max-snippet:-1","max-image-preview":"max-image-preview:large","max-video-preview":"max-video-preview:-1"},"canonical":"https:\/\/thepueblatimes.mx\/index.php\/2025\/10\/31\/pavel-gaspar-se-suma-a-investigacion-a-fondo-en-el-caso-de-banco-accendo\/","og_locale":"es_ES","og_type":"article","og_title":"P\u00e1vel Gaspar se suma a investigaci\u00f3n a fondo en el caso de Banco Accendo - The Puebla Times","og_description":"El presidente de la Junta de Gobierno y Coordinaci\u00f3n Pol\u00edtica del Congreso poblano, P\u00e1vel Gaspar Ram\u00edrez manifest\u00f3 que las sanciones impuestas a la ex secretaria de Finanzas, Mar\u00eda Teresa Castro Corro, deben cumplirse \u201chasta sus \u00faltimas consecuencias\u201d. Agreg\u00f3 que la inhabilitaci\u00f3n por 20 a\u00f1os y la multa por 362.9 mdp impuestos a la ex funcionaria...","og_url":"https:\/\/thepueblatimes.mx\/index.php\/2025\/10\/31\/pavel-gaspar-se-suma-a-investigacion-a-fondo-en-el-caso-de-banco-accendo\/","og_site_name":"The Puebla Times","article_published_time":"2025-10-31T18:57:27+00:00","og_image":[{"width":960,"height":600,"url":"https:\/\/thepueblatimes.mx\/wp-content\/uploads\/2025\/10\/Soy-conciliador-y-con-apertura-al-dialogo-Pavel-Gaspar.jpg","type":"image\/jpeg"}],"author":"Sa\u00fal Hern\u00e1ndez","twitter_card":"summary_large_image","twitter_misc":{"Escrito por":"Sa\u00fal Hern\u00e1ndez","Tiempo de lectura":"1 minuto"},"schema":{"@context":"https:\/\/schema.org","@graph":[{"@type":"WebPage","@id":"https:\/\/thepueblatimes.mx\/index.php\/2025\/10\/31\/pavel-gaspar-se-suma-a-investigacion-a-fondo-en-el-caso-de-banco-accendo\/","url":"https:\/\/thepueblatimes.mx\/index.php\/2025\/10\/31\/pavel-gaspar-se-suma-a-investigacion-a-fondo-en-el-caso-de-banco-accendo\/","name":"P\u00e1vel Gaspar se suma a investigaci\u00f3n a fondo en el caso de Banco Accendo - The Puebla Times","isPartOf":{"@id":"https:\/\/thepueblatimes.mx\/#website"},"datePublished":"2025-10-31T18:57:27+00:00","dateModified":"2025-10-31T18:57:27+00:00","author":{"@id":"https:\/\/thepueblatimes.mx\/#\/schema\/person\/1664894c2f65ce2c7a08d8f5f905c13c"},"breadcrumb":{"@id":"https:\/\/thepueblatimes.mx\/index.php\/2025\/10\/31\/pavel-gaspar-se-suma-a-investigacion-a-fondo-en-el-caso-de-banco-accendo\/#breadcrumb"},"inLanguage":"es","potentialAction":[{"@type":"ReadAction","target":["https:\/\/thepueblatimes.mx\/index.php\/2025\/10\/31\/pavel-gaspar-se-suma-a-investigacion-a-fondo-en-el-caso-de-banco-accendo\/"]}]},{"@type":"BreadcrumbList","@id":"https:\/\/thepueblatimes.mx\/index.php\/2025\/10\/31\/pavel-gaspar-se-suma-a-investigacion-a-fondo-en-el-caso-de-banco-accendo\/#breadcrumb","itemListElement":[{"@type":"ListItem","position":1,"name":"Portada","item":"https:\/\/thepueblatimes.mx\/"},{"@type":"ListItem","position":2,"name":"P\u00e1vel Gaspar se suma a investigaci\u00f3n a fondo en el caso de Banco Accendo"}]},{"@type":"WebSite","@id":"https:\/\/thepueblatimes.mx\/#website","url":"https:\/\/thepueblatimes.mx\/","name":"The Puebla Times","description":"Noticias del Estado de Puebla","potentialAction":[{"@type":"SearchAction","target":{"@type":"EntryPoint","urlTemplate":"https:\/\/thepueblatimes.mx\/?s={search_term_string}"},"query-input":"required name=search_term_string"}],"inLanguage":"es"},{"@type":"Person","@id":"https:\/\/thepueblatimes.mx\/#\/schema\/person\/1664894c2f65ce2c7a08d8f5f905c13c","name":"Sa\u00fal Hern\u00e1ndez","image":{"@type":"ImageObject","inLanguage":"es","@id":"https:\/\/thepueblatimes.mx\/#\/schema\/person\/image\/","url":"https:\/\/secure.gravatar.com\/avatar\/11be338693f243309532caad8f10c930?s=96&d=mm&r=g","contentUrl":"https:\/\/secure.gravatar.com\/avatar\/11be338693f243309532caad8f10c930?s=96&d=mm&r=g","caption":"Sa\u00fal Hern\u00e1ndez"},"url":"https:\/\/thepueblatimes.mx\/index.php\/author\/saulhernandez\/"}]}},"jetpack_featured_media_url":"https:\/\/thepueblatimes.mx\/wp-content\/uploads\/2025\/10\/Soy-conciliador-y-con-apertura-al-dialogo-Pavel-Gaspar.jpg","_links":{"self":[{"href":"https:\/\/thepueblatimes.mx\/index.php\/wp-json\/wp\/v2\/posts\/34038"}],"collection":[{"href":"https:\/\/thepueblatimes.mx\/index.php\/wp-json\/wp\/v2\/posts"}],"about":[{"href":"https:\/\/thepueblatimes.mx\/index.php\/wp-json\/wp\/v2\/types\/post"}],"author":[{"embeddable":true,"href":"https:\/\/thepueblatimes.mx\/index.php\/wp-json\/wp\/v2\/users\/16"}],"replies":[{"embeddable":true,"href":"https:\/\/thepueblatimes.mx\/index.php\/wp-json\/wp\/v2\/comments?post=34038"}],"version-history":[{"count":1,"href":"https:\/\/thepueblatimes.mx\/index.php\/wp-json\/wp\/v2\/posts\/34038\/revisions"}],"predecessor-version":[{"id":34040,"href":"https:\/\/thepueblatimes.mx\/index.php\/wp-json\/wp\/v2\/posts\/34038\/revisions\/34040"}],"wp:featuredmedia":[{"embeddable":true,"href":"https:\/\/thepueblatimes.mx\/index.php\/wp-json\/wp\/v2\/media\/34039"}],"wp:attachment":[{"href":"https:\/\/thepueblatimes.mx\/index.php\/wp-json\/wp\/v2\/media?parent=34038"}],"wp:term":[{"taxonomy":"category","embeddable":true,"href":"https:\/\/thepueblatimes.mx\/index.php\/wp-json\/wp\/v2\/categories?post=34038"},{"taxonomy":"post_tag","embeddable":true,"href":"https:\/\/thepueblatimes.mx\/index.php\/wp-json\/wp\/v2\/tags?post=34038"}],"curies":[{"name":"wp","href":"https:\/\/api.w.org\/{rel}","templated":true}]}}