{"id":34035,"date":"2025-10-31T09:46:44","date_gmt":"2025-10-31T15:46:44","guid":{"rendered":"https:\/\/thepueblatimes.mx\/?p=34035"},"modified":"2025-10-31T09:46:44","modified_gmt":"2025-10-31T15:46:44","slug":"penal-de-san-miguel-una-alerta-latente","status":"publish","type":"post","link":"https:\/\/thepueblatimes.mx\/index.php\/2025\/10\/31\/penal-de-san-miguel-una-alerta-latente\/","title":{"rendered":"Penal de San Miguel, una alerta latente"},"content":{"rendered":"<p>LA PASARELA \/ POR JORGE CASTILLO<\/p>\n<p>El penal de San Miguel, en Puebla, vuelve a ser noticia.<\/p>\n<p>Lo advertimos en una entrega anterior, que estuvo a punto de registrarse una tercera muerte en menos de un mes.<\/p>\n<p>La golpiza a un reo dentro del penal no fue un hecho aislado, sino una se\u00f1al de alerta sobre el descontrol que ah\u00ed se vive.<\/p>\n<p>Hoy, otro esc\u00e1ndalo.<\/p>\n<p>Una fiesta con alcohol y mujeres al interior.<\/p>\n<p>Aquella advertencia se confirma.<\/p>\n<p>No se trata de un exceso moment\u00e1neo, sino de un s\u00edntoma estructural.<\/p>\n<p>Y ahora, una nueva tragedia, un suicidio de un interno identificado como Israel R., de 31 a\u00f1os, quien llevaba 13 a\u00f1os preso por homicidio calificado, robo agravado y portaci\u00f3n de arma.<\/p>\n<p>De acuerdo con el reporte oficial, Israel hab\u00eda sido diagnosticado con depresi\u00f3n y ansiedad. Incluso hab\u00eda intentado quitarse la vida semanas atr\u00e1s, colg\u00e1ndose con una cuerda que se rompi\u00f3, lo que permiti\u00f3 su rescate.<\/p>\n<p>Desde entonces, se integr\u00f3 a un programa de atenci\u00f3n y tratamiento para la prevenci\u00f3n de conductas adictivas y la reducci\u00f3n de riesgos.<\/p>\n<p>Aun as\u00ed, su historia termin\u00f3 con un desenlace fatal.<\/p>\n<p>San Miguel est\u00e1 bajo la inercia de su propio desorden.<\/p>\n<p>En los hechos se toleran pr\u00e1cticas que rebasan cualquier l\u00edmite institucional.<\/p>\n<p>As\u00ed se aprecia en el video de la fiesta que hoy es nota nacional.<\/p>\n<p>La pachanga dentro del penal no ocurre por accidente; ocurre porque hay complicidad, permisividad o, al menos, una peligrosa indiferencia.<\/p>\n<p>Despu\u00e9s de aquella golpiza, la Comisi\u00f3n de Derechos Humanos del Estado de Puebla inici\u00f3 una queja de oficio \u2014a ra\u00edz precisamente de la denuncia publicada en La Pasarela\u2014 para investigar lo sucedido.<\/p>\n<p>Lo malo es que la investigaci\u00f3n podr\u00eda meses o hasta a\u00f1os, mientras dentro del penal las cosas parecen seguir igual o peor.<\/p>\n<p>Hay un verdadero problema: mientras los expedientes se acumulan y las comisiones investigan, todo parece indicar que San Miguel sigue siendo tierra de nadie.<\/p>\n<p>La golpiza fue la advertencia; la fiesta, la confirmaci\u00f3n con el suicidio.<\/p>\n<p>Los custodios, los mandos y los responsables del penal operan con una l\u00f3gica que se escapa al control.<\/p>\n<p>Cuando un penal deja de obedecer a la ley, pronto comienza a dictar sus propias reglas.<\/p>\n<p>San Miguel no solo requiere castigos ejemplares, sino una intervenci\u00f3n profunda.<\/p>\n<p>Mientras tanto, los reportes de fiesta y los videos filtrados se vuelven virales.<\/p>\n<p>As\u00ed pasa, hasta que otro hecho violento \u2014otra golpiza, fuga, otra muerte, suicidio o hasta otra fiesta\u2014 nos recuerde que la alerta de San Miguel sigue encendida.<\/p>\n","protected":false},"excerpt":{"rendered":"<p>LA PASARELA \/ POR JORGE CASTILLO El penal de San Miguel, en Puebla, vuelve a ser noticia. Lo advertimos en una entrega anterior, que estuvo a punto de registrarse una tercera muerte en menos de un mes. La golpiza a un reo dentro del penal no fue un hecho aislado, sino una se\u00f1al de alerta&#8230;<\/p>\n","protected":false},"author":16,"featured_media":34036,"comment_status":"closed","ping_status":"closed","sticky":false,"template":"","format":"standard","meta":[],"categories":[10],"tags":[4199,49],"yoast_head":"<!-- This site is optimized with the Yoast SEO plugin v20.8 - https:\/\/yoast.com\/wordpress\/plugins\/seo\/ -->\n<title>Penal de San Miguel, una alerta latente - The Puebla Times<\/title>\n<meta name=\"robots\" content=\"index, follow, max-snippet:-1, max-image-preview:large, max-video-preview:-1\" \/>\n<link rel=\"canonical\" href=\"https:\/\/thepueblatimes.mx\/index.php\/2025\/10\/31\/penal-de-san-miguel-una-alerta-latente\/\" \/>\n<meta property=\"og:locale\" content=\"es_ES\" \/>\n<meta property=\"og:type\" content=\"article\" \/>\n<meta property=\"og:title\" content=\"Penal de San Miguel, una alerta latente - The Puebla Times\" \/>\n<meta property=\"og:description\" content=\"LA PASARELA \/ POR JORGE CASTILLO El penal de San Miguel, en Puebla, vuelve a ser noticia. Lo advertimos en una entrega anterior, que estuvo a punto de registrarse una tercera muerte en menos de un mes. La golpiza a un reo dentro del penal no fue un hecho aislado, sino una se\u00f1al de alerta...\" \/>\n<meta property=\"og:url\" content=\"https:\/\/thepueblatimes.mx\/index.php\/2025\/10\/31\/penal-de-san-miguel-una-alerta-latente\/\" \/>\n<meta property=\"og:site_name\" content=\"The Puebla Times\" \/>\n<meta property=\"article:published_time\" content=\"2025-10-31T15:46:44+00:00\" \/>\n<meta property=\"og:image\" content=\"https:\/\/thepueblatimes.mx\/wp-content\/uploads\/2025\/10\/Entre-sombras-y-suenos-cronica-de-una-visita-al-penal-de-San-Miguel.webp\" \/>\n\t<meta property=\"og:image:width\" content=\"1200\" \/>\n\t<meta property=\"og:image:height\" content=\"675\" \/>\n\t<meta property=\"og:image:type\" content=\"image\/webp\" \/>\n<meta name=\"author\" content=\"Sa\u00fal Hern\u00e1ndez\" \/>\n<meta name=\"twitter:card\" content=\"summary_large_image\" \/>\n<meta name=\"twitter:label1\" content=\"Escrito por\" \/>\n\t<meta name=\"twitter:data1\" content=\"Sa\u00fal Hern\u00e1ndez\" \/>\n\t<meta name=\"twitter:label2\" content=\"Tiempo de lectura\" \/>\n\t<meta name=\"twitter:data2\" content=\"2 minutos\" \/>\n<script type=\"application\/ld+json\" class=\"yoast-schema-graph\">{\"@context\":\"https:\/\/schema.org\",\"@graph\":[{\"@type\":\"WebPage\",\"@id\":\"https:\/\/thepueblatimes.mx\/index.php\/2025\/10\/31\/penal-de-san-miguel-una-alerta-latente\/\",\"url\":\"https:\/\/thepueblatimes.mx\/index.php\/2025\/10\/31\/penal-de-san-miguel-una-alerta-latente\/\",\"name\":\"Penal de San Miguel, una alerta latente - The Puebla Times\",\"isPartOf\":{\"@id\":\"https:\/\/thepueblatimes.mx\/#website\"},\"datePublished\":\"2025-10-31T15:46:44+00:00\",\"dateModified\":\"2025-10-31T15:46:44+00:00\",\"author\":{\"@id\":\"https:\/\/thepueblatimes.mx\/#\/schema\/person\/1664894c2f65ce2c7a08d8f5f905c13c\"},\"breadcrumb\":{\"@id\":\"https:\/\/thepueblatimes.mx\/index.php\/2025\/10\/31\/penal-de-san-miguel-una-alerta-latente\/#breadcrumb\"},\"inLanguage\":\"es\",\"potentialAction\":[{\"@type\":\"ReadAction\",\"target\":[\"https:\/\/thepueblatimes.mx\/index.php\/2025\/10\/31\/penal-de-san-miguel-una-alerta-latente\/\"]}]},{\"@type\":\"BreadcrumbList\",\"@id\":\"https:\/\/thepueblatimes.mx\/index.php\/2025\/10\/31\/penal-de-san-miguel-una-alerta-latente\/#breadcrumb\",\"itemListElement\":[{\"@type\":\"ListItem\",\"position\":1,\"name\":\"Portada\",\"item\":\"https:\/\/thepueblatimes.mx\/\"},{\"@type\":\"ListItem\",\"position\":2,\"name\":\"Penal de San Miguel, una alerta latente\"}]},{\"@type\":\"WebSite\",\"@id\":\"https:\/\/thepueblatimes.mx\/#website\",\"url\":\"https:\/\/thepueblatimes.mx\/\",\"name\":\"The Puebla Times\",\"description\":\"Noticias del Estado de Puebla\",\"potentialAction\":[{\"@type\":\"SearchAction\",\"target\":{\"@type\":\"EntryPoint\",\"urlTemplate\":\"https:\/\/thepueblatimes.mx\/?s={search_term_string}\"},\"query-input\":\"required name=search_term_string\"}],\"inLanguage\":\"es\"},{\"@type\":\"Person\",\"@id\":\"https:\/\/thepueblatimes.mx\/#\/schema\/person\/1664894c2f65ce2c7a08d8f5f905c13c\",\"name\":\"Sa\u00fal Hern\u00e1ndez\",\"image\":{\"@type\":\"ImageObject\",\"inLanguage\":\"es\",\"@id\":\"https:\/\/thepueblatimes.mx\/#\/schema\/person\/image\/\",\"url\":\"https:\/\/secure.gravatar.com\/avatar\/11be338693f243309532caad8f10c930?s=96&d=mm&r=g\",\"contentUrl\":\"https:\/\/secure.gravatar.com\/avatar\/11be338693f243309532caad8f10c930?s=96&d=mm&r=g\",\"caption\":\"Sa\u00fal Hern\u00e1ndez\"},\"url\":\"https:\/\/thepueblatimes.mx\/index.php\/author\/saulhernandez\/\"}]}<\/script>\n<!-- \/ Yoast SEO plugin. -->","yoast_head_json":{"title":"Penal de San Miguel, una alerta latente - The Puebla Times","robots":{"index":"index","follow":"follow","max-snippet":"max-snippet:-1","max-image-preview":"max-image-preview:large","max-video-preview":"max-video-preview:-1"},"canonical":"https:\/\/thepueblatimes.mx\/index.php\/2025\/10\/31\/penal-de-san-miguel-una-alerta-latente\/","og_locale":"es_ES","og_type":"article","og_title":"Penal de San Miguel, una alerta latente - The Puebla Times","og_description":"LA PASARELA \/ POR JORGE CASTILLO El penal de San Miguel, en Puebla, vuelve a ser noticia. Lo advertimos en una entrega anterior, que estuvo a punto de registrarse una tercera muerte en menos de un mes. La golpiza a un reo dentro del penal no fue un hecho aislado, sino una se\u00f1al de alerta...","og_url":"https:\/\/thepueblatimes.mx\/index.php\/2025\/10\/31\/penal-de-san-miguel-una-alerta-latente\/","og_site_name":"The Puebla Times","article_published_time":"2025-10-31T15:46:44+00:00","og_image":[{"width":1200,"height":675,"url":"https:\/\/thepueblatimes.mx\/wp-content\/uploads\/2025\/10\/Entre-sombras-y-suenos-cronica-de-una-visita-al-penal-de-San-Miguel.webp","type":"image\/webp"}],"author":"Sa\u00fal Hern\u00e1ndez","twitter_card":"summary_large_image","twitter_misc":{"Escrito por":"Sa\u00fal Hern\u00e1ndez","Tiempo de lectura":"2 minutos"},"schema":{"@context":"https:\/\/schema.org","@graph":[{"@type":"WebPage","@id":"https:\/\/thepueblatimes.mx\/index.php\/2025\/10\/31\/penal-de-san-miguel-una-alerta-latente\/","url":"https:\/\/thepueblatimes.mx\/index.php\/2025\/10\/31\/penal-de-san-miguel-una-alerta-latente\/","name":"Penal de San Miguel, una alerta latente - The Puebla Times","isPartOf":{"@id":"https:\/\/thepueblatimes.mx\/#website"},"datePublished":"2025-10-31T15:46:44+00:00","dateModified":"2025-10-31T15:46:44+00:00","author":{"@id":"https:\/\/thepueblatimes.mx\/#\/schema\/person\/1664894c2f65ce2c7a08d8f5f905c13c"},"breadcrumb":{"@id":"https:\/\/thepueblatimes.mx\/index.php\/2025\/10\/31\/penal-de-san-miguel-una-alerta-latente\/#breadcrumb"},"inLanguage":"es","potentialAction":[{"@type":"ReadAction","target":["https:\/\/thepueblatimes.mx\/index.php\/2025\/10\/31\/penal-de-san-miguel-una-alerta-latente\/"]}]},{"@type":"BreadcrumbList","@id":"https:\/\/thepueblatimes.mx\/index.php\/2025\/10\/31\/penal-de-san-miguel-una-alerta-latente\/#breadcrumb","itemListElement":[{"@type":"ListItem","position":1,"name":"Portada","item":"https:\/\/thepueblatimes.mx\/"},{"@type":"ListItem","position":2,"name":"Penal de San Miguel, una alerta latente"}]},{"@type":"WebSite","@id":"https:\/\/thepueblatimes.mx\/#website","url":"https:\/\/thepueblatimes.mx\/","name":"The Puebla Times","description":"Noticias del Estado de Puebla","potentialAction":[{"@type":"SearchAction","target":{"@type":"EntryPoint","urlTemplate":"https:\/\/thepueblatimes.mx\/?s={search_term_string}"},"query-input":"required name=search_term_string"}],"inLanguage":"es"},{"@type":"Person","@id":"https:\/\/thepueblatimes.mx\/#\/schema\/person\/1664894c2f65ce2c7a08d8f5f905c13c","name":"Sa\u00fal Hern\u00e1ndez","image":{"@type":"ImageObject","inLanguage":"es","@id":"https:\/\/thepueblatimes.mx\/#\/schema\/person\/image\/","url":"https:\/\/secure.gravatar.com\/avatar\/11be338693f243309532caad8f10c930?s=96&d=mm&r=g","contentUrl":"https:\/\/secure.gravatar.com\/avatar\/11be338693f243309532caad8f10c930?s=96&d=mm&r=g","caption":"Sa\u00fal Hern\u00e1ndez"},"url":"https:\/\/thepueblatimes.mx\/index.php\/author\/saulhernandez\/"}]}},"jetpack_featured_media_url":"https:\/\/thepueblatimes.mx\/wp-content\/uploads\/2025\/10\/Entre-sombras-y-suenos-cronica-de-una-visita-al-penal-de-San-Miguel.webp","_links":{"self":[{"href":"https:\/\/thepueblatimes.mx\/index.php\/wp-json\/wp\/v2\/posts\/34035"}],"collection":[{"href":"https:\/\/thepueblatimes.mx\/index.php\/wp-json\/wp\/v2\/posts"}],"about":[{"href":"https:\/\/thepueblatimes.mx\/index.php\/wp-json\/wp\/v2\/types\/post"}],"author":[{"embeddable":true,"href":"https:\/\/thepueblatimes.mx\/index.php\/wp-json\/wp\/v2\/users\/16"}],"replies":[{"embeddable":true,"href":"https:\/\/thepueblatimes.mx\/index.php\/wp-json\/wp\/v2\/comments?post=34035"}],"version-history":[{"count":1,"href":"https:\/\/thepueblatimes.mx\/index.php\/wp-json\/wp\/v2\/posts\/34035\/revisions"}],"predecessor-version":[{"id":34037,"href":"https:\/\/thepueblatimes.mx\/index.php\/wp-json\/wp\/v2\/posts\/34035\/revisions\/34037"}],"wp:featuredmedia":[{"embeddable":true,"href":"https:\/\/thepueblatimes.mx\/index.php\/wp-json\/wp\/v2\/media\/34036"}],"wp:attachment":[{"href":"https:\/\/thepueblatimes.mx\/index.php\/wp-json\/wp\/v2\/media?parent=34035"}],"wp:term":[{"taxonomy":"category","embeddable":true,"href":"https:\/\/thepueblatimes.mx\/index.php\/wp-json\/wp\/v2\/categories?post=34035"},{"taxonomy":"post_tag","embeddable":true,"href":"https:\/\/thepueblatimes.mx\/index.php\/wp-json\/wp\/v2\/tags?post=34035"}],"curies":[{"name":"wp","href":"https:\/\/api.w.org\/{rel}","templated":true}]}}