{"id":34032,"date":"2025-10-31T09:33:12","date_gmt":"2025-10-31T15:33:12","guid":{"rendered":"https:\/\/thepueblatimes.mx\/?p=34032"},"modified":"2025-10-31T09:33:12","modified_gmt":"2025-10-31T15:33:12","slug":"reconocen-en-el-congreso-del-estado-a-mujeres-en-el-periodismo","status":"publish","type":"post","link":"https:\/\/thepueblatimes.mx\/index.php\/2025\/10\/31\/reconocen-en-el-congreso-del-estado-a-mujeres-en-el-periodismo\/","title":{"rendered":"Reconocen en el Congreso del Estado a mujeres en el periodismo"},"content":{"rendered":"<p>El Congreso del Estado, a trav\u00e9s de la Unidad para la Igualdad de G\u00e9nero, entreg\u00f3 reconocimientos a mujeres en el periodismo, a fin de destacar la labor de quienes aportan a la construcci\u00f3n de una sociedad m\u00e1s justa, incluyente y libre de violencia, as\u00ed como fortalecer la presencia y liderazgo de las mujeres en los medios de comunicaci\u00f3n.<\/p>\n<p>&nbsp;<\/p>\n<p>En su mensaje, la titular de la Unidad para la Igualdad de G\u00e9nero, Daniela Mier Ba\u00f1uelos, expuso que la contribuci\u00f3n de las mujeres periodistas es muy valiosa, ya que todas tienen un gran amor y talento para comunicar y mantener informada a la ciudadan\u00eda, con fuerza, valent\u00eda y compromiso.<\/p>\n<p>&nbsp;<\/p>\n<p>\u201cUstedes nos han demostrado que el periodismo no solo informa, sino tambi\u00e9n denuncia y construye. Su trabajo, que muchas veces es realizado en contextos adversos, contribuye a visibilizar las voces de las mujeres, a denunciar las desigualdades que a\u00fan existen y a promover la igualdad sustantiva que todas y todos anhelamos\u201d, indic\u00f3.<\/p>\n<p>&nbsp;<\/p>\n<p>Daniela Mier enfatiz\u00f3 que la igualdad no se concede, se construye con cada palabra y cada historia contada desde la \u00e9tica y la objetividad. En este sentido, la comunicaci\u00f3n puede cambiar al mundo.<\/p>\n<p>&nbsp;<\/p>\n<p>Con m\u00e1s de 60 a\u00f1os de trayectoria en el periodismo fueron galardonadas:<\/p>\n<p>&#8211; Josefina Z\u00e1rate L\u00f3pez, periodista y columnista de La Voz de Puebla, El Heraldo y El Sol de Puebla.<\/p>\n<p>&#8211; Mar\u00eda De los \u00c1ngeles Garc\u00eda, periodista y columnista de El Sol de Puebla.<\/p>\n<p>&nbsp;<\/p>\n<p>Con m\u00e1s de 30 a\u00f1os de trayectoria:<\/p>\n<p>&#8211; Silvia de Juli\u00e1n, directora de la Revista \u00danica.<\/p>\n<p>&#8211; Martha Reyes, periodista con especialidad en temas de innovaci\u00f3n.<\/p>\n<p>&nbsp;<\/p>\n<p>Periodistas con m\u00e1s de 20 a\u00f1os de trayectoria:<\/p>\n<p>&#8211; Martha Salvatori, directora de noticias de Imagen Televisi\u00f3n Puebla.<\/p>\n<p>&#8211; Blanca Estela Leyva, directora de informaci\u00f3n de Imagen TV.<\/p>\n<p>&#8211; Angelica Chevalier Ruanova, periodista en Radio BUAP y deportes.<\/p>\n<p>&#8211; Mar\u00eda L\u00f3pez Aguilar, profesora en la facultad de Ciencias de la Comunicaci\u00f3n de la BUAP.<\/p>\n<p>&nbsp;<\/p>\n<p>Mujeres directoras de medios de comunicaci\u00f3n:<\/p>\n<p>&#8211; Alejandra Padilla, directora de Serendipia<\/p>\n<p>&#8211; Coca Castillo, directora del Semanario 7 D\u00edas.<\/p>\n<p>&#8211; Erika Rivero Almaz\u00e1n, directora de los Conjurados.<\/p>\n<p>&nbsp;<\/p>\n<p>Los reconocimientos fueron entregados por la titular de la Unidad para la Igualdad de G\u00e9nero, Daniela Mier Ba\u00f1uelos y el titular de la Direcci\u00f3n General de Administraci\u00f3n y Finanzas del Congreso del Estado, Luis Antonio Mu\u00f1oz L\u00f3pez.<\/p>\n<p>&nbsp;<\/p>\n<p><strong>MANTIENE CONGRESO ACCIONES DE PREVENCI\u00d3N Y CONCIENTIZACI\u00d3N DE LA VIOLENCIA<\/strong><\/p>\n<p>&nbsp;<\/p>\n<p>Como parte de las acciones realizadas por la Unidad para la Igualdad de G\u00e9nero, en el Congreso del Estado se llev\u00f3 a cabo una conferencia sobre violencia psicosocial, con la finalidad de identificarla y prevenirla.<\/p>\n<p>&nbsp;<\/p>\n<p>La especialista Brianda Gabriela Acevedo L\u00f3pez explic\u00f3 que el concepto se refiere a las formas de violencia que afectan la psique y las relaciones sociales de una persona, causando da\u00f1o psicol\u00f3gico y social.<\/p>\n<p>&nbsp;<\/p>\n<p>Adem\u00e1s, abarca una amplia gama de comportamientos, desde la manipulaci\u00f3n y el aislamiento hasta la exclusi\u00f3n y la estigmatizaci\u00f3n, que impactan negativamente en la salud mental y el bienestar social del individuo.<\/p>\n","protected":false},"excerpt":{"rendered":"<p>El Congreso del Estado, a trav\u00e9s de la Unidad para la Igualdad de G\u00e9nero, entreg\u00f3 reconocimientos a mujeres en el periodismo, a fin de destacar la labor de quienes aportan a la construcci\u00f3n de una sociedad m\u00e1s justa, incluyente y libre de violencia, as\u00ed como fortalecer la presencia y liderazgo de las mujeres en los&#8230;<\/p>\n","protected":false},"author":16,"featured_media":34033,"comment_status":"closed","ping_status":"closed","sticky":false,"template":"","format":"standard","meta":[],"categories":[3],"tags":[1480,1271],"yoast_head":"<!-- This site is optimized with the Yoast SEO plugin v20.8 - https:\/\/yoast.com\/wordpress\/plugins\/seo\/ -->\n<title>Reconocen en el Congreso del Estado a mujeres en el periodismo - The Puebla Times<\/title>\n<meta name=\"robots\" content=\"index, follow, max-snippet:-1, max-image-preview:large, max-video-preview:-1\" \/>\n<link rel=\"canonical\" href=\"https:\/\/thepueblatimes.mx\/index.php\/2025\/10\/31\/reconocen-en-el-congreso-del-estado-a-mujeres-en-el-periodismo\/\" \/>\n<meta property=\"og:locale\" content=\"es_ES\" \/>\n<meta property=\"og:type\" content=\"article\" \/>\n<meta property=\"og:title\" content=\"Reconocen en el Congreso del Estado a mujeres en el periodismo - The Puebla Times\" \/>\n<meta property=\"og:description\" content=\"El Congreso del Estado, a trav\u00e9s de la Unidad para la Igualdad de G\u00e9nero, entreg\u00f3 reconocimientos a mujeres en el periodismo, a fin de destacar la labor de quienes aportan a la construcci\u00f3n de una sociedad m\u00e1s justa, incluyente y libre de violencia, as\u00ed como fortalecer la presencia y liderazgo de las mujeres en los...\" \/>\n<meta property=\"og:url\" content=\"https:\/\/thepueblatimes.mx\/index.php\/2025\/10\/31\/reconocen-en-el-congreso-del-estado-a-mujeres-en-el-periodismo\/\" \/>\n<meta property=\"og:site_name\" content=\"The Puebla Times\" \/>\n<meta property=\"article:published_time\" content=\"2025-10-31T15:33:12+00:00\" \/>\n<meta property=\"og:image\" content=\"https:\/\/thepueblatimes.mx\/wp-content\/uploads\/2025\/10\/WhatsApp-Image-2025-10-31-at-00.07.38.jpeg\" \/>\n\t<meta property=\"og:image:width\" content=\"1600\" \/>\n\t<meta property=\"og:image:height\" content=\"898\" \/>\n\t<meta property=\"og:image:type\" content=\"image\/jpeg\" \/>\n<meta name=\"author\" content=\"Sa\u00fal Hern\u00e1ndez\" \/>\n<meta name=\"twitter:card\" content=\"summary_large_image\" \/>\n<meta name=\"twitter:label1\" content=\"Escrito por\" \/>\n\t<meta name=\"twitter:data1\" content=\"Sa\u00fal Hern\u00e1ndez\" \/>\n\t<meta name=\"twitter:label2\" content=\"Tiempo de lectura\" \/>\n\t<meta name=\"twitter:data2\" content=\"3 minutos\" \/>\n<script type=\"application\/ld+json\" class=\"yoast-schema-graph\">{\"@context\":\"https:\/\/schema.org\",\"@graph\":[{\"@type\":\"WebPage\",\"@id\":\"https:\/\/thepueblatimes.mx\/index.php\/2025\/10\/31\/reconocen-en-el-congreso-del-estado-a-mujeres-en-el-periodismo\/\",\"url\":\"https:\/\/thepueblatimes.mx\/index.php\/2025\/10\/31\/reconocen-en-el-congreso-del-estado-a-mujeres-en-el-periodismo\/\",\"name\":\"Reconocen en el Congreso del Estado a mujeres en el periodismo - The Puebla Times\",\"isPartOf\":{\"@id\":\"https:\/\/thepueblatimes.mx\/#website\"},\"datePublished\":\"2025-10-31T15:33:12+00:00\",\"dateModified\":\"2025-10-31T15:33:12+00:00\",\"author\":{\"@id\":\"https:\/\/thepueblatimes.mx\/#\/schema\/person\/1664894c2f65ce2c7a08d8f5f905c13c\"},\"breadcrumb\":{\"@id\":\"https:\/\/thepueblatimes.mx\/index.php\/2025\/10\/31\/reconocen-en-el-congreso-del-estado-a-mujeres-en-el-periodismo\/#breadcrumb\"},\"inLanguage\":\"es\",\"potentialAction\":[{\"@type\":\"ReadAction\",\"target\":[\"https:\/\/thepueblatimes.mx\/index.php\/2025\/10\/31\/reconocen-en-el-congreso-del-estado-a-mujeres-en-el-periodismo\/\"]}]},{\"@type\":\"BreadcrumbList\",\"@id\":\"https:\/\/thepueblatimes.mx\/index.php\/2025\/10\/31\/reconocen-en-el-congreso-del-estado-a-mujeres-en-el-periodismo\/#breadcrumb\",\"itemListElement\":[{\"@type\":\"ListItem\",\"position\":1,\"name\":\"Portada\",\"item\":\"https:\/\/thepueblatimes.mx\/\"},{\"@type\":\"ListItem\",\"position\":2,\"name\":\"Reconocen en el Congreso del Estado a mujeres en el periodismo\"}]},{\"@type\":\"WebSite\",\"@id\":\"https:\/\/thepueblatimes.mx\/#website\",\"url\":\"https:\/\/thepueblatimes.mx\/\",\"name\":\"The Puebla Times\",\"description\":\"Noticias del Estado de Puebla\",\"potentialAction\":[{\"@type\":\"SearchAction\",\"target\":{\"@type\":\"EntryPoint\",\"urlTemplate\":\"https:\/\/thepueblatimes.mx\/?s={search_term_string}\"},\"query-input\":\"required name=search_term_string\"}],\"inLanguage\":\"es\"},{\"@type\":\"Person\",\"@id\":\"https:\/\/thepueblatimes.mx\/#\/schema\/person\/1664894c2f65ce2c7a08d8f5f905c13c\",\"name\":\"Sa\u00fal Hern\u00e1ndez\",\"image\":{\"@type\":\"ImageObject\",\"inLanguage\":\"es\",\"@id\":\"https:\/\/thepueblatimes.mx\/#\/schema\/person\/image\/\",\"url\":\"https:\/\/secure.gravatar.com\/avatar\/11be338693f243309532caad8f10c930?s=96&d=mm&r=g\",\"contentUrl\":\"https:\/\/secure.gravatar.com\/avatar\/11be338693f243309532caad8f10c930?s=96&d=mm&r=g\",\"caption\":\"Sa\u00fal Hern\u00e1ndez\"},\"url\":\"https:\/\/thepueblatimes.mx\/index.php\/author\/saulhernandez\/\"}]}<\/script>\n<!-- \/ Yoast SEO plugin. -->","yoast_head_json":{"title":"Reconocen en el Congreso del Estado a mujeres en el periodismo - The Puebla Times","robots":{"index":"index","follow":"follow","max-snippet":"max-snippet:-1","max-image-preview":"max-image-preview:large","max-video-preview":"max-video-preview:-1"},"canonical":"https:\/\/thepueblatimes.mx\/index.php\/2025\/10\/31\/reconocen-en-el-congreso-del-estado-a-mujeres-en-el-periodismo\/","og_locale":"es_ES","og_type":"article","og_title":"Reconocen en el Congreso del Estado a mujeres en el periodismo - The Puebla Times","og_description":"El Congreso del Estado, a trav\u00e9s de la Unidad para la Igualdad de G\u00e9nero, entreg\u00f3 reconocimientos a mujeres en el periodismo, a fin de destacar la labor de quienes aportan a la construcci\u00f3n de una sociedad m\u00e1s justa, incluyente y libre de violencia, as\u00ed como fortalecer la presencia y liderazgo de las mujeres en los...","og_url":"https:\/\/thepueblatimes.mx\/index.php\/2025\/10\/31\/reconocen-en-el-congreso-del-estado-a-mujeres-en-el-periodismo\/","og_site_name":"The Puebla Times","article_published_time":"2025-10-31T15:33:12+00:00","og_image":[{"width":1600,"height":898,"url":"https:\/\/thepueblatimes.mx\/wp-content\/uploads\/2025\/10\/WhatsApp-Image-2025-10-31-at-00.07.38.jpeg","type":"image\/jpeg"}],"author":"Sa\u00fal Hern\u00e1ndez","twitter_card":"summary_large_image","twitter_misc":{"Escrito por":"Sa\u00fal Hern\u00e1ndez","Tiempo de lectura":"3 minutos"},"schema":{"@context":"https:\/\/schema.org","@graph":[{"@type":"WebPage","@id":"https:\/\/thepueblatimes.mx\/index.php\/2025\/10\/31\/reconocen-en-el-congreso-del-estado-a-mujeres-en-el-periodismo\/","url":"https:\/\/thepueblatimes.mx\/index.php\/2025\/10\/31\/reconocen-en-el-congreso-del-estado-a-mujeres-en-el-periodismo\/","name":"Reconocen en el Congreso del Estado a mujeres en el periodismo - The Puebla Times","isPartOf":{"@id":"https:\/\/thepueblatimes.mx\/#website"},"datePublished":"2025-10-31T15:33:12+00:00","dateModified":"2025-10-31T15:33:12+00:00","author":{"@id":"https:\/\/thepueblatimes.mx\/#\/schema\/person\/1664894c2f65ce2c7a08d8f5f905c13c"},"breadcrumb":{"@id":"https:\/\/thepueblatimes.mx\/index.php\/2025\/10\/31\/reconocen-en-el-congreso-del-estado-a-mujeres-en-el-periodismo\/#breadcrumb"},"inLanguage":"es","potentialAction":[{"@type":"ReadAction","target":["https:\/\/thepueblatimes.mx\/index.php\/2025\/10\/31\/reconocen-en-el-congreso-del-estado-a-mujeres-en-el-periodismo\/"]}]},{"@type":"BreadcrumbList","@id":"https:\/\/thepueblatimes.mx\/index.php\/2025\/10\/31\/reconocen-en-el-congreso-del-estado-a-mujeres-en-el-periodismo\/#breadcrumb","itemListElement":[{"@type":"ListItem","position":1,"name":"Portada","item":"https:\/\/thepueblatimes.mx\/"},{"@type":"ListItem","position":2,"name":"Reconocen en el Congreso del Estado a mujeres en el periodismo"}]},{"@type":"WebSite","@id":"https:\/\/thepueblatimes.mx\/#website","url":"https:\/\/thepueblatimes.mx\/","name":"The Puebla Times","description":"Noticias del Estado de Puebla","potentialAction":[{"@type":"SearchAction","target":{"@type":"EntryPoint","urlTemplate":"https:\/\/thepueblatimes.mx\/?s={search_term_string}"},"query-input":"required name=search_term_string"}],"inLanguage":"es"},{"@type":"Person","@id":"https:\/\/thepueblatimes.mx\/#\/schema\/person\/1664894c2f65ce2c7a08d8f5f905c13c","name":"Sa\u00fal Hern\u00e1ndez","image":{"@type":"ImageObject","inLanguage":"es","@id":"https:\/\/thepueblatimes.mx\/#\/schema\/person\/image\/","url":"https:\/\/secure.gravatar.com\/avatar\/11be338693f243309532caad8f10c930?s=96&d=mm&r=g","contentUrl":"https:\/\/secure.gravatar.com\/avatar\/11be338693f243309532caad8f10c930?s=96&d=mm&r=g","caption":"Sa\u00fal Hern\u00e1ndez"},"url":"https:\/\/thepueblatimes.mx\/index.php\/author\/saulhernandez\/"}]}},"jetpack_featured_media_url":"https:\/\/thepueblatimes.mx\/wp-content\/uploads\/2025\/10\/WhatsApp-Image-2025-10-31-at-00.07.38.jpeg","_links":{"self":[{"href":"https:\/\/thepueblatimes.mx\/index.php\/wp-json\/wp\/v2\/posts\/34032"}],"collection":[{"href":"https:\/\/thepueblatimes.mx\/index.php\/wp-json\/wp\/v2\/posts"}],"about":[{"href":"https:\/\/thepueblatimes.mx\/index.php\/wp-json\/wp\/v2\/types\/post"}],"author":[{"embeddable":true,"href":"https:\/\/thepueblatimes.mx\/index.php\/wp-json\/wp\/v2\/users\/16"}],"replies":[{"embeddable":true,"href":"https:\/\/thepueblatimes.mx\/index.php\/wp-json\/wp\/v2\/comments?post=34032"}],"version-history":[{"count":1,"href":"https:\/\/thepueblatimes.mx\/index.php\/wp-json\/wp\/v2\/posts\/34032\/revisions"}],"predecessor-version":[{"id":34034,"href":"https:\/\/thepueblatimes.mx\/index.php\/wp-json\/wp\/v2\/posts\/34032\/revisions\/34034"}],"wp:featuredmedia":[{"embeddable":true,"href":"https:\/\/thepueblatimes.mx\/index.php\/wp-json\/wp\/v2\/media\/34033"}],"wp:attachment":[{"href":"https:\/\/thepueblatimes.mx\/index.php\/wp-json\/wp\/v2\/media?parent=34032"}],"wp:term":[{"taxonomy":"category","embeddable":true,"href":"https:\/\/thepueblatimes.mx\/index.php\/wp-json\/wp\/v2\/categories?post=34032"},{"taxonomy":"post_tag","embeddable":true,"href":"https:\/\/thepueblatimes.mx\/index.php\/wp-json\/wp\/v2\/tags?post=34032"}],"curies":[{"name":"wp","href":"https:\/\/api.w.org\/{rel}","templated":true}]}}