{"id":34026,"date":"2025-10-31T09:21:51","date_gmt":"2025-10-31T15:21:51","guid":{"rendered":"https:\/\/thepueblatimes.mx\/?p=34026"},"modified":"2025-10-31T09:21:51","modified_gmt":"2025-10-31T15:21:51","slug":"se-llevo-a-cabo-en-el-congreso-del-estado-el-foro-de-parlamento-abierto-para-analizar-la-legislacion-hidrica-en-el-pais","status":"publish","type":"post","link":"https:\/\/thepueblatimes.mx\/index.php\/2025\/10\/31\/se-llevo-a-cabo-en-el-congreso-del-estado-el-foro-de-parlamento-abierto-para-analizar-la-legislacion-hidrica-en-el-pais\/","title":{"rendered":"Se llev\u00f3 a cabo en el Congreso del Estado el foro de parlamento abierto para analizar la legislaci\u00f3n h\u00eddrica en el pa\u00eds"},"content":{"rendered":"<p>En la sede del Congreso del Estado se realiz\u00f3 el foro de parlamento abierto en Puebla para analizar la legislaci\u00f3n h\u00eddrica que necesita nuestro pa\u00eds, con la finalidad de realizar propuestas para presentarlas a la Comisi\u00f3n de Recursos Hidr\u00e1ulicos del Congreso de la Uni\u00f3n.<\/p>\n<p>&nbsp;<\/p>\n<p>Durante este foro, el presidente de la Junta de Gobierno y Coordinaci\u00f3n Pol\u00edtica del Congreso local, Pavel Gaspar Ram\u00edrez, asegur\u00f3 que la LXII Legislatura mantiene las puertas abiertas para la realizaci\u00f3n de estos foros, ya que es primordial garantizar el derecho humano al agua para las y los poblanos<\/p>\n<p>&nbsp;<\/p>\n<p>\u201cPor eso es importante que los Congresos locales impulsen la agenda para lograr los cambios requeridos en el Congreso Federal\u201d, afirm\u00f3 el diputado.<\/p>\n<p>&nbsp;<\/p>\n<p>Por su parte, la diputada Norma Estela Pimentel subray\u00f3 la necesidad que tiene Puebla de abordar los retos legislativos en materia del agua, con la finalidad de atender las necesidades de la poblaci\u00f3n, a trav\u00e9s de este tipo de ejercicios de parlamento abierto.<\/p>\n<p>&nbsp;<\/p>\n<p>En este evento tambi\u00e9n se invit\u00f3 a Mar\u00eda Eugenia Ochoa Garc\u00eda, de la Contralor\u00eda Aut\u00f3noma del Agua de Puebla; Juan Antonio Gonz\u00e1lez Hern\u00e1ndez, diputado Federal por el distrito 4 y coordinador de los Diputados Federales de Puebla; Elena Burns, Representante de la Contralor\u00eda Nacional Aut\u00f3noma del Agua y Agua para Todos para la Vida, y la diputada federal, Claudia Rivera Vivanco.<\/p>\n<p>&nbsp;<\/p>\n<p><strong>REALIZAN FORO DE INTERCAMBIO ACAD\u00c9MICO ENTRE EL CONGRESO DEL ESTADO Y LA UPAEP<\/strong><\/p>\n<p>&nbsp;<\/p>\n<p>El Instituto de Investigaciones Legislativas, Financieras y Socioecon\u00f3micas \u201cGilberto Bosques Sald\u00edvar\u201d del Congreso del Estado llev\u00f3 a cabo el Foro de Intercambio Acad\u00e9mico entre el Instituto y los autores de obras en coautor\u00eda con la Universidad Popular Aut\u00f3noma del Estado de Puebla (UPAEP).<\/p>\n<p>&nbsp;<\/p>\n<p>El objetivo es fomentar el intercambio acad\u00e9mico entre investigadores y coautores de las once obras cient\u00edficas que se publicar\u00e1n sobre temas cient\u00edficos, culturales y tecnol\u00f3gicos, en el mes de enero de 2026.<\/p>\n<p>&nbsp;<\/p>\n<p>Las publicaciones abordar\u00e1n temas relacionados con el trabajo docente en el siglo XXI, inteligencia artificial en la gesti\u00f3n y pol\u00edticas p\u00fablicas, comunicaci\u00f3n organizacional, ciencia ciudadana con incidencia social y representaci\u00f3n pol\u00edtica y migraci\u00f3n.<\/p>\n<p>&nbsp;<\/p>\n<p>En este evento se cont\u00f3 con la presencia de la diputada Norma Estela Pimentel; el director general del Instituto de Investigaciones Legislativas, Financieras y Socioecon\u00f3micas del Congreso del Estado, Oscar Emilio Carranza Le\u00f3n, as\u00ed como autoridades y acad\u00e9micos de la UPAEP.<\/p>\n","protected":false},"excerpt":{"rendered":"<p>En la sede del Congreso del Estado se realiz\u00f3 el foro de parlamento abierto en Puebla para analizar la legislaci\u00f3n h\u00eddrica que necesita nuestro pa\u00eds, con la finalidad de realizar propuestas para presentarlas a la Comisi\u00f3n de Recursos Hidr\u00e1ulicos del Congreso de la Uni\u00f3n. &nbsp; Durante este foro, el presidente de la Junta de Gobierno&#8230;<\/p>\n","protected":false},"author":16,"featured_media":34027,"comment_status":"closed","ping_status":"closed","sticky":false,"template":"","format":"standard","meta":[],"categories":[3],"tags":[1480,1271],"yoast_head":"<!-- This site is optimized with the Yoast SEO plugin v20.8 - https:\/\/yoast.com\/wordpress\/plugins\/seo\/ -->\n<title>Se llev\u00f3 a cabo en el Congreso del Estado el foro de parlamento abierto para analizar la legislaci\u00f3n h\u00eddrica en el pa\u00eds - The Puebla Times<\/title>\n<meta name=\"robots\" content=\"index, follow, max-snippet:-1, max-image-preview:large, max-video-preview:-1\" \/>\n<link rel=\"canonical\" href=\"https:\/\/thepueblatimes.mx\/index.php\/2025\/10\/31\/se-llevo-a-cabo-en-el-congreso-del-estado-el-foro-de-parlamento-abierto-para-analizar-la-legislacion-hidrica-en-el-pais\/\" \/>\n<meta property=\"og:locale\" content=\"es_ES\" \/>\n<meta property=\"og:type\" content=\"article\" \/>\n<meta property=\"og:title\" content=\"Se llev\u00f3 a cabo en el Congreso del Estado el foro de parlamento abierto para analizar la legislaci\u00f3n h\u00eddrica en el pa\u00eds - The Puebla Times\" \/>\n<meta property=\"og:description\" content=\"En la sede del Congreso del Estado se realiz\u00f3 el foro de parlamento abierto en Puebla para analizar la legislaci\u00f3n h\u00eddrica que necesita nuestro pa\u00eds, con la finalidad de realizar propuestas para presentarlas a la Comisi\u00f3n de Recursos Hidr\u00e1ulicos del Congreso de la Uni\u00f3n. &nbsp; Durante este foro, el presidente de la Junta de Gobierno...\" \/>\n<meta property=\"og:url\" content=\"https:\/\/thepueblatimes.mx\/index.php\/2025\/10\/31\/se-llevo-a-cabo-en-el-congreso-del-estado-el-foro-de-parlamento-abierto-para-analizar-la-legislacion-hidrica-en-el-pais\/\" \/>\n<meta property=\"og:site_name\" content=\"The Puebla Times\" \/>\n<meta property=\"article:published_time\" content=\"2025-10-31T15:21:51+00:00\" \/>\n<meta property=\"og:image\" content=\"https:\/\/thepueblatimes.mx\/wp-content\/uploads\/2025\/10\/WhatsApp-Image-2025-10-30-at-19.15.53.jpeg\" \/>\n\t<meta property=\"og:image:width\" content=\"1280\" \/>\n\t<meta property=\"og:image:height\" content=\"853\" \/>\n\t<meta property=\"og:image:type\" content=\"image\/jpeg\" \/>\n<meta name=\"author\" content=\"Sa\u00fal Hern\u00e1ndez\" \/>\n<meta name=\"twitter:card\" content=\"summary_large_image\" \/>\n<meta name=\"twitter:label1\" content=\"Escrito por\" \/>\n\t<meta name=\"twitter:data1\" content=\"Sa\u00fal Hern\u00e1ndez\" \/>\n\t<meta name=\"twitter:label2\" content=\"Tiempo de lectura\" \/>\n\t<meta name=\"twitter:data2\" content=\"2 minutos\" \/>\n<script type=\"application\/ld+json\" class=\"yoast-schema-graph\">{\"@context\":\"https:\/\/schema.org\",\"@graph\":[{\"@type\":\"WebPage\",\"@id\":\"https:\/\/thepueblatimes.mx\/index.php\/2025\/10\/31\/se-llevo-a-cabo-en-el-congreso-del-estado-el-foro-de-parlamento-abierto-para-analizar-la-legislacion-hidrica-en-el-pais\/\",\"url\":\"https:\/\/thepueblatimes.mx\/index.php\/2025\/10\/31\/se-llevo-a-cabo-en-el-congreso-del-estado-el-foro-de-parlamento-abierto-para-analizar-la-legislacion-hidrica-en-el-pais\/\",\"name\":\"Se llev\u00f3 a cabo en el Congreso del Estado el foro de parlamento abierto para analizar la legislaci\u00f3n h\u00eddrica en el pa\u00eds - The Puebla Times\",\"isPartOf\":{\"@id\":\"https:\/\/thepueblatimes.mx\/#website\"},\"datePublished\":\"2025-10-31T15:21:51+00:00\",\"dateModified\":\"2025-10-31T15:21:51+00:00\",\"author\":{\"@id\":\"https:\/\/thepueblatimes.mx\/#\/schema\/person\/1664894c2f65ce2c7a08d8f5f905c13c\"},\"breadcrumb\":{\"@id\":\"https:\/\/thepueblatimes.mx\/index.php\/2025\/10\/31\/se-llevo-a-cabo-en-el-congreso-del-estado-el-foro-de-parlamento-abierto-para-analizar-la-legislacion-hidrica-en-el-pais\/#breadcrumb\"},\"inLanguage\":\"es\",\"potentialAction\":[{\"@type\":\"ReadAction\",\"target\":[\"https:\/\/thepueblatimes.mx\/index.php\/2025\/10\/31\/se-llevo-a-cabo-en-el-congreso-del-estado-el-foro-de-parlamento-abierto-para-analizar-la-legislacion-hidrica-en-el-pais\/\"]}]},{\"@type\":\"BreadcrumbList\",\"@id\":\"https:\/\/thepueblatimes.mx\/index.php\/2025\/10\/31\/se-llevo-a-cabo-en-el-congreso-del-estado-el-foro-de-parlamento-abierto-para-analizar-la-legislacion-hidrica-en-el-pais\/#breadcrumb\",\"itemListElement\":[{\"@type\":\"ListItem\",\"position\":1,\"name\":\"Portada\",\"item\":\"https:\/\/thepueblatimes.mx\/\"},{\"@type\":\"ListItem\",\"position\":2,\"name\":\"Se llev\u00f3 a cabo en el Congreso del Estado el foro de parlamento abierto para analizar la legislaci\u00f3n h\u00eddrica en el pa\u00eds\"}]},{\"@type\":\"WebSite\",\"@id\":\"https:\/\/thepueblatimes.mx\/#website\",\"url\":\"https:\/\/thepueblatimes.mx\/\",\"name\":\"The Puebla Times\",\"description\":\"Noticias del Estado de Puebla\",\"potentialAction\":[{\"@type\":\"SearchAction\",\"target\":{\"@type\":\"EntryPoint\",\"urlTemplate\":\"https:\/\/thepueblatimes.mx\/?s={search_term_string}\"},\"query-input\":\"required name=search_term_string\"}],\"inLanguage\":\"es\"},{\"@type\":\"Person\",\"@id\":\"https:\/\/thepueblatimes.mx\/#\/schema\/person\/1664894c2f65ce2c7a08d8f5f905c13c\",\"name\":\"Sa\u00fal Hern\u00e1ndez\",\"image\":{\"@type\":\"ImageObject\",\"inLanguage\":\"es\",\"@id\":\"https:\/\/thepueblatimes.mx\/#\/schema\/person\/image\/\",\"url\":\"https:\/\/secure.gravatar.com\/avatar\/11be338693f243309532caad8f10c930?s=96&d=mm&r=g\",\"contentUrl\":\"https:\/\/secure.gravatar.com\/avatar\/11be338693f243309532caad8f10c930?s=96&d=mm&r=g\",\"caption\":\"Sa\u00fal Hern\u00e1ndez\"},\"url\":\"https:\/\/thepueblatimes.mx\/index.php\/author\/saulhernandez\/\"}]}<\/script>\n<!-- \/ Yoast SEO plugin. -->","yoast_head_json":{"title":"Se llev\u00f3 a cabo en el Congreso del Estado el foro de parlamento abierto para analizar la legislaci\u00f3n h\u00eddrica en el pa\u00eds - The Puebla Times","robots":{"index":"index","follow":"follow","max-snippet":"max-snippet:-1","max-image-preview":"max-image-preview:large","max-video-preview":"max-video-preview:-1"},"canonical":"https:\/\/thepueblatimes.mx\/index.php\/2025\/10\/31\/se-llevo-a-cabo-en-el-congreso-del-estado-el-foro-de-parlamento-abierto-para-analizar-la-legislacion-hidrica-en-el-pais\/","og_locale":"es_ES","og_type":"article","og_title":"Se llev\u00f3 a cabo en el Congreso del Estado el foro de parlamento abierto para analizar la legislaci\u00f3n h\u00eddrica en el pa\u00eds - The Puebla Times","og_description":"En la sede del Congreso del Estado se realiz\u00f3 el foro de parlamento abierto en Puebla para analizar la legislaci\u00f3n h\u00eddrica que necesita nuestro pa\u00eds, con la finalidad de realizar propuestas para presentarlas a la Comisi\u00f3n de Recursos Hidr\u00e1ulicos del Congreso de la Uni\u00f3n. &nbsp; Durante este foro, el presidente de la Junta de Gobierno...","og_url":"https:\/\/thepueblatimes.mx\/index.php\/2025\/10\/31\/se-llevo-a-cabo-en-el-congreso-del-estado-el-foro-de-parlamento-abierto-para-analizar-la-legislacion-hidrica-en-el-pais\/","og_site_name":"The Puebla Times","article_published_time":"2025-10-31T15:21:51+00:00","og_image":[{"width":1280,"height":853,"url":"https:\/\/thepueblatimes.mx\/wp-content\/uploads\/2025\/10\/WhatsApp-Image-2025-10-30-at-19.15.53.jpeg","type":"image\/jpeg"}],"author":"Sa\u00fal Hern\u00e1ndez","twitter_card":"summary_large_image","twitter_misc":{"Escrito por":"Sa\u00fal Hern\u00e1ndez","Tiempo de lectura":"2 minutos"},"schema":{"@context":"https:\/\/schema.org","@graph":[{"@type":"WebPage","@id":"https:\/\/thepueblatimes.mx\/index.php\/2025\/10\/31\/se-llevo-a-cabo-en-el-congreso-del-estado-el-foro-de-parlamento-abierto-para-analizar-la-legislacion-hidrica-en-el-pais\/","url":"https:\/\/thepueblatimes.mx\/index.php\/2025\/10\/31\/se-llevo-a-cabo-en-el-congreso-del-estado-el-foro-de-parlamento-abierto-para-analizar-la-legislacion-hidrica-en-el-pais\/","name":"Se llev\u00f3 a cabo en el Congreso del Estado el foro de parlamento abierto para analizar la legislaci\u00f3n h\u00eddrica en el pa\u00eds - The Puebla Times","isPartOf":{"@id":"https:\/\/thepueblatimes.mx\/#website"},"datePublished":"2025-10-31T15:21:51+00:00","dateModified":"2025-10-31T15:21:51+00:00","author":{"@id":"https:\/\/thepueblatimes.mx\/#\/schema\/person\/1664894c2f65ce2c7a08d8f5f905c13c"},"breadcrumb":{"@id":"https:\/\/thepueblatimes.mx\/index.php\/2025\/10\/31\/se-llevo-a-cabo-en-el-congreso-del-estado-el-foro-de-parlamento-abierto-para-analizar-la-legislacion-hidrica-en-el-pais\/#breadcrumb"},"inLanguage":"es","potentialAction":[{"@type":"ReadAction","target":["https:\/\/thepueblatimes.mx\/index.php\/2025\/10\/31\/se-llevo-a-cabo-en-el-congreso-del-estado-el-foro-de-parlamento-abierto-para-analizar-la-legislacion-hidrica-en-el-pais\/"]}]},{"@type":"BreadcrumbList","@id":"https:\/\/thepueblatimes.mx\/index.php\/2025\/10\/31\/se-llevo-a-cabo-en-el-congreso-del-estado-el-foro-de-parlamento-abierto-para-analizar-la-legislacion-hidrica-en-el-pais\/#breadcrumb","itemListElement":[{"@type":"ListItem","position":1,"name":"Portada","item":"https:\/\/thepueblatimes.mx\/"},{"@type":"ListItem","position":2,"name":"Se llev\u00f3 a cabo en el Congreso del Estado el foro de parlamento abierto para analizar la legislaci\u00f3n h\u00eddrica en el pa\u00eds"}]},{"@type":"WebSite","@id":"https:\/\/thepueblatimes.mx\/#website","url":"https:\/\/thepueblatimes.mx\/","name":"The Puebla Times","description":"Noticias del Estado de Puebla","potentialAction":[{"@type":"SearchAction","target":{"@type":"EntryPoint","urlTemplate":"https:\/\/thepueblatimes.mx\/?s={search_term_string}"},"query-input":"required name=search_term_string"}],"inLanguage":"es"},{"@type":"Person","@id":"https:\/\/thepueblatimes.mx\/#\/schema\/person\/1664894c2f65ce2c7a08d8f5f905c13c","name":"Sa\u00fal Hern\u00e1ndez","image":{"@type":"ImageObject","inLanguage":"es","@id":"https:\/\/thepueblatimes.mx\/#\/schema\/person\/image\/","url":"https:\/\/secure.gravatar.com\/avatar\/11be338693f243309532caad8f10c930?s=96&d=mm&r=g","contentUrl":"https:\/\/secure.gravatar.com\/avatar\/11be338693f243309532caad8f10c930?s=96&d=mm&r=g","caption":"Sa\u00fal Hern\u00e1ndez"},"url":"https:\/\/thepueblatimes.mx\/index.php\/author\/saulhernandez\/"}]}},"jetpack_featured_media_url":"https:\/\/thepueblatimes.mx\/wp-content\/uploads\/2025\/10\/WhatsApp-Image-2025-10-30-at-19.15.53.jpeg","_links":{"self":[{"href":"https:\/\/thepueblatimes.mx\/index.php\/wp-json\/wp\/v2\/posts\/34026"}],"collection":[{"href":"https:\/\/thepueblatimes.mx\/index.php\/wp-json\/wp\/v2\/posts"}],"about":[{"href":"https:\/\/thepueblatimes.mx\/index.php\/wp-json\/wp\/v2\/types\/post"}],"author":[{"embeddable":true,"href":"https:\/\/thepueblatimes.mx\/index.php\/wp-json\/wp\/v2\/users\/16"}],"replies":[{"embeddable":true,"href":"https:\/\/thepueblatimes.mx\/index.php\/wp-json\/wp\/v2\/comments?post=34026"}],"version-history":[{"count":1,"href":"https:\/\/thepueblatimes.mx\/index.php\/wp-json\/wp\/v2\/posts\/34026\/revisions"}],"predecessor-version":[{"id":34028,"href":"https:\/\/thepueblatimes.mx\/index.php\/wp-json\/wp\/v2\/posts\/34026\/revisions\/34028"}],"wp:featuredmedia":[{"embeddable":true,"href":"https:\/\/thepueblatimes.mx\/index.php\/wp-json\/wp\/v2\/media\/34027"}],"wp:attachment":[{"href":"https:\/\/thepueblatimes.mx\/index.php\/wp-json\/wp\/v2\/media?parent=34026"}],"wp:term":[{"taxonomy":"category","embeddable":true,"href":"https:\/\/thepueblatimes.mx\/index.php\/wp-json\/wp\/v2\/categories?post=34026"},{"taxonomy":"post_tag","embeddable":true,"href":"https:\/\/thepueblatimes.mx\/index.php\/wp-json\/wp\/v2\/tags?post=34026"}],"curies":[{"name":"wp","href":"https:\/\/api.w.org\/{rel}","templated":true}]}}