{"id":33954,"date":"2025-10-28T12:48:09","date_gmt":"2025-10-28T18:48:09","guid":{"rendered":"https:\/\/thepueblatimes.mx\/?p=33954"},"modified":"2025-10-28T12:48:09","modified_gmt":"2025-10-28T18:48:09","slug":"analiza-comision-del-congreso-iniciativa-para-modificar-el-codigo-civil","status":"publish","type":"post","link":"https:\/\/thepueblatimes.mx\/index.php\/2025\/10\/28\/analiza-comision-del-congreso-iniciativa-para-modificar-el-codigo-civil\/","title":{"rendered":"Analiza Comisi\u00f3n del Congreso iniciativa para modificar el C\u00f3digo Civil"},"content":{"rendered":"<p>La Comisi\u00f3n de Procuraci\u00f3n y Administraci\u00f3n de Justicia del Congreso analiza la iniciativa por virtud de la cual se deroga la fracci\u00f3n II del art\u00edculo 875 Ter y se adiciona el art\u00edculo 875 Qu\u00e1ter, ambos del C\u00f3digo Civil para el Estado Libre y Soberano de Puebla, con relaci\u00f3n a la Acci\u00f3n de Inconstitucionalidad 73\/2021.<\/p>\n<p>&nbsp;<\/p>\n<p>Durante la sesi\u00f3n, se expuso una iniciativa relacionada con el tema en cuesti\u00f3n, as\u00ed como los criterios establecidos por la Suprema Corte de Justicia de la Naci\u00f3n para atender los requerimientos.<\/p>\n<p>&nbsp;<\/p>\n<p>Previamente, diputadas y diputados llevaron a cabo una mesa de trabajo para conocer el contenido de la Acci\u00f3n de Inconstitucionalidad y las propuestas para que el Congreso atienda este asunto.<\/p>\n","protected":false},"excerpt":{"rendered":"<p>La Comisi\u00f3n de Procuraci\u00f3n y Administraci\u00f3n de Justicia del Congreso analiza la iniciativa por virtud de la cual se deroga la fracci\u00f3n II del art\u00edculo 875 Ter y se adiciona el art\u00edculo 875 Qu\u00e1ter, ambos del C\u00f3digo Civil para el Estado Libre y Soberano de Puebla, con relaci\u00f3n a la Acci\u00f3n de Inconstitucionalidad 73\/2021. &nbsp;&#8230;<\/p>\n","protected":false},"author":16,"featured_media":33955,"comment_status":"closed","ping_status":"closed","sticky":false,"template":"","format":"standard","meta":[],"categories":[3],"tags":[1480,1271],"yoast_head":"<!-- This site is optimized with the Yoast SEO plugin v20.8 - https:\/\/yoast.com\/wordpress\/plugins\/seo\/ -->\n<title>Analiza Comisi\u00f3n del Congreso iniciativa para modificar el C\u00f3digo Civil - The Puebla Times<\/title>\n<meta name=\"robots\" content=\"index, follow, max-snippet:-1, max-image-preview:large, max-video-preview:-1\" \/>\n<link rel=\"canonical\" href=\"https:\/\/thepueblatimes.mx\/index.php\/2025\/10\/28\/analiza-comision-del-congreso-iniciativa-para-modificar-el-codigo-civil\/\" \/>\n<meta property=\"og:locale\" content=\"es_ES\" \/>\n<meta property=\"og:type\" content=\"article\" \/>\n<meta property=\"og:title\" content=\"Analiza Comisi\u00f3n del Congreso iniciativa para modificar el C\u00f3digo Civil - The Puebla Times\" \/>\n<meta property=\"og:description\" content=\"La Comisi\u00f3n de Procuraci\u00f3n y Administraci\u00f3n de Justicia del Congreso analiza la iniciativa por virtud de la cual se deroga la fracci\u00f3n II del art\u00edculo 875 Ter y se adiciona el art\u00edculo 875 Qu\u00e1ter, ambos del C\u00f3digo Civil para el Estado Libre y Soberano de Puebla, con relaci\u00f3n a la Acci\u00f3n de Inconstitucionalidad 73\/2021. &nbsp;...\" \/>\n<meta property=\"og:url\" content=\"https:\/\/thepueblatimes.mx\/index.php\/2025\/10\/28\/analiza-comision-del-congreso-iniciativa-para-modificar-el-codigo-civil\/\" \/>\n<meta property=\"og:site_name\" content=\"The Puebla Times\" \/>\n<meta property=\"article:published_time\" content=\"2025-10-28T18:48:09+00:00\" \/>\n<meta property=\"og:image\" content=\"https:\/\/thepueblatimes.mx\/wp-content\/uploads\/2025\/10\/WhatsApp-Image-2025-10-27-at-21.51.05.jpeg\" \/>\n\t<meta property=\"og:image:width\" content=\"1600\" \/>\n\t<meta property=\"og:image:height\" content=\"898\" \/>\n\t<meta property=\"og:image:type\" content=\"image\/jpeg\" \/>\n<meta name=\"author\" content=\"Sa\u00fal Hern\u00e1ndez\" \/>\n<meta name=\"twitter:card\" content=\"summary_large_image\" \/>\n<meta name=\"twitter:label1\" content=\"Escrito por\" \/>\n\t<meta name=\"twitter:data1\" content=\"Sa\u00fal Hern\u00e1ndez\" \/>\n\t<meta name=\"twitter:label2\" content=\"Tiempo de lectura\" \/>\n\t<meta name=\"twitter:data2\" content=\"1 minuto\" \/>\n<script type=\"application\/ld+json\" class=\"yoast-schema-graph\">{\"@context\":\"https:\/\/schema.org\",\"@graph\":[{\"@type\":\"WebPage\",\"@id\":\"https:\/\/thepueblatimes.mx\/index.php\/2025\/10\/28\/analiza-comision-del-congreso-iniciativa-para-modificar-el-codigo-civil\/\",\"url\":\"https:\/\/thepueblatimes.mx\/index.php\/2025\/10\/28\/analiza-comision-del-congreso-iniciativa-para-modificar-el-codigo-civil\/\",\"name\":\"Analiza Comisi\u00f3n del Congreso iniciativa para modificar el C\u00f3digo Civil - The Puebla Times\",\"isPartOf\":{\"@id\":\"https:\/\/thepueblatimes.mx\/#website\"},\"datePublished\":\"2025-10-28T18:48:09+00:00\",\"dateModified\":\"2025-10-28T18:48:09+00:00\",\"author\":{\"@id\":\"https:\/\/thepueblatimes.mx\/#\/schema\/person\/1664894c2f65ce2c7a08d8f5f905c13c\"},\"breadcrumb\":{\"@id\":\"https:\/\/thepueblatimes.mx\/index.php\/2025\/10\/28\/analiza-comision-del-congreso-iniciativa-para-modificar-el-codigo-civil\/#breadcrumb\"},\"inLanguage\":\"es\",\"potentialAction\":[{\"@type\":\"ReadAction\",\"target\":[\"https:\/\/thepueblatimes.mx\/index.php\/2025\/10\/28\/analiza-comision-del-congreso-iniciativa-para-modificar-el-codigo-civil\/\"]}]},{\"@type\":\"BreadcrumbList\",\"@id\":\"https:\/\/thepueblatimes.mx\/index.php\/2025\/10\/28\/analiza-comision-del-congreso-iniciativa-para-modificar-el-codigo-civil\/#breadcrumb\",\"itemListElement\":[{\"@type\":\"ListItem\",\"position\":1,\"name\":\"Portada\",\"item\":\"https:\/\/thepueblatimes.mx\/\"},{\"@type\":\"ListItem\",\"position\":2,\"name\":\"Analiza Comisi\u00f3n del Congreso iniciativa para modificar el C\u00f3digo Civil\"}]},{\"@type\":\"WebSite\",\"@id\":\"https:\/\/thepueblatimes.mx\/#website\",\"url\":\"https:\/\/thepueblatimes.mx\/\",\"name\":\"The Puebla Times\",\"description\":\"Noticias del Estado de Puebla\",\"potentialAction\":[{\"@type\":\"SearchAction\",\"target\":{\"@type\":\"EntryPoint\",\"urlTemplate\":\"https:\/\/thepueblatimes.mx\/?s={search_term_string}\"},\"query-input\":\"required name=search_term_string\"}],\"inLanguage\":\"es\"},{\"@type\":\"Person\",\"@id\":\"https:\/\/thepueblatimes.mx\/#\/schema\/person\/1664894c2f65ce2c7a08d8f5f905c13c\",\"name\":\"Sa\u00fal Hern\u00e1ndez\",\"image\":{\"@type\":\"ImageObject\",\"inLanguage\":\"es\",\"@id\":\"https:\/\/thepueblatimes.mx\/#\/schema\/person\/image\/\",\"url\":\"https:\/\/secure.gravatar.com\/avatar\/11be338693f243309532caad8f10c930?s=96&d=mm&r=g\",\"contentUrl\":\"https:\/\/secure.gravatar.com\/avatar\/11be338693f243309532caad8f10c930?s=96&d=mm&r=g\",\"caption\":\"Sa\u00fal Hern\u00e1ndez\"},\"url\":\"https:\/\/thepueblatimes.mx\/index.php\/author\/saulhernandez\/\"}]}<\/script>\n<!-- \/ Yoast SEO plugin. -->","yoast_head_json":{"title":"Analiza Comisi\u00f3n del Congreso iniciativa para modificar el C\u00f3digo Civil - The Puebla Times","robots":{"index":"index","follow":"follow","max-snippet":"max-snippet:-1","max-image-preview":"max-image-preview:large","max-video-preview":"max-video-preview:-1"},"canonical":"https:\/\/thepueblatimes.mx\/index.php\/2025\/10\/28\/analiza-comision-del-congreso-iniciativa-para-modificar-el-codigo-civil\/","og_locale":"es_ES","og_type":"article","og_title":"Analiza Comisi\u00f3n del Congreso iniciativa para modificar el C\u00f3digo Civil - The Puebla Times","og_description":"La Comisi\u00f3n de Procuraci\u00f3n y Administraci\u00f3n de Justicia del Congreso analiza la iniciativa por virtud de la cual se deroga la fracci\u00f3n II del art\u00edculo 875 Ter y se adiciona el art\u00edculo 875 Qu\u00e1ter, ambos del C\u00f3digo Civil para el Estado Libre y Soberano de Puebla, con relaci\u00f3n a la Acci\u00f3n de Inconstitucionalidad 73\/2021. &nbsp;...","og_url":"https:\/\/thepueblatimes.mx\/index.php\/2025\/10\/28\/analiza-comision-del-congreso-iniciativa-para-modificar-el-codigo-civil\/","og_site_name":"The Puebla Times","article_published_time":"2025-10-28T18:48:09+00:00","og_image":[{"width":1600,"height":898,"url":"https:\/\/thepueblatimes.mx\/wp-content\/uploads\/2025\/10\/WhatsApp-Image-2025-10-27-at-21.51.05.jpeg","type":"image\/jpeg"}],"author":"Sa\u00fal Hern\u00e1ndez","twitter_card":"summary_large_image","twitter_misc":{"Escrito por":"Sa\u00fal Hern\u00e1ndez","Tiempo de lectura":"1 minuto"},"schema":{"@context":"https:\/\/schema.org","@graph":[{"@type":"WebPage","@id":"https:\/\/thepueblatimes.mx\/index.php\/2025\/10\/28\/analiza-comision-del-congreso-iniciativa-para-modificar-el-codigo-civil\/","url":"https:\/\/thepueblatimes.mx\/index.php\/2025\/10\/28\/analiza-comision-del-congreso-iniciativa-para-modificar-el-codigo-civil\/","name":"Analiza Comisi\u00f3n del Congreso iniciativa para modificar el C\u00f3digo Civil - The Puebla Times","isPartOf":{"@id":"https:\/\/thepueblatimes.mx\/#website"},"datePublished":"2025-10-28T18:48:09+00:00","dateModified":"2025-10-28T18:48:09+00:00","author":{"@id":"https:\/\/thepueblatimes.mx\/#\/schema\/person\/1664894c2f65ce2c7a08d8f5f905c13c"},"breadcrumb":{"@id":"https:\/\/thepueblatimes.mx\/index.php\/2025\/10\/28\/analiza-comision-del-congreso-iniciativa-para-modificar-el-codigo-civil\/#breadcrumb"},"inLanguage":"es","potentialAction":[{"@type":"ReadAction","target":["https:\/\/thepueblatimes.mx\/index.php\/2025\/10\/28\/analiza-comision-del-congreso-iniciativa-para-modificar-el-codigo-civil\/"]}]},{"@type":"BreadcrumbList","@id":"https:\/\/thepueblatimes.mx\/index.php\/2025\/10\/28\/analiza-comision-del-congreso-iniciativa-para-modificar-el-codigo-civil\/#breadcrumb","itemListElement":[{"@type":"ListItem","position":1,"name":"Portada","item":"https:\/\/thepueblatimes.mx\/"},{"@type":"ListItem","position":2,"name":"Analiza Comisi\u00f3n del Congreso iniciativa para modificar el C\u00f3digo Civil"}]},{"@type":"WebSite","@id":"https:\/\/thepueblatimes.mx\/#website","url":"https:\/\/thepueblatimes.mx\/","name":"The Puebla Times","description":"Noticias del Estado de Puebla","potentialAction":[{"@type":"SearchAction","target":{"@type":"EntryPoint","urlTemplate":"https:\/\/thepueblatimes.mx\/?s={search_term_string}"},"query-input":"required name=search_term_string"}],"inLanguage":"es"},{"@type":"Person","@id":"https:\/\/thepueblatimes.mx\/#\/schema\/person\/1664894c2f65ce2c7a08d8f5f905c13c","name":"Sa\u00fal Hern\u00e1ndez","image":{"@type":"ImageObject","inLanguage":"es","@id":"https:\/\/thepueblatimes.mx\/#\/schema\/person\/image\/","url":"https:\/\/secure.gravatar.com\/avatar\/11be338693f243309532caad8f10c930?s=96&d=mm&r=g","contentUrl":"https:\/\/secure.gravatar.com\/avatar\/11be338693f243309532caad8f10c930?s=96&d=mm&r=g","caption":"Sa\u00fal Hern\u00e1ndez"},"url":"https:\/\/thepueblatimes.mx\/index.php\/author\/saulhernandez\/"}]}},"jetpack_featured_media_url":"https:\/\/thepueblatimes.mx\/wp-content\/uploads\/2025\/10\/WhatsApp-Image-2025-10-27-at-21.51.05.jpeg","_links":{"self":[{"href":"https:\/\/thepueblatimes.mx\/index.php\/wp-json\/wp\/v2\/posts\/33954"}],"collection":[{"href":"https:\/\/thepueblatimes.mx\/index.php\/wp-json\/wp\/v2\/posts"}],"about":[{"href":"https:\/\/thepueblatimes.mx\/index.php\/wp-json\/wp\/v2\/types\/post"}],"author":[{"embeddable":true,"href":"https:\/\/thepueblatimes.mx\/index.php\/wp-json\/wp\/v2\/users\/16"}],"replies":[{"embeddable":true,"href":"https:\/\/thepueblatimes.mx\/index.php\/wp-json\/wp\/v2\/comments?post=33954"}],"version-history":[{"count":1,"href":"https:\/\/thepueblatimes.mx\/index.php\/wp-json\/wp\/v2\/posts\/33954\/revisions"}],"predecessor-version":[{"id":33956,"href":"https:\/\/thepueblatimes.mx\/index.php\/wp-json\/wp\/v2\/posts\/33954\/revisions\/33956"}],"wp:featuredmedia":[{"embeddable":true,"href":"https:\/\/thepueblatimes.mx\/index.php\/wp-json\/wp\/v2\/media\/33955"}],"wp:attachment":[{"href":"https:\/\/thepueblatimes.mx\/index.php\/wp-json\/wp\/v2\/media?parent=33954"}],"wp:term":[{"taxonomy":"category","embeddable":true,"href":"https:\/\/thepueblatimes.mx\/index.php\/wp-json\/wp\/v2\/categories?post=33954"},{"taxonomy":"post_tag","embeddable":true,"href":"https:\/\/thepueblatimes.mx\/index.php\/wp-json\/wp\/v2\/tags?post=33954"}],"curies":[{"name":"wp","href":"https:\/\/api.w.org\/{rel}","templated":true}]}}