{"id":33951,"date":"2025-10-28T12:44:33","date_gmt":"2025-10-28T18:44:33","guid":{"rendered":"https:\/\/thepueblatimes.mx\/?p=33951"},"modified":"2025-10-28T12:44:33","modified_gmt":"2025-10-28T18:44:33","slug":"reciben-ninas-y-ninos-atencion-visual-mediante-el-dif-puebla-capital-y-fundacion-cimarron","status":"publish","type":"post","link":"https:\/\/thepueblatimes.mx\/index.php\/2025\/10\/28\/reciben-ninas-y-ninos-atencion-visual-mediante-el-dif-puebla-capital-y-fundacion-cimarron\/","title":{"rendered":"Reciben ni\u00f1as y ni\u00f1os atenci\u00f3n visual mediante el DIF Puebla Capital y Fundaci\u00f3n Cimarr\u00f3n"},"content":{"rendered":"<p>Puebla, Pue. &#8211; A trav\u00e9s del compromiso y trabajo que impulsa la presidenta del Patronato del DIF Puebla Capital, MariElise Budib, en favor de la ni\u00f1ez poblana, se puso en marcha la implementaci\u00f3n del convenio de colaboraci\u00f3n con Fundaci\u00f3n Cimarr\u00f3n, mismo que se firm\u00f3 hace algunos meses. El objetivo es fortalecer el bienestar y la inclusi\u00f3n de ni\u00f1as y ni\u00f1os con discapacidad visual, para lo cual se realizaron los primeros 147 ex\u00e1menes optom\u00e9tricos en la Secundaria Federal No. 2 y la Escuela Primaria 6 de enero, ubicadas en la junta auxiliar de San Baltazar Campeche.<\/p>\n<p>Con estas acciones, se beneficiar\u00e1 a un total de 200 estudiantes de nivel primaria y secundaria que padecen debilidad visual, mediante la entrega de lentes adaptados a sus necesidades, contribuyendo a mejorar su calidad de vida y desempe\u00f1o escolar. Este esfuerzo conjunto reafirma el compromiso del Gobierno de la Ciudad por generar m\u00e1s oportunidades para la ni\u00f1ez en situaci\u00f3n de vulnerabilidad y promover entornos m\u00e1s inclusivos y saludables.<\/p>\n","protected":false},"excerpt":{"rendered":"<p>Puebla, Pue. &#8211; A trav\u00e9s del compromiso y trabajo que impulsa la presidenta del Patronato del DIF Puebla Capital, MariElise Budib, en favor de la ni\u00f1ez poblana, se puso en marcha la implementaci\u00f3n del convenio de colaboraci\u00f3n con Fundaci\u00f3n Cimarr\u00f3n, mismo que se firm\u00f3 hace algunos meses. El objetivo es fortalecer el bienestar y la&#8230;<\/p>\n","protected":false},"author":16,"featured_media":33952,"comment_status":"closed","ping_status":"closed","sticky":false,"template":"","format":"standard","meta":[],"categories":[20],"tags":[1287,1374,1616],"yoast_head":"<!-- This site is optimized with the Yoast SEO plugin v20.8 - https:\/\/yoast.com\/wordpress\/plugins\/seo\/ -->\n<title>Reciben ni\u00f1as y ni\u00f1os atenci\u00f3n visual mediante el DIF Puebla Capital y Fundaci\u00f3n Cimarr\u00f3n - The Puebla Times<\/title>\n<meta name=\"robots\" content=\"index, follow, max-snippet:-1, max-image-preview:large, max-video-preview:-1\" \/>\n<link rel=\"canonical\" href=\"https:\/\/thepueblatimes.mx\/index.php\/2025\/10\/28\/reciben-ninas-y-ninos-atencion-visual-mediante-el-dif-puebla-capital-y-fundacion-cimarron\/\" \/>\n<meta property=\"og:locale\" content=\"es_ES\" \/>\n<meta property=\"og:type\" content=\"article\" \/>\n<meta property=\"og:title\" content=\"Reciben ni\u00f1as y ni\u00f1os atenci\u00f3n visual mediante el DIF Puebla Capital y Fundaci\u00f3n Cimarr\u00f3n - The Puebla Times\" \/>\n<meta property=\"og:description\" content=\"Puebla, Pue. &#8211; A trav\u00e9s del compromiso y trabajo que impulsa la presidenta del Patronato del DIF Puebla Capital, MariElise Budib, en favor de la ni\u00f1ez poblana, se puso en marcha la implementaci\u00f3n del convenio de colaboraci\u00f3n con Fundaci\u00f3n Cimarr\u00f3n, mismo que se firm\u00f3 hace algunos meses. El objetivo es fortalecer el bienestar y la...\" \/>\n<meta property=\"og:url\" content=\"https:\/\/thepueblatimes.mx\/index.php\/2025\/10\/28\/reciben-ninas-y-ninos-atencion-visual-mediante-el-dif-puebla-capital-y-fundacion-cimarron\/\" \/>\n<meta property=\"og:site_name\" content=\"The Puebla Times\" \/>\n<meta property=\"article:published_time\" content=\"2025-10-28T18:44:33+00:00\" \/>\n<meta property=\"og:image\" content=\"https:\/\/thepueblatimes.mx\/wp-content\/uploads\/2025\/10\/WhatsApp-Image-2025-10-27-at-21.50.30.jpeg\" \/>\n\t<meta property=\"og:image:width\" content=\"1280\" \/>\n\t<meta property=\"og:image:height\" content=\"853\" \/>\n\t<meta property=\"og:image:type\" content=\"image\/jpeg\" \/>\n<meta name=\"author\" content=\"Sa\u00fal Hern\u00e1ndez\" \/>\n<meta name=\"twitter:card\" content=\"summary_large_image\" \/>\n<meta name=\"twitter:label1\" content=\"Escrito por\" \/>\n\t<meta name=\"twitter:data1\" content=\"Sa\u00fal Hern\u00e1ndez\" \/>\n\t<meta name=\"twitter:label2\" content=\"Tiempo de lectura\" \/>\n\t<meta name=\"twitter:data2\" content=\"1 minuto\" \/>\n<script type=\"application\/ld+json\" class=\"yoast-schema-graph\">{\"@context\":\"https:\/\/schema.org\",\"@graph\":[{\"@type\":\"WebPage\",\"@id\":\"https:\/\/thepueblatimes.mx\/index.php\/2025\/10\/28\/reciben-ninas-y-ninos-atencion-visual-mediante-el-dif-puebla-capital-y-fundacion-cimarron\/\",\"url\":\"https:\/\/thepueblatimes.mx\/index.php\/2025\/10\/28\/reciben-ninas-y-ninos-atencion-visual-mediante-el-dif-puebla-capital-y-fundacion-cimarron\/\",\"name\":\"Reciben ni\u00f1as y ni\u00f1os atenci\u00f3n visual mediante el DIF Puebla Capital y Fundaci\u00f3n Cimarr\u00f3n - The Puebla Times\",\"isPartOf\":{\"@id\":\"https:\/\/thepueblatimes.mx\/#website\"},\"datePublished\":\"2025-10-28T18:44:33+00:00\",\"dateModified\":\"2025-10-28T18:44:33+00:00\",\"author\":{\"@id\":\"https:\/\/thepueblatimes.mx\/#\/schema\/person\/1664894c2f65ce2c7a08d8f5f905c13c\"},\"breadcrumb\":{\"@id\":\"https:\/\/thepueblatimes.mx\/index.php\/2025\/10\/28\/reciben-ninas-y-ninos-atencion-visual-mediante-el-dif-puebla-capital-y-fundacion-cimarron\/#breadcrumb\"},\"inLanguage\":\"es\",\"potentialAction\":[{\"@type\":\"ReadAction\",\"target\":[\"https:\/\/thepueblatimes.mx\/index.php\/2025\/10\/28\/reciben-ninas-y-ninos-atencion-visual-mediante-el-dif-puebla-capital-y-fundacion-cimarron\/\"]}]},{\"@type\":\"BreadcrumbList\",\"@id\":\"https:\/\/thepueblatimes.mx\/index.php\/2025\/10\/28\/reciben-ninas-y-ninos-atencion-visual-mediante-el-dif-puebla-capital-y-fundacion-cimarron\/#breadcrumb\",\"itemListElement\":[{\"@type\":\"ListItem\",\"position\":1,\"name\":\"Portada\",\"item\":\"https:\/\/thepueblatimes.mx\/\"},{\"@type\":\"ListItem\",\"position\":2,\"name\":\"Reciben ni\u00f1as y ni\u00f1os atenci\u00f3n visual mediante el DIF Puebla Capital y Fundaci\u00f3n Cimarr\u00f3n\"}]},{\"@type\":\"WebSite\",\"@id\":\"https:\/\/thepueblatimes.mx\/#website\",\"url\":\"https:\/\/thepueblatimes.mx\/\",\"name\":\"The Puebla Times\",\"description\":\"Noticias del Estado de Puebla\",\"potentialAction\":[{\"@type\":\"SearchAction\",\"target\":{\"@type\":\"EntryPoint\",\"urlTemplate\":\"https:\/\/thepueblatimes.mx\/?s={search_term_string}\"},\"query-input\":\"required name=search_term_string\"}],\"inLanguage\":\"es\"},{\"@type\":\"Person\",\"@id\":\"https:\/\/thepueblatimes.mx\/#\/schema\/person\/1664894c2f65ce2c7a08d8f5f905c13c\",\"name\":\"Sa\u00fal Hern\u00e1ndez\",\"image\":{\"@type\":\"ImageObject\",\"inLanguage\":\"es\",\"@id\":\"https:\/\/thepueblatimes.mx\/#\/schema\/person\/image\/\",\"url\":\"https:\/\/secure.gravatar.com\/avatar\/11be338693f243309532caad8f10c930?s=96&d=mm&r=g\",\"contentUrl\":\"https:\/\/secure.gravatar.com\/avatar\/11be338693f243309532caad8f10c930?s=96&d=mm&r=g\",\"caption\":\"Sa\u00fal Hern\u00e1ndez\"},\"url\":\"https:\/\/thepueblatimes.mx\/index.php\/author\/saulhernandez\/\"}]}<\/script>\n<!-- \/ Yoast SEO plugin. -->","yoast_head_json":{"title":"Reciben ni\u00f1as y ni\u00f1os atenci\u00f3n visual mediante el DIF Puebla Capital y Fundaci\u00f3n Cimarr\u00f3n - The Puebla Times","robots":{"index":"index","follow":"follow","max-snippet":"max-snippet:-1","max-image-preview":"max-image-preview:large","max-video-preview":"max-video-preview:-1"},"canonical":"https:\/\/thepueblatimes.mx\/index.php\/2025\/10\/28\/reciben-ninas-y-ninos-atencion-visual-mediante-el-dif-puebla-capital-y-fundacion-cimarron\/","og_locale":"es_ES","og_type":"article","og_title":"Reciben ni\u00f1as y ni\u00f1os atenci\u00f3n visual mediante el DIF Puebla Capital y Fundaci\u00f3n Cimarr\u00f3n - The Puebla Times","og_description":"Puebla, Pue. &#8211; A trav\u00e9s del compromiso y trabajo que impulsa la presidenta del Patronato del DIF Puebla Capital, MariElise Budib, en favor de la ni\u00f1ez poblana, se puso en marcha la implementaci\u00f3n del convenio de colaboraci\u00f3n con Fundaci\u00f3n Cimarr\u00f3n, mismo que se firm\u00f3 hace algunos meses. El objetivo es fortalecer el bienestar y la...","og_url":"https:\/\/thepueblatimes.mx\/index.php\/2025\/10\/28\/reciben-ninas-y-ninos-atencion-visual-mediante-el-dif-puebla-capital-y-fundacion-cimarron\/","og_site_name":"The Puebla Times","article_published_time":"2025-10-28T18:44:33+00:00","og_image":[{"width":1280,"height":853,"url":"https:\/\/thepueblatimes.mx\/wp-content\/uploads\/2025\/10\/WhatsApp-Image-2025-10-27-at-21.50.30.jpeg","type":"image\/jpeg"}],"author":"Sa\u00fal Hern\u00e1ndez","twitter_card":"summary_large_image","twitter_misc":{"Escrito por":"Sa\u00fal Hern\u00e1ndez","Tiempo de lectura":"1 minuto"},"schema":{"@context":"https:\/\/schema.org","@graph":[{"@type":"WebPage","@id":"https:\/\/thepueblatimes.mx\/index.php\/2025\/10\/28\/reciben-ninas-y-ninos-atencion-visual-mediante-el-dif-puebla-capital-y-fundacion-cimarron\/","url":"https:\/\/thepueblatimes.mx\/index.php\/2025\/10\/28\/reciben-ninas-y-ninos-atencion-visual-mediante-el-dif-puebla-capital-y-fundacion-cimarron\/","name":"Reciben ni\u00f1as y ni\u00f1os atenci\u00f3n visual mediante el DIF Puebla Capital y Fundaci\u00f3n Cimarr\u00f3n - The Puebla Times","isPartOf":{"@id":"https:\/\/thepueblatimes.mx\/#website"},"datePublished":"2025-10-28T18:44:33+00:00","dateModified":"2025-10-28T18:44:33+00:00","author":{"@id":"https:\/\/thepueblatimes.mx\/#\/schema\/person\/1664894c2f65ce2c7a08d8f5f905c13c"},"breadcrumb":{"@id":"https:\/\/thepueblatimes.mx\/index.php\/2025\/10\/28\/reciben-ninas-y-ninos-atencion-visual-mediante-el-dif-puebla-capital-y-fundacion-cimarron\/#breadcrumb"},"inLanguage":"es","potentialAction":[{"@type":"ReadAction","target":["https:\/\/thepueblatimes.mx\/index.php\/2025\/10\/28\/reciben-ninas-y-ninos-atencion-visual-mediante-el-dif-puebla-capital-y-fundacion-cimarron\/"]}]},{"@type":"BreadcrumbList","@id":"https:\/\/thepueblatimes.mx\/index.php\/2025\/10\/28\/reciben-ninas-y-ninos-atencion-visual-mediante-el-dif-puebla-capital-y-fundacion-cimarron\/#breadcrumb","itemListElement":[{"@type":"ListItem","position":1,"name":"Portada","item":"https:\/\/thepueblatimes.mx\/"},{"@type":"ListItem","position":2,"name":"Reciben ni\u00f1as y ni\u00f1os atenci\u00f3n visual mediante el DIF Puebla Capital y Fundaci\u00f3n Cimarr\u00f3n"}]},{"@type":"WebSite","@id":"https:\/\/thepueblatimes.mx\/#website","url":"https:\/\/thepueblatimes.mx\/","name":"The Puebla Times","description":"Noticias del Estado de Puebla","potentialAction":[{"@type":"SearchAction","target":{"@type":"EntryPoint","urlTemplate":"https:\/\/thepueblatimes.mx\/?s={search_term_string}"},"query-input":"required name=search_term_string"}],"inLanguage":"es"},{"@type":"Person","@id":"https:\/\/thepueblatimes.mx\/#\/schema\/person\/1664894c2f65ce2c7a08d8f5f905c13c","name":"Sa\u00fal Hern\u00e1ndez","image":{"@type":"ImageObject","inLanguage":"es","@id":"https:\/\/thepueblatimes.mx\/#\/schema\/person\/image\/","url":"https:\/\/secure.gravatar.com\/avatar\/11be338693f243309532caad8f10c930?s=96&d=mm&r=g","contentUrl":"https:\/\/secure.gravatar.com\/avatar\/11be338693f243309532caad8f10c930?s=96&d=mm&r=g","caption":"Sa\u00fal Hern\u00e1ndez"},"url":"https:\/\/thepueblatimes.mx\/index.php\/author\/saulhernandez\/"}]}},"jetpack_featured_media_url":"https:\/\/thepueblatimes.mx\/wp-content\/uploads\/2025\/10\/WhatsApp-Image-2025-10-27-at-21.50.30.jpeg","_links":{"self":[{"href":"https:\/\/thepueblatimes.mx\/index.php\/wp-json\/wp\/v2\/posts\/33951"}],"collection":[{"href":"https:\/\/thepueblatimes.mx\/index.php\/wp-json\/wp\/v2\/posts"}],"about":[{"href":"https:\/\/thepueblatimes.mx\/index.php\/wp-json\/wp\/v2\/types\/post"}],"author":[{"embeddable":true,"href":"https:\/\/thepueblatimes.mx\/index.php\/wp-json\/wp\/v2\/users\/16"}],"replies":[{"embeddable":true,"href":"https:\/\/thepueblatimes.mx\/index.php\/wp-json\/wp\/v2\/comments?post=33951"}],"version-history":[{"count":1,"href":"https:\/\/thepueblatimes.mx\/index.php\/wp-json\/wp\/v2\/posts\/33951\/revisions"}],"predecessor-version":[{"id":33953,"href":"https:\/\/thepueblatimes.mx\/index.php\/wp-json\/wp\/v2\/posts\/33951\/revisions\/33953"}],"wp:featuredmedia":[{"embeddable":true,"href":"https:\/\/thepueblatimes.mx\/index.php\/wp-json\/wp\/v2\/media\/33952"}],"wp:attachment":[{"href":"https:\/\/thepueblatimes.mx\/index.php\/wp-json\/wp\/v2\/media?parent=33951"}],"wp:term":[{"taxonomy":"category","embeddable":true,"href":"https:\/\/thepueblatimes.mx\/index.php\/wp-json\/wp\/v2\/categories?post=33951"},{"taxonomy":"post_tag","embeddable":true,"href":"https:\/\/thepueblatimes.mx\/index.php\/wp-json\/wp\/v2\/tags?post=33951"}],"curies":[{"name":"wp","href":"https:\/\/api.w.org\/{rel}","templated":true}]}}