{"id":33909,"date":"2025-10-27T09:50:29","date_gmt":"2025-10-27T15:50:29","guid":{"rendered":"https:\/\/thepueblatimes.mx\/?p=33909"},"modified":"2025-10-27T09:50:29","modified_gmt":"2025-10-27T15:50:29","slug":"presento-beatriz-manrique-su-primer-informe-legislativo","status":"publish","type":"post","link":"https:\/\/thepueblatimes.mx\/index.php\/2025\/10\/27\/presento-beatriz-manrique-su-primer-informe-legislativo\/","title":{"rendered":"Present\u00f3 Beatriz Manrique su Primer Informe Legislativo"},"content":{"rendered":"<p>La diputada local, Beatriz Manrique Guevara, present\u00f3 su Primer Informe Legislativo donde reiter\u00f3 su compromiso de servir a las y los poblanos, no solo en la modernizaci\u00f3n de la legislaci\u00f3n en Puebla, sino en buscar un equilibrio entre leyes modernas y m\u00e1s humanas, con el objetivo de lograr una Puebla m\u00e1s justa, sustentable y sostenible.<\/p>\n<p>&nbsp;<\/p>\n<p>\u201cMi labor como legisladora durante este periodo no fue \u00fanicamente el escribir en papel, ha sido el escuchar la voz de las y los ciudadanos, traducir sus necesidades en propuestas concretas y garantizar que cada decisi\u00f3n refleje los intereses colectivos de todas y todos; evaluar los riesgos y necesidades de la gesti\u00f3n de nuestro territorio y actuar en consecuencia\u201d.<\/p>\n<p>&nbsp;<\/p>\n<p>Tras recordar que este a\u00f1o enfrent\u00f3 la batalla m\u00e1s grande de su vida que le exigi\u00f3 fortaleza y resiliencia, jam\u00e1s se alej\u00f3 de su responsabilidad con el Estado y su encargo trabajado con compromiso ante la honrosa encomienda de ser diputada de Puebla.<\/p>\n<p>&nbsp;<\/p>\n<p>Acompa\u00f1ada por el presidente municipal de Puebla, Jos\u00e9 Chedraui Budib; la directora general de la Loter\u00eda Nacional, Olivia Salom\u00f3n Vivaldo; la secretaria de Cultura del gobierno del estado, Alejandra Pacheco Mex, as\u00ed como empresarios, la diputada por el Partido Verde Ecologista de M\u00e9xico (PVEM), mencion\u00f3 que hoy m\u00e1s que nunca, es indispensable que la agenda legislativa se encuentre alineada con la Agenda 2030.<\/p>\n<p>&nbsp;<\/p>\n<p>Manrique Guevara inform\u00f3 que en su primer a\u00f1o de gesti\u00f3n present\u00f3 10 iniciativas y cuatro puntos de acuerdo, abordando temas prioritarios como el combate contra el cambio clim\u00e1tico, la protecci\u00f3n y aprovechamiento responsable de nuestros bosques, el fortalecimiento del marco jur\u00eddico ambiental y econ\u00f3mico con visi\u00f3n de sustentabilidad, as\u00ed como la ampliaci\u00f3n de los mecanismos de participaci\u00f3n ciudadana.<\/p>\n<p>&nbsp;<\/p>\n<p>Tambi\u00e9n impuls\u00f3 propuestas para garantizar el respeto a los derechos de los pueblos originarios y afromexicanos, ordenar el crecimiento de las ciudades, combatir con firmeza la violencia familiar y promover un sistema de salud con perspectiva de g\u00e9nero y respeto irrestricto a los derechos humanos.<\/p>\n<p>&nbsp;<\/p>\n<p>Al Primer Informe Legislativo de Beatriz Manrique asistieron las y los legisladores Azucena Rosas Tapia, Mar\u00eda Soledad Amieva Zamora, Susana Riestra Pi\u00f1a, Ana Laura G\u00f3mez Ram\u00edrez, Mar\u00eda Fernanda de la Barreda Angon, Kathya S\u00e1nchez Rodr\u00edguez, Celia Bonaga Ru\u00edz, Esther Mart\u00ednez Romano, Leonela Jazm\u00edn Mart\u00ednez Ayala y Jos\u00e9 Luis Figueroa Cort\u00e9s.<\/p>\n","protected":false},"excerpt":{"rendered":"<p>La diputada local, Beatriz Manrique Guevara, present\u00f3 su Primer Informe Legislativo donde reiter\u00f3 su compromiso de servir a las y los poblanos, no solo en la modernizaci\u00f3n de la legislaci\u00f3n en Puebla, sino en buscar un equilibrio entre leyes modernas y m\u00e1s humanas, con el objetivo de lograr una Puebla m\u00e1s justa, sustentable y sostenible&#8230;.<\/p>\n","protected":false},"author":16,"featured_media":33910,"comment_status":"closed","ping_status":"closed","sticky":false,"template":"","format":"standard","meta":[],"categories":[3],"tags":[1480,1271],"yoast_head":"<!-- This site is optimized with the Yoast SEO plugin v20.8 - https:\/\/yoast.com\/wordpress\/plugins\/seo\/ -->\n<title>Present\u00f3 Beatriz Manrique su Primer Informe Legislativo - The Puebla Times<\/title>\n<meta name=\"robots\" content=\"index, follow, max-snippet:-1, max-image-preview:large, max-video-preview:-1\" \/>\n<link rel=\"canonical\" href=\"https:\/\/thepueblatimes.mx\/index.php\/2025\/10\/27\/presento-beatriz-manrique-su-primer-informe-legislativo\/\" \/>\n<meta property=\"og:locale\" content=\"es_ES\" \/>\n<meta property=\"og:type\" content=\"article\" \/>\n<meta property=\"og:title\" content=\"Present\u00f3 Beatriz Manrique su Primer Informe Legislativo - The Puebla Times\" \/>\n<meta property=\"og:description\" content=\"La diputada local, Beatriz Manrique Guevara, present\u00f3 su Primer Informe Legislativo donde reiter\u00f3 su compromiso de servir a las y los poblanos, no solo en la modernizaci\u00f3n de la legislaci\u00f3n en Puebla, sino en buscar un equilibrio entre leyes modernas y m\u00e1s humanas, con el objetivo de lograr una Puebla m\u00e1s justa, sustentable y sostenible....\" \/>\n<meta property=\"og:url\" content=\"https:\/\/thepueblatimes.mx\/index.php\/2025\/10\/27\/presento-beatriz-manrique-su-primer-informe-legislativo\/\" \/>\n<meta property=\"og:site_name\" content=\"The Puebla Times\" \/>\n<meta property=\"article:published_time\" content=\"2025-10-27T15:50:29+00:00\" \/>\n<meta property=\"og:image\" content=\"https:\/\/thepueblatimes.mx\/wp-content\/uploads\/2025\/10\/WhatsApp-Image-2025-10-26-at-14.33.44.jpeg\" \/>\n\t<meta property=\"og:image:width\" content=\"1280\" \/>\n\t<meta property=\"og:image:height\" content=\"854\" \/>\n\t<meta property=\"og:image:type\" content=\"image\/jpeg\" \/>\n<meta name=\"author\" content=\"Sa\u00fal Hern\u00e1ndez\" \/>\n<meta name=\"twitter:card\" content=\"summary_large_image\" \/>\n<meta name=\"twitter:label1\" content=\"Escrito por\" \/>\n\t<meta name=\"twitter:data1\" content=\"Sa\u00fal Hern\u00e1ndez\" \/>\n\t<meta name=\"twitter:label2\" content=\"Tiempo de lectura\" \/>\n\t<meta name=\"twitter:data2\" content=\"2 minutos\" \/>\n<script type=\"application\/ld+json\" class=\"yoast-schema-graph\">{\"@context\":\"https:\/\/schema.org\",\"@graph\":[{\"@type\":\"WebPage\",\"@id\":\"https:\/\/thepueblatimes.mx\/index.php\/2025\/10\/27\/presento-beatriz-manrique-su-primer-informe-legislativo\/\",\"url\":\"https:\/\/thepueblatimes.mx\/index.php\/2025\/10\/27\/presento-beatriz-manrique-su-primer-informe-legislativo\/\",\"name\":\"Present\u00f3 Beatriz Manrique su Primer Informe Legislativo - The Puebla Times\",\"isPartOf\":{\"@id\":\"https:\/\/thepueblatimes.mx\/#website\"},\"datePublished\":\"2025-10-27T15:50:29+00:00\",\"dateModified\":\"2025-10-27T15:50:29+00:00\",\"author\":{\"@id\":\"https:\/\/thepueblatimes.mx\/#\/schema\/person\/1664894c2f65ce2c7a08d8f5f905c13c\"},\"breadcrumb\":{\"@id\":\"https:\/\/thepueblatimes.mx\/index.php\/2025\/10\/27\/presento-beatriz-manrique-su-primer-informe-legislativo\/#breadcrumb\"},\"inLanguage\":\"es\",\"potentialAction\":[{\"@type\":\"ReadAction\",\"target\":[\"https:\/\/thepueblatimes.mx\/index.php\/2025\/10\/27\/presento-beatriz-manrique-su-primer-informe-legislativo\/\"]}]},{\"@type\":\"BreadcrumbList\",\"@id\":\"https:\/\/thepueblatimes.mx\/index.php\/2025\/10\/27\/presento-beatriz-manrique-su-primer-informe-legislativo\/#breadcrumb\",\"itemListElement\":[{\"@type\":\"ListItem\",\"position\":1,\"name\":\"Portada\",\"item\":\"https:\/\/thepueblatimes.mx\/\"},{\"@type\":\"ListItem\",\"position\":2,\"name\":\"Present\u00f3 Beatriz Manrique su Primer Informe Legislativo\"}]},{\"@type\":\"WebSite\",\"@id\":\"https:\/\/thepueblatimes.mx\/#website\",\"url\":\"https:\/\/thepueblatimes.mx\/\",\"name\":\"The Puebla Times\",\"description\":\"Noticias del Estado de Puebla\",\"potentialAction\":[{\"@type\":\"SearchAction\",\"target\":{\"@type\":\"EntryPoint\",\"urlTemplate\":\"https:\/\/thepueblatimes.mx\/?s={search_term_string}\"},\"query-input\":\"required name=search_term_string\"}],\"inLanguage\":\"es\"},{\"@type\":\"Person\",\"@id\":\"https:\/\/thepueblatimes.mx\/#\/schema\/person\/1664894c2f65ce2c7a08d8f5f905c13c\",\"name\":\"Sa\u00fal Hern\u00e1ndez\",\"image\":{\"@type\":\"ImageObject\",\"inLanguage\":\"es\",\"@id\":\"https:\/\/thepueblatimes.mx\/#\/schema\/person\/image\/\",\"url\":\"https:\/\/secure.gravatar.com\/avatar\/11be338693f243309532caad8f10c930?s=96&d=mm&r=g\",\"contentUrl\":\"https:\/\/secure.gravatar.com\/avatar\/11be338693f243309532caad8f10c930?s=96&d=mm&r=g\",\"caption\":\"Sa\u00fal Hern\u00e1ndez\"},\"url\":\"https:\/\/thepueblatimes.mx\/index.php\/author\/saulhernandez\/\"}]}<\/script>\n<!-- \/ Yoast SEO plugin. -->","yoast_head_json":{"title":"Present\u00f3 Beatriz Manrique su Primer Informe Legislativo - The Puebla Times","robots":{"index":"index","follow":"follow","max-snippet":"max-snippet:-1","max-image-preview":"max-image-preview:large","max-video-preview":"max-video-preview:-1"},"canonical":"https:\/\/thepueblatimes.mx\/index.php\/2025\/10\/27\/presento-beatriz-manrique-su-primer-informe-legislativo\/","og_locale":"es_ES","og_type":"article","og_title":"Present\u00f3 Beatriz Manrique su Primer Informe Legislativo - The Puebla Times","og_description":"La diputada local, Beatriz Manrique Guevara, present\u00f3 su Primer Informe Legislativo donde reiter\u00f3 su compromiso de servir a las y los poblanos, no solo en la modernizaci\u00f3n de la legislaci\u00f3n en Puebla, sino en buscar un equilibrio entre leyes modernas y m\u00e1s humanas, con el objetivo de lograr una Puebla m\u00e1s justa, sustentable y sostenible....","og_url":"https:\/\/thepueblatimes.mx\/index.php\/2025\/10\/27\/presento-beatriz-manrique-su-primer-informe-legislativo\/","og_site_name":"The Puebla Times","article_published_time":"2025-10-27T15:50:29+00:00","og_image":[{"width":1280,"height":854,"url":"https:\/\/thepueblatimes.mx\/wp-content\/uploads\/2025\/10\/WhatsApp-Image-2025-10-26-at-14.33.44.jpeg","type":"image\/jpeg"}],"author":"Sa\u00fal Hern\u00e1ndez","twitter_card":"summary_large_image","twitter_misc":{"Escrito por":"Sa\u00fal Hern\u00e1ndez","Tiempo de lectura":"2 minutos"},"schema":{"@context":"https:\/\/schema.org","@graph":[{"@type":"WebPage","@id":"https:\/\/thepueblatimes.mx\/index.php\/2025\/10\/27\/presento-beatriz-manrique-su-primer-informe-legislativo\/","url":"https:\/\/thepueblatimes.mx\/index.php\/2025\/10\/27\/presento-beatriz-manrique-su-primer-informe-legislativo\/","name":"Present\u00f3 Beatriz Manrique su Primer Informe Legislativo - The Puebla Times","isPartOf":{"@id":"https:\/\/thepueblatimes.mx\/#website"},"datePublished":"2025-10-27T15:50:29+00:00","dateModified":"2025-10-27T15:50:29+00:00","author":{"@id":"https:\/\/thepueblatimes.mx\/#\/schema\/person\/1664894c2f65ce2c7a08d8f5f905c13c"},"breadcrumb":{"@id":"https:\/\/thepueblatimes.mx\/index.php\/2025\/10\/27\/presento-beatriz-manrique-su-primer-informe-legislativo\/#breadcrumb"},"inLanguage":"es","potentialAction":[{"@type":"ReadAction","target":["https:\/\/thepueblatimes.mx\/index.php\/2025\/10\/27\/presento-beatriz-manrique-su-primer-informe-legislativo\/"]}]},{"@type":"BreadcrumbList","@id":"https:\/\/thepueblatimes.mx\/index.php\/2025\/10\/27\/presento-beatriz-manrique-su-primer-informe-legislativo\/#breadcrumb","itemListElement":[{"@type":"ListItem","position":1,"name":"Portada","item":"https:\/\/thepueblatimes.mx\/"},{"@type":"ListItem","position":2,"name":"Present\u00f3 Beatriz Manrique su Primer Informe Legislativo"}]},{"@type":"WebSite","@id":"https:\/\/thepueblatimes.mx\/#website","url":"https:\/\/thepueblatimes.mx\/","name":"The Puebla Times","description":"Noticias del Estado de Puebla","potentialAction":[{"@type":"SearchAction","target":{"@type":"EntryPoint","urlTemplate":"https:\/\/thepueblatimes.mx\/?s={search_term_string}"},"query-input":"required name=search_term_string"}],"inLanguage":"es"},{"@type":"Person","@id":"https:\/\/thepueblatimes.mx\/#\/schema\/person\/1664894c2f65ce2c7a08d8f5f905c13c","name":"Sa\u00fal Hern\u00e1ndez","image":{"@type":"ImageObject","inLanguage":"es","@id":"https:\/\/thepueblatimes.mx\/#\/schema\/person\/image\/","url":"https:\/\/secure.gravatar.com\/avatar\/11be338693f243309532caad8f10c930?s=96&d=mm&r=g","contentUrl":"https:\/\/secure.gravatar.com\/avatar\/11be338693f243309532caad8f10c930?s=96&d=mm&r=g","caption":"Sa\u00fal Hern\u00e1ndez"},"url":"https:\/\/thepueblatimes.mx\/index.php\/author\/saulhernandez\/"}]}},"jetpack_featured_media_url":"https:\/\/thepueblatimes.mx\/wp-content\/uploads\/2025\/10\/WhatsApp-Image-2025-10-26-at-14.33.44.jpeg","_links":{"self":[{"href":"https:\/\/thepueblatimes.mx\/index.php\/wp-json\/wp\/v2\/posts\/33909"}],"collection":[{"href":"https:\/\/thepueblatimes.mx\/index.php\/wp-json\/wp\/v2\/posts"}],"about":[{"href":"https:\/\/thepueblatimes.mx\/index.php\/wp-json\/wp\/v2\/types\/post"}],"author":[{"embeddable":true,"href":"https:\/\/thepueblatimes.mx\/index.php\/wp-json\/wp\/v2\/users\/16"}],"replies":[{"embeddable":true,"href":"https:\/\/thepueblatimes.mx\/index.php\/wp-json\/wp\/v2\/comments?post=33909"}],"version-history":[{"count":1,"href":"https:\/\/thepueblatimes.mx\/index.php\/wp-json\/wp\/v2\/posts\/33909\/revisions"}],"predecessor-version":[{"id":33911,"href":"https:\/\/thepueblatimes.mx\/index.php\/wp-json\/wp\/v2\/posts\/33909\/revisions\/33911"}],"wp:featuredmedia":[{"embeddable":true,"href":"https:\/\/thepueblatimes.mx\/index.php\/wp-json\/wp\/v2\/media\/33910"}],"wp:attachment":[{"href":"https:\/\/thepueblatimes.mx\/index.php\/wp-json\/wp\/v2\/media?parent=33909"}],"wp:term":[{"taxonomy":"category","embeddable":true,"href":"https:\/\/thepueblatimes.mx\/index.php\/wp-json\/wp\/v2\/categories?post=33909"},{"taxonomy":"post_tag","embeddable":true,"href":"https:\/\/thepueblatimes.mx\/index.php\/wp-json\/wp\/v2\/tags?post=33909"}],"curies":[{"name":"wp","href":"https:\/\/api.w.org\/{rel}","templated":true}]}}