{"id":33903,"date":"2025-10-27T09:40:08","date_gmt":"2025-10-27T15:40:08","guid":{"rendered":"https:\/\/thepueblatimes.mx\/?p=33903"},"modified":"2025-10-27T09:40:08","modified_gmt":"2025-10-27T15:40:08","slug":"imjuve-reunio-a-cientos-de-miles-de-jovenes-en-la-rodada-y-carrera-por-la-paz-y-contra-las-adicciones-edicion-dia-de-muertos","status":"publish","type":"post","link":"https:\/\/thepueblatimes.mx\/index.php\/2025\/10\/27\/imjuve-reunio-a-cientos-de-miles-de-jovenes-en-la-rodada-y-carrera-por-la-paz-y-contra-las-adicciones-edicion-dia-de-muertos\/","title":{"rendered":"IMJUVE reuni\u00f3 a cientos de miles de j\u00f3venes en la Rodada y Carrera por la paz y contra las adicciones, edici\u00f3n D\u00eda de Muertos"},"content":{"rendered":"<p>Ciudad de M\u00e9xico, octubre 2025.- El Instituto Mexicano de la Juventud (IMJUVE) convoc\u00f3 a juventudes de todo el pa\u00eds a participar en la segunda edici\u00f3n de la Rodada y Carrera por la Paz y Contra las Adicciones, una actividad que este a\u00f1o se visti\u00f3 de color y tradici\u00f3n con su tem\u00e1tica especial de D\u00eda de Muertos, convirti\u00e9ndose en una jornada llena de energ\u00eda, convivencia y participaci\u00f3n comunitaria.<\/p>\n<p>Del 24 al 26 de octubre, se realizaron m\u00e1s de 700 eventos simult\u00e1neos en los 32 estados de la Rep\u00fablica, reuniendo a m\u00e1s de 400 mil j\u00f3venes, que recorrieron m\u00e1s de 4,700 kil\u00f3metros acompa\u00f1ados de sus familias, amistades\u2026 \u00a1y hasta sus lomitos!<\/p>\n<p>Esta gran movilizaci\u00f3n forma parte de la Estrategia Nacional \u201cPor la Paz y Contra las Adicciones\u201d, y fue posible gracias al trabajo conjunto del IMJUVE, la Secretar\u00eda del Trabajo y Previsi\u00f3n Social, la Secretar\u00eda de Educaci\u00f3n P\u00fablica, la Comisi\u00f3n Nacional de Cultura F\u00edsica y Deporte (CONADE), as\u00ed como instituciones educativas como el Tecnol\u00f3gico Nacional de M\u00e9xico (TecNM), el Instituto Polit\u00e9cnico Nacional (IPN), el Colegio Nacional de Educaci\u00f3n Profesional T\u00e9cnica (CONALEP) y las instancias estatales de juventud.<\/p>\n<p>\u201cEl objetivo es que las juventudes se apropien del espacio p\u00fablico y celebren nuestras tradiciones de manera saludable, fomentando la actividad f\u00edsica, la integraci\u00f3n familiar y la cultura de paz\u201d, destac\u00f3 el Director General del IMJUVE, Abraham Carro Toledo.<\/p>\n<p>La convocatoria fue completamente gratuita, abierta e incluyente: participaron personas en bicicleta, patines, patineta, corriendo, en carriola o silla de ruedas. Nadie qued\u00f3 fuera de este movimiento que promueve bienestar, uni\u00f3n y esperanza.<\/p>\n<p>Con disfraces alusivos al D\u00eda de Muertos, las y los participantes llenaron las calles de color, m\u00fasica y alegr\u00eda, reafirmando que las juventudes mexicanas son el coraz\u00f3n de nuestras tradiciones y el motor de la transformaci\u00f3n social.<\/p>\n<p>En esta #RodadaJoven las juventudes demostraron que la paz se construye en movimiento: con comunidad, con empat\u00eda y con orgullo por nuestras ra\u00edces.<\/p>\n","protected":false},"excerpt":{"rendered":"<p>Ciudad de M\u00e9xico, octubre 2025.- El Instituto Mexicano de la Juventud (IMJUVE) convoc\u00f3 a juventudes de todo el pa\u00eds a participar en la segunda edici\u00f3n de la Rodada y Carrera por la Paz y Contra las Adicciones, una actividad que este a\u00f1o se visti\u00f3 de color y tradici\u00f3n con su tem\u00e1tica especial de D\u00eda de&#8230;<\/p>\n","protected":false},"author":16,"featured_media":33904,"comment_status":"closed","ping_status":"closed","sticky":false,"template":"","format":"standard","meta":[],"categories":[2],"tags":[2263,4191],"yoast_head":"<!-- This site is optimized with the Yoast SEO plugin v20.8 - https:\/\/yoast.com\/wordpress\/plugins\/seo\/ -->\n<title>IMJUVE reuni\u00f3 a cientos de miles de j\u00f3venes en la Rodada y Carrera por la paz y contra las adicciones, edici\u00f3n D\u00eda de Muertos - The Puebla Times<\/title>\n<meta name=\"robots\" content=\"index, follow, max-snippet:-1, max-image-preview:large, max-video-preview:-1\" \/>\n<link rel=\"canonical\" href=\"https:\/\/thepueblatimes.mx\/index.php\/2025\/10\/27\/imjuve-reunio-a-cientos-de-miles-de-jovenes-en-la-rodada-y-carrera-por-la-paz-y-contra-las-adicciones-edicion-dia-de-muertos\/\" \/>\n<meta property=\"og:locale\" content=\"es_ES\" \/>\n<meta property=\"og:type\" content=\"article\" \/>\n<meta property=\"og:title\" content=\"IMJUVE reuni\u00f3 a cientos de miles de j\u00f3venes en la Rodada y Carrera por la paz y contra las adicciones, edici\u00f3n D\u00eda de Muertos - The Puebla Times\" \/>\n<meta property=\"og:description\" content=\"Ciudad de M\u00e9xico, octubre 2025.- El Instituto Mexicano de la Juventud (IMJUVE) convoc\u00f3 a juventudes de todo el pa\u00eds a participar en la segunda edici\u00f3n de la Rodada y Carrera por la Paz y Contra las Adicciones, una actividad que este a\u00f1o se visti\u00f3 de color y tradici\u00f3n con su tem\u00e1tica especial de D\u00eda de...\" \/>\n<meta property=\"og:url\" content=\"https:\/\/thepueblatimes.mx\/index.php\/2025\/10\/27\/imjuve-reunio-a-cientos-de-miles-de-jovenes-en-la-rodada-y-carrera-por-la-paz-y-contra-las-adicciones-edicion-dia-de-muertos\/\" \/>\n<meta property=\"og:site_name\" content=\"The Puebla Times\" \/>\n<meta property=\"article:published_time\" content=\"2025-10-27T15:40:08+00:00\" \/>\n<meta property=\"og:image\" content=\"https:\/\/thepueblatimes.mx\/wp-content\/uploads\/2025\/10\/66b7cb9c-5f50-4911-aef5-33d1bd9ebdbb-scaled.jpg\" \/>\n\t<meta property=\"og:image:width\" content=\"2560\" \/>\n\t<meta property=\"og:image:height\" content=\"1810\" \/>\n\t<meta property=\"og:image:type\" content=\"image\/jpeg\" \/>\n<meta name=\"author\" content=\"Sa\u00fal Hern\u00e1ndez\" \/>\n<meta name=\"twitter:card\" content=\"summary_large_image\" \/>\n<meta name=\"twitter:label1\" content=\"Escrito por\" \/>\n\t<meta name=\"twitter:data1\" content=\"Sa\u00fal Hern\u00e1ndez\" \/>\n\t<meta name=\"twitter:label2\" content=\"Tiempo de lectura\" \/>\n\t<meta name=\"twitter:data2\" content=\"2 minutos\" \/>\n<script type=\"application\/ld+json\" class=\"yoast-schema-graph\">{\"@context\":\"https:\/\/schema.org\",\"@graph\":[{\"@type\":\"WebPage\",\"@id\":\"https:\/\/thepueblatimes.mx\/index.php\/2025\/10\/27\/imjuve-reunio-a-cientos-de-miles-de-jovenes-en-la-rodada-y-carrera-por-la-paz-y-contra-las-adicciones-edicion-dia-de-muertos\/\",\"url\":\"https:\/\/thepueblatimes.mx\/index.php\/2025\/10\/27\/imjuve-reunio-a-cientos-de-miles-de-jovenes-en-la-rodada-y-carrera-por-la-paz-y-contra-las-adicciones-edicion-dia-de-muertos\/\",\"name\":\"IMJUVE reuni\u00f3 a cientos de miles de j\u00f3venes en la Rodada y Carrera por la paz y contra las adicciones, edici\u00f3n D\u00eda de Muertos - The Puebla Times\",\"isPartOf\":{\"@id\":\"https:\/\/thepueblatimes.mx\/#website\"},\"datePublished\":\"2025-10-27T15:40:08+00:00\",\"dateModified\":\"2025-10-27T15:40:08+00:00\",\"author\":{\"@id\":\"https:\/\/thepueblatimes.mx\/#\/schema\/person\/1664894c2f65ce2c7a08d8f5f905c13c\"},\"breadcrumb\":{\"@id\":\"https:\/\/thepueblatimes.mx\/index.php\/2025\/10\/27\/imjuve-reunio-a-cientos-de-miles-de-jovenes-en-la-rodada-y-carrera-por-la-paz-y-contra-las-adicciones-edicion-dia-de-muertos\/#breadcrumb\"},\"inLanguage\":\"es\",\"potentialAction\":[{\"@type\":\"ReadAction\",\"target\":[\"https:\/\/thepueblatimes.mx\/index.php\/2025\/10\/27\/imjuve-reunio-a-cientos-de-miles-de-jovenes-en-la-rodada-y-carrera-por-la-paz-y-contra-las-adicciones-edicion-dia-de-muertos\/\"]}]},{\"@type\":\"BreadcrumbList\",\"@id\":\"https:\/\/thepueblatimes.mx\/index.php\/2025\/10\/27\/imjuve-reunio-a-cientos-de-miles-de-jovenes-en-la-rodada-y-carrera-por-la-paz-y-contra-las-adicciones-edicion-dia-de-muertos\/#breadcrumb\",\"itemListElement\":[{\"@type\":\"ListItem\",\"position\":1,\"name\":\"Portada\",\"item\":\"https:\/\/thepueblatimes.mx\/\"},{\"@type\":\"ListItem\",\"position\":2,\"name\":\"IMJUVE reuni\u00f3 a cientos de miles de j\u00f3venes en la Rodada y Carrera por la paz y contra las adicciones, edici\u00f3n D\u00eda de Muertos\"}]},{\"@type\":\"WebSite\",\"@id\":\"https:\/\/thepueblatimes.mx\/#website\",\"url\":\"https:\/\/thepueblatimes.mx\/\",\"name\":\"The Puebla Times\",\"description\":\"Noticias del Estado de Puebla\",\"potentialAction\":[{\"@type\":\"SearchAction\",\"target\":{\"@type\":\"EntryPoint\",\"urlTemplate\":\"https:\/\/thepueblatimes.mx\/?s={search_term_string}\"},\"query-input\":\"required name=search_term_string\"}],\"inLanguage\":\"es\"},{\"@type\":\"Person\",\"@id\":\"https:\/\/thepueblatimes.mx\/#\/schema\/person\/1664894c2f65ce2c7a08d8f5f905c13c\",\"name\":\"Sa\u00fal Hern\u00e1ndez\",\"image\":{\"@type\":\"ImageObject\",\"inLanguage\":\"es\",\"@id\":\"https:\/\/thepueblatimes.mx\/#\/schema\/person\/image\/\",\"url\":\"https:\/\/secure.gravatar.com\/avatar\/11be338693f243309532caad8f10c930?s=96&d=mm&r=g\",\"contentUrl\":\"https:\/\/secure.gravatar.com\/avatar\/11be338693f243309532caad8f10c930?s=96&d=mm&r=g\",\"caption\":\"Sa\u00fal Hern\u00e1ndez\"},\"url\":\"https:\/\/thepueblatimes.mx\/index.php\/author\/saulhernandez\/\"}]}<\/script>\n<!-- \/ Yoast SEO plugin. -->","yoast_head_json":{"title":"IMJUVE reuni\u00f3 a cientos de miles de j\u00f3venes en la Rodada y Carrera por la paz y contra las adicciones, edici\u00f3n D\u00eda de Muertos - The Puebla Times","robots":{"index":"index","follow":"follow","max-snippet":"max-snippet:-1","max-image-preview":"max-image-preview:large","max-video-preview":"max-video-preview:-1"},"canonical":"https:\/\/thepueblatimes.mx\/index.php\/2025\/10\/27\/imjuve-reunio-a-cientos-de-miles-de-jovenes-en-la-rodada-y-carrera-por-la-paz-y-contra-las-adicciones-edicion-dia-de-muertos\/","og_locale":"es_ES","og_type":"article","og_title":"IMJUVE reuni\u00f3 a cientos de miles de j\u00f3venes en la Rodada y Carrera por la paz y contra las adicciones, edici\u00f3n D\u00eda de Muertos - The Puebla Times","og_description":"Ciudad de M\u00e9xico, octubre 2025.- El Instituto Mexicano de la Juventud (IMJUVE) convoc\u00f3 a juventudes de todo el pa\u00eds a participar en la segunda edici\u00f3n de la Rodada y Carrera por la Paz y Contra las Adicciones, una actividad que este a\u00f1o se visti\u00f3 de color y tradici\u00f3n con su tem\u00e1tica especial de D\u00eda de...","og_url":"https:\/\/thepueblatimes.mx\/index.php\/2025\/10\/27\/imjuve-reunio-a-cientos-de-miles-de-jovenes-en-la-rodada-y-carrera-por-la-paz-y-contra-las-adicciones-edicion-dia-de-muertos\/","og_site_name":"The Puebla Times","article_published_time":"2025-10-27T15:40:08+00:00","og_image":[{"width":2560,"height":1810,"url":"https:\/\/thepueblatimes.mx\/wp-content\/uploads\/2025\/10\/66b7cb9c-5f50-4911-aef5-33d1bd9ebdbb-scaled.jpg","type":"image\/jpeg"}],"author":"Sa\u00fal Hern\u00e1ndez","twitter_card":"summary_large_image","twitter_misc":{"Escrito por":"Sa\u00fal Hern\u00e1ndez","Tiempo de lectura":"2 minutos"},"schema":{"@context":"https:\/\/schema.org","@graph":[{"@type":"WebPage","@id":"https:\/\/thepueblatimes.mx\/index.php\/2025\/10\/27\/imjuve-reunio-a-cientos-de-miles-de-jovenes-en-la-rodada-y-carrera-por-la-paz-y-contra-las-adicciones-edicion-dia-de-muertos\/","url":"https:\/\/thepueblatimes.mx\/index.php\/2025\/10\/27\/imjuve-reunio-a-cientos-de-miles-de-jovenes-en-la-rodada-y-carrera-por-la-paz-y-contra-las-adicciones-edicion-dia-de-muertos\/","name":"IMJUVE reuni\u00f3 a cientos de miles de j\u00f3venes en la Rodada y Carrera por la paz y contra las adicciones, edici\u00f3n D\u00eda de Muertos - The Puebla Times","isPartOf":{"@id":"https:\/\/thepueblatimes.mx\/#website"},"datePublished":"2025-10-27T15:40:08+00:00","dateModified":"2025-10-27T15:40:08+00:00","author":{"@id":"https:\/\/thepueblatimes.mx\/#\/schema\/person\/1664894c2f65ce2c7a08d8f5f905c13c"},"breadcrumb":{"@id":"https:\/\/thepueblatimes.mx\/index.php\/2025\/10\/27\/imjuve-reunio-a-cientos-de-miles-de-jovenes-en-la-rodada-y-carrera-por-la-paz-y-contra-las-adicciones-edicion-dia-de-muertos\/#breadcrumb"},"inLanguage":"es","potentialAction":[{"@type":"ReadAction","target":["https:\/\/thepueblatimes.mx\/index.php\/2025\/10\/27\/imjuve-reunio-a-cientos-de-miles-de-jovenes-en-la-rodada-y-carrera-por-la-paz-y-contra-las-adicciones-edicion-dia-de-muertos\/"]}]},{"@type":"BreadcrumbList","@id":"https:\/\/thepueblatimes.mx\/index.php\/2025\/10\/27\/imjuve-reunio-a-cientos-de-miles-de-jovenes-en-la-rodada-y-carrera-por-la-paz-y-contra-las-adicciones-edicion-dia-de-muertos\/#breadcrumb","itemListElement":[{"@type":"ListItem","position":1,"name":"Portada","item":"https:\/\/thepueblatimes.mx\/"},{"@type":"ListItem","position":2,"name":"IMJUVE reuni\u00f3 a cientos de miles de j\u00f3venes en la Rodada y Carrera por la paz y contra las adicciones, edici\u00f3n D\u00eda de Muertos"}]},{"@type":"WebSite","@id":"https:\/\/thepueblatimes.mx\/#website","url":"https:\/\/thepueblatimes.mx\/","name":"The Puebla Times","description":"Noticias del Estado de Puebla","potentialAction":[{"@type":"SearchAction","target":{"@type":"EntryPoint","urlTemplate":"https:\/\/thepueblatimes.mx\/?s={search_term_string}"},"query-input":"required name=search_term_string"}],"inLanguage":"es"},{"@type":"Person","@id":"https:\/\/thepueblatimes.mx\/#\/schema\/person\/1664894c2f65ce2c7a08d8f5f905c13c","name":"Sa\u00fal Hern\u00e1ndez","image":{"@type":"ImageObject","inLanguage":"es","@id":"https:\/\/thepueblatimes.mx\/#\/schema\/person\/image\/","url":"https:\/\/secure.gravatar.com\/avatar\/11be338693f243309532caad8f10c930?s=96&d=mm&r=g","contentUrl":"https:\/\/secure.gravatar.com\/avatar\/11be338693f243309532caad8f10c930?s=96&d=mm&r=g","caption":"Sa\u00fal Hern\u00e1ndez"},"url":"https:\/\/thepueblatimes.mx\/index.php\/author\/saulhernandez\/"}]}},"jetpack_featured_media_url":"https:\/\/thepueblatimes.mx\/wp-content\/uploads\/2025\/10\/66b7cb9c-5f50-4911-aef5-33d1bd9ebdbb-scaled.jpg","_links":{"self":[{"href":"https:\/\/thepueblatimes.mx\/index.php\/wp-json\/wp\/v2\/posts\/33903"}],"collection":[{"href":"https:\/\/thepueblatimes.mx\/index.php\/wp-json\/wp\/v2\/posts"}],"about":[{"href":"https:\/\/thepueblatimes.mx\/index.php\/wp-json\/wp\/v2\/types\/post"}],"author":[{"embeddable":true,"href":"https:\/\/thepueblatimes.mx\/index.php\/wp-json\/wp\/v2\/users\/16"}],"replies":[{"embeddable":true,"href":"https:\/\/thepueblatimes.mx\/index.php\/wp-json\/wp\/v2\/comments?post=33903"}],"version-history":[{"count":1,"href":"https:\/\/thepueblatimes.mx\/index.php\/wp-json\/wp\/v2\/posts\/33903\/revisions"}],"predecessor-version":[{"id":33905,"href":"https:\/\/thepueblatimes.mx\/index.php\/wp-json\/wp\/v2\/posts\/33903\/revisions\/33905"}],"wp:featuredmedia":[{"embeddable":true,"href":"https:\/\/thepueblatimes.mx\/index.php\/wp-json\/wp\/v2\/media\/33904"}],"wp:attachment":[{"href":"https:\/\/thepueblatimes.mx\/index.php\/wp-json\/wp\/v2\/media?parent=33903"}],"wp:term":[{"taxonomy":"category","embeddable":true,"href":"https:\/\/thepueblatimes.mx\/index.php\/wp-json\/wp\/v2\/categories?post=33903"},{"taxonomy":"post_tag","embeddable":true,"href":"https:\/\/thepueblatimes.mx\/index.php\/wp-json\/wp\/v2\/tags?post=33903"}],"curies":[{"name":"wp","href":"https:\/\/api.w.org\/{rel}","templated":true}]}}