{"id":33869,"date":"2025-10-24T17:48:20","date_gmt":"2025-10-24T23:48:20","guid":{"rendered":"https:\/\/thepueblatimes.mx\/?p=33869"},"modified":"2025-10-24T17:48:20","modified_gmt":"2025-10-24T23:48:20","slug":"incendio-de-basurero-en-coronango","status":"publish","type":"post","link":"https:\/\/thepueblatimes.mx\/index.php\/2025\/10\/24\/incendio-de-basurero-en-coronango\/","title":{"rendered":"Incendio de basurero en Coronango"},"content":{"rendered":"<p>En la zona denominada Arenales, Coronango, se registr\u00f3 un incendio de un basurero.<\/p>\n<p>La conflagraci\u00f3n se registr\u00f3 durante la tarde del jueves 23 de octubre. Personal de Protecci\u00f3n Civil (PC) asisti\u00f3 para mitigar los da\u00f1os ocasionados.<\/p>\n<p>Sin embargo, lo que queda en evidencia es la falta de medidas preventivas y supervisi\u00f3n por parte de la autoridad municipal, por lo que hace a la operaci\u00f3n de ese sitio.<\/p>\n<p>A las labores de contenci\u00f3n, ante la escasa capacidad de operaci\u00f3n del municipio de Coronango, se sumaron bomberos de Cuautlancingo, Puebla, Xoxtla y del Estado, realizan labores de mitigaci\u00f3n de riesgos en un campo de cultivo de la Junta Auxiliar de San Antonio Mihuac\u00e1n.<\/p>\n<p>De manera preliminar, se inform\u00f3 que el incendio solo afect\u00f3 material de desecho automotriz, sin reporte de personas lesionadas, ni da\u00f1os a viviendas.<\/p>\n","protected":false},"excerpt":{"rendered":"<p>En la zona denominada Arenales, Coronango, se registr\u00f3 un incendio de un basurero. La conflagraci\u00f3n se registr\u00f3 durante la tarde del jueves 23 de octubre. Personal de Protecci\u00f3n Civil (PC) asisti\u00f3 para mitigar los da\u00f1os ocasionados. Sin embargo, lo que queda en evidencia es la falta de medidas preventivas y supervisi\u00f3n por parte de la&#8230;<\/p>\n","protected":false},"author":16,"featured_media":33871,"comment_status":"closed","ping_status":"closed","sticky":false,"template":"","format":"standard","meta":[],"categories":[542],"tags":[4187,319,219],"yoast_head":"<!-- This site is optimized with the Yoast SEO plugin v20.8 - https:\/\/yoast.com\/wordpress\/plugins\/seo\/ -->\n<title>Incendio de basurero en Coronango - The Puebla Times<\/title>\n<meta name=\"robots\" content=\"index, follow, max-snippet:-1, max-image-preview:large, max-video-preview:-1\" \/>\n<link rel=\"canonical\" href=\"https:\/\/thepueblatimes.mx\/index.php\/2025\/10\/24\/incendio-de-basurero-en-coronango\/\" \/>\n<meta property=\"og:locale\" content=\"es_ES\" \/>\n<meta property=\"og:type\" content=\"article\" \/>\n<meta property=\"og:title\" content=\"Incendio de basurero en Coronango - The Puebla Times\" \/>\n<meta property=\"og:description\" content=\"En la zona denominada Arenales, Coronango, se registr\u00f3 un incendio de un basurero. La conflagraci\u00f3n se registr\u00f3 durante la tarde del jueves 23 de octubre. Personal de Protecci\u00f3n Civil (PC) asisti\u00f3 para mitigar los da\u00f1os ocasionados. Sin embargo, lo que queda en evidencia es la falta de medidas preventivas y supervisi\u00f3n por parte de la...\" \/>\n<meta property=\"og:url\" content=\"https:\/\/thepueblatimes.mx\/index.php\/2025\/10\/24\/incendio-de-basurero-en-coronango\/\" \/>\n<meta property=\"og:site_name\" content=\"The Puebla Times\" \/>\n<meta property=\"article:published_time\" content=\"2025-10-24T23:48:20+00:00\" \/>\n<meta property=\"og:image\" content=\"https:\/\/thepueblatimes.mx\/wp-content\/uploads\/2025\/10\/G3-rJueXEAIkZ_7.jpg\" \/>\n\t<meta property=\"og:image:width\" content=\"1600\" \/>\n\t<meta property=\"og:image:height\" content=\"1200\" \/>\n\t<meta property=\"og:image:type\" content=\"image\/jpeg\" \/>\n<meta name=\"author\" content=\"Sa\u00fal Hern\u00e1ndez\" \/>\n<meta name=\"twitter:card\" content=\"summary_large_image\" \/>\n<meta name=\"twitter:label1\" content=\"Escrito por\" \/>\n\t<meta name=\"twitter:data1\" content=\"Sa\u00fal Hern\u00e1ndez\" \/>\n\t<meta name=\"twitter:label2\" content=\"Tiempo de lectura\" \/>\n\t<meta name=\"twitter:data2\" content=\"1 minuto\" \/>\n<script type=\"application\/ld+json\" class=\"yoast-schema-graph\">{\"@context\":\"https:\/\/schema.org\",\"@graph\":[{\"@type\":\"WebPage\",\"@id\":\"https:\/\/thepueblatimes.mx\/index.php\/2025\/10\/24\/incendio-de-basurero-en-coronango\/\",\"url\":\"https:\/\/thepueblatimes.mx\/index.php\/2025\/10\/24\/incendio-de-basurero-en-coronango\/\",\"name\":\"Incendio de basurero en Coronango - The Puebla Times\",\"isPartOf\":{\"@id\":\"https:\/\/thepueblatimes.mx\/#website\"},\"datePublished\":\"2025-10-24T23:48:20+00:00\",\"dateModified\":\"2025-10-24T23:48:20+00:00\",\"author\":{\"@id\":\"https:\/\/thepueblatimes.mx\/#\/schema\/person\/1664894c2f65ce2c7a08d8f5f905c13c\"},\"breadcrumb\":{\"@id\":\"https:\/\/thepueblatimes.mx\/index.php\/2025\/10\/24\/incendio-de-basurero-en-coronango\/#breadcrumb\"},\"inLanguage\":\"es\",\"potentialAction\":[{\"@type\":\"ReadAction\",\"target\":[\"https:\/\/thepueblatimes.mx\/index.php\/2025\/10\/24\/incendio-de-basurero-en-coronango\/\"]}]},{\"@type\":\"BreadcrumbList\",\"@id\":\"https:\/\/thepueblatimes.mx\/index.php\/2025\/10\/24\/incendio-de-basurero-en-coronango\/#breadcrumb\",\"itemListElement\":[{\"@type\":\"ListItem\",\"position\":1,\"name\":\"Portada\",\"item\":\"https:\/\/thepueblatimes.mx\/\"},{\"@type\":\"ListItem\",\"position\":2,\"name\":\"Incendio de basurero en Coronango\"}]},{\"@type\":\"WebSite\",\"@id\":\"https:\/\/thepueblatimes.mx\/#website\",\"url\":\"https:\/\/thepueblatimes.mx\/\",\"name\":\"The Puebla Times\",\"description\":\"Noticias del Estado de Puebla\",\"potentialAction\":[{\"@type\":\"SearchAction\",\"target\":{\"@type\":\"EntryPoint\",\"urlTemplate\":\"https:\/\/thepueblatimes.mx\/?s={search_term_string}\"},\"query-input\":\"required name=search_term_string\"}],\"inLanguage\":\"es\"},{\"@type\":\"Person\",\"@id\":\"https:\/\/thepueblatimes.mx\/#\/schema\/person\/1664894c2f65ce2c7a08d8f5f905c13c\",\"name\":\"Sa\u00fal Hern\u00e1ndez\",\"image\":{\"@type\":\"ImageObject\",\"inLanguage\":\"es\",\"@id\":\"https:\/\/thepueblatimes.mx\/#\/schema\/person\/image\/\",\"url\":\"https:\/\/secure.gravatar.com\/avatar\/11be338693f243309532caad8f10c930?s=96&d=mm&r=g\",\"contentUrl\":\"https:\/\/secure.gravatar.com\/avatar\/11be338693f243309532caad8f10c930?s=96&d=mm&r=g\",\"caption\":\"Sa\u00fal Hern\u00e1ndez\"},\"url\":\"https:\/\/thepueblatimes.mx\/index.php\/author\/saulhernandez\/\"}]}<\/script>\n<!-- \/ Yoast SEO plugin. -->","yoast_head_json":{"title":"Incendio de basurero en Coronango - The Puebla Times","robots":{"index":"index","follow":"follow","max-snippet":"max-snippet:-1","max-image-preview":"max-image-preview:large","max-video-preview":"max-video-preview:-1"},"canonical":"https:\/\/thepueblatimes.mx\/index.php\/2025\/10\/24\/incendio-de-basurero-en-coronango\/","og_locale":"es_ES","og_type":"article","og_title":"Incendio de basurero en Coronango - The Puebla Times","og_description":"En la zona denominada Arenales, Coronango, se registr\u00f3 un incendio de un basurero. La conflagraci\u00f3n se registr\u00f3 durante la tarde del jueves 23 de octubre. Personal de Protecci\u00f3n Civil (PC) asisti\u00f3 para mitigar los da\u00f1os ocasionados. Sin embargo, lo que queda en evidencia es la falta de medidas preventivas y supervisi\u00f3n por parte de la...","og_url":"https:\/\/thepueblatimes.mx\/index.php\/2025\/10\/24\/incendio-de-basurero-en-coronango\/","og_site_name":"The Puebla Times","article_published_time":"2025-10-24T23:48:20+00:00","og_image":[{"width":1600,"height":1200,"url":"https:\/\/thepueblatimes.mx\/wp-content\/uploads\/2025\/10\/G3-rJueXEAIkZ_7.jpg","type":"image\/jpeg"}],"author":"Sa\u00fal Hern\u00e1ndez","twitter_card":"summary_large_image","twitter_misc":{"Escrito por":"Sa\u00fal Hern\u00e1ndez","Tiempo de lectura":"1 minuto"},"schema":{"@context":"https:\/\/schema.org","@graph":[{"@type":"WebPage","@id":"https:\/\/thepueblatimes.mx\/index.php\/2025\/10\/24\/incendio-de-basurero-en-coronango\/","url":"https:\/\/thepueblatimes.mx\/index.php\/2025\/10\/24\/incendio-de-basurero-en-coronango\/","name":"Incendio de basurero en Coronango - The Puebla Times","isPartOf":{"@id":"https:\/\/thepueblatimes.mx\/#website"},"datePublished":"2025-10-24T23:48:20+00:00","dateModified":"2025-10-24T23:48:20+00:00","author":{"@id":"https:\/\/thepueblatimes.mx\/#\/schema\/person\/1664894c2f65ce2c7a08d8f5f905c13c"},"breadcrumb":{"@id":"https:\/\/thepueblatimes.mx\/index.php\/2025\/10\/24\/incendio-de-basurero-en-coronango\/#breadcrumb"},"inLanguage":"es","potentialAction":[{"@type":"ReadAction","target":["https:\/\/thepueblatimes.mx\/index.php\/2025\/10\/24\/incendio-de-basurero-en-coronango\/"]}]},{"@type":"BreadcrumbList","@id":"https:\/\/thepueblatimes.mx\/index.php\/2025\/10\/24\/incendio-de-basurero-en-coronango\/#breadcrumb","itemListElement":[{"@type":"ListItem","position":1,"name":"Portada","item":"https:\/\/thepueblatimes.mx\/"},{"@type":"ListItem","position":2,"name":"Incendio de basurero en Coronango"}]},{"@type":"WebSite","@id":"https:\/\/thepueblatimes.mx\/#website","url":"https:\/\/thepueblatimes.mx\/","name":"The Puebla Times","description":"Noticias del Estado de Puebla","potentialAction":[{"@type":"SearchAction","target":{"@type":"EntryPoint","urlTemplate":"https:\/\/thepueblatimes.mx\/?s={search_term_string}"},"query-input":"required name=search_term_string"}],"inLanguage":"es"},{"@type":"Person","@id":"https:\/\/thepueblatimes.mx\/#\/schema\/person\/1664894c2f65ce2c7a08d8f5f905c13c","name":"Sa\u00fal Hern\u00e1ndez","image":{"@type":"ImageObject","inLanguage":"es","@id":"https:\/\/thepueblatimes.mx\/#\/schema\/person\/image\/","url":"https:\/\/secure.gravatar.com\/avatar\/11be338693f243309532caad8f10c930?s=96&d=mm&r=g","contentUrl":"https:\/\/secure.gravatar.com\/avatar\/11be338693f243309532caad8f10c930?s=96&d=mm&r=g","caption":"Sa\u00fal Hern\u00e1ndez"},"url":"https:\/\/thepueblatimes.mx\/index.php\/author\/saulhernandez\/"}]}},"jetpack_featured_media_url":"https:\/\/thepueblatimes.mx\/wp-content\/uploads\/2025\/10\/G3-rJueXEAIkZ_7.jpg","_links":{"self":[{"href":"https:\/\/thepueblatimes.mx\/index.php\/wp-json\/wp\/v2\/posts\/33869"}],"collection":[{"href":"https:\/\/thepueblatimes.mx\/index.php\/wp-json\/wp\/v2\/posts"}],"about":[{"href":"https:\/\/thepueblatimes.mx\/index.php\/wp-json\/wp\/v2\/types\/post"}],"author":[{"embeddable":true,"href":"https:\/\/thepueblatimes.mx\/index.php\/wp-json\/wp\/v2\/users\/16"}],"replies":[{"embeddable":true,"href":"https:\/\/thepueblatimes.mx\/index.php\/wp-json\/wp\/v2\/comments?post=33869"}],"version-history":[{"count":1,"href":"https:\/\/thepueblatimes.mx\/index.php\/wp-json\/wp\/v2\/posts\/33869\/revisions"}],"predecessor-version":[{"id":33872,"href":"https:\/\/thepueblatimes.mx\/index.php\/wp-json\/wp\/v2\/posts\/33869\/revisions\/33872"}],"wp:featuredmedia":[{"embeddable":true,"href":"https:\/\/thepueblatimes.mx\/index.php\/wp-json\/wp\/v2\/media\/33871"}],"wp:attachment":[{"href":"https:\/\/thepueblatimes.mx\/index.php\/wp-json\/wp\/v2\/media?parent=33869"}],"wp:term":[{"taxonomy":"category","embeddable":true,"href":"https:\/\/thepueblatimes.mx\/index.php\/wp-json\/wp\/v2\/categories?post=33869"},{"taxonomy":"post_tag","embeddable":true,"href":"https:\/\/thepueblatimes.mx\/index.php\/wp-json\/wp\/v2\/tags?post=33869"}],"curies":[{"name":"wp","href":"https:\/\/api.w.org\/{rel}","templated":true}]}}