{"id":33867,"date":"2025-10-24T17:44:31","date_gmt":"2025-10-24T23:44:31","guid":{"rendered":"https:\/\/thepueblatimes.mx\/?p=33867"},"modified":"2025-10-24T17:44:42","modified_gmt":"2025-10-24T23:44:42","slug":"informar-no-es-campana-es-deber-institucional-garcia-parra","status":"publish","type":"post","link":"https:\/\/thepueblatimes.mx\/index.php\/2025\/10\/24\/informar-no-es-campana-es-deber-institucional-garcia-parra\/","title":{"rendered":"Informar no es campa\u00f1a; es deber  institucional: Garc\u00eda Parra"},"content":{"rendered":"<h3><em>*Jos\u00e9 Luis Garc\u00eda Parra act\u00faa dentro del marco institucional, articulando estrategias de gobierno y comunicaci\u00f3n sin transgredir los l\u00edmites legales ni pol\u00edticos.<\/em><\/h3>\n<p><strong>POR FERNANDO HOYOS<\/strong><\/p>\n<p>En pol\u00edtica, hay una l\u00ednea delgada \u2014pero clara\u2014 entre la <strong>proyecci\u00f3n p\u00fablica leg\u00edtima<\/strong> y la <strong>promoci\u00f3n electoral anticipada<\/strong>.<br \/>\nCruzar ese lindero implica buscar expl\u00edcitamente una postulaci\u00f3n o gestionar el voto de manera directa.<\/p>\n<p>Fuera de ello, las apariciones de cualquier funcionario en foros, entrevistas o medios deben entenderse como parte de su <strong>responsabilidad p\u00fablica<\/strong>, o bien como <strong>inter\u00e9s medi\u00e1tico<\/strong> por conocer su visi\u00f3n y resultados.<\/p>\n<p>En el caso de Puebla, <strong>Jos\u00e9 Luis Garc\u00eda Parra, cumple con unas de sus funciones<\/strong> como <strong>Coordinador\u00a0 del Gabinete<\/strong>, articula el trabajo de todas las dependencias y ofreciendo posicionamientos institucionales ante la prensa.<\/p>\n<p>Parte de su labor consiste precisamente en <strong>comunicar los avances y decisiones del gobierno estatal<\/strong>, lo que contribuye a fortalecer la imagen del Ejecutivo y a descargar responsabilidades directas del gobernador.<\/p>\n<p>Quienes confunden visibilidad con promoci\u00f3n pol\u00edtica omiten que existen <strong>normas estrictas en materia electoral<\/strong>, que delimitan perfectamente los actos anticipados de campa\u00f1a.<br \/>\nSi hubiera elementos firmes para sostener una acusaci\u00f3n, ya se habr\u00eda presentado una denuncia formal por parte de cualquier partido pol\u00edtico.<\/p>\n<p>Sin embargo, los hechos muestran lo contrario: <strong>no hay materia legal ni sustento real<\/strong>.<\/p>\n<p>Por ello, resulta absurdo que algunos cr\u00edticos pretendan escandalizarse por portadas, espectaculares o entrevistas.<\/p>\n<p>M\u00e1s bien, revelan <strong>ignorancia del proceso electoral y desconocimiento de la normativa vigente<\/strong>.<\/p>\n<p>El desempe\u00f1o p\u00fablico no puede confundirse con proselitismo, sobre todo cuando se trata de comunicar acciones de gobierno que benefician a la ciudadan\u00eda.<\/p>\n<p>Tanto <strong>Jos\u00e9 Luis<\/strong> como <strong>Laura Artemisa\u00a0 Garc\u00eda Ch\u00e1vez<\/strong> comprenden perfectamente los tiempos y las reglas del juego democr\u00e1tico.<\/p>\n<p>Act\u00faan con respeto institucional, sin adelantar escenarios ni vulnerar los principios de equidad.<\/p>\n<p>El proceso electoral de 2027 a\u00fan no comienza, y lo prudente es seguir trabajando, no especulando.<\/p>\n<p>En s\u00edntesis, <strong>la presencia p\u00fablica no es delito, es deber<\/strong>.<br \/>\nY en tiempos donde la desinformaci\u00f3n abunda, <strong>explicar, informar y coordinar<\/strong> se vuelve no solo necesario, sino imprescindible para mantener la confianza social.<\/p>\n<p>&nbsp;<\/p>\n","protected":false},"excerpt":{"rendered":"<p>*Jos\u00e9 Luis Garc\u00eda Parra act\u00faa dentro del marco institucional, articulando estrategias de gobierno y comunicaci\u00f3n sin transgredir los l\u00edmites legales ni pol\u00edticos. POR FERNANDO HOYOS En pol\u00edtica, hay una l\u00ednea delgada \u2014pero clara\u2014 entre la proyecci\u00f3n p\u00fablica leg\u00edtima y la promoci\u00f3n electoral anticipada. Cruzar ese lindero implica buscar expl\u00edcitamente una postulaci\u00f3n o gestionar el voto&#8230;<\/p>\n","protected":false},"author":16,"featured_media":33868,"comment_status":"closed","ping_status":"closed","sticky":false,"template":"","format":"standard","meta":[],"categories":[3],"tags":[3475,49],"yoast_head":"<!-- This site is optimized with the Yoast SEO plugin v20.8 - https:\/\/yoast.com\/wordpress\/plugins\/seo\/ -->\n<title>Informar no es campa\u00f1a; es deber institucional: Garc\u00eda Parra - The Puebla Times<\/title>\n<meta name=\"robots\" content=\"index, follow, max-snippet:-1, max-image-preview:large, max-video-preview:-1\" \/>\n<link rel=\"canonical\" href=\"https:\/\/thepueblatimes.mx\/index.php\/2025\/10\/24\/informar-no-es-campana-es-deber-institucional-garcia-parra\/\" \/>\n<meta property=\"og:locale\" content=\"es_ES\" \/>\n<meta property=\"og:type\" content=\"article\" \/>\n<meta property=\"og:title\" content=\"Informar no es campa\u00f1a; es deber institucional: Garc\u00eda Parra - The Puebla Times\" \/>\n<meta property=\"og:description\" content=\"*Jos\u00e9 Luis Garc\u00eda Parra act\u00faa dentro del marco institucional, articulando estrategias de gobierno y comunicaci\u00f3n sin transgredir los l\u00edmites legales ni pol\u00edticos. POR FERNANDO HOYOS En pol\u00edtica, hay una l\u00ednea delgada \u2014pero clara\u2014 entre la proyecci\u00f3n p\u00fablica leg\u00edtima y la promoci\u00f3n electoral anticipada. Cruzar ese lindero implica buscar expl\u00edcitamente una postulaci\u00f3n o gestionar el voto...\" \/>\n<meta property=\"og:url\" content=\"https:\/\/thepueblatimes.mx\/index.php\/2025\/10\/24\/informar-no-es-campana-es-deber-institucional-garcia-parra\/\" \/>\n<meta property=\"og:site_name\" content=\"The Puebla Times\" \/>\n<meta property=\"article:published_time\" content=\"2025-10-24T23:44:31+00:00\" \/>\n<meta property=\"article:modified_time\" content=\"2025-10-24T23:44:42+00:00\" \/>\n<meta property=\"og:image\" content=\"https:\/\/thepueblatimes.mx\/wp-content\/uploads\/2025\/10\/566234859_10172649007180453_291214012289662124_n-1-e1761349433715.jpg\" \/>\n\t<meta property=\"og:image:width\" content=\"940\" \/>\n\t<meta property=\"og:image:height\" content=\"950\" \/>\n\t<meta property=\"og:image:type\" content=\"image\/jpeg\" \/>\n<meta name=\"author\" content=\"Sa\u00fal Hern\u00e1ndez\" \/>\n<meta name=\"twitter:card\" content=\"summary_large_image\" \/>\n<meta name=\"twitter:label1\" content=\"Escrito por\" \/>\n\t<meta name=\"twitter:data1\" content=\"Sa\u00fal Hern\u00e1ndez\" \/>\n\t<meta name=\"twitter:label2\" content=\"Tiempo de lectura\" \/>\n\t<meta name=\"twitter:data2\" content=\"2 minutos\" \/>\n<script type=\"application\/ld+json\" class=\"yoast-schema-graph\">{\"@context\":\"https:\/\/schema.org\",\"@graph\":[{\"@type\":\"WebPage\",\"@id\":\"https:\/\/thepueblatimes.mx\/index.php\/2025\/10\/24\/informar-no-es-campana-es-deber-institucional-garcia-parra\/\",\"url\":\"https:\/\/thepueblatimes.mx\/index.php\/2025\/10\/24\/informar-no-es-campana-es-deber-institucional-garcia-parra\/\",\"name\":\"Informar no es campa\u00f1a; es deber institucional: Garc\u00eda Parra - The Puebla Times\",\"isPartOf\":{\"@id\":\"https:\/\/thepueblatimes.mx\/#website\"},\"datePublished\":\"2025-10-24T23:44:31+00:00\",\"dateModified\":\"2025-10-24T23:44:42+00:00\",\"author\":{\"@id\":\"https:\/\/thepueblatimes.mx\/#\/schema\/person\/1664894c2f65ce2c7a08d8f5f905c13c\"},\"breadcrumb\":{\"@id\":\"https:\/\/thepueblatimes.mx\/index.php\/2025\/10\/24\/informar-no-es-campana-es-deber-institucional-garcia-parra\/#breadcrumb\"},\"inLanguage\":\"es\",\"potentialAction\":[{\"@type\":\"ReadAction\",\"target\":[\"https:\/\/thepueblatimes.mx\/index.php\/2025\/10\/24\/informar-no-es-campana-es-deber-institucional-garcia-parra\/\"]}]},{\"@type\":\"BreadcrumbList\",\"@id\":\"https:\/\/thepueblatimes.mx\/index.php\/2025\/10\/24\/informar-no-es-campana-es-deber-institucional-garcia-parra\/#breadcrumb\",\"itemListElement\":[{\"@type\":\"ListItem\",\"position\":1,\"name\":\"Portada\",\"item\":\"https:\/\/thepueblatimes.mx\/\"},{\"@type\":\"ListItem\",\"position\":2,\"name\":\"Informar no es campa\u00f1a; es deber institucional: Garc\u00eda Parra\"}]},{\"@type\":\"WebSite\",\"@id\":\"https:\/\/thepueblatimes.mx\/#website\",\"url\":\"https:\/\/thepueblatimes.mx\/\",\"name\":\"The Puebla Times\",\"description\":\"Noticias del Estado de Puebla\",\"potentialAction\":[{\"@type\":\"SearchAction\",\"target\":{\"@type\":\"EntryPoint\",\"urlTemplate\":\"https:\/\/thepueblatimes.mx\/?s={search_term_string}\"},\"query-input\":\"required name=search_term_string\"}],\"inLanguage\":\"es\"},{\"@type\":\"Person\",\"@id\":\"https:\/\/thepueblatimes.mx\/#\/schema\/person\/1664894c2f65ce2c7a08d8f5f905c13c\",\"name\":\"Sa\u00fal Hern\u00e1ndez\",\"image\":{\"@type\":\"ImageObject\",\"inLanguage\":\"es\",\"@id\":\"https:\/\/thepueblatimes.mx\/#\/schema\/person\/image\/\",\"url\":\"https:\/\/secure.gravatar.com\/avatar\/11be338693f243309532caad8f10c930?s=96&d=mm&r=g\",\"contentUrl\":\"https:\/\/secure.gravatar.com\/avatar\/11be338693f243309532caad8f10c930?s=96&d=mm&r=g\",\"caption\":\"Sa\u00fal Hern\u00e1ndez\"},\"url\":\"https:\/\/thepueblatimes.mx\/index.php\/author\/saulhernandez\/\"}]}<\/script>\n<!-- \/ Yoast SEO plugin. -->","yoast_head_json":{"title":"Informar no es campa\u00f1a; es deber institucional: Garc\u00eda Parra - The Puebla Times","robots":{"index":"index","follow":"follow","max-snippet":"max-snippet:-1","max-image-preview":"max-image-preview:large","max-video-preview":"max-video-preview:-1"},"canonical":"https:\/\/thepueblatimes.mx\/index.php\/2025\/10\/24\/informar-no-es-campana-es-deber-institucional-garcia-parra\/","og_locale":"es_ES","og_type":"article","og_title":"Informar no es campa\u00f1a; es deber institucional: Garc\u00eda Parra - The Puebla Times","og_description":"*Jos\u00e9 Luis Garc\u00eda Parra act\u00faa dentro del marco institucional, articulando estrategias de gobierno y comunicaci\u00f3n sin transgredir los l\u00edmites legales ni pol\u00edticos. POR FERNANDO HOYOS En pol\u00edtica, hay una l\u00ednea delgada \u2014pero clara\u2014 entre la proyecci\u00f3n p\u00fablica leg\u00edtima y la promoci\u00f3n electoral anticipada. Cruzar ese lindero implica buscar expl\u00edcitamente una postulaci\u00f3n o gestionar el voto...","og_url":"https:\/\/thepueblatimes.mx\/index.php\/2025\/10\/24\/informar-no-es-campana-es-deber-institucional-garcia-parra\/","og_site_name":"The Puebla Times","article_published_time":"2025-10-24T23:44:31+00:00","article_modified_time":"2025-10-24T23:44:42+00:00","og_image":[{"width":940,"height":950,"url":"https:\/\/thepueblatimes.mx\/wp-content\/uploads\/2025\/10\/566234859_10172649007180453_291214012289662124_n-1-e1761349433715.jpg","type":"image\/jpeg"}],"author":"Sa\u00fal Hern\u00e1ndez","twitter_card":"summary_large_image","twitter_misc":{"Escrito por":"Sa\u00fal Hern\u00e1ndez","Tiempo de lectura":"2 minutos"},"schema":{"@context":"https:\/\/schema.org","@graph":[{"@type":"WebPage","@id":"https:\/\/thepueblatimes.mx\/index.php\/2025\/10\/24\/informar-no-es-campana-es-deber-institucional-garcia-parra\/","url":"https:\/\/thepueblatimes.mx\/index.php\/2025\/10\/24\/informar-no-es-campana-es-deber-institucional-garcia-parra\/","name":"Informar no es campa\u00f1a; es deber institucional: Garc\u00eda Parra - The Puebla Times","isPartOf":{"@id":"https:\/\/thepueblatimes.mx\/#website"},"datePublished":"2025-10-24T23:44:31+00:00","dateModified":"2025-10-24T23:44:42+00:00","author":{"@id":"https:\/\/thepueblatimes.mx\/#\/schema\/person\/1664894c2f65ce2c7a08d8f5f905c13c"},"breadcrumb":{"@id":"https:\/\/thepueblatimes.mx\/index.php\/2025\/10\/24\/informar-no-es-campana-es-deber-institucional-garcia-parra\/#breadcrumb"},"inLanguage":"es","potentialAction":[{"@type":"ReadAction","target":["https:\/\/thepueblatimes.mx\/index.php\/2025\/10\/24\/informar-no-es-campana-es-deber-institucional-garcia-parra\/"]}]},{"@type":"BreadcrumbList","@id":"https:\/\/thepueblatimes.mx\/index.php\/2025\/10\/24\/informar-no-es-campana-es-deber-institucional-garcia-parra\/#breadcrumb","itemListElement":[{"@type":"ListItem","position":1,"name":"Portada","item":"https:\/\/thepueblatimes.mx\/"},{"@type":"ListItem","position":2,"name":"Informar no es campa\u00f1a; es deber institucional: Garc\u00eda Parra"}]},{"@type":"WebSite","@id":"https:\/\/thepueblatimes.mx\/#website","url":"https:\/\/thepueblatimes.mx\/","name":"The Puebla Times","description":"Noticias del Estado de Puebla","potentialAction":[{"@type":"SearchAction","target":{"@type":"EntryPoint","urlTemplate":"https:\/\/thepueblatimes.mx\/?s={search_term_string}"},"query-input":"required name=search_term_string"}],"inLanguage":"es"},{"@type":"Person","@id":"https:\/\/thepueblatimes.mx\/#\/schema\/person\/1664894c2f65ce2c7a08d8f5f905c13c","name":"Sa\u00fal Hern\u00e1ndez","image":{"@type":"ImageObject","inLanguage":"es","@id":"https:\/\/thepueblatimes.mx\/#\/schema\/person\/image\/","url":"https:\/\/secure.gravatar.com\/avatar\/11be338693f243309532caad8f10c930?s=96&d=mm&r=g","contentUrl":"https:\/\/secure.gravatar.com\/avatar\/11be338693f243309532caad8f10c930?s=96&d=mm&r=g","caption":"Sa\u00fal Hern\u00e1ndez"},"url":"https:\/\/thepueblatimes.mx\/index.php\/author\/saulhernandez\/"}]}},"jetpack_featured_media_url":"https:\/\/thepueblatimes.mx\/wp-content\/uploads\/2025\/10\/566234859_10172649007180453_291214012289662124_n-1-e1761349433715.jpg","_links":{"self":[{"href":"https:\/\/thepueblatimes.mx\/index.php\/wp-json\/wp\/v2\/posts\/33867"}],"collection":[{"href":"https:\/\/thepueblatimes.mx\/index.php\/wp-json\/wp\/v2\/posts"}],"about":[{"href":"https:\/\/thepueblatimes.mx\/index.php\/wp-json\/wp\/v2\/types\/post"}],"author":[{"embeddable":true,"href":"https:\/\/thepueblatimes.mx\/index.php\/wp-json\/wp\/v2\/users\/16"}],"replies":[{"embeddable":true,"href":"https:\/\/thepueblatimes.mx\/index.php\/wp-json\/wp\/v2\/comments?post=33867"}],"version-history":[{"count":1,"href":"https:\/\/thepueblatimes.mx\/index.php\/wp-json\/wp\/v2\/posts\/33867\/revisions"}],"predecessor-version":[{"id":33870,"href":"https:\/\/thepueblatimes.mx\/index.php\/wp-json\/wp\/v2\/posts\/33867\/revisions\/33870"}],"wp:featuredmedia":[{"embeddable":true,"href":"https:\/\/thepueblatimes.mx\/index.php\/wp-json\/wp\/v2\/media\/33868"}],"wp:attachment":[{"href":"https:\/\/thepueblatimes.mx\/index.php\/wp-json\/wp\/v2\/media?parent=33867"}],"wp:term":[{"taxonomy":"category","embeddable":true,"href":"https:\/\/thepueblatimes.mx\/index.php\/wp-json\/wp\/v2\/categories?post=33867"},{"taxonomy":"post_tag","embeddable":true,"href":"https:\/\/thepueblatimes.mx\/index.php\/wp-json\/wp\/v2\/tags?post=33867"}],"curies":[{"name":"wp","href":"https:\/\/api.w.org\/{rel}","templated":true}]}}