{"id":33860,"date":"2025-10-24T17:18:33","date_gmt":"2025-10-24T23:18:33","guid":{"rendered":"https:\/\/thepueblatimes.mx\/?p=33860"},"modified":"2025-10-24T17:18:33","modified_gmt":"2025-10-24T23:18:33","slug":"presentan-parlamento-internacional-de-derechos-humanos-en-favor-de-migrantes-poblanos","status":"publish","type":"post","link":"https:\/\/thepueblatimes.mx\/index.php\/2025\/10\/24\/presentan-parlamento-internacional-de-derechos-humanos-en-favor-de-migrantes-poblanos\/","title":{"rendered":"Presentan Parlamento Internacional de Derechos Humanos en favor de migrantes poblanos"},"content":{"rendered":"<h3><em>&#8211; Especialistas penalistas dialogan sobre justicia social en favor de migrantes poblanos<\/em><\/h3>\n<h3><em>\u00a0<\/em><em>&#8211; Gobierno estatal ofrece asesor\u00eda legal a connacionales en Estados Unidos a trav\u00e9s de abogados especializados<\/em><\/h3>\n<p>&nbsp;<\/p>\n<p>&nbsp;<\/p>\n<p>La diputada Araceli Celestino Rosas present\u00f3 el Parlamento Internacional de Derechos Humanos, evento que se realizar\u00e1 el 28 de octubre a las 9:00 horas en el Congreso del Estado, en un espacio que contempla conversaciones con especialistas en derecho penal, enfocados en aportar conocimientos para la implementaci\u00f3n de justicia social en beneficio de los y las migrantes poblanas.<\/p>\n<p>&nbsp;<\/p>\n<p>Durante su intervenci\u00f3n, la diputada reiter\u00f3 su compromiso de contribuir con esta comunidad, reconociendo que \u201csiempre ser\u00e1n personas de lucha y h\u00e9roes que buscan un bienestar para sus familias, a\u00fan desde lejos\u201d, adem\u00e1s a\u00f1adi\u00f3 que, desde el Congreso del Estado, los y las migrantes poblanas ser\u00e1n respaldados con acciones concretas, propuestas legislativas y acompa\u00f1amiento permanente. Reiter\u00f3 que su labor como representante legislativa incluye velar por los derechos de quienes, a\u00fan lejos de su tierra, contin\u00faan siendo parte fundamental del tejido social de Puebla.<\/p>\n<p>&nbsp;<\/p>\n<p>En el marco del evento, Felipe David Espinosa Rodr\u00edguez, titular del Instituto Poblano de Atenci\u00f3n al Migrante, inform\u00f3 que el Gobierno del Estado ha puesto a disposici\u00f3n abogados en la Uni\u00f3n Americana para brindar asesor\u00eda legal a los connacionales que actualmente residen en Estados Unidos. Explic\u00f3 que este instituto busca proteger a los y las poblanas migrantes al brindar respaldo legal y asistencia en temas como redadas y detenciones, con especialistas de aquel pa\u00eds que tienen pleno conocimiento del marco legal.<\/p>\n<p>&nbsp;<\/p>\n<p>El Parlamento Internacional de Derechos Humanos tiene como objetivo generar propuestas legislativas, fortalecer redes de apoyo y visibilizar las necesidades de las personas migrantes, reconociendo su papel fundamental en el desarrollo social y econ\u00f3mico de Puebla.<\/p>\n<p>&nbsp;<\/p>\n<p>Estuvieron presentes las diputadas Celia Bonaga Ruiz y Esther Mart\u00ednez Romano, as\u00ed como Nahum Eduardo Ita Orus, colaborador del Frente Mexicano de Derechos Humanos Benjam\u00edn Laureano Luna A.C.; Kurt Emil Annensen, director ejecutivo de dicha organizaci\u00f3n; y Carlos Orea Alonso, director y fundador de la Casa Migrante M\u00e9xico-USA.<\/p>\n","protected":false},"excerpt":{"rendered":"<p>&#8211; Especialistas penalistas dialogan sobre justicia social en favor de migrantes poblanos \u00a0&#8211; Gobierno estatal ofrece asesor\u00eda legal a connacionales en Estados Unidos a trav\u00e9s de abogados especializados &nbsp; &nbsp; La diputada Araceli Celestino Rosas present\u00f3 el Parlamento Internacional de Derechos Humanos, evento que se realizar\u00e1 el 28 de octubre a las 9:00 horas en&#8230;<\/p>\n","protected":false},"author":16,"featured_media":33861,"comment_status":"closed","ping_status":"closed","sticky":false,"template":"","format":"standard","meta":[],"categories":[3],"tags":[1480,1271],"yoast_head":"<!-- This site is optimized with the Yoast SEO plugin v20.8 - https:\/\/yoast.com\/wordpress\/plugins\/seo\/ -->\n<title>Presentan Parlamento Internacional de Derechos Humanos en favor de migrantes poblanos - The Puebla Times<\/title>\n<meta name=\"robots\" content=\"index, follow, max-snippet:-1, max-image-preview:large, max-video-preview:-1\" \/>\n<link rel=\"canonical\" href=\"https:\/\/thepueblatimes.mx\/index.php\/2025\/10\/24\/presentan-parlamento-internacional-de-derechos-humanos-en-favor-de-migrantes-poblanos\/\" \/>\n<meta property=\"og:locale\" content=\"es_ES\" \/>\n<meta property=\"og:type\" content=\"article\" \/>\n<meta property=\"og:title\" content=\"Presentan Parlamento Internacional de Derechos Humanos en favor de migrantes poblanos - The Puebla Times\" \/>\n<meta property=\"og:description\" content=\"&#8211; Especialistas penalistas dialogan sobre justicia social en favor de migrantes poblanos \u00a0&#8211; Gobierno estatal ofrece asesor\u00eda legal a connacionales en Estados Unidos a trav\u00e9s de abogados especializados &nbsp; &nbsp; La diputada Araceli Celestino Rosas present\u00f3 el Parlamento Internacional de Derechos Humanos, evento que se realizar\u00e1 el 28 de octubre a las 9:00 horas en...\" \/>\n<meta property=\"og:url\" content=\"https:\/\/thepueblatimes.mx\/index.php\/2025\/10\/24\/presentan-parlamento-internacional-de-derechos-humanos-en-favor-de-migrantes-poblanos\/\" \/>\n<meta property=\"og:site_name\" content=\"The Puebla Times\" \/>\n<meta property=\"article:published_time\" content=\"2025-10-24T23:18:33+00:00\" \/>\n<meta property=\"og:image\" content=\"https:\/\/thepueblatimes.mx\/wp-content\/uploads\/2025\/10\/WhatsApp-Image-2025-10-24-at-12.22.53.jpeg\" \/>\n\t<meta property=\"og:image:width\" content=\"1542\" \/>\n\t<meta property=\"og:image:height\" content=\"1028\" \/>\n\t<meta property=\"og:image:type\" content=\"image\/jpeg\" \/>\n<meta name=\"author\" content=\"Sa\u00fal Hern\u00e1ndez\" \/>\n<meta name=\"twitter:card\" content=\"summary_large_image\" \/>\n<meta name=\"twitter:label1\" content=\"Escrito por\" \/>\n\t<meta name=\"twitter:data1\" content=\"Sa\u00fal Hern\u00e1ndez\" \/>\n\t<meta name=\"twitter:label2\" content=\"Tiempo de lectura\" \/>\n\t<meta name=\"twitter:data2\" content=\"2 minutos\" \/>\n<script type=\"application\/ld+json\" class=\"yoast-schema-graph\">{\"@context\":\"https:\/\/schema.org\",\"@graph\":[{\"@type\":\"WebPage\",\"@id\":\"https:\/\/thepueblatimes.mx\/index.php\/2025\/10\/24\/presentan-parlamento-internacional-de-derechos-humanos-en-favor-de-migrantes-poblanos\/\",\"url\":\"https:\/\/thepueblatimes.mx\/index.php\/2025\/10\/24\/presentan-parlamento-internacional-de-derechos-humanos-en-favor-de-migrantes-poblanos\/\",\"name\":\"Presentan Parlamento Internacional de Derechos Humanos en favor de migrantes poblanos - The Puebla Times\",\"isPartOf\":{\"@id\":\"https:\/\/thepueblatimes.mx\/#website\"},\"datePublished\":\"2025-10-24T23:18:33+00:00\",\"dateModified\":\"2025-10-24T23:18:33+00:00\",\"author\":{\"@id\":\"https:\/\/thepueblatimes.mx\/#\/schema\/person\/1664894c2f65ce2c7a08d8f5f905c13c\"},\"breadcrumb\":{\"@id\":\"https:\/\/thepueblatimes.mx\/index.php\/2025\/10\/24\/presentan-parlamento-internacional-de-derechos-humanos-en-favor-de-migrantes-poblanos\/#breadcrumb\"},\"inLanguage\":\"es\",\"potentialAction\":[{\"@type\":\"ReadAction\",\"target\":[\"https:\/\/thepueblatimes.mx\/index.php\/2025\/10\/24\/presentan-parlamento-internacional-de-derechos-humanos-en-favor-de-migrantes-poblanos\/\"]}]},{\"@type\":\"BreadcrumbList\",\"@id\":\"https:\/\/thepueblatimes.mx\/index.php\/2025\/10\/24\/presentan-parlamento-internacional-de-derechos-humanos-en-favor-de-migrantes-poblanos\/#breadcrumb\",\"itemListElement\":[{\"@type\":\"ListItem\",\"position\":1,\"name\":\"Portada\",\"item\":\"https:\/\/thepueblatimes.mx\/\"},{\"@type\":\"ListItem\",\"position\":2,\"name\":\"Presentan Parlamento Internacional de Derechos Humanos en favor de migrantes poblanos\"}]},{\"@type\":\"WebSite\",\"@id\":\"https:\/\/thepueblatimes.mx\/#website\",\"url\":\"https:\/\/thepueblatimes.mx\/\",\"name\":\"The Puebla Times\",\"description\":\"Noticias del Estado de Puebla\",\"potentialAction\":[{\"@type\":\"SearchAction\",\"target\":{\"@type\":\"EntryPoint\",\"urlTemplate\":\"https:\/\/thepueblatimes.mx\/?s={search_term_string}\"},\"query-input\":\"required name=search_term_string\"}],\"inLanguage\":\"es\"},{\"@type\":\"Person\",\"@id\":\"https:\/\/thepueblatimes.mx\/#\/schema\/person\/1664894c2f65ce2c7a08d8f5f905c13c\",\"name\":\"Sa\u00fal Hern\u00e1ndez\",\"image\":{\"@type\":\"ImageObject\",\"inLanguage\":\"es\",\"@id\":\"https:\/\/thepueblatimes.mx\/#\/schema\/person\/image\/\",\"url\":\"https:\/\/secure.gravatar.com\/avatar\/11be338693f243309532caad8f10c930?s=96&d=mm&r=g\",\"contentUrl\":\"https:\/\/secure.gravatar.com\/avatar\/11be338693f243309532caad8f10c930?s=96&d=mm&r=g\",\"caption\":\"Sa\u00fal Hern\u00e1ndez\"},\"url\":\"https:\/\/thepueblatimes.mx\/index.php\/author\/saulhernandez\/\"}]}<\/script>\n<!-- \/ Yoast SEO plugin. -->","yoast_head_json":{"title":"Presentan Parlamento Internacional de Derechos Humanos en favor de migrantes poblanos - The Puebla Times","robots":{"index":"index","follow":"follow","max-snippet":"max-snippet:-1","max-image-preview":"max-image-preview:large","max-video-preview":"max-video-preview:-1"},"canonical":"https:\/\/thepueblatimes.mx\/index.php\/2025\/10\/24\/presentan-parlamento-internacional-de-derechos-humanos-en-favor-de-migrantes-poblanos\/","og_locale":"es_ES","og_type":"article","og_title":"Presentan Parlamento Internacional de Derechos Humanos en favor de migrantes poblanos - The Puebla Times","og_description":"&#8211; Especialistas penalistas dialogan sobre justicia social en favor de migrantes poblanos \u00a0&#8211; Gobierno estatal ofrece asesor\u00eda legal a connacionales en Estados Unidos a trav\u00e9s de abogados especializados &nbsp; &nbsp; La diputada Araceli Celestino Rosas present\u00f3 el Parlamento Internacional de Derechos Humanos, evento que se realizar\u00e1 el 28 de octubre a las 9:00 horas en...","og_url":"https:\/\/thepueblatimes.mx\/index.php\/2025\/10\/24\/presentan-parlamento-internacional-de-derechos-humanos-en-favor-de-migrantes-poblanos\/","og_site_name":"The Puebla Times","article_published_time":"2025-10-24T23:18:33+00:00","og_image":[{"width":1542,"height":1028,"url":"https:\/\/thepueblatimes.mx\/wp-content\/uploads\/2025\/10\/WhatsApp-Image-2025-10-24-at-12.22.53.jpeg","type":"image\/jpeg"}],"author":"Sa\u00fal Hern\u00e1ndez","twitter_card":"summary_large_image","twitter_misc":{"Escrito por":"Sa\u00fal Hern\u00e1ndez","Tiempo de lectura":"2 minutos"},"schema":{"@context":"https:\/\/schema.org","@graph":[{"@type":"WebPage","@id":"https:\/\/thepueblatimes.mx\/index.php\/2025\/10\/24\/presentan-parlamento-internacional-de-derechos-humanos-en-favor-de-migrantes-poblanos\/","url":"https:\/\/thepueblatimes.mx\/index.php\/2025\/10\/24\/presentan-parlamento-internacional-de-derechos-humanos-en-favor-de-migrantes-poblanos\/","name":"Presentan Parlamento Internacional de Derechos Humanos en favor de migrantes poblanos - The Puebla Times","isPartOf":{"@id":"https:\/\/thepueblatimes.mx\/#website"},"datePublished":"2025-10-24T23:18:33+00:00","dateModified":"2025-10-24T23:18:33+00:00","author":{"@id":"https:\/\/thepueblatimes.mx\/#\/schema\/person\/1664894c2f65ce2c7a08d8f5f905c13c"},"breadcrumb":{"@id":"https:\/\/thepueblatimes.mx\/index.php\/2025\/10\/24\/presentan-parlamento-internacional-de-derechos-humanos-en-favor-de-migrantes-poblanos\/#breadcrumb"},"inLanguage":"es","potentialAction":[{"@type":"ReadAction","target":["https:\/\/thepueblatimes.mx\/index.php\/2025\/10\/24\/presentan-parlamento-internacional-de-derechos-humanos-en-favor-de-migrantes-poblanos\/"]}]},{"@type":"BreadcrumbList","@id":"https:\/\/thepueblatimes.mx\/index.php\/2025\/10\/24\/presentan-parlamento-internacional-de-derechos-humanos-en-favor-de-migrantes-poblanos\/#breadcrumb","itemListElement":[{"@type":"ListItem","position":1,"name":"Portada","item":"https:\/\/thepueblatimes.mx\/"},{"@type":"ListItem","position":2,"name":"Presentan Parlamento Internacional de Derechos Humanos en favor de migrantes poblanos"}]},{"@type":"WebSite","@id":"https:\/\/thepueblatimes.mx\/#website","url":"https:\/\/thepueblatimes.mx\/","name":"The Puebla Times","description":"Noticias del Estado de Puebla","potentialAction":[{"@type":"SearchAction","target":{"@type":"EntryPoint","urlTemplate":"https:\/\/thepueblatimes.mx\/?s={search_term_string}"},"query-input":"required name=search_term_string"}],"inLanguage":"es"},{"@type":"Person","@id":"https:\/\/thepueblatimes.mx\/#\/schema\/person\/1664894c2f65ce2c7a08d8f5f905c13c","name":"Sa\u00fal Hern\u00e1ndez","image":{"@type":"ImageObject","inLanguage":"es","@id":"https:\/\/thepueblatimes.mx\/#\/schema\/person\/image\/","url":"https:\/\/secure.gravatar.com\/avatar\/11be338693f243309532caad8f10c930?s=96&d=mm&r=g","contentUrl":"https:\/\/secure.gravatar.com\/avatar\/11be338693f243309532caad8f10c930?s=96&d=mm&r=g","caption":"Sa\u00fal Hern\u00e1ndez"},"url":"https:\/\/thepueblatimes.mx\/index.php\/author\/saulhernandez\/"}]}},"jetpack_featured_media_url":"https:\/\/thepueblatimes.mx\/wp-content\/uploads\/2025\/10\/WhatsApp-Image-2025-10-24-at-12.22.53.jpeg","_links":{"self":[{"href":"https:\/\/thepueblatimes.mx\/index.php\/wp-json\/wp\/v2\/posts\/33860"}],"collection":[{"href":"https:\/\/thepueblatimes.mx\/index.php\/wp-json\/wp\/v2\/posts"}],"about":[{"href":"https:\/\/thepueblatimes.mx\/index.php\/wp-json\/wp\/v2\/types\/post"}],"author":[{"embeddable":true,"href":"https:\/\/thepueblatimes.mx\/index.php\/wp-json\/wp\/v2\/users\/16"}],"replies":[{"embeddable":true,"href":"https:\/\/thepueblatimes.mx\/index.php\/wp-json\/wp\/v2\/comments?post=33860"}],"version-history":[{"count":1,"href":"https:\/\/thepueblatimes.mx\/index.php\/wp-json\/wp\/v2\/posts\/33860\/revisions"}],"predecessor-version":[{"id":33862,"href":"https:\/\/thepueblatimes.mx\/index.php\/wp-json\/wp\/v2\/posts\/33860\/revisions\/33862"}],"wp:featuredmedia":[{"embeddable":true,"href":"https:\/\/thepueblatimes.mx\/index.php\/wp-json\/wp\/v2\/media\/33861"}],"wp:attachment":[{"href":"https:\/\/thepueblatimes.mx\/index.php\/wp-json\/wp\/v2\/media?parent=33860"}],"wp:term":[{"taxonomy":"category","embeddable":true,"href":"https:\/\/thepueblatimes.mx\/index.php\/wp-json\/wp\/v2\/categories?post=33860"},{"taxonomy":"post_tag","embeddable":true,"href":"https:\/\/thepueblatimes.mx\/index.php\/wp-json\/wp\/v2\/tags?post=33860"}],"curies":[{"name":"wp","href":"https:\/\/api.w.org\/{rel}","templated":true}]}}