{"id":33759,"date":"2025-10-17T16:14:52","date_gmt":"2025-10-17T22:14:52","guid":{"rendered":"https:\/\/thepueblatimes.mx\/?p=33759"},"modified":"2025-10-17T16:14:52","modified_gmt":"2025-10-17T22:14:52","slug":"gobierno-federal-y-estatal-reabren-accesos-a-tlacuilotepec-reconstruiran-puente-derribado-por-lluvias","status":"publish","type":"post","link":"https:\/\/thepueblatimes.mx\/index.php\/2025\/10\/17\/gobierno-federal-y-estatal-reabren-accesos-a-tlacuilotepec-reconstruiran-puente-derribado-por-lluvias\/","title":{"rendered":"Gobierno federal y estatal reabren accesos a Tlacuilotepec; reconstruir\u00e1n puente derribado por lluvias"},"content":{"rendered":"<h3><em>&#8211; El Gobierno de Puebla trabaja en coordinaci\u00f3n con las fuerzas armadas y la Secretar\u00eda de Infraestructura, Comunicaciones y Transportes del Gobierno de M\u00e9xico para rehabilitar caminos.<\/em><\/h3>\n<h3><em>&#8211; Se habilitar\u00e1 de manera temporal un puente peatonal colgante en la zona que permita la salida y entrada a la comunidad.<\/em><\/h3>\n<p>TLACUILOTEPEC, Pue. \u2013 El gobernador de Puebla, Alejandro Armenta, visit\u00f3 uno de los municipios m\u00e1s afectados por las intensas lluvias en la Sierra Norte, acompa\u00f1ado por la coordinadora general de Asuntos Intergubernamentales y Participaci\u00f3n Social del Gobierno de M\u00e9xico, Leticia Ram\u00edrez Amaya, supervis\u00f3 los da\u00f1os en infraestructura, especialmente en el Puente San Marcos, que fue arrasado por la creciente del r\u00edo y cuya ausencia ha interrumpido la comunicaci\u00f3n terrestre con Xicotepec.<\/p>\n<p>El mandatario reiter\u00f3 el compromiso de restablecer, a la brevedad, las v\u00edas de acceso y garantizar la seguridad de las familias de la regi\u00f3n. Se\u00f1al\u00f3 que dicha zona fue la m\u00e1s afectada en t\u00e9rminos de infraestructura vial y puentes, por lo que trabajan de manera coordinada con la Secretar\u00eda de Infraestructura, Comunicaciones y Transportes del Gobierno de M\u00e9xico, para atender los tramos afectados y de manera provisional se construir\u00e1 un puente peatonal colgante en la zona.<\/p>\n<p>En representaci\u00f3n de la presidenta de M\u00e9xico, Claudia Sheinbaum, la coordinadora general de Asuntos Intergubernamentales y Participaci\u00f3n Social del Gobierno de M\u00e9xico, Leticia Ram\u00edrez Amaya, reiter\u00f3 que la coordinaci\u00f3n de los esfuerzos de los tres \u00f3rdenes de gobierno es fundamental para ayudar a la poblaci\u00f3n. Reconoci\u00f3 la iniciativa del Gobierno del Estado al adquirir M\u00f3dulos de Maquinaria, ya que con ellos se trabaja en resolver las afectaciones. \u00abNo est\u00e1n solos, est\u00e1n aqu\u00ed los tres niveles de gobierno, para nosotros lo m\u00e1s importante es el bienestar de las y los ciudadanos\u00bb, asegur\u00f3.<\/p>\n<p>Por su parte, el comandante de la VI Regi\u00f3n Militar de Defensa, H\u00e9ctor \u00c1vila Alcocer, inform\u00f3 que se registran avances en las cuatro rutas asignadas con equipos de volteo, retroexcavadoras y otras maquinarias, ya que ahora corresponde la etapa de recuperaci\u00f3n. Anunci\u00f3 que este d\u00eda tendr\u00e1n acceso a las 13 comunidades que estaban incomunicadas.<\/p>\n<p>El coordinador de Protecci\u00f3n Civil del Estado, Bernabe L\u00f3pez, explic\u00f3 que la fuerte lluvia destruy\u00f3 m\u00e1s de 80 metros de puente, y que en coordinaci\u00f3n con las fuerzas armadas contin\u00faan con los trabajos de rehabilitaci\u00f3n de carreteras y caminos.<\/p>\n<p>En su intervenci\u00f3n, el director de Planeaci\u00f3n del Ayuntamiento de Tlacuilotepec, Agust\u00edn V\u00e1zquez Hern\u00e1ndez, detall\u00f3 que el puente comunicaba directamente a Xicotepec. Reconoci\u00f3 la pronta respuesta con maquinaria del Gobierno del Estado, y de la Secretar\u00eda de la Defensa Nacional, a fin de realizar los trabajos de remoci\u00f3n de escombros y limpieza de carreteras.<\/p>\n<p>Abigail Anacleto Carballo, habitante de la comunidad de Santa Mar\u00eda Tlacuilotepec, narr\u00f3 que la lluvia que se registr\u00f3 se llev\u00f3 el \u00fanico puente que comunica con el municipio de Xicotepec de Ju\u00e1rez y afirm\u00f3 que normalmente se hac\u00edan de 45 minutos a una hora para trasladarse, pero con estos da\u00f1os no hay forma de llegar.<\/p>\n<p>Expres\u00f3 su reconocimiento a la labor del Gobierno del Estado por el env\u00edo de maquinaria que proporcion\u00f3 el gobernador Alejandro Armenta, y que con la ayuda de la comunidad retiraron el lodo y escombro de los caminos y carreteras. \u00abHubo comunidades que tuvieron muchas p\u00e9rdidas en sus viviendas\u00bb. Coment\u00f3 que desde hace m\u00e1s de 30 a\u00f1os que no sub\u00eda a tal grado nivel el r\u00edo, por ello se\u00f1al\u00f3 que es necesaria la pronta rehabilitaci\u00f3n del puente.<\/p>\n<p>En coordinaci\u00f3n, el Gobierno de Puebla contin\u00faa con los trabajos en comunidades y atenci\u00f3n en los albergues, por parte de personal de Defensa, Guardia Nacional, Secretar\u00eda de Marina, Sistema Estatal DIF de Puebla, Secretar\u00eda de Seguridad P\u00fablica, Secretar\u00eda de Salud Puebla, Pemex y CFE Nacional, entre otras dependencias. Es importante recordar que el n\u00famero de emergencia 911 recibe solicitudes de apoyo de las comunidades y reportes de caminos da\u00f1ados o personas atrapadas; mientras que en el n\u00famero 079 se reciben reportes de personas desaparecidas, por lo que se exhorta a usarlo con responsabilidad.<\/p>\n","protected":false},"excerpt":{"rendered":"<p>&#8211; El Gobierno de Puebla trabaja en coordinaci\u00f3n con las fuerzas armadas y la Secretar\u00eda de Infraestructura, Comunicaciones y Transportes del Gobierno de M\u00e9xico para rehabilitar caminos. &#8211; Se habilitar\u00e1 de manera temporal un puente peatonal colgante en la zona que permita la salida y entrada a la comunidad. TLACUILOTEPEC, Pue. \u2013 El gobernador de&#8230;<\/p>\n","protected":false},"author":16,"featured_media":33760,"comment_status":"closed","ping_status":"closed","sticky":false,"template":"","format":"standard","meta":[],"categories":[3],"tags":[187,1273],"yoast_head":"<!-- This site is optimized with the Yoast SEO plugin v20.8 - https:\/\/yoast.com\/wordpress\/plugins\/seo\/ -->\n<title>Gobierno federal y estatal reabren accesos a Tlacuilotepec; reconstruir\u00e1n puente derribado por lluvias - The Puebla Times<\/title>\n<meta name=\"robots\" content=\"index, follow, max-snippet:-1, max-image-preview:large, max-video-preview:-1\" \/>\n<link rel=\"canonical\" href=\"https:\/\/thepueblatimes.mx\/index.php\/2025\/10\/17\/gobierno-federal-y-estatal-reabren-accesos-a-tlacuilotepec-reconstruiran-puente-derribado-por-lluvias\/\" \/>\n<meta property=\"og:locale\" content=\"es_ES\" \/>\n<meta property=\"og:type\" content=\"article\" \/>\n<meta property=\"og:title\" content=\"Gobierno federal y estatal reabren accesos a Tlacuilotepec; reconstruir\u00e1n puente derribado por lluvias - The Puebla Times\" \/>\n<meta property=\"og:description\" content=\"&#8211; El Gobierno de Puebla trabaja en coordinaci\u00f3n con las fuerzas armadas y la Secretar\u00eda de Infraestructura, Comunicaciones y Transportes del Gobierno de M\u00e9xico para rehabilitar caminos. &#8211; Se habilitar\u00e1 de manera temporal un puente peatonal colgante en la zona que permita la salida y entrada a la comunidad. TLACUILOTEPEC, Pue. \u2013 El gobernador de...\" \/>\n<meta property=\"og:url\" content=\"https:\/\/thepueblatimes.mx\/index.php\/2025\/10\/17\/gobierno-federal-y-estatal-reabren-accesos-a-tlacuilotepec-reconstruiran-puente-derribado-por-lluvias\/\" \/>\n<meta property=\"og:site_name\" content=\"The Puebla Times\" \/>\n<meta property=\"article:published_time\" content=\"2025-10-17T22:14:52+00:00\" \/>\n<meta property=\"og:image\" content=\"https:\/\/thepueblatimes.mx\/wp-content\/uploads\/2025\/10\/WhatsApp-Image-2025-10-17-at-15.59.32.jpeg\" \/>\n\t<meta property=\"og:image:width\" content=\"2560\" \/>\n\t<meta property=\"og:image:height\" content=\"1706\" \/>\n\t<meta property=\"og:image:type\" content=\"image\/jpeg\" \/>\n<meta name=\"author\" content=\"Sa\u00fal Hern\u00e1ndez\" \/>\n<meta name=\"twitter:card\" content=\"summary_large_image\" \/>\n<meta name=\"twitter:label1\" content=\"Escrito por\" \/>\n\t<meta name=\"twitter:data1\" content=\"Sa\u00fal Hern\u00e1ndez\" \/>\n\t<meta name=\"twitter:label2\" content=\"Tiempo de lectura\" \/>\n\t<meta name=\"twitter:data2\" content=\"4 minutos\" \/>\n<script type=\"application\/ld+json\" class=\"yoast-schema-graph\">{\"@context\":\"https:\/\/schema.org\",\"@graph\":[{\"@type\":\"WebPage\",\"@id\":\"https:\/\/thepueblatimes.mx\/index.php\/2025\/10\/17\/gobierno-federal-y-estatal-reabren-accesos-a-tlacuilotepec-reconstruiran-puente-derribado-por-lluvias\/\",\"url\":\"https:\/\/thepueblatimes.mx\/index.php\/2025\/10\/17\/gobierno-federal-y-estatal-reabren-accesos-a-tlacuilotepec-reconstruiran-puente-derribado-por-lluvias\/\",\"name\":\"Gobierno federal y estatal reabren accesos a Tlacuilotepec; reconstruir\u00e1n puente derribado por lluvias - The Puebla Times\",\"isPartOf\":{\"@id\":\"https:\/\/thepueblatimes.mx\/#website\"},\"datePublished\":\"2025-10-17T22:14:52+00:00\",\"dateModified\":\"2025-10-17T22:14:52+00:00\",\"author\":{\"@id\":\"https:\/\/thepueblatimes.mx\/#\/schema\/person\/1664894c2f65ce2c7a08d8f5f905c13c\"},\"breadcrumb\":{\"@id\":\"https:\/\/thepueblatimes.mx\/index.php\/2025\/10\/17\/gobierno-federal-y-estatal-reabren-accesos-a-tlacuilotepec-reconstruiran-puente-derribado-por-lluvias\/#breadcrumb\"},\"inLanguage\":\"es\",\"potentialAction\":[{\"@type\":\"ReadAction\",\"target\":[\"https:\/\/thepueblatimes.mx\/index.php\/2025\/10\/17\/gobierno-federal-y-estatal-reabren-accesos-a-tlacuilotepec-reconstruiran-puente-derribado-por-lluvias\/\"]}]},{\"@type\":\"BreadcrumbList\",\"@id\":\"https:\/\/thepueblatimes.mx\/index.php\/2025\/10\/17\/gobierno-federal-y-estatal-reabren-accesos-a-tlacuilotepec-reconstruiran-puente-derribado-por-lluvias\/#breadcrumb\",\"itemListElement\":[{\"@type\":\"ListItem\",\"position\":1,\"name\":\"Portada\",\"item\":\"https:\/\/thepueblatimes.mx\/\"},{\"@type\":\"ListItem\",\"position\":2,\"name\":\"Gobierno federal y estatal reabren accesos a Tlacuilotepec; reconstruir\u00e1n puente derribado por lluvias\"}]},{\"@type\":\"WebSite\",\"@id\":\"https:\/\/thepueblatimes.mx\/#website\",\"url\":\"https:\/\/thepueblatimes.mx\/\",\"name\":\"The Puebla Times\",\"description\":\"Noticias del Estado de Puebla\",\"potentialAction\":[{\"@type\":\"SearchAction\",\"target\":{\"@type\":\"EntryPoint\",\"urlTemplate\":\"https:\/\/thepueblatimes.mx\/?s={search_term_string}\"},\"query-input\":\"required name=search_term_string\"}],\"inLanguage\":\"es\"},{\"@type\":\"Person\",\"@id\":\"https:\/\/thepueblatimes.mx\/#\/schema\/person\/1664894c2f65ce2c7a08d8f5f905c13c\",\"name\":\"Sa\u00fal Hern\u00e1ndez\",\"image\":{\"@type\":\"ImageObject\",\"inLanguage\":\"es\",\"@id\":\"https:\/\/thepueblatimes.mx\/#\/schema\/person\/image\/\",\"url\":\"https:\/\/secure.gravatar.com\/avatar\/11be338693f243309532caad8f10c930?s=96&d=mm&r=g\",\"contentUrl\":\"https:\/\/secure.gravatar.com\/avatar\/11be338693f243309532caad8f10c930?s=96&d=mm&r=g\",\"caption\":\"Sa\u00fal Hern\u00e1ndez\"},\"url\":\"https:\/\/thepueblatimes.mx\/index.php\/author\/saulhernandez\/\"}]}<\/script>\n<!-- \/ Yoast SEO plugin. -->","yoast_head_json":{"title":"Gobierno federal y estatal reabren accesos a Tlacuilotepec; reconstruir\u00e1n puente derribado por lluvias - The Puebla Times","robots":{"index":"index","follow":"follow","max-snippet":"max-snippet:-1","max-image-preview":"max-image-preview:large","max-video-preview":"max-video-preview:-1"},"canonical":"https:\/\/thepueblatimes.mx\/index.php\/2025\/10\/17\/gobierno-federal-y-estatal-reabren-accesos-a-tlacuilotepec-reconstruiran-puente-derribado-por-lluvias\/","og_locale":"es_ES","og_type":"article","og_title":"Gobierno federal y estatal reabren accesos a Tlacuilotepec; reconstruir\u00e1n puente derribado por lluvias - The Puebla Times","og_description":"&#8211; El Gobierno de Puebla trabaja en coordinaci\u00f3n con las fuerzas armadas y la Secretar\u00eda de Infraestructura, Comunicaciones y Transportes del Gobierno de M\u00e9xico para rehabilitar caminos. &#8211; Se habilitar\u00e1 de manera temporal un puente peatonal colgante en la zona que permita la salida y entrada a la comunidad. TLACUILOTEPEC, Pue. \u2013 El gobernador de...","og_url":"https:\/\/thepueblatimes.mx\/index.php\/2025\/10\/17\/gobierno-federal-y-estatal-reabren-accesos-a-tlacuilotepec-reconstruiran-puente-derribado-por-lluvias\/","og_site_name":"The Puebla Times","article_published_time":"2025-10-17T22:14:52+00:00","og_image":[{"width":2560,"height":1706,"url":"https:\/\/thepueblatimes.mx\/wp-content\/uploads\/2025\/10\/WhatsApp-Image-2025-10-17-at-15.59.32.jpeg","type":"image\/jpeg"}],"author":"Sa\u00fal Hern\u00e1ndez","twitter_card":"summary_large_image","twitter_misc":{"Escrito por":"Sa\u00fal Hern\u00e1ndez","Tiempo de lectura":"4 minutos"},"schema":{"@context":"https:\/\/schema.org","@graph":[{"@type":"WebPage","@id":"https:\/\/thepueblatimes.mx\/index.php\/2025\/10\/17\/gobierno-federal-y-estatal-reabren-accesos-a-tlacuilotepec-reconstruiran-puente-derribado-por-lluvias\/","url":"https:\/\/thepueblatimes.mx\/index.php\/2025\/10\/17\/gobierno-federal-y-estatal-reabren-accesos-a-tlacuilotepec-reconstruiran-puente-derribado-por-lluvias\/","name":"Gobierno federal y estatal reabren accesos a Tlacuilotepec; reconstruir\u00e1n puente derribado por lluvias - The Puebla Times","isPartOf":{"@id":"https:\/\/thepueblatimes.mx\/#website"},"datePublished":"2025-10-17T22:14:52+00:00","dateModified":"2025-10-17T22:14:52+00:00","author":{"@id":"https:\/\/thepueblatimes.mx\/#\/schema\/person\/1664894c2f65ce2c7a08d8f5f905c13c"},"breadcrumb":{"@id":"https:\/\/thepueblatimes.mx\/index.php\/2025\/10\/17\/gobierno-federal-y-estatal-reabren-accesos-a-tlacuilotepec-reconstruiran-puente-derribado-por-lluvias\/#breadcrumb"},"inLanguage":"es","potentialAction":[{"@type":"ReadAction","target":["https:\/\/thepueblatimes.mx\/index.php\/2025\/10\/17\/gobierno-federal-y-estatal-reabren-accesos-a-tlacuilotepec-reconstruiran-puente-derribado-por-lluvias\/"]}]},{"@type":"BreadcrumbList","@id":"https:\/\/thepueblatimes.mx\/index.php\/2025\/10\/17\/gobierno-federal-y-estatal-reabren-accesos-a-tlacuilotepec-reconstruiran-puente-derribado-por-lluvias\/#breadcrumb","itemListElement":[{"@type":"ListItem","position":1,"name":"Portada","item":"https:\/\/thepueblatimes.mx\/"},{"@type":"ListItem","position":2,"name":"Gobierno federal y estatal reabren accesos a Tlacuilotepec; reconstruir\u00e1n puente derribado por lluvias"}]},{"@type":"WebSite","@id":"https:\/\/thepueblatimes.mx\/#website","url":"https:\/\/thepueblatimes.mx\/","name":"The Puebla Times","description":"Noticias del Estado de Puebla","potentialAction":[{"@type":"SearchAction","target":{"@type":"EntryPoint","urlTemplate":"https:\/\/thepueblatimes.mx\/?s={search_term_string}"},"query-input":"required name=search_term_string"}],"inLanguage":"es"},{"@type":"Person","@id":"https:\/\/thepueblatimes.mx\/#\/schema\/person\/1664894c2f65ce2c7a08d8f5f905c13c","name":"Sa\u00fal Hern\u00e1ndez","image":{"@type":"ImageObject","inLanguage":"es","@id":"https:\/\/thepueblatimes.mx\/#\/schema\/person\/image\/","url":"https:\/\/secure.gravatar.com\/avatar\/11be338693f243309532caad8f10c930?s=96&d=mm&r=g","contentUrl":"https:\/\/secure.gravatar.com\/avatar\/11be338693f243309532caad8f10c930?s=96&d=mm&r=g","caption":"Sa\u00fal Hern\u00e1ndez"},"url":"https:\/\/thepueblatimes.mx\/index.php\/author\/saulhernandez\/"}]}},"jetpack_featured_media_url":"https:\/\/thepueblatimes.mx\/wp-content\/uploads\/2025\/10\/WhatsApp-Image-2025-10-17-at-15.59.32.jpeg","_links":{"self":[{"href":"https:\/\/thepueblatimes.mx\/index.php\/wp-json\/wp\/v2\/posts\/33759"}],"collection":[{"href":"https:\/\/thepueblatimes.mx\/index.php\/wp-json\/wp\/v2\/posts"}],"about":[{"href":"https:\/\/thepueblatimes.mx\/index.php\/wp-json\/wp\/v2\/types\/post"}],"author":[{"embeddable":true,"href":"https:\/\/thepueblatimes.mx\/index.php\/wp-json\/wp\/v2\/users\/16"}],"replies":[{"embeddable":true,"href":"https:\/\/thepueblatimes.mx\/index.php\/wp-json\/wp\/v2\/comments?post=33759"}],"version-history":[{"count":1,"href":"https:\/\/thepueblatimes.mx\/index.php\/wp-json\/wp\/v2\/posts\/33759\/revisions"}],"predecessor-version":[{"id":33761,"href":"https:\/\/thepueblatimes.mx\/index.php\/wp-json\/wp\/v2\/posts\/33759\/revisions\/33761"}],"wp:featuredmedia":[{"embeddable":true,"href":"https:\/\/thepueblatimes.mx\/index.php\/wp-json\/wp\/v2\/media\/33760"}],"wp:attachment":[{"href":"https:\/\/thepueblatimes.mx\/index.php\/wp-json\/wp\/v2\/media?parent=33759"}],"wp:term":[{"taxonomy":"category","embeddable":true,"href":"https:\/\/thepueblatimes.mx\/index.php\/wp-json\/wp\/v2\/categories?post=33759"},{"taxonomy":"post_tag","embeddable":true,"href":"https:\/\/thepueblatimes.mx\/index.php\/wp-json\/wp\/v2\/tags?post=33759"}],"curies":[{"name":"wp","href":"https:\/\/api.w.org\/{rel}","templated":true}]}}