{"id":33754,"date":"2025-10-17T14:12:33","date_gmt":"2025-10-17T20:12:33","guid":{"rendered":"https:\/\/thepueblatimes.mx\/?p=33754"},"modified":"2025-10-17T14:12:51","modified_gmt":"2025-10-17T20:12:51","slug":"33754","status":"publish","type":"post","link":"https:\/\/thepueblatimes.mx\/index.php\/2025\/10\/17\/33754\/","title":{"rendered":"Reconoce Congreso del Estado a productores y productoras poblanas que participaron en certamen internacional de mezcal"},"content":{"rendered":"<h3><em>&#8211; Se entregaron reconocimientos a 14 marcas galardonadas en el Spirit Selection by Concours Mondial de Bruselas.<\/em><\/h3>\n<h3><em>&#8211; Se destinan 110 millones de pesos para fortalecer la cadena productiva del mezcal poblano.<\/em><\/h3>\n<p>&nbsp;<\/p>\n<p>El Congreso del Estado entreg\u00f3 reconocimientos a 14 productoras y productores mezcaleros por su destacada participaci\u00f3n en el Spirit Selection by Concours Mondial de Bruselas, uno de los cert\u00e1menes m\u00e1s prestigiados a nivel internacional en el mundo de los destilados. Durante el evento, la diputada Ana Laura G\u00f3mez Ram\u00edrez destac\u00f3 el compromiso, talento y dedicaci\u00f3n de quienes fortalecen el prestigio del mezcal poblano y proyectan con orgullo la grandeza del campo de Puebla.<\/p>\n<p>&nbsp;<\/p>\n<p>\u201cHoy no solo reconocemos su trabajo, su dedicaci\u00f3n y su amor por el campo, sino tambi\u00e9n un logro que nos llena de orgullo a todas y todos los poblanos. Nuestros mezcaleros fueron galardonados en uno de los cert\u00e1menes internacionales m\u00e1s importantes del mundo\u201d, expres\u00f3 la legisladora.<\/p>\n<p>&nbsp;<\/p>\n<p>Por su parte, la secretaria de Desarrollo Rural, Ana Laura Altamirano P\u00e9rez, subray\u00f3 que Puebla se consolida como referente mezcalero gracias al esfuerzo de sus productores. Inform\u00f3 que el gobierno estatal, encabezado por Alejandro Armenta, destina un presupuesto de 110 millones de pesos para impulsar la producci\u00f3n, industrializaci\u00f3n y comercializaci\u00f3n del mezcal, que ya forma parte de la marca \u201c5 de Mayo\u201d.<\/p>\n<p>&nbsp;<\/p>\n<p>Las marcas reconocidas fueron: La Atlixquense, Recuerdos de mi historia, Mezcalito de mi Coraz\u00f3n, Mi Ofrenda, La Joya de los Cerritos, Villa de Carri\u00f3n, Aroma Ancestral, Agave Rosa, Santo Legado, El Individuo, Mi Herencia Mixteca, Los Fuertes, Tesoro de Atlapulco y Wuixolotl.<\/p>\n<p>&nbsp;<\/p>\n<p>Al evento asistieron los y las diputadas Jos\u00e9 Luis Figueroa Cort\u00e9s, Pavel Gaspar Ram\u00edrez, Azucena Rosas Tapia, Beatriz Manrique, Oscar Mauricio C\u00e9spedes Peregrina, as\u00ed como Arturo Carmona Toxtli, director de dise\u00f1o de estrategias y an\u00e1lisis de resultados.<\/p>\n<p>&nbsp;<\/p>\n","protected":false},"excerpt":{"rendered":"<p>&#8211; Se entregaron reconocimientos a 14 marcas galardonadas en el Spirit Selection by Concours Mondial de Bruselas. &#8211; Se destinan 110 millones de pesos para fortalecer la cadena productiva del mezcal poblano. &nbsp; El Congreso del Estado entreg\u00f3 reconocimientos a 14 productoras y productores mezcaleros por su destacada participaci\u00f3n en el Spirit Selection by Concours&#8230;<\/p>\n","protected":false},"author":16,"featured_media":33755,"comment_status":"closed","ping_status":"closed","sticky":false,"template":"","format":"standard","meta":[],"categories":[3],"tags":[1480,1271],"yoast_head":"<!-- This site is optimized with the Yoast SEO plugin v20.8 - https:\/\/yoast.com\/wordpress\/plugins\/seo\/ -->\n<title>Reconoce Congreso del Estado a productores y productoras poblanas que participaron en certamen internacional de mezcal - The Puebla Times<\/title>\n<meta name=\"robots\" content=\"index, follow, max-snippet:-1, max-image-preview:large, max-video-preview:-1\" \/>\n<link rel=\"canonical\" href=\"https:\/\/thepueblatimes.mx\/index.php\/2025\/10\/17\/33754\/\" \/>\n<meta property=\"og:locale\" content=\"es_ES\" \/>\n<meta property=\"og:type\" content=\"article\" \/>\n<meta property=\"og:title\" content=\"Reconoce Congreso del Estado a productores y productoras poblanas que participaron en certamen internacional de mezcal - The Puebla Times\" \/>\n<meta property=\"og:description\" content=\"&#8211; Se entregaron reconocimientos a 14 marcas galardonadas en el Spirit Selection by Concours Mondial de Bruselas. &#8211; Se destinan 110 millones de pesos para fortalecer la cadena productiva del mezcal poblano. &nbsp; El Congreso del Estado entreg\u00f3 reconocimientos a 14 productoras y productores mezcaleros por su destacada participaci\u00f3n en el Spirit Selection by Concours...\" \/>\n<meta property=\"og:url\" content=\"https:\/\/thepueblatimes.mx\/index.php\/2025\/10\/17\/33754\/\" \/>\n<meta property=\"og:site_name\" content=\"The Puebla Times\" \/>\n<meta property=\"article:published_time\" content=\"2025-10-17T20:12:33+00:00\" \/>\n<meta property=\"article:modified_time\" content=\"2025-10-17T20:12:51+00:00\" \/>\n<meta property=\"og:image\" content=\"https:\/\/thepueblatimes.mx\/wp-content\/uploads\/2025\/10\/WhatsApp-Image-2025-10-17-at-13.44.30.jpeg\" \/>\n\t<meta property=\"og:image:width\" content=\"1600\" \/>\n\t<meta property=\"og:image:height\" content=\"1073\" \/>\n\t<meta property=\"og:image:type\" content=\"image\/jpeg\" \/>\n<meta name=\"author\" content=\"Sa\u00fal Hern\u00e1ndez\" \/>\n<meta name=\"twitter:card\" content=\"summary_large_image\" \/>\n<meta name=\"twitter:label1\" content=\"Escrito por\" \/>\n\t<meta name=\"twitter:data1\" content=\"Sa\u00fal Hern\u00e1ndez\" \/>\n\t<meta name=\"twitter:label2\" content=\"Tiempo de lectura\" \/>\n\t<meta name=\"twitter:data2\" content=\"2 minutos\" \/>\n<script type=\"application\/ld+json\" class=\"yoast-schema-graph\">{\"@context\":\"https:\/\/schema.org\",\"@graph\":[{\"@type\":\"WebPage\",\"@id\":\"https:\/\/thepueblatimes.mx\/index.php\/2025\/10\/17\/33754\/\",\"url\":\"https:\/\/thepueblatimes.mx\/index.php\/2025\/10\/17\/33754\/\",\"name\":\"Reconoce Congreso del Estado a productores y productoras poblanas que participaron en certamen internacional de mezcal - The Puebla Times\",\"isPartOf\":{\"@id\":\"https:\/\/thepueblatimes.mx\/#website\"},\"datePublished\":\"2025-10-17T20:12:33+00:00\",\"dateModified\":\"2025-10-17T20:12:51+00:00\",\"author\":{\"@id\":\"https:\/\/thepueblatimes.mx\/#\/schema\/person\/1664894c2f65ce2c7a08d8f5f905c13c\"},\"breadcrumb\":{\"@id\":\"https:\/\/thepueblatimes.mx\/index.php\/2025\/10\/17\/33754\/#breadcrumb\"},\"inLanguage\":\"es\",\"potentialAction\":[{\"@type\":\"ReadAction\",\"target\":[\"https:\/\/thepueblatimes.mx\/index.php\/2025\/10\/17\/33754\/\"]}]},{\"@type\":\"BreadcrumbList\",\"@id\":\"https:\/\/thepueblatimes.mx\/index.php\/2025\/10\/17\/33754\/#breadcrumb\",\"itemListElement\":[{\"@type\":\"ListItem\",\"position\":1,\"name\":\"Portada\",\"item\":\"https:\/\/thepueblatimes.mx\/\"},{\"@type\":\"ListItem\",\"position\":2,\"name\":\"Reconoce Congreso del Estado a productores y productoras poblanas que participaron en certamen internacional de mezcal\"}]},{\"@type\":\"WebSite\",\"@id\":\"https:\/\/thepueblatimes.mx\/#website\",\"url\":\"https:\/\/thepueblatimes.mx\/\",\"name\":\"The Puebla Times\",\"description\":\"Noticias del Estado de Puebla\",\"potentialAction\":[{\"@type\":\"SearchAction\",\"target\":{\"@type\":\"EntryPoint\",\"urlTemplate\":\"https:\/\/thepueblatimes.mx\/?s={search_term_string}\"},\"query-input\":\"required name=search_term_string\"}],\"inLanguage\":\"es\"},{\"@type\":\"Person\",\"@id\":\"https:\/\/thepueblatimes.mx\/#\/schema\/person\/1664894c2f65ce2c7a08d8f5f905c13c\",\"name\":\"Sa\u00fal Hern\u00e1ndez\",\"image\":{\"@type\":\"ImageObject\",\"inLanguage\":\"es\",\"@id\":\"https:\/\/thepueblatimes.mx\/#\/schema\/person\/image\/\",\"url\":\"https:\/\/secure.gravatar.com\/avatar\/11be338693f243309532caad8f10c930?s=96&d=mm&r=g\",\"contentUrl\":\"https:\/\/secure.gravatar.com\/avatar\/11be338693f243309532caad8f10c930?s=96&d=mm&r=g\",\"caption\":\"Sa\u00fal Hern\u00e1ndez\"},\"url\":\"https:\/\/thepueblatimes.mx\/index.php\/author\/saulhernandez\/\"}]}<\/script>\n<!-- \/ Yoast SEO plugin. -->","yoast_head_json":{"title":"Reconoce Congreso del Estado a productores y productoras poblanas que participaron en certamen internacional de mezcal - The Puebla Times","robots":{"index":"index","follow":"follow","max-snippet":"max-snippet:-1","max-image-preview":"max-image-preview:large","max-video-preview":"max-video-preview:-1"},"canonical":"https:\/\/thepueblatimes.mx\/index.php\/2025\/10\/17\/33754\/","og_locale":"es_ES","og_type":"article","og_title":"Reconoce Congreso del Estado a productores y productoras poblanas que participaron en certamen internacional de mezcal - The Puebla Times","og_description":"&#8211; Se entregaron reconocimientos a 14 marcas galardonadas en el Spirit Selection by Concours Mondial de Bruselas. &#8211; Se destinan 110 millones de pesos para fortalecer la cadena productiva del mezcal poblano. &nbsp; El Congreso del Estado entreg\u00f3 reconocimientos a 14 productoras y productores mezcaleros por su destacada participaci\u00f3n en el Spirit Selection by Concours...","og_url":"https:\/\/thepueblatimes.mx\/index.php\/2025\/10\/17\/33754\/","og_site_name":"The Puebla Times","article_published_time":"2025-10-17T20:12:33+00:00","article_modified_time":"2025-10-17T20:12:51+00:00","og_image":[{"width":1600,"height":1073,"url":"https:\/\/thepueblatimes.mx\/wp-content\/uploads\/2025\/10\/WhatsApp-Image-2025-10-17-at-13.44.30.jpeg","type":"image\/jpeg"}],"author":"Sa\u00fal Hern\u00e1ndez","twitter_card":"summary_large_image","twitter_misc":{"Escrito por":"Sa\u00fal Hern\u00e1ndez","Tiempo de lectura":"2 minutos"},"schema":{"@context":"https:\/\/schema.org","@graph":[{"@type":"WebPage","@id":"https:\/\/thepueblatimes.mx\/index.php\/2025\/10\/17\/33754\/","url":"https:\/\/thepueblatimes.mx\/index.php\/2025\/10\/17\/33754\/","name":"Reconoce Congreso del Estado a productores y productoras poblanas que participaron en certamen internacional de mezcal - The Puebla Times","isPartOf":{"@id":"https:\/\/thepueblatimes.mx\/#website"},"datePublished":"2025-10-17T20:12:33+00:00","dateModified":"2025-10-17T20:12:51+00:00","author":{"@id":"https:\/\/thepueblatimes.mx\/#\/schema\/person\/1664894c2f65ce2c7a08d8f5f905c13c"},"breadcrumb":{"@id":"https:\/\/thepueblatimes.mx\/index.php\/2025\/10\/17\/33754\/#breadcrumb"},"inLanguage":"es","potentialAction":[{"@type":"ReadAction","target":["https:\/\/thepueblatimes.mx\/index.php\/2025\/10\/17\/33754\/"]}]},{"@type":"BreadcrumbList","@id":"https:\/\/thepueblatimes.mx\/index.php\/2025\/10\/17\/33754\/#breadcrumb","itemListElement":[{"@type":"ListItem","position":1,"name":"Portada","item":"https:\/\/thepueblatimes.mx\/"},{"@type":"ListItem","position":2,"name":"Reconoce Congreso del Estado a productores y productoras poblanas que participaron en certamen internacional de mezcal"}]},{"@type":"WebSite","@id":"https:\/\/thepueblatimes.mx\/#website","url":"https:\/\/thepueblatimes.mx\/","name":"The Puebla Times","description":"Noticias del Estado de Puebla","potentialAction":[{"@type":"SearchAction","target":{"@type":"EntryPoint","urlTemplate":"https:\/\/thepueblatimes.mx\/?s={search_term_string}"},"query-input":"required name=search_term_string"}],"inLanguage":"es"},{"@type":"Person","@id":"https:\/\/thepueblatimes.mx\/#\/schema\/person\/1664894c2f65ce2c7a08d8f5f905c13c","name":"Sa\u00fal Hern\u00e1ndez","image":{"@type":"ImageObject","inLanguage":"es","@id":"https:\/\/thepueblatimes.mx\/#\/schema\/person\/image\/","url":"https:\/\/secure.gravatar.com\/avatar\/11be338693f243309532caad8f10c930?s=96&d=mm&r=g","contentUrl":"https:\/\/secure.gravatar.com\/avatar\/11be338693f243309532caad8f10c930?s=96&d=mm&r=g","caption":"Sa\u00fal Hern\u00e1ndez"},"url":"https:\/\/thepueblatimes.mx\/index.php\/author\/saulhernandez\/"}]}},"jetpack_featured_media_url":"https:\/\/thepueblatimes.mx\/wp-content\/uploads\/2025\/10\/WhatsApp-Image-2025-10-17-at-13.44.30.jpeg","_links":{"self":[{"href":"https:\/\/thepueblatimes.mx\/index.php\/wp-json\/wp\/v2\/posts\/33754"}],"collection":[{"href":"https:\/\/thepueblatimes.mx\/index.php\/wp-json\/wp\/v2\/posts"}],"about":[{"href":"https:\/\/thepueblatimes.mx\/index.php\/wp-json\/wp\/v2\/types\/post"}],"author":[{"embeddable":true,"href":"https:\/\/thepueblatimes.mx\/index.php\/wp-json\/wp\/v2\/users\/16"}],"replies":[{"embeddable":true,"href":"https:\/\/thepueblatimes.mx\/index.php\/wp-json\/wp\/v2\/comments?post=33754"}],"version-history":[{"count":2,"href":"https:\/\/thepueblatimes.mx\/index.php\/wp-json\/wp\/v2\/posts\/33754\/revisions"}],"predecessor-version":[{"id":33757,"href":"https:\/\/thepueblatimes.mx\/index.php\/wp-json\/wp\/v2\/posts\/33754\/revisions\/33757"}],"wp:featuredmedia":[{"embeddable":true,"href":"https:\/\/thepueblatimes.mx\/index.php\/wp-json\/wp\/v2\/media\/33755"}],"wp:attachment":[{"href":"https:\/\/thepueblatimes.mx\/index.php\/wp-json\/wp\/v2\/media?parent=33754"}],"wp:term":[{"taxonomy":"category","embeddable":true,"href":"https:\/\/thepueblatimes.mx\/index.php\/wp-json\/wp\/v2\/categories?post=33754"},{"taxonomy":"post_tag","embeddable":true,"href":"https:\/\/thepueblatimes.mx\/index.php\/wp-json\/wp\/v2\/tags?post=33754"}],"curies":[{"name":"wp","href":"https:\/\/api.w.org\/{rel}","templated":true}]}}