{"id":33741,"date":"2025-10-17T12:05:58","date_gmt":"2025-10-17T18:05:58","guid":{"rendered":"https:\/\/thepueblatimes.mx\/?p=33741"},"modified":"2025-10-17T12:05:58","modified_gmt":"2025-10-17T18:05:58","slug":"marielise-budib-y-pepe-chedraui-colocan-la-primera-piedra-de-desayunadores-escolares-transitorios","status":"publish","type":"post","link":"https:\/\/thepueblatimes.mx\/index.php\/2025\/10\/17\/marielise-budib-y-pepe-chedraui-colocan-la-primera-piedra-de-desayunadores-escolares-transitorios\/","title":{"rendered":"MariElise Budib y Pepe Chedraui colocan la primera piedra de desayunadores escolares transitorios"},"content":{"rendered":"<h3><em>&#8211; Se construir\u00e1n un total de 10 espacios alimentarios en diferentes planteles educativos, en beneficio de m\u00e1s de mil 400 estudiantes<\/em><\/h3>\n<h3><em>&#8211; Con estas acciones, se inicia la transici\u00f3n del programa de Desayunos Escolares Fr\u00edos a Calientes en Puebla Capital<\/em><\/h3>\n<p>Puebla, Pue., 16 de octubre de 2025. \u2013 En cumplimiento a la estrategia nacional y estatal del programa de alimentaci\u00f3n \u201cDesayunos Escolares Calientes\u201d, el presidente municipal, Pepe Chedraui y la presidenta del Patronato del DIF Puebla Capital, MariElise Budib, encabezaron la colocaci\u00f3n de la primera piedra para la construcci\u00f3n de un desayunador escolar en su modalidad caliente en el Jard\u00edn de Ni\u00f1os Teotihuacan de la Junta Auxiliar de San Francisco Totimehuacan.<\/p>\n<p>Este evento marca el inicio de la transici\u00f3n del programa de Desayunos Escolares Fr\u00edos a Calientes en Puebla Capital, tan s\u00f3lo el primer desayunador beneficiar\u00e1 directamente a m\u00e1s de 148 estudiantes, quienes -pr\u00f3ximamente- contar\u00e1n con un espacio adecuado para recibir una alimentaci\u00f3n m\u00e1s nutritiva y balanceada.<\/p>\n<p>En este sentido, el presidente municipal, Pepe Chedraui, expres\u00f3 la importancia de que la ni\u00f1ez poblana cuente con la atenci\u00f3n necesaria en materia de alimentaci\u00f3n, porque esta es la manera en la que podr\u00e1n desarrollarse de manera saludable en las aulas y para el desarrollo de sus actividades diarias.<\/p>\n<p>\u201cPero es algo importante, queremos ni\u00f1os y ni\u00f1as con toda la potencia necesaria para que despu\u00e9s se vuelvan en los l\u00edderes que necesita M\u00e9xico, en los l\u00edderes que necesita Puebla, pero tienen que estar bien desayunados, bien comidos y bien estudiados\u201d, dijo.<\/p>\n<p>Por su parte, la presidenta del Patronato del DIF Puebla Capital MariElise Budib, mencion\u00f3 que esta acci\u00f3n es un paso significativo hacia una ciudad m\u00e1s justa y equitativa. Agradeci\u00f3 el respaldo de la Secretar\u00eda de Infraestructura para hacer realidad estos espacios que promueven la salud, el desarrollo y la igualdad de oportunidades para las ni\u00f1as y ni\u00f1os.<\/p>\n<p>\u201cDesde que yo inici\u00e9 esta etapa en el DIF Municipal tuve muy claro que quer\u00eda que nuestras escuelas pasaran de desayunos fr\u00edos a desayunos calientes. M\u00e1s all\u00e1 del alimento que se estar\u00e1 preparando en este desayunador, es una oportunidad para cada ni\u00f1o y cada ni\u00f1a de empezar su d\u00eda y as\u00ed aprender mejor, tener m\u00e1s ganas de so\u00f1ar, sentirse m\u00e1s fuertes, m\u00e1s sanos, con m\u00e1s \u00e1nimo, poder hacer mejor la tarea, todo eso ayuda comenzando un buen d\u00eda con una buena alimentaci\u00f3n. Quiero agradecer profundamente a todo mi equipo DIF, a las autoridades educativas, a las maestras y los maestros y a las familias que nos acompa\u00f1an. Gracias por creer, por sumar, por hacer esto posible\u201d, destac\u00f3.<\/p>\n<p>En su momento, el secretario de Movilidad e Infraestructura, David Aysa inform\u00f3 que, se construir\u00e1n un total de 10 desayunadores escolares con una medida de 77 metros cuadrados y una inversi\u00f3n de m\u00e1s de 9 millones 800 mil pesos. \u201cEl desayunador escolar de esta escuela tendr\u00e1 un tiempo estimado de construcci\u00f3n de 75 d\u00edas y estar\u00e1 conformado por una cocina, un almac\u00e9n y un espacio para que las ni\u00f1as y ni\u00f1os desayunen nutritivamente\u201d, precis\u00f3.<\/p>\n<p>Cabe destacar que, este plantel educativo cuenta con un captador pluvial con una capacidad de almacenamiento de 5 mil litros de agua.<\/p>\n<p>Con estas acciones, el Gobierno de la Ciudad reafirma su compromiso con la ni\u00f1ez, sumando esfuerzos para construir una ciudad donde todas y todos tengan acceso a mejores condiciones de vida desde la primera infancia.<\/p>\n","protected":false},"excerpt":{"rendered":"<p>&#8211; Se construir\u00e1n un total de 10 espacios alimentarios en diferentes planteles educativos, en beneficio de m\u00e1s de mil 400 estudiantes &#8211; Con estas acciones, se inicia la transici\u00f3n del programa de Desayunos Escolares Fr\u00edos a Calientes en Puebla Capital Puebla, Pue., 16 de octubre de 2025. \u2013 En cumplimiento a la estrategia nacional y&#8230;<\/p>\n","protected":false},"author":16,"featured_media":33742,"comment_status":"closed","ping_status":"closed","sticky":false,"template":"","format":"standard","meta":[],"categories":[20],"tags":[1287,2425,3074,1616],"yoast_head":"<!-- This site is optimized with the Yoast SEO plugin v20.8 - https:\/\/yoast.com\/wordpress\/plugins\/seo\/ -->\n<title>MariElise Budib y Pepe Chedraui colocan la primera piedra de desayunadores escolares transitorios - The Puebla Times<\/title>\n<meta name=\"robots\" content=\"index, follow, max-snippet:-1, max-image-preview:large, max-video-preview:-1\" \/>\n<link rel=\"canonical\" href=\"https:\/\/thepueblatimes.mx\/index.php\/2025\/10\/17\/marielise-budib-y-pepe-chedraui-colocan-la-primera-piedra-de-desayunadores-escolares-transitorios\/\" \/>\n<meta property=\"og:locale\" content=\"es_ES\" \/>\n<meta property=\"og:type\" content=\"article\" \/>\n<meta property=\"og:title\" content=\"MariElise Budib y Pepe Chedraui colocan la primera piedra de desayunadores escolares transitorios - The Puebla Times\" \/>\n<meta property=\"og:description\" content=\"&#8211; Se construir\u00e1n un total de 10 espacios alimentarios en diferentes planteles educativos, en beneficio de m\u00e1s de mil 400 estudiantes &#8211; Con estas acciones, se inicia la transici\u00f3n del programa de Desayunos Escolares Fr\u00edos a Calientes en Puebla Capital Puebla, Pue., 16 de octubre de 2025. \u2013 En cumplimiento a la estrategia nacional y...\" \/>\n<meta property=\"og:url\" content=\"https:\/\/thepueblatimes.mx\/index.php\/2025\/10\/17\/marielise-budib-y-pepe-chedraui-colocan-la-primera-piedra-de-desayunadores-escolares-transitorios\/\" \/>\n<meta property=\"og:site_name\" content=\"The Puebla Times\" \/>\n<meta property=\"article:published_time\" content=\"2025-10-17T18:05:58+00:00\" \/>\n<meta property=\"og:image\" content=\"https:\/\/thepueblatimes.mx\/wp-content\/uploads\/2025\/10\/WhatsApp-Image-2025-10-16-at-20.17.26.jpeg\" \/>\n\t<meta property=\"og:image:width\" content=\"1600\" \/>\n\t<meta property=\"og:image:height\" content=\"1066\" \/>\n\t<meta property=\"og:image:type\" content=\"image\/jpeg\" \/>\n<meta name=\"author\" content=\"Sa\u00fal Hern\u00e1ndez\" \/>\n<meta name=\"twitter:card\" content=\"summary_large_image\" \/>\n<meta name=\"twitter:label1\" content=\"Escrito por\" \/>\n\t<meta name=\"twitter:data1\" content=\"Sa\u00fal Hern\u00e1ndez\" \/>\n\t<meta name=\"twitter:label2\" content=\"Tiempo de lectura\" \/>\n\t<meta name=\"twitter:data2\" content=\"3 minutos\" \/>\n<script type=\"application\/ld+json\" class=\"yoast-schema-graph\">{\"@context\":\"https:\/\/schema.org\",\"@graph\":[{\"@type\":\"WebPage\",\"@id\":\"https:\/\/thepueblatimes.mx\/index.php\/2025\/10\/17\/marielise-budib-y-pepe-chedraui-colocan-la-primera-piedra-de-desayunadores-escolares-transitorios\/\",\"url\":\"https:\/\/thepueblatimes.mx\/index.php\/2025\/10\/17\/marielise-budib-y-pepe-chedraui-colocan-la-primera-piedra-de-desayunadores-escolares-transitorios\/\",\"name\":\"MariElise Budib y Pepe Chedraui colocan la primera piedra de desayunadores escolares transitorios - The Puebla Times\",\"isPartOf\":{\"@id\":\"https:\/\/thepueblatimes.mx\/#website\"},\"datePublished\":\"2025-10-17T18:05:58+00:00\",\"dateModified\":\"2025-10-17T18:05:58+00:00\",\"author\":{\"@id\":\"https:\/\/thepueblatimes.mx\/#\/schema\/person\/1664894c2f65ce2c7a08d8f5f905c13c\"},\"breadcrumb\":{\"@id\":\"https:\/\/thepueblatimes.mx\/index.php\/2025\/10\/17\/marielise-budib-y-pepe-chedraui-colocan-la-primera-piedra-de-desayunadores-escolares-transitorios\/#breadcrumb\"},\"inLanguage\":\"es\",\"potentialAction\":[{\"@type\":\"ReadAction\",\"target\":[\"https:\/\/thepueblatimes.mx\/index.php\/2025\/10\/17\/marielise-budib-y-pepe-chedraui-colocan-la-primera-piedra-de-desayunadores-escolares-transitorios\/\"]}]},{\"@type\":\"BreadcrumbList\",\"@id\":\"https:\/\/thepueblatimes.mx\/index.php\/2025\/10\/17\/marielise-budib-y-pepe-chedraui-colocan-la-primera-piedra-de-desayunadores-escolares-transitorios\/#breadcrumb\",\"itemListElement\":[{\"@type\":\"ListItem\",\"position\":1,\"name\":\"Portada\",\"item\":\"https:\/\/thepueblatimes.mx\/\"},{\"@type\":\"ListItem\",\"position\":2,\"name\":\"MariElise Budib y Pepe Chedraui colocan la primera piedra de desayunadores escolares transitorios\"}]},{\"@type\":\"WebSite\",\"@id\":\"https:\/\/thepueblatimes.mx\/#website\",\"url\":\"https:\/\/thepueblatimes.mx\/\",\"name\":\"The Puebla Times\",\"description\":\"Noticias del Estado de Puebla\",\"potentialAction\":[{\"@type\":\"SearchAction\",\"target\":{\"@type\":\"EntryPoint\",\"urlTemplate\":\"https:\/\/thepueblatimes.mx\/?s={search_term_string}\"},\"query-input\":\"required name=search_term_string\"}],\"inLanguage\":\"es\"},{\"@type\":\"Person\",\"@id\":\"https:\/\/thepueblatimes.mx\/#\/schema\/person\/1664894c2f65ce2c7a08d8f5f905c13c\",\"name\":\"Sa\u00fal Hern\u00e1ndez\",\"image\":{\"@type\":\"ImageObject\",\"inLanguage\":\"es\",\"@id\":\"https:\/\/thepueblatimes.mx\/#\/schema\/person\/image\/\",\"url\":\"https:\/\/secure.gravatar.com\/avatar\/11be338693f243309532caad8f10c930?s=96&d=mm&r=g\",\"contentUrl\":\"https:\/\/secure.gravatar.com\/avatar\/11be338693f243309532caad8f10c930?s=96&d=mm&r=g\",\"caption\":\"Sa\u00fal Hern\u00e1ndez\"},\"url\":\"https:\/\/thepueblatimes.mx\/index.php\/author\/saulhernandez\/\"}]}<\/script>\n<!-- \/ Yoast SEO plugin. -->","yoast_head_json":{"title":"MariElise Budib y Pepe Chedraui colocan la primera piedra de desayunadores escolares transitorios - The Puebla Times","robots":{"index":"index","follow":"follow","max-snippet":"max-snippet:-1","max-image-preview":"max-image-preview:large","max-video-preview":"max-video-preview:-1"},"canonical":"https:\/\/thepueblatimes.mx\/index.php\/2025\/10\/17\/marielise-budib-y-pepe-chedraui-colocan-la-primera-piedra-de-desayunadores-escolares-transitorios\/","og_locale":"es_ES","og_type":"article","og_title":"MariElise Budib y Pepe Chedraui colocan la primera piedra de desayunadores escolares transitorios - The Puebla Times","og_description":"&#8211; Se construir\u00e1n un total de 10 espacios alimentarios en diferentes planteles educativos, en beneficio de m\u00e1s de mil 400 estudiantes &#8211; Con estas acciones, se inicia la transici\u00f3n del programa de Desayunos Escolares Fr\u00edos a Calientes en Puebla Capital Puebla, Pue., 16 de octubre de 2025. \u2013 En cumplimiento a la estrategia nacional y...","og_url":"https:\/\/thepueblatimes.mx\/index.php\/2025\/10\/17\/marielise-budib-y-pepe-chedraui-colocan-la-primera-piedra-de-desayunadores-escolares-transitorios\/","og_site_name":"The Puebla Times","article_published_time":"2025-10-17T18:05:58+00:00","og_image":[{"width":1600,"height":1066,"url":"https:\/\/thepueblatimes.mx\/wp-content\/uploads\/2025\/10\/WhatsApp-Image-2025-10-16-at-20.17.26.jpeg","type":"image\/jpeg"}],"author":"Sa\u00fal Hern\u00e1ndez","twitter_card":"summary_large_image","twitter_misc":{"Escrito por":"Sa\u00fal Hern\u00e1ndez","Tiempo de lectura":"3 minutos"},"schema":{"@context":"https:\/\/schema.org","@graph":[{"@type":"WebPage","@id":"https:\/\/thepueblatimes.mx\/index.php\/2025\/10\/17\/marielise-budib-y-pepe-chedraui-colocan-la-primera-piedra-de-desayunadores-escolares-transitorios\/","url":"https:\/\/thepueblatimes.mx\/index.php\/2025\/10\/17\/marielise-budib-y-pepe-chedraui-colocan-la-primera-piedra-de-desayunadores-escolares-transitorios\/","name":"MariElise Budib y Pepe Chedraui colocan la primera piedra de desayunadores escolares transitorios - The Puebla Times","isPartOf":{"@id":"https:\/\/thepueblatimes.mx\/#website"},"datePublished":"2025-10-17T18:05:58+00:00","dateModified":"2025-10-17T18:05:58+00:00","author":{"@id":"https:\/\/thepueblatimes.mx\/#\/schema\/person\/1664894c2f65ce2c7a08d8f5f905c13c"},"breadcrumb":{"@id":"https:\/\/thepueblatimes.mx\/index.php\/2025\/10\/17\/marielise-budib-y-pepe-chedraui-colocan-la-primera-piedra-de-desayunadores-escolares-transitorios\/#breadcrumb"},"inLanguage":"es","potentialAction":[{"@type":"ReadAction","target":["https:\/\/thepueblatimes.mx\/index.php\/2025\/10\/17\/marielise-budib-y-pepe-chedraui-colocan-la-primera-piedra-de-desayunadores-escolares-transitorios\/"]}]},{"@type":"BreadcrumbList","@id":"https:\/\/thepueblatimes.mx\/index.php\/2025\/10\/17\/marielise-budib-y-pepe-chedraui-colocan-la-primera-piedra-de-desayunadores-escolares-transitorios\/#breadcrumb","itemListElement":[{"@type":"ListItem","position":1,"name":"Portada","item":"https:\/\/thepueblatimes.mx\/"},{"@type":"ListItem","position":2,"name":"MariElise Budib y Pepe Chedraui colocan la primera piedra de desayunadores escolares transitorios"}]},{"@type":"WebSite","@id":"https:\/\/thepueblatimes.mx\/#website","url":"https:\/\/thepueblatimes.mx\/","name":"The Puebla Times","description":"Noticias del Estado de Puebla","potentialAction":[{"@type":"SearchAction","target":{"@type":"EntryPoint","urlTemplate":"https:\/\/thepueblatimes.mx\/?s={search_term_string}"},"query-input":"required name=search_term_string"}],"inLanguage":"es"},{"@type":"Person","@id":"https:\/\/thepueblatimes.mx\/#\/schema\/person\/1664894c2f65ce2c7a08d8f5f905c13c","name":"Sa\u00fal Hern\u00e1ndez","image":{"@type":"ImageObject","inLanguage":"es","@id":"https:\/\/thepueblatimes.mx\/#\/schema\/person\/image\/","url":"https:\/\/secure.gravatar.com\/avatar\/11be338693f243309532caad8f10c930?s=96&d=mm&r=g","contentUrl":"https:\/\/secure.gravatar.com\/avatar\/11be338693f243309532caad8f10c930?s=96&d=mm&r=g","caption":"Sa\u00fal Hern\u00e1ndez"},"url":"https:\/\/thepueblatimes.mx\/index.php\/author\/saulhernandez\/"}]}},"jetpack_featured_media_url":"https:\/\/thepueblatimes.mx\/wp-content\/uploads\/2025\/10\/WhatsApp-Image-2025-10-16-at-20.17.26.jpeg","_links":{"self":[{"href":"https:\/\/thepueblatimes.mx\/index.php\/wp-json\/wp\/v2\/posts\/33741"}],"collection":[{"href":"https:\/\/thepueblatimes.mx\/index.php\/wp-json\/wp\/v2\/posts"}],"about":[{"href":"https:\/\/thepueblatimes.mx\/index.php\/wp-json\/wp\/v2\/types\/post"}],"author":[{"embeddable":true,"href":"https:\/\/thepueblatimes.mx\/index.php\/wp-json\/wp\/v2\/users\/16"}],"replies":[{"embeddable":true,"href":"https:\/\/thepueblatimes.mx\/index.php\/wp-json\/wp\/v2\/comments?post=33741"}],"version-history":[{"count":1,"href":"https:\/\/thepueblatimes.mx\/index.php\/wp-json\/wp\/v2\/posts\/33741\/revisions"}],"predecessor-version":[{"id":33743,"href":"https:\/\/thepueblatimes.mx\/index.php\/wp-json\/wp\/v2\/posts\/33741\/revisions\/33743"}],"wp:featuredmedia":[{"embeddable":true,"href":"https:\/\/thepueblatimes.mx\/index.php\/wp-json\/wp\/v2\/media\/33742"}],"wp:attachment":[{"href":"https:\/\/thepueblatimes.mx\/index.php\/wp-json\/wp\/v2\/media?parent=33741"}],"wp:term":[{"taxonomy":"category","embeddable":true,"href":"https:\/\/thepueblatimes.mx\/index.php\/wp-json\/wp\/v2\/categories?post=33741"},{"taxonomy":"post_tag","embeddable":true,"href":"https:\/\/thepueblatimes.mx\/index.php\/wp-json\/wp\/v2\/tags?post=33741"}],"curies":[{"name":"wp","href":"https:\/\/api.w.org\/{rel}","templated":true}]}}