{"id":33698,"date":"2025-10-16T09:33:19","date_gmt":"2025-10-16T15:33:19","guid":{"rendered":"https:\/\/thepueblatimes.mx\/?p=33698"},"modified":"2025-10-16T09:33:19","modified_gmt":"2025-10-16T15:33:19","slug":"arropado-y-sin-campana-pepe-chedraui-en-1er-informe","status":"publish","type":"post","link":"https:\/\/thepueblatimes.mx\/index.php\/2025\/10\/16\/arropado-y-sin-campana-pepe-chedraui-en-1er-informe\/","title":{"rendered":"Arropado y sin campa\u00f1a, Pepe Chedraui en 1er informe"},"content":{"rendered":"<p>LA PASARELA<\/p>\n<p>POR JORGE CASTILLO<\/p>\n<p>&nbsp;<\/p>\n<p>\u201cNo son tiempos electorales, es tiempo de Puebla\u201d.<\/p>\n<p>Con esa frase, Pepe Chedraui marc\u00f3 el tono de su primer informe de labores como alcalde de la capital y sepult\u00f3 especulaciones.<\/p>\n<p>Fue m\u00e1s que un mensaje de gobierno.<\/p>\n<p>Fue una declaraci\u00f3n de rumbo pol\u00edtico y de equilibrio.<\/p>\n<p>En una ciudad que hace apenas un a\u00f1o estaba hundida en el abandono y la confrontaci\u00f3n, ten\u00eda que mandar el mensaje de certeza.<\/p>\n<p>El Auditorio de la Reforma luci\u00f3 abarrotado.<\/p>\n<p>No s\u00f3lo por el p\u00fablico que acudi\u00f3 a escuchar su balance, sino por la presencia de la clase pol\u00edtica poblana y nacional, un signo de respaldo y m\u00fasculo pocas veces visto en un primer informe municipal.<\/p>\n<p>Ah\u00ed estaban el senador Ricardo Monreal, quien hasta calific\u00f3 a Pepe como revelaci\u00f3n pol\u00edtica. Ojo.<\/p>\n<p>Tambi\u00e9n lo arroparon legisladores federales, estatales, representantes diplom\u00e1ticos y sobre todo, el gobernador Alejandro Armenta con gran parte de su gabinete.<\/p>\n<p>Incluso el mandatario dej\u00f3 claro que hoy existe armon\u00eda pol\u00edtica como pocas veces se ha visto de los gobiernos de la capital y estatal.<\/p>\n<p>Chedraui, disfrut\u00f3 su d\u00eda, habl\u00f3 con un tono sobrio, institucional, pero con contenido pol\u00edtico.<\/p>\n<p>Record\u00f3 haber recibido \u201cuna ciudad con enormes desaf\u00edos, calles deterioradas, servicios p\u00fablicos rebasados y una administraci\u00f3n que hab\u00eda perdido el rumbo\u201d.<\/p>\n<p>Pero tambi\u00e9n enfatiz\u00f3 que su gobierno \u201cno pod\u00eda esperar\u201d, que era momento de poner orden, recuperar la confianza y trabajar bien y a la primera.<\/p>\n<p>Su discurso no se qued\u00f3 en lo simb\u00f3lico.<\/p>\n<p>Y frente al reclamo ciudadano m\u00e1s insistente, el de los baches, anunci\u00f3 que al cierre del a\u00f1o se habr\u00e1n tapado hasta 200 mil, una cifra que da cuenta del tama\u00f1o del rezago que encontr\u00f3.<\/p>\n<p>Chedraui busc\u00f3 dejar claro que su prioridad es la gesti\u00f3n, no la promoci\u00f3n.<\/p>\n<p>Ese punto fue reforzado por el propio gobernador Alejandro Armenta, quien subray\u00f3 que la colaboraci\u00f3n institucional con el Ayuntamiento ha permitido recuperar \u201cla armon\u00eda perdida entre las instituciones estatales y municipales\u201d.<\/p>\n<p>El momento pol\u00edtico no pas\u00f3 desapercibido.<\/p>\n<p>En el escenario, Chedraui fue arropado por todas las corrientes, incluso por quienes antes ve\u00edan en \u00e9l un competidor m\u00e1s que un aliado.<\/p>\n<p>\u201cNo son tiempos electorales\u201d, fue la premisa.<\/p>\n<p>Y aunque todos saben que los tiempos pol\u00edticos ya corren, la frase sirvi\u00f3 para marcar distancia de la confrontaci\u00f3n y apostar por la gobernabilidad.<\/p>\n<p>El alcalde capitalino busca consolidar su figura como gestor, no como candidato; como operador de unidad, no de campa\u00f1a.<\/p>\n<p>Puebla vive una etapa de sincron\u00eda pol\u00edtica poco com\u00fan. La presidenta Claudia Sheinbaum, el gobernador Alejandro Armenta y el alcalde Pepe Chedraui comparten discurso, objetivos y narrativa.<\/p>\n<p>Si esa armon\u00eda se traduce en resultados, la capital podr\u00eda dejar atr\u00e1s los a\u00f1os de pleito institucional que tanto la frenaron.<\/p>\n<p>El reto ahora ser\u00e1 sostener el ritmo y mantener la l\u00ednea entre servir y promoverse.<\/p>\n<p>Por ahora, el mensaje de Chedraui suena m\u00e1s a gesti\u00f3n que a campa\u00f1a.<\/p>\n<p>Ya llegar\u00e1n otras \u00e9pocas.<\/p>\n<p>Tiempo al tiempo.<\/p>\n","protected":false},"excerpt":{"rendered":"<p>LA PASARELA POR JORGE CASTILLO &nbsp; \u201cNo son tiempos electorales, es tiempo de Puebla\u201d. Con esa frase, Pepe Chedraui marc\u00f3 el tono de su primer informe de labores como alcalde de la capital y sepult\u00f3 especulaciones. Fue m\u00e1s que un mensaje de gobierno. Fue una declaraci\u00f3n de rumbo pol\u00edtico y de equilibrio. En una ciudad&#8230;<\/p>\n","protected":false},"author":16,"featured_media":33699,"comment_status":"closed","ping_status":"closed","sticky":false,"template":"","format":"standard","meta":[],"categories":[10],"tags":[1287,1549,3074],"yoast_head":"<!-- This site is optimized with the Yoast SEO plugin v20.8 - https:\/\/yoast.com\/wordpress\/plugins\/seo\/ -->\n<title>Arropado y sin campa\u00f1a, Pepe Chedraui en 1er informe - The Puebla Times<\/title>\n<meta name=\"robots\" content=\"index, follow, max-snippet:-1, max-image-preview:large, max-video-preview:-1\" \/>\n<link rel=\"canonical\" href=\"https:\/\/thepueblatimes.mx\/index.php\/2025\/10\/16\/arropado-y-sin-campana-pepe-chedraui-en-1er-informe\/\" \/>\n<meta property=\"og:locale\" content=\"es_ES\" \/>\n<meta property=\"og:type\" content=\"article\" \/>\n<meta property=\"og:title\" content=\"Arropado y sin campa\u00f1a, Pepe Chedraui en 1er informe - The Puebla Times\" \/>\n<meta property=\"og:description\" content=\"LA PASARELA POR JORGE CASTILLO &nbsp; \u201cNo son tiempos electorales, es tiempo de Puebla\u201d. Con esa frase, Pepe Chedraui marc\u00f3 el tono de su primer informe de labores como alcalde de la capital y sepult\u00f3 especulaciones. Fue m\u00e1s que un mensaje de gobierno. Fue una declaraci\u00f3n de rumbo pol\u00edtico y de equilibrio. En una ciudad...\" \/>\n<meta property=\"og:url\" content=\"https:\/\/thepueblatimes.mx\/index.php\/2025\/10\/16\/arropado-y-sin-campana-pepe-chedraui-en-1er-informe\/\" \/>\n<meta property=\"og:site_name\" content=\"The Puebla Times\" \/>\n<meta property=\"article:published_time\" content=\"2025-10-16T15:33:19+00:00\" \/>\n<meta property=\"og:image\" content=\"https:\/\/thepueblatimes.mx\/wp-content\/uploads\/2025\/10\/G3WcLEiacAAnaXC.jpg\" \/>\n\t<meta property=\"og:image:width\" content=\"2048\" \/>\n\t<meta property=\"og:image:height\" content=\"1366\" \/>\n\t<meta property=\"og:image:type\" content=\"image\/jpeg\" \/>\n<meta name=\"author\" content=\"Sa\u00fal Hern\u00e1ndez\" \/>\n<meta name=\"twitter:card\" content=\"summary_large_image\" \/>\n<meta name=\"twitter:label1\" content=\"Escrito por\" \/>\n\t<meta name=\"twitter:data1\" content=\"Sa\u00fal Hern\u00e1ndez\" \/>\n\t<meta name=\"twitter:label2\" content=\"Tiempo de lectura\" \/>\n\t<meta name=\"twitter:data2\" content=\"3 minutos\" \/>\n<script type=\"application\/ld+json\" class=\"yoast-schema-graph\">{\"@context\":\"https:\/\/schema.org\",\"@graph\":[{\"@type\":\"WebPage\",\"@id\":\"https:\/\/thepueblatimes.mx\/index.php\/2025\/10\/16\/arropado-y-sin-campana-pepe-chedraui-en-1er-informe\/\",\"url\":\"https:\/\/thepueblatimes.mx\/index.php\/2025\/10\/16\/arropado-y-sin-campana-pepe-chedraui-en-1er-informe\/\",\"name\":\"Arropado y sin campa\u00f1a, Pepe Chedraui en 1er informe - The Puebla Times\",\"isPartOf\":{\"@id\":\"https:\/\/thepueblatimes.mx\/#website\"},\"datePublished\":\"2025-10-16T15:33:19+00:00\",\"dateModified\":\"2025-10-16T15:33:19+00:00\",\"author\":{\"@id\":\"https:\/\/thepueblatimes.mx\/#\/schema\/person\/1664894c2f65ce2c7a08d8f5f905c13c\"},\"breadcrumb\":{\"@id\":\"https:\/\/thepueblatimes.mx\/index.php\/2025\/10\/16\/arropado-y-sin-campana-pepe-chedraui-en-1er-informe\/#breadcrumb\"},\"inLanguage\":\"es\",\"potentialAction\":[{\"@type\":\"ReadAction\",\"target\":[\"https:\/\/thepueblatimes.mx\/index.php\/2025\/10\/16\/arropado-y-sin-campana-pepe-chedraui-en-1er-informe\/\"]}]},{\"@type\":\"BreadcrumbList\",\"@id\":\"https:\/\/thepueblatimes.mx\/index.php\/2025\/10\/16\/arropado-y-sin-campana-pepe-chedraui-en-1er-informe\/#breadcrumb\",\"itemListElement\":[{\"@type\":\"ListItem\",\"position\":1,\"name\":\"Portada\",\"item\":\"https:\/\/thepueblatimes.mx\/\"},{\"@type\":\"ListItem\",\"position\":2,\"name\":\"Arropado y sin campa\u00f1a, Pepe Chedraui en 1er informe\"}]},{\"@type\":\"WebSite\",\"@id\":\"https:\/\/thepueblatimes.mx\/#website\",\"url\":\"https:\/\/thepueblatimes.mx\/\",\"name\":\"The Puebla Times\",\"description\":\"Noticias del Estado de Puebla\",\"potentialAction\":[{\"@type\":\"SearchAction\",\"target\":{\"@type\":\"EntryPoint\",\"urlTemplate\":\"https:\/\/thepueblatimes.mx\/?s={search_term_string}\"},\"query-input\":\"required name=search_term_string\"}],\"inLanguage\":\"es\"},{\"@type\":\"Person\",\"@id\":\"https:\/\/thepueblatimes.mx\/#\/schema\/person\/1664894c2f65ce2c7a08d8f5f905c13c\",\"name\":\"Sa\u00fal Hern\u00e1ndez\",\"image\":{\"@type\":\"ImageObject\",\"inLanguage\":\"es\",\"@id\":\"https:\/\/thepueblatimes.mx\/#\/schema\/person\/image\/\",\"url\":\"https:\/\/secure.gravatar.com\/avatar\/11be338693f243309532caad8f10c930?s=96&d=mm&r=g\",\"contentUrl\":\"https:\/\/secure.gravatar.com\/avatar\/11be338693f243309532caad8f10c930?s=96&d=mm&r=g\",\"caption\":\"Sa\u00fal Hern\u00e1ndez\"},\"url\":\"https:\/\/thepueblatimes.mx\/index.php\/author\/saulhernandez\/\"}]}<\/script>\n<!-- \/ Yoast SEO plugin. -->","yoast_head_json":{"title":"Arropado y sin campa\u00f1a, Pepe Chedraui en 1er informe - The Puebla Times","robots":{"index":"index","follow":"follow","max-snippet":"max-snippet:-1","max-image-preview":"max-image-preview:large","max-video-preview":"max-video-preview:-1"},"canonical":"https:\/\/thepueblatimes.mx\/index.php\/2025\/10\/16\/arropado-y-sin-campana-pepe-chedraui-en-1er-informe\/","og_locale":"es_ES","og_type":"article","og_title":"Arropado y sin campa\u00f1a, Pepe Chedraui en 1er informe - The Puebla Times","og_description":"LA PASARELA POR JORGE CASTILLO &nbsp; \u201cNo son tiempos electorales, es tiempo de Puebla\u201d. Con esa frase, Pepe Chedraui marc\u00f3 el tono de su primer informe de labores como alcalde de la capital y sepult\u00f3 especulaciones. Fue m\u00e1s que un mensaje de gobierno. Fue una declaraci\u00f3n de rumbo pol\u00edtico y de equilibrio. En una ciudad...","og_url":"https:\/\/thepueblatimes.mx\/index.php\/2025\/10\/16\/arropado-y-sin-campana-pepe-chedraui-en-1er-informe\/","og_site_name":"The Puebla Times","article_published_time":"2025-10-16T15:33:19+00:00","og_image":[{"width":2048,"height":1366,"url":"https:\/\/thepueblatimes.mx\/wp-content\/uploads\/2025\/10\/G3WcLEiacAAnaXC.jpg","type":"image\/jpeg"}],"author":"Sa\u00fal Hern\u00e1ndez","twitter_card":"summary_large_image","twitter_misc":{"Escrito por":"Sa\u00fal Hern\u00e1ndez","Tiempo de lectura":"3 minutos"},"schema":{"@context":"https:\/\/schema.org","@graph":[{"@type":"WebPage","@id":"https:\/\/thepueblatimes.mx\/index.php\/2025\/10\/16\/arropado-y-sin-campana-pepe-chedraui-en-1er-informe\/","url":"https:\/\/thepueblatimes.mx\/index.php\/2025\/10\/16\/arropado-y-sin-campana-pepe-chedraui-en-1er-informe\/","name":"Arropado y sin campa\u00f1a, Pepe Chedraui en 1er informe - The Puebla Times","isPartOf":{"@id":"https:\/\/thepueblatimes.mx\/#website"},"datePublished":"2025-10-16T15:33:19+00:00","dateModified":"2025-10-16T15:33:19+00:00","author":{"@id":"https:\/\/thepueblatimes.mx\/#\/schema\/person\/1664894c2f65ce2c7a08d8f5f905c13c"},"breadcrumb":{"@id":"https:\/\/thepueblatimes.mx\/index.php\/2025\/10\/16\/arropado-y-sin-campana-pepe-chedraui-en-1er-informe\/#breadcrumb"},"inLanguage":"es","potentialAction":[{"@type":"ReadAction","target":["https:\/\/thepueblatimes.mx\/index.php\/2025\/10\/16\/arropado-y-sin-campana-pepe-chedraui-en-1er-informe\/"]}]},{"@type":"BreadcrumbList","@id":"https:\/\/thepueblatimes.mx\/index.php\/2025\/10\/16\/arropado-y-sin-campana-pepe-chedraui-en-1er-informe\/#breadcrumb","itemListElement":[{"@type":"ListItem","position":1,"name":"Portada","item":"https:\/\/thepueblatimes.mx\/"},{"@type":"ListItem","position":2,"name":"Arropado y sin campa\u00f1a, Pepe Chedraui en 1er informe"}]},{"@type":"WebSite","@id":"https:\/\/thepueblatimes.mx\/#website","url":"https:\/\/thepueblatimes.mx\/","name":"The Puebla Times","description":"Noticias del Estado de Puebla","potentialAction":[{"@type":"SearchAction","target":{"@type":"EntryPoint","urlTemplate":"https:\/\/thepueblatimes.mx\/?s={search_term_string}"},"query-input":"required name=search_term_string"}],"inLanguage":"es"},{"@type":"Person","@id":"https:\/\/thepueblatimes.mx\/#\/schema\/person\/1664894c2f65ce2c7a08d8f5f905c13c","name":"Sa\u00fal Hern\u00e1ndez","image":{"@type":"ImageObject","inLanguage":"es","@id":"https:\/\/thepueblatimes.mx\/#\/schema\/person\/image\/","url":"https:\/\/secure.gravatar.com\/avatar\/11be338693f243309532caad8f10c930?s=96&d=mm&r=g","contentUrl":"https:\/\/secure.gravatar.com\/avatar\/11be338693f243309532caad8f10c930?s=96&d=mm&r=g","caption":"Sa\u00fal Hern\u00e1ndez"},"url":"https:\/\/thepueblatimes.mx\/index.php\/author\/saulhernandez\/"}]}},"jetpack_featured_media_url":"https:\/\/thepueblatimes.mx\/wp-content\/uploads\/2025\/10\/G3WcLEiacAAnaXC.jpg","_links":{"self":[{"href":"https:\/\/thepueblatimes.mx\/index.php\/wp-json\/wp\/v2\/posts\/33698"}],"collection":[{"href":"https:\/\/thepueblatimes.mx\/index.php\/wp-json\/wp\/v2\/posts"}],"about":[{"href":"https:\/\/thepueblatimes.mx\/index.php\/wp-json\/wp\/v2\/types\/post"}],"author":[{"embeddable":true,"href":"https:\/\/thepueblatimes.mx\/index.php\/wp-json\/wp\/v2\/users\/16"}],"replies":[{"embeddable":true,"href":"https:\/\/thepueblatimes.mx\/index.php\/wp-json\/wp\/v2\/comments?post=33698"}],"version-history":[{"count":1,"href":"https:\/\/thepueblatimes.mx\/index.php\/wp-json\/wp\/v2\/posts\/33698\/revisions"}],"predecessor-version":[{"id":33700,"href":"https:\/\/thepueblatimes.mx\/index.php\/wp-json\/wp\/v2\/posts\/33698\/revisions\/33700"}],"wp:featuredmedia":[{"embeddable":true,"href":"https:\/\/thepueblatimes.mx\/index.php\/wp-json\/wp\/v2\/media\/33699"}],"wp:attachment":[{"href":"https:\/\/thepueblatimes.mx\/index.php\/wp-json\/wp\/v2\/media?parent=33698"}],"wp:term":[{"taxonomy":"category","embeddable":true,"href":"https:\/\/thepueblatimes.mx\/index.php\/wp-json\/wp\/v2\/categories?post=33698"},{"taxonomy":"post_tag","embeddable":true,"href":"https:\/\/thepueblatimes.mx\/index.php\/wp-json\/wp\/v2\/tags?post=33698"}],"curies":[{"name":"wp","href":"https:\/\/api.w.org\/{rel}","templated":true}]}}