{"id":3358,"date":"2020-09-03T09:29:52","date_gmt":"2020-09-03T14:29:52","guid":{"rendered":"https:\/\/thepueblatimes.mx\/?p=3358"},"modified":"2020-09-03T09:29:52","modified_gmt":"2020-09-03T14:29:52","slug":"mucho-cuidado-con-palos-y-piedras-asaltan-a-automovilistas-en-puente-del-periferico","status":"publish","type":"post","link":"https:\/\/thepueblatimes.mx\/index.php\/2020\/09\/03\/mucho-cuidado-con-palos-y-piedras-asaltan-a-automovilistas-en-puente-del-periferico\/","title":{"rendered":"\u00a1MUCHO CUIDADO! Con palos y piedras asaltan a automovilistas en puente del Perif\u00e9rico"},"content":{"rendered":"<p>De acuerdo con varios testigos, grupo de hampones, armados con palos y piedras, obligan a los automovilistas a detenerse para asaltarlos abajo del puente de Perif\u00e9rico y Avenida San Alfonso en la colonia Santa Margarita, de la capital poblana.<\/p>\n<p>Lamentablemente, hasta el momento no se sabe a cu\u00e1ntos automovilistas han asaltado y si ha habido alg\u00fan herido.<\/p>\n<p>Sin embargo, lo cierto es el Perif\u00e9rico, una de las m\u00e1s importantes y transitadas v\u00edas en Puebla est\u00e1 en el completo abandono, no solo por parte de elementos de seguridad, sino en general.<\/p>\n<p>Pues hace un par de semanas, de acuerdo con El Sol de Puebla, los colonos que viven cerca de Flor del Bosque han denunciado que la ciclov\u00eda est\u00e1 hundida entre animales muertos, vidrios rotos, pedazos de llantas, escombros y bolsas de basura, adem\u00e1s de asaltantes que esperan el momento y se aprovechan de que no hay seguridad de ning\u00fan tipo para cometer sus fechor\u00edas.<\/p>\n<p>Lamentablemente, los corredores que circulan por dicha zona esperan cada ma\u00f1ana esperando no encontrarse con otro animal muerto; acostumbrados a que los cuerpos se descompongan en el lugar sin que el Organismo Operador del Servicio de Limpia del Ayuntamiento se ocupe de esa zona.<\/p>\n<p>Adem\u00e1s, varias personas se\u00f1alaron haber sido v\u00edctimas de la delincuencia, pero nada pueden hacer m\u00e1s que soportar, ya que es la \u00fanica ruta para tomar el transporte p\u00fablico hac\u00eda su trabajo.<\/p>\n","protected":false},"excerpt":{"rendered":"<p>De acuerdo con varios testigos, grupo de hampones, armados con palos y piedras, obligan a los automovilistas a detenerse para asaltarlos abajo del puente de Perif\u00e9rico y Avenida San Alfonso en la colonia Santa Margarita, de la capital poblana. Lamentablemente, hasta el momento no se sabe a cu\u00e1ntos automovilistas han asaltado y si ha habido&#8230;<\/p>\n","protected":false},"author":4,"featured_media":3359,"comment_status":"open","ping_status":"open","sticky":false,"template":"","format":"standard","meta":[],"categories":[121],"tags":[],"yoast_head":"<!-- This site is optimized with the Yoast SEO plugin v20.8 - https:\/\/yoast.com\/wordpress\/plugins\/seo\/ -->\n<title>\u00a1MUCHO CUIDADO! Con palos y piedras asaltan a automovilistas en puente del Perif\u00e9rico - The Puebla Times<\/title>\n<meta name=\"robots\" content=\"index, follow, max-snippet:-1, max-image-preview:large, max-video-preview:-1\" \/>\n<link rel=\"canonical\" href=\"https:\/\/thepueblatimes.mx\/index.php\/2020\/09\/03\/mucho-cuidado-con-palos-y-piedras-asaltan-a-automovilistas-en-puente-del-periferico\/\" \/>\n<meta property=\"og:locale\" content=\"es_ES\" \/>\n<meta property=\"og:type\" content=\"article\" \/>\n<meta property=\"og:title\" content=\"\u00a1MUCHO CUIDADO! Con palos y piedras asaltan a automovilistas en puente del Perif\u00e9rico - The Puebla Times\" \/>\n<meta property=\"og:description\" content=\"De acuerdo con varios testigos, grupo de hampones, armados con palos y piedras, obligan a los automovilistas a detenerse para asaltarlos abajo del puente de Perif\u00e9rico y Avenida San Alfonso en la colonia Santa Margarita, de la capital poblana. Lamentablemente, hasta el momento no se sabe a cu\u00e1ntos automovilistas han asaltado y si ha habido...\" \/>\n<meta property=\"og:url\" content=\"https:\/\/thepueblatimes.mx\/index.php\/2020\/09\/03\/mucho-cuidado-con-palos-y-piedras-asaltan-a-automovilistas-en-puente-del-periferico\/\" \/>\n<meta property=\"og:site_name\" content=\"The Puebla Times\" \/>\n<meta property=\"article:published_time\" content=\"2020-09-03T14:29:52+00:00\" \/>\n<meta property=\"og:image\" content=\"https:\/\/thepueblatimes.mx\/wp-content\/uploads\/2020\/09\/Screenshot-2020-09-03-at-09.27.54.png\" \/>\n\t<meta property=\"og:image:width\" content=\"791\" \/>\n\t<meta property=\"og:image:height\" content=\"554\" \/>\n\t<meta property=\"og:image:type\" content=\"image\/png\" \/>\n<meta name=\"author\" content=\"Marcos Guevara\" \/>\n<meta name=\"twitter:card\" content=\"summary_large_image\" \/>\n<meta name=\"twitter:label1\" content=\"Escrito por\" \/>\n\t<meta name=\"twitter:data1\" content=\"Marcos Guevara\" \/>\n\t<meta name=\"twitter:label2\" content=\"Tiempo de lectura\" \/>\n\t<meta name=\"twitter:data2\" content=\"1 minuto\" \/>\n<script type=\"application\/ld+json\" class=\"yoast-schema-graph\">{\"@context\":\"https:\/\/schema.org\",\"@graph\":[{\"@type\":\"WebPage\",\"@id\":\"https:\/\/thepueblatimes.mx\/index.php\/2020\/09\/03\/mucho-cuidado-con-palos-y-piedras-asaltan-a-automovilistas-en-puente-del-periferico\/\",\"url\":\"https:\/\/thepueblatimes.mx\/index.php\/2020\/09\/03\/mucho-cuidado-con-palos-y-piedras-asaltan-a-automovilistas-en-puente-del-periferico\/\",\"name\":\"\u00a1MUCHO CUIDADO! Con palos y piedras asaltan a automovilistas en puente del Perif\u00e9rico - The Puebla Times\",\"isPartOf\":{\"@id\":\"https:\/\/thepueblatimes.mx\/#website\"},\"datePublished\":\"2020-09-03T14:29:52+00:00\",\"dateModified\":\"2020-09-03T14:29:52+00:00\",\"author\":{\"@id\":\"https:\/\/thepueblatimes.mx\/#\/schema\/person\/adbf065ee889f68194977e3499c4a51e\"},\"breadcrumb\":{\"@id\":\"https:\/\/thepueblatimes.mx\/index.php\/2020\/09\/03\/mucho-cuidado-con-palos-y-piedras-asaltan-a-automovilistas-en-puente-del-periferico\/#breadcrumb\"},\"inLanguage\":\"es\",\"potentialAction\":[{\"@type\":\"ReadAction\",\"target\":[\"https:\/\/thepueblatimes.mx\/index.php\/2020\/09\/03\/mucho-cuidado-con-palos-y-piedras-asaltan-a-automovilistas-en-puente-del-periferico\/\"]}]},{\"@type\":\"BreadcrumbList\",\"@id\":\"https:\/\/thepueblatimes.mx\/index.php\/2020\/09\/03\/mucho-cuidado-con-palos-y-piedras-asaltan-a-automovilistas-en-puente-del-periferico\/#breadcrumb\",\"itemListElement\":[{\"@type\":\"ListItem\",\"position\":1,\"name\":\"Portada\",\"item\":\"https:\/\/thepueblatimes.mx\/\"},{\"@type\":\"ListItem\",\"position\":2,\"name\":\"\u00a1MUCHO CUIDADO! Con palos y piedras asaltan a automovilistas en puente del Perif\u00e9rico\"}]},{\"@type\":\"WebSite\",\"@id\":\"https:\/\/thepueblatimes.mx\/#website\",\"url\":\"https:\/\/thepueblatimes.mx\/\",\"name\":\"The Puebla Times\",\"description\":\"Noticias del Estado de Puebla\",\"potentialAction\":[{\"@type\":\"SearchAction\",\"target\":{\"@type\":\"EntryPoint\",\"urlTemplate\":\"https:\/\/thepueblatimes.mx\/?s={search_term_string}\"},\"query-input\":\"required name=search_term_string\"}],\"inLanguage\":\"es\"},{\"@type\":\"Person\",\"@id\":\"https:\/\/thepueblatimes.mx\/#\/schema\/person\/adbf065ee889f68194977e3499c4a51e\",\"name\":\"Marcos Guevara\",\"image\":{\"@type\":\"ImageObject\",\"inLanguage\":\"es\",\"@id\":\"https:\/\/thepueblatimes.mx\/#\/schema\/person\/image\/\",\"url\":\"https:\/\/secure.gravatar.com\/avatar\/c5d5853d70a8cf178bdfd28c1b8cdcdd?s=96&d=mm&r=g\",\"contentUrl\":\"https:\/\/secure.gravatar.com\/avatar\/c5d5853d70a8cf178bdfd28c1b8cdcdd?s=96&d=mm&r=g\",\"caption\":\"Marcos Guevara\"},\"url\":\"https:\/\/thepueblatimes.mx\/index.php\/author\/marcos-guevara\/\"}]}<\/script>\n<!-- \/ Yoast SEO plugin. -->","yoast_head_json":{"title":"\u00a1MUCHO CUIDADO! Con palos y piedras asaltan a automovilistas en puente del Perif\u00e9rico - The Puebla Times","robots":{"index":"index","follow":"follow","max-snippet":"max-snippet:-1","max-image-preview":"max-image-preview:large","max-video-preview":"max-video-preview:-1"},"canonical":"https:\/\/thepueblatimes.mx\/index.php\/2020\/09\/03\/mucho-cuidado-con-palos-y-piedras-asaltan-a-automovilistas-en-puente-del-periferico\/","og_locale":"es_ES","og_type":"article","og_title":"\u00a1MUCHO CUIDADO! Con palos y piedras asaltan a automovilistas en puente del Perif\u00e9rico - The Puebla Times","og_description":"De acuerdo con varios testigos, grupo de hampones, armados con palos y piedras, obligan a los automovilistas a detenerse para asaltarlos abajo del puente de Perif\u00e9rico y Avenida San Alfonso en la colonia Santa Margarita, de la capital poblana. Lamentablemente, hasta el momento no se sabe a cu\u00e1ntos automovilistas han asaltado y si ha habido...","og_url":"https:\/\/thepueblatimes.mx\/index.php\/2020\/09\/03\/mucho-cuidado-con-palos-y-piedras-asaltan-a-automovilistas-en-puente-del-periferico\/","og_site_name":"The Puebla Times","article_published_time":"2020-09-03T14:29:52+00:00","og_image":[{"width":791,"height":554,"url":"https:\/\/thepueblatimes.mx\/wp-content\/uploads\/2020\/09\/Screenshot-2020-09-03-at-09.27.54.png","type":"image\/png"}],"author":"Marcos Guevara","twitter_card":"summary_large_image","twitter_misc":{"Escrito por":"Marcos Guevara","Tiempo de lectura":"1 minuto"},"schema":{"@context":"https:\/\/schema.org","@graph":[{"@type":"WebPage","@id":"https:\/\/thepueblatimes.mx\/index.php\/2020\/09\/03\/mucho-cuidado-con-palos-y-piedras-asaltan-a-automovilistas-en-puente-del-periferico\/","url":"https:\/\/thepueblatimes.mx\/index.php\/2020\/09\/03\/mucho-cuidado-con-palos-y-piedras-asaltan-a-automovilistas-en-puente-del-periferico\/","name":"\u00a1MUCHO CUIDADO! Con palos y piedras asaltan a automovilistas en puente del Perif\u00e9rico - The Puebla Times","isPartOf":{"@id":"https:\/\/thepueblatimes.mx\/#website"},"datePublished":"2020-09-03T14:29:52+00:00","dateModified":"2020-09-03T14:29:52+00:00","author":{"@id":"https:\/\/thepueblatimes.mx\/#\/schema\/person\/adbf065ee889f68194977e3499c4a51e"},"breadcrumb":{"@id":"https:\/\/thepueblatimes.mx\/index.php\/2020\/09\/03\/mucho-cuidado-con-palos-y-piedras-asaltan-a-automovilistas-en-puente-del-periferico\/#breadcrumb"},"inLanguage":"es","potentialAction":[{"@type":"ReadAction","target":["https:\/\/thepueblatimes.mx\/index.php\/2020\/09\/03\/mucho-cuidado-con-palos-y-piedras-asaltan-a-automovilistas-en-puente-del-periferico\/"]}]},{"@type":"BreadcrumbList","@id":"https:\/\/thepueblatimes.mx\/index.php\/2020\/09\/03\/mucho-cuidado-con-palos-y-piedras-asaltan-a-automovilistas-en-puente-del-periferico\/#breadcrumb","itemListElement":[{"@type":"ListItem","position":1,"name":"Portada","item":"https:\/\/thepueblatimes.mx\/"},{"@type":"ListItem","position":2,"name":"\u00a1MUCHO CUIDADO! Con palos y piedras asaltan a automovilistas en puente del Perif\u00e9rico"}]},{"@type":"WebSite","@id":"https:\/\/thepueblatimes.mx\/#website","url":"https:\/\/thepueblatimes.mx\/","name":"The Puebla Times","description":"Noticias del Estado de Puebla","potentialAction":[{"@type":"SearchAction","target":{"@type":"EntryPoint","urlTemplate":"https:\/\/thepueblatimes.mx\/?s={search_term_string}"},"query-input":"required name=search_term_string"}],"inLanguage":"es"},{"@type":"Person","@id":"https:\/\/thepueblatimes.mx\/#\/schema\/person\/adbf065ee889f68194977e3499c4a51e","name":"Marcos Guevara","image":{"@type":"ImageObject","inLanguage":"es","@id":"https:\/\/thepueblatimes.mx\/#\/schema\/person\/image\/","url":"https:\/\/secure.gravatar.com\/avatar\/c5d5853d70a8cf178bdfd28c1b8cdcdd?s=96&d=mm&r=g","contentUrl":"https:\/\/secure.gravatar.com\/avatar\/c5d5853d70a8cf178bdfd28c1b8cdcdd?s=96&d=mm&r=g","caption":"Marcos Guevara"},"url":"https:\/\/thepueblatimes.mx\/index.php\/author\/marcos-guevara\/"}]}},"jetpack_featured_media_url":"https:\/\/thepueblatimes.mx\/wp-content\/uploads\/2020\/09\/Screenshot-2020-09-03-at-09.27.54.png","_links":{"self":[{"href":"https:\/\/thepueblatimes.mx\/index.php\/wp-json\/wp\/v2\/posts\/3358"}],"collection":[{"href":"https:\/\/thepueblatimes.mx\/index.php\/wp-json\/wp\/v2\/posts"}],"about":[{"href":"https:\/\/thepueblatimes.mx\/index.php\/wp-json\/wp\/v2\/types\/post"}],"author":[{"embeddable":true,"href":"https:\/\/thepueblatimes.mx\/index.php\/wp-json\/wp\/v2\/users\/4"}],"replies":[{"embeddable":true,"href":"https:\/\/thepueblatimes.mx\/index.php\/wp-json\/wp\/v2\/comments?post=3358"}],"version-history":[{"count":1,"href":"https:\/\/thepueblatimes.mx\/index.php\/wp-json\/wp\/v2\/posts\/3358\/revisions"}],"predecessor-version":[{"id":3360,"href":"https:\/\/thepueblatimes.mx\/index.php\/wp-json\/wp\/v2\/posts\/3358\/revisions\/3360"}],"wp:featuredmedia":[{"embeddable":true,"href":"https:\/\/thepueblatimes.mx\/index.php\/wp-json\/wp\/v2\/media\/3359"}],"wp:attachment":[{"href":"https:\/\/thepueblatimes.mx\/index.php\/wp-json\/wp\/v2\/media?parent=3358"}],"wp:term":[{"taxonomy":"category","embeddable":true,"href":"https:\/\/thepueblatimes.mx\/index.php\/wp-json\/wp\/v2\/categories?post=3358"},{"taxonomy":"post_tag","embeddable":true,"href":"https:\/\/thepueblatimes.mx\/index.php\/wp-json\/wp\/v2\/tags?post=3358"}],"curies":[{"name":"wp","href":"https:\/\/api.w.org\/{rel}","templated":true}]}}